{"id":12977,"date":"2022-10-13T08:42:20","date_gmt":"2022-10-13T06:42:20","guid":{"rendered":"https:\/\/www.ladislavjakl.cz\/?p=12977"},"modified":"2022-10-13T13:22:24","modified_gmt":"2022-10-13T11:22:24","slug":"ladislav-jakl-mnozi-novinari-se-dnes-chovaji-jako-aktivisti-meli-by-delat-lidem-vyslance-a-ne-je-vychovavat","status":"publish","type":"post","link":"https:\/\/www.ladislavjakl.cz\/?p=12977","title":{"rendered":"Ladislav Jakl: Mnoz\u00ed novin\u00e1\u0159i se dnes chovaj\u00ed jako aktivisti. M\u011bli by d\u011blat lidem vyslance a ne je vychov\u00e1vat"},"content":{"rendered":"<div class=\"content-1--8-1\">\n<div id=\"repeat\" class=\"field field-image-primary has-main-audio\">\n<div class=\"field field-main-audio\">\n<div class=\"field-main-audio__list\">\n<div class=\"field-main-audio__list-item even\">\n<div class=\"mujRozhlasPlayer\" style=\"box-sizing: border-box; margin: 0px; padding: 0px;\" data-player=\"{&quot;urlAjaxApi&quot;:&quot;https:\\\/\\\/mujrozhlas.cz&quot;,&quot;urlRapi&quot;:&quot;https:\\\/\\\/api.mujrozhlas.cz&quot;,&quot;data&quot;:{&quot;autoplay&quot;:false,&quot;embedId&quot;:8846490,&quot;embedUrl&quot;:&quot;https:\\\/\\\/region.rozhlas.cz\\\/cro_soundmanager\\\/files\\\/8846490\\\/field_main_audio&quot;,&quot;series&quot;:{&quot;title&quot;:&quot;Ladislav Jakl: Mnoz\\u00ed novin\\u00e1\\u0159i se dnes chovaj\\u00ed jako aktivisti. M\\u011bli by d\\u011blat lidem vyslance a ne je vychov\\u00e1vat &quot;,&quot;href&quot;:&quot;\\\/alex-a-host-8565241&quot;},&quot;poster&quot;:{&quot;src&quot;:&quot;https:\\\/\\\/region.rozhlas.cz\\\/sites\\\/default\\\/files\\\/styles\\\/cro_16x9_tablet\\\/public\\\/images\\\/4fcd564b0359da4e5ec3e79a8ebb3f15.jpg?itok=Jcq3fLDW&quot;,&quot;caption&quot;:&quot;Ladislav Jakl | Foto: <a href=\\&quot;\\\/rostislav-sebesta-5005320\\&quot;>\n<p>Rostislav \\u0160ebesta<\\\/a>, \\u010cesk\\u00fd rozhlas&quot;},&quot;brandHref&quot;:&quot;https:\\\/\\\/www.mujrozhlas.cz&quot;,&quot;logoPosition&quot;:&quot;bottom-right&quot;,&quot;defaultIndex&quot;:0,&quot;showPlaylist&quot;:false,&quot;playlist&quot;:[{&quot;title&quot;:&quot;Ladislav Jakl hostem Alex Myn\\u00e1\\u0159ov\\u00e9&quot;,&quot;since&quot;:&quot;2022-10-12T13:46:16+02:00&quot;,&quot;part&quot;:1,&quot;duration&quot;:1653,&quot;availability&quot;:[],&quot;audioLinks&quot;:[{&quot;linkType&quot;:&quot;download&quot;,&quot;variant&quot;:&quot;mp3&quot;,&quot;bitrate&quot;:128,&quot;url&quot;:&quot;https:\\\/\\\/region.rozhlas.cz\\\/sites\\\/default\\\/files\\\/audios\\\/d59dfc4edf72e6d25ef6e7769fba8bbc.mp3&quot;}],&quot;podcastLinks&quot;:[{&quot;type&quot;:&quot;mujRozhlas&quot;,&quot;title&quot;:&quot;mujRozhlas&quot;,&quot;url&quot;:&quot;https:\\\/\\\/api.mujrozhlas.cz\\\/show-redirect\\\/8565241&quot;},{&quot;type&quot;:&quot;apple&quot;,&quot;title&quot;:&quot;Apple iTunes&quot;,&quot;url&quot;:&quot;https:\\\/\\\/itunes.apple.com\\\/podcast\\\/id1584766442&quot;},{&quot;type&quot;:&quot;google&quot;,&quot;title&quot;:&quot;Google Podcasts&quot;,&quot;url&quot;:&quot;https:\\\/\\\/www.google.com\\\/podcasts?feed=aHR0cHM6Ly9hcGkubXVqcm96aGxhcy5jei9yc3MvcG9kY2FzdC82OTQxYjUyMS1mYjQ5LTNmMzEtYjY1OS1jZjQzOTkyMTFkMDcucnNz&quot;},{&quot;type&quot;:&quot;spotify&quot;,&quot;title&quot;:&quot;Spotify&quot;,&quot;url&quot;:&quot;https:\\\/\\\/open.spotify.com\\\/show\\\/5evyjF7PyklGNJERU0J7LU&quot;},{&quot;type&quot;:&quot;rss&quot;,&quot;title&quot;:&quot;RSS &#8211; ostatn\\u00ed \\u010dte\\u010dky&quot;,&quot;url&quot;:&quot;https:\\\/\\\/api.mujrozhlas.cz\\\/rss\\\/podcast\\\/6941b521-fb49-3f31-b659-cf4399211d07&quot;}],&quot;meta&quot;:{&quot;ga&quot;:{&quot;contentId&quot;:&quot;10431831&quot;,&quot;contentCreator&quot;:&quot;region-praha-a-stredni-cechy&quot;,&quot;contentAuthor&quot;:&quot;Alexandra Myn\\u00e1\\u0159ov\\u00e1&quot;,&quot;contentName&quot;:&quot;Ladislav Jakl: Mnoz\\u00ed novin\\u00e1\\u0159i se chovaj\\u00ed jako aktivisti. M\\u011bli by lidem d\\u011blat vyslance, ne vychov\\u00e1vat&quot;,&quot;contentNameShort&quot;:&quot;Ladislav Jakl: Mnoz\\u00ed novin\\u00e1\\u0159i se chovaj\\u00ed jako aktivisti. M\\u011bli by lidem d\\u011blat vyslance, ne vychov\\u00e1vat&quot;}},&quot;rapiEpisode&quot;:{&quot;attributes&quot;:{&quot;shortTitle&quot;:&quot;Ladislav Jakl hostem Alex Myn\\u00e1\\u0159ov\\u00e9&quot;,&quot;mirroredShow&quot;:{&quot;title&quot;:&quot;Alex a host&quot;}},&quot;relationships&quot;:{&quot;show&quot;:{&quot;data&quot;:{&quot;id&quot;:&quot;6941b521-fb49-3f31-b659-cf4399211d07&quot;}}}}}]}}&#8220;><\/p>\n<div class=\"mrp-holder\" tabindex=\"-1\" aria-label=\"P\u0159ehr\u00e1va\u010d M\u016fjRozhlas\">\n<div class=\"mrp-holder__wrap\">\n<div class=\"mrp-holder__img\">\n<div class=\"mrp-holder__brand\">\n<div class=\"mrp-holder__logo\">Audio z\u00e1znam si pust\u00edte po otev\u0159en\u00ed Zdroje, kter\u00fd najdete v z\u00e1v\u011bru \u010dl\u00e1nku!<\/div>\n<\/div>\n<figure class=\"mrp-img\">\n<div class=\"mrp-img__holder\"><img loading=\"lazy\" decoding=\"async\" class=\"mrp-img__img\" src=\"https:\/\/region.rozhlas.cz\/sites\/default\/files\/styles\/cro_16x9_tablet\/public\/images\/4fcd564b0359da4e5ec3e79a8ebb3f15.jpg?itok=Jcq3fLDW\" alt=\"\" width=\"462\" height=\"260\"><\/div><figcaption class=\"mrp-img__caption\">Ladislav Jakl | Foto:&nbsp;<a href=\"https:\/\/region.rozhlas.cz\/rostislav-sebesta-5005320\">Rostislav \u0160ebesta<\/a>, \u010cesk\u00fd rozhlas&nbsp;<\/figcaption><\/figure>\n<\/div>\n<\/div>\n<\/div>\n<\/div>\n<\/div>\n<\/div>\n<\/div>\n<\/div>\n<\/div>\n<p><!--more--><\/p>\n<div class=\"content-container\">\n<div class=\"content-1--1-1\">\n<div class=\"block-social-buttons-vertical\">\n<p>Na Pra\u017esk\u00e9m hrad\u011b byl tajemn\u00edkem prezidenta V\u00e1clava Klause, pozd\u011bji \u0159editelem politick\u00e9ho odboru. B\u00fdval tak\u00e9 poslancem a novin\u00e1\u0159em Lidov\u00fdch novin. \u201eNovin\u00e1\u0159i by m\u011bli b\u00fdt zv\u011bdav\u00ed, zkoumat, d\u00edvat se a ne manipulovat a vychov\u00e1vat,\u201c \u0159\u00edk\u00e1 Ladislav Jakl.<\/p>\n<\/div>\n<\/div>\n<div class=\"content-1--7-2\">\n<div class=\"field body\" data-io-article-url=\"https:\/\/region.rozhlas.cz\/ladislav-jakl-mnozi-novinari-se-dnes-chovaji-jako-aktivisti-meli-delat-lidem-8846490\">\n<p>Ladislav Jakl vystudoval \u017eurnalistiku, ale jako mlad\u00fd pr\u00fd o pr\u00e1ci v novin\u00e1ch nest\u00e1l. \u201eBral jsem \u017eurnalistiku jako prodlou\u017een\u00e9 gymn\u00e1zium. Necht\u011blo se mi na Filozofickou fakultu, kde bych si musel vybrat n\u011bjak\u00fd obor, co\u017e by mi z\u00fa\u017eilo mo\u017enosti, kam d\u00e1l sm\u011b\u0159ovat. A \u017eurnalistika takov\u00e9 prodlou\u017een\u00e9 v\u0161eobecn\u00e9 vzd\u011bl\u00e1n\u00ed bylo.\u201c<\/p>\n<p>Podle n\u011bj je dnes ale \u017eurnalistika \u00fapln\u011b jin\u00e1, \u017ee byla kdysi. \u201eDneska je \u017eurnalistika sofistikovan\u011bj\u0161\u00ed po technick\u00e9 str\u00e1nce. D\u0159\u00edv jsme ale um\u011bli l\u00edp \u010desky. T\u0159eba za chyby, kter\u00e9 dnes vid\u00edm v novin\u00e1ch, jsem coby \u0161\u00e9f zpravodajstv\u00ed d\u00e1val pokutu p\u011bt set. Dnes to nikdo za chybu nepova\u017euje.\u201c<\/p>\n<h2>Dne\u0161n\u00ed novina\u0159ina<\/h2>\n<p>U\u017e tehdy pr\u00fd ale m\u011bla \u017eurnalistika zabudovan\u00fdch n\u011bkolik nemoc\u00ed. \u201eJednou z nich byl mesianismus, tedy \u017ee \u010dlov\u011bk p\u0159ich\u00e1z\u00ed do novin, aby m\u011bnil sv\u011bt. Kone\u010dn\u011b m\u00e1 platformu, na kter\u00e9 m\u016f\u017ee \u0159\u00edkat, co si mysl\u00ed. Mnoho novin\u00e1\u0159\u016f se taky dneska chov\u00e1 jako aktivisti. M\u011bli by se sna\u017eit d\u011blat lidem vyslance, b\u00fdt zv\u011bdav\u00ed, zkoumat, d\u00edvat se a ne vychov\u00e1vat, manipulovat a propagandisticky p\u016fsobit.\u201c<\/p>\n<p>\u201eTak\u00e9 dnes nem\u00e1me p\u0159\u00edli\u0161 pluralitn\u00ed spektrum m\u00e9di\u00ed. Dneska to vypad\u00e1 tak, \u017ee si \u010dlov\u011bk otev\u0159e noviny a ani nepozn\u00e1, co je to za m\u00e9dium. To je taky zp\u016fsobeno ohromnou fluktuac\u00ed. J\u00e1 mysl\u00edm, \u017ee v\u011bt\u0161ina novin\u00e1\u0159\u016f, kdy\u017e se r\u00e1no probud\u00ed, tak ani nev\u00ed, kam m\u00e1 j\u00edt do pr\u00e1ce, proto\u017ee p\u016fl roku p\u0159edt\u00edm d\u011blali jinde. V\u0161ichni se sch\u00e1z\u00ed ve stejn\u00fdch hospod\u00e1ch, je jedno kdo kde d\u011bl\u00e1 a nepova\u017euj\u00ed se za konkurenci. Ten hlavn\u00ed proud je \u00fapln\u011b homogenn\u00ed a skoro nezaj\u00edmav\u00fd.\u201c<\/p>\n<h2>Spolupr\u00e1ce s V\u00e1clavem Klausem<\/h2>\n<p>P\u0159\u00ed\u0161t\u00ed rok u\u017e to bude deset let, kdy skon\u010dil jako tajemn\u00edk prezidenta na Pra\u017esk\u00e9m hrad\u011b. \u201eStra\u0161n\u011b nerad bych to shazoval, je to \u010dest a pocta pracovat na takov\u00e9m m\u00edst\u011b, v takov\u00e9 pozici, ale mus\u00edm p\u0159iznat, \u017ee jsem si posledn\u00ed p\u016flrok skoro st\u0159\u00edhal metr. M\u011bl jsem pocit, \u017ee pracuju t\u00e9m\u011b\u0159 po\u0159\u00e1d. Cht\u011bl jsem \u017e\u00edt trochu svobodn\u011bji a t\u011b\u0161il jsem se na to. Jsem r\u00e1d, \u017ee jsem se do\u010dkal trochu klidn\u011bj\u0161\u00edho \u017eivota.&#8220;<\/p>\n<p>Vztah s b\u00fdval\u00fdm prezidentem se podle n\u011bj za ty roky spolupr\u00e1ce nijak v\u00fdrazn\u011b nezm\u011bnil. \u201eAni jeden z n\u00e1s nen\u00ed takov\u00fd, \u017ee by podl\u00e9hal n\u011bjak\u00fdm zm\u011bn\u00e1m. Ka\u017ed\u00fd jsme ur\u010dit\u00fd typ samorosta. Dodnes si vyk\u00e1me. Je pravda, \u017ee V\u00e1clav Klaus je typ \u010dlov\u011bka, kter\u00fd nebere v \u00favahu, \u017ee u\u017e nen\u00ed prezident ani premi\u00e9r a \u017ee by mohl trochu zvolnit. Je n\u00e1ro\u010dn\u00fd, precizn\u00ed a pracovit\u00fd, nestrp\u00ed kolem sebe n\u011bjak\u00e9 fl\u00e1k\u00e1n\u00ed. \u017de n\u011bkdo m\u00e1 svoji hlavu, ale respektuje. A v m\u00e9m p\u0159\u00edpad\u011b mu ani nic jin\u00e9ho nezb\u00fdv\u00e1. Se mnou je t\u011b\u017ek\u00e9 po\u0159\u00edzen\u00ed.\u201c<\/p>\n<h2>Odpo\u010dinek u hudby<\/h2>\n<div class=\"wysiwyg-asset asset-type-image image__small_img_right\">\n<p><a class=\"photoswipe\" href=\"https:\/\/region.rozhlas.cz\/sites\/default\/files\/styles\/lightbox\/public\/images\/c5c722a40b93b4ee54f86b37299e6c8e.jpg?itok=okLIwDrL\" data-size=\"897x1600\" data-overlay-title=\"Alex Myn\u00e1\u0159ov\u00e1 a Ladislav Jakl | foto: Rostislav \u0160ebesta, \u010cesk\u00fd rozhlas\"><picture title=\"Alex Myn\u00e1\u0159ov\u00e1 a Ladislav Jakl | foto: Rostislav \u0160ebesta, \u010cesk\u00fd rozhlas\"><source srcset=\"https:\/\/region.rozhlas.cz\/sites\/default\/files\/styles\/cro_original_mobile\/public\/images\/c5c722a40b93b4ee54f86b37299e6c8e.jpg?itok=NMB0fOP6 1x\" media=\"(min-width: 480px)\"><source srcset=\"https:\/\/region.rozhlas.cz\/sites\/default\/files\/styles\/cro_original_default\/public\/images\/c5c722a40b93b4ee54f86b37299e6c8e.jpg?itok=gwpagSps 1x\" media=\"(min-width: 0px)\"><img class=\"\" title=\"Alex Myn\u00e1\u0159ov\u00e1 a Ladislav Jakl | foto: Rostislav \u0160ebesta, \u010cesk\u00fd rozhlas\" srcset=\"https:\/\/region.rozhlas.cz\/sites\/default\/files\/styles\/\/public\/images\/c5c722a40b93b4ee54f86b37299e6c8e.jpg?itok=WHr0Or61 897w\" alt=\"Alex Myn\u00e1\u0159ov\u00e1 a Ladislav Jakl\" width=\"423\" height=\"755\"><\/picture><\/a><\/p>\n<div class=\"img-metadata\"><span class=\"img-metadata__title\">Alex Myn\u00e1\u0159ov\u00e1 a Ladislav Jakl<\/span><span class=\"img-metadata__spacer img-metadata__spacer--pipe\">|<\/span><span class=\"img-metadata__label\">foto:<\/span><span class=\"img-metadata__author\"><a title=\"Rostislav \u0160ebesta\" href=\"https:\/\/region.rozhlas.cz\/rostislav-sebesta-5005320\">Rostislav \u0160ebesta<\/a><\/span><span class=\"img-metadata__spacer img-metadata__spacer--comma\">,&nbsp;<\/span><span class=\"img-metadata__source\">\u010cesk\u00fd rozhlas<\/span><\/div>\n<\/div>\n<p>Krom\u011b jeho politick\u00e9ho p\u016fsoben\u00ed je tak\u00e9 hudebn\u00edkem a \u010dlenem skupiny Folimanka Blues, kde hraje na kytaru a zp\u00edv\u00e1. Jeho prvn\u00edm n\u00e1strojem pr\u00fd ale byly housle. \u201eBylo to p\u011bkn\u00e9 t\u00fdr\u00e1n\u00ed jak t\u011bch, co m\u011b poslouchali, tak i moje. Pamatuju si, \u017ee kdy\u017e jsem hr\u00e1l n\u011bjak\u00e9 cvi\u010den\u00ed, tak se mi koulely slzy po tv\u00e1\u0159i. To tr\u00e1pen\u00ed trvalo asi \u010dty\u0159i roky. Od t\u00e9 doby u\u017e jsem tenhle n\u00e1stroj nem\u011bl v ruce. Na druhou stranu si mysl\u00edm, \u017ee je jedno, co \u010dlov\u011bk popadne do ruky, d\u016fle\u017eit\u00e9 je, aby v\u011bd\u011bl, co t\u00edm hudebn\u00edm projevem chce vyj\u00e1d\u0159it.\u201c<\/p>\n<p>Odjak\u017eiva m\u00e1 r\u00e1d v\u00e1\u017enou hudbu, p\u0159edev\u0161\u00edm tu z 20. stolet\u00ed. \u201eTo je ta, kter\u00e1 se ned\u00e1 poslouchat, ta m\u011b bav\u00ed nejv\u00edc. Zvl\u00e1\u0161tn\u00ed je, \u017ee u v\u00e1\u017en\u00e9 hudby, ale i u jazzu si nejl\u00edp odpo\u010dinu. Kdy\u017e poslouch\u00e1m big beat, tak nejsem schopen ho poslouchat pro z\u00e1bavu, ale po\u0159\u00e1d ho pitv\u00e1m, jestli tam n\u011bkdo n\u011bkde neud\u011blal chybu. Mysl\u00edm, \u017ee to nen\u00ed spr\u00e1vn\u00fd zp\u016fsob, jak m\u00e1 \u010dlov\u011bk vn\u00edmat hudbu,\u201c dod\u00e1v\u00e1 v po\u0159adu Alex a host.<\/p>\n<p><strong>Jak za\u010dala jeho spolupr\u00e1ce s V\u00e1clavem Klausem? A byl n\u011bkdy b\u00fdval\u00fd prezident na jeho koncert\u011b? Pere se je\u0161t\u011b? \u010c\u00edm ho p\u0159itahuje pivo? Poslechn\u011bte si v po\u0159adu Alex a host.<\/strong><\/p>\n<p>Cel\u00fd audioz\u00e1znam najdete po otev\u0159en\u00ed Zdroje!<\/p>\n<p><a href=\"https:\/\/region.rozhlas.cz\/ladislav-jakl-mnozi-novinari-se-dnes-chovaji-jako-aktivisti-meli-delat-lidem-8846490\">Zdroj<\/a><\/p>\n<\/div>\n<\/div>\n<\/div>\n","protected":false},"excerpt":{"rendered":"","protected":false},"author":9,"featured_media":0,"comment_status":"open","ping_status":"open","sticky":false,"template":"","format":"standard","meta":{"ngg_post_thumbnail":0,"footnotes":""},"categories":[13],"tags":[],"class_list":["post-12977","post","type-post","status-publish","format-standard","hentry","category-rozhovory"],"_links":{"self":[{"href":"https:\/\/www.ladislavjakl.cz\/index.php?rest_route=\/wp\/v2\/posts\/12977","targetHints":{"allow":["GET"]}}],"collection":[{"href":"https:\/\/www.ladislavjakl.cz\/index.php?rest_route=\/wp\/v2\/posts"}],"about":[{"href":"https:\/\/www.ladislavjakl.cz\/index.php?rest_route=\/wp\/v2\/types\/post"}],"author":[{"embeddable":true,"href":"https:\/\/www.ladislavjakl.cz\/index.php?rest_route=\/wp\/v2\/users\/9"}],"replies":[{"embeddable":true,"href":"https:\/\/www.ladislavjakl.cz\/index.php?rest_route=%2Fwp%2Fv2%2Fcomments&post=12977"}],"version-history":[{"count":5,"href":"https:\/\/www.ladislavjakl.cz\/index.php?rest_route=\/wp\/v2\/posts\/12977\/revisions"}],"predecessor-version":[{"id":12982,"href":"https:\/\/www.ladislavjakl.cz\/index.php?rest_route=\/wp\/v2\/posts\/12977\/revisions\/12982"}],"wp:attachment":[{"href":"https:\/\/www.ladislavjakl.cz\/index.php?rest_route=%2Fwp%2Fv2%2Fmedia&parent=12977"}],"wp:term":[{"taxonomy":"category","embeddable":true,"href":"https:\/\/www.ladislavjakl.cz\/index.php?rest_route=%2Fwp%2Fv2%2Fcategories&post=12977"},{"taxonomy":"post_tag","embeddable":true,"href":"https:\/\/www.ladislavjakl.cz\/index.php?rest_route=%2Fwp%2Fv2%2Ftags&post=12977"}],"curies":[{"name":"wp","href":"https:\/\/api.w.org\/{rel}","templated":true}]}}