{"id":12983,"date":"2022-10-13T13:26:19","date_gmt":"2022-10-13T11:26:19","guid":{"rendered":"https:\/\/www.ladislavjakl.cz\/?p=12983"},"modified":"2022-10-13T18:16:45","modified_gmt":"2022-10-13T16:16:45","slug":"proti-propagande-bojuji-jen-ti-s-cernym-svedomim-demokrate-lidem-veri-vzkazuje-rakusanovi-ladislav-jakl","status":"publish","type":"post","link":"https:\/\/www.ladislavjakl.cz\/?p=12983","title":{"rendered":"Proti \u201epropagand\u011b\u201c bojuj\u00ed jen ti s \u010dern\u00fdm sv\u011bdom\u00edm. Demokrat\u00e9 lidem v\u011b\u0159\u00ed, vzkazuje Raku\u0161anovi Ladislav Jakl"},"content":{"rendered":"<section class=\"article-header\">\n<p class=\"brief\"><strong>\u201eJe p\u0159ece \u00fapln\u011b jedno, jestli se to t\u00fdk\u00e1 debaty o vl\u00e1dn\u00ed zdravotnick\u00e9 politice nebo o konfliktu v zahrani\u010d\u00ed. P\u0159\u00ed\u0161t\u011b to klidn\u011b m\u016f\u017ee b\u00fdt zase n\u011bco jin\u00e9ho. Princip je ale stejn\u00fd. Ocejchovat n\u00e1zor, kter\u00fd vybo\u010duje z vl\u00e1dn\u00ed propagandy, a uml\u010det ho,\u201c \u0159\u00edk\u00e1 Ladislav Jakl, muzikant, spisovatel a b\u00fdval\u00fd poslanec. V rozhovoru pro Parlamentn\u00edListy.cz tak\u00e9 vyj\u00e1d\u0159il obavy o svobodu slova.<\/strong>&nbsp;<\/p>\n<figure>\n<div class=\"img\"><img loading=\"lazy\" decoding=\"async\" class=\"\" src=\"https:\/\/cms.parlamentnilisty.cz\/image.ashx?w=632&amp;h=307&amp;f=IMG_3151_637665434925716166.jpg&amp;id=161652\" alt=\"Proti \u201epropagand\u011b\u201c bojuj\u00ed jen ti s \u010dern\u00fdm sv\u011bdom\u00edm. Demokrat\u00e9 lidem v\u011b\u0159\u00ed, vzkazuje Raku\u0161anovi Ladislav Jakl\" width=\"401\" height=\"195\"><\/div><figcaption class=\"photo-info\"><small>Foto:&nbsp;<strong>Hans \u0160tembera<\/strong><br \/>\nPopisek:&nbsp;<strong>Ladislav Jakl<\/strong><\/small><\/figcaption><\/figure>\n<\/section>\n<p><!--more--><\/p>\n<p><strong>Z Ministerstva vnitra unikl dokument, kter\u00fd z\u00edskaly Seznam Zpr\u00e1vy a kter\u00fd varuje p\u0159ed radikalizac\u00ed st\u00e1tn\u00edch zam\u011bstnanc\u016f. Aby k tomu nedoch\u00e1zelo, existuj\u00ed doporu\u010den\u00ed a jedn\u00edm z nich je anonymizovan\u00fd monitoring n\u00e1lad ve st\u00e1tn\u00ed a ve\u0159ejn\u00e9 spr\u00e1v\u011b a v\u010dasn\u00e1 identifikace osob, kter\u00e9 mohou \u0161\u00ed\u0159it antisyst\u00e9mov\u00e9 n\u00e1lady. Co vy na to?<\/strong><\/p>\n<p>To je celkem o\u010dek\u00e1van\u00fd v\u00fdvoj. St\u00e1tn\u00ed moc, pro kterou individu\u00e1ln\u00ed svobody nejsou \u017e\u00e1dnou hodnotou, v\u017edy velmi r\u00e1da vyu\u017eije ka\u017ed\u00e9 krize k uta\u017een\u00ed \u0161roub\u016f. A proto i n\u011bkter\u00e9 krize sama aktivn\u011b p\u0159i\u017eivuje.<\/p>\n<p><strong>Dokument tak\u00e9 tvrd\u00ed, \u017ee radikalizace \u010d\u00e1sti lid\u00ed ve ve\u0159ejn\u00e9 spr\u00e1v\u011b p\u0159edstavuje \u201ez\u00e1sadn\u00ed probl\u00e9m, kter\u00fd m\u016f\u017ee ohrozit b\u011b\u017en\u00e9 fungov\u00e1n\u00ed st\u00e1tu a jeho instituc\u00ed, samospr\u00e1v a d\u00e1le urychlit rozpad spole\u010densk\u00e9 soudr\u017enosti\u201c. M\u016f\u017ee podle v\u00e1s radikalizace ohrozit fungov\u00e1n\u00ed st\u00e1tu?<\/strong><\/p>\n<p>Lid\u00e9 se radikalizuj\u00ed, proto\u017ee se pr\u00e1vem ob\u00e1vaj\u00ed o svou budoucnost. Kdyby na\u0161e st\u00e1tn\u00ed moc p\u016fsobila dojmem, \u017ee d\u011bl\u00e1 v\u0161e pro to, aby se lid\u00e9 budoucnosti ob\u00e1vat nemuseli, k \u017e\u00e1dn\u00e9 radikalizaci by nedoch\u00e1zelo. Lid\u00e9 se radikalizuj\u00ed, proto\u017ee maj\u00ed pocit, \u017ee se musej\u00ed aktivn\u011b br\u00e1nit a \u017ee na sob\u011b necht\u011bj\u00ed nechat \u0161t\u00edpat d\u0159\u00edv\u00ed.<\/p>\n<p><strong>Kam by v tomto ohledu podle v\u00e1s m\u011bl dosahovat st\u00e1t se svoj\u00ed kontrolou?<\/strong><\/p>\n<p>St\u00e1t se mus\u00ed zastavit p\u0159ed hranic\u00ed, za kterou za\u010d\u00edn\u00e1 soukrom\u00ed a individu\u00e1ln\u00ed svobody. Jinak to nen\u00ed demokratick\u00fd st\u00e1t, ale re\u017eim, kter\u00fd m\u00e1 nakro\u010deno k diktatu\u0159e.<\/p>\n<p><strong>\u010cast\u00fdm argumentem vl\u00e1dn\u00edch \u010dinitel\u016f v boji proti dezinformac\u00edm je, \u017ee odli\u0161n\u00fd n\u00e1zor je v po\u0159\u00e1dku, ale nesm\u00ed se jednat o le\u017e. V\u00edme v\u0161ak, \u017ee co je pravda a co le\u017e, se \u010dasto ukazuje a\u017e v \u010dase. Jako p\u0159\u00edklad m\u016f\u017eeme uv\u00e9st covidovou vlnu. Na jej\u00edm po\u010d\u00e1tku se odhady, \u017ee bude existovat n\u011bco jako covid pas nebo budou nutn\u00e9 opakovan\u00e9 d\u00e1vky o\u010dkov\u00e1n\u00ed, ozna\u010dovaly za dezinformace a l\u017ei. Nakonec se to ale stalo. Jak s t\u00edm nalo\u017eit a je to v\u016fbec mo\u017en\u00e9?<\/strong><\/p>\n<p>R\u00e1d v t\u00e9to souvislosti uv\u00e1d\u00edm jist\u00fd historick\u00fd kontext. Za protektor\u00e1tu bylo pod trestem smrti zak\u00e1z\u00e1no poslouchat britsk\u00fd rozhlas. Ale nikdy jsem nesly\u0161el, \u017ee by se ve stejnou dobu v Brit\u00e1nii smrt\u00ed trestal poslech n\u011bmeck\u00e9ho r\u00e1dia. Nebo: za normalizace byly na na\u0161ich hranic\u00edch ru\u0161i\u010dky sign\u00e1lu Svobodn\u00e9 Evropy, Hlasu Ameriky a R\u00e1dia Svoboda. Ale nikdy jsem nesly\u0161el, \u017ee by z\u00e1padn\u00ed N\u011bmci na sv\u00e9 stran\u011b rozm\u00eds\u0165ovali ru\u0161i\u010dky, aby jejich obyvatelstvo n\u00e1hodou neposlouchalo \u010ceskoslovensk\u00fd rozhlas a \u010ceskoslovenskou televizi. Je jasn\u00e9, \u017ee demokratick\u00fd re\u017eim se ciz\u00ed propagandy neboj\u00ed a sv\u00fdm lidem v\u011b\u0159\u00ed. S ciz\u00ed propagandou bojuj\u00ed jen ty re\u017eimy, kter\u00e9 nemaj\u00ed \u010dist\u00e9 sv\u011bdom\u00ed, kter\u00e9 se boj\u00ed konkuren\u010dn\u00edch my\u0161lenek.<\/p>\n<p><strong>Ministerstvo vnitra tak\u00e9 vytvo\u0159ilo legislativu, je\u017e m\u00e1 umo\u017enit blokov\u00e1n\u00ed web\u016f jako krajn\u00ed \u0159e\u0161en\u00ed. Podle ministra V\u00edta Raku\u0161ana by k tomu m\u011blo doj\u00edt pouze na z\u00e1klad\u011b dolo\u017een\u00fdch fakt\u016f, \u017ee nejde jen o le\u017e, ale o strategicky nebezpe\u010dnou informaci. Pot\u0159ebuje \u010cesk\u00e1 republika z\u00e1kon na blokov\u00e1n\u00ed internetov\u00fdch str\u00e1nek?<\/strong><\/p>\n<p>Tyhle n\u00e1pady jsou ze stejn\u00e9 d\u00edlny jako n\u00e1vrhy rozm\u00edstit odposlechy do v\u0161ech lo\u017enic a koupelen \u010desk\u00fdch dom\u00e1cnost\u00ed. A taky do hospod, aby si mohly patroly rychle p\u0159ijet pro hosty, kte\u0159\u00ed by u piva vedli podvratn\u00e9 a kritick\u00e9 \u0159e\u010di.<\/p>\n<p><strong>M\u00e1te dojem, \u017ee ostrakizace odli\u0161n\u00fdch n\u00e1zor\u016f se od koronaviru p\u0159esunula k Rusku a Ukrajin\u011b? Hor\u0161\u00ed se v tomto ohledu situace ve spole\u010dnosti?<\/strong><\/p>\n<p>To je p\u0159ece \u00fapln\u011b jedno, jestli se to t\u00fdk\u00e1 debaty o vl\u00e1dn\u00ed zdravotnick\u00e9 politice nebo o konfliktu v zahrani\u010d\u00ed. P\u0159\u00ed\u0161t\u011b to klidn\u011b m\u016f\u017ee b\u00fdt zase n\u011bco jin\u00e9ho. Princip je ale stejn\u00fd. Ocejchovat n\u00e1zor, kter\u00fd vybo\u010duje z vl\u00e1dn\u00ed propagandy, a uml\u010det ho.<\/p>\n<p><strong>Jak jste vn\u00edmal vyj\u00e1d\u0159en\u00ed vl\u00e1dn\u00edch politik\u016f k demonstrac\u00edm proti jej\u00edm organiz\u00e1tor\u016fm, p\u0159\u00edpadn\u011b \u00fa\u010dastn\u00edk\u016fm?<\/strong><\/p>\n<p>Jako hulv\u00e1tsk\u00e9 ur\u00e1\u017eky. Des\u00edtky tis\u00edc ob\u010dan\u016f se sjely se svou vlastn\u00ed motivac\u00ed. Ka\u017ed\u00fd m\u011bl sv\u00e9 vlastn\u00ed individu\u00e1ln\u00ed pohnutky. P\u0159edev\u0161\u00edm soci\u00e1ln\u00ed. A tak\u00e9 obavy o svobodu slova. Strkat v\u0161echny tyhle lidi do jednoho pytle s n\u00e1pisem u\u017eite\u010dn\u00ed idioti je projev nep\u0159\u00e1telstv\u00ed k vlastn\u00edmu n\u00e1rodu. Vl\u00e1da, kter\u00e1 ur\u00e1\u017e\u00ed sv\u00e9 ob\u010dany, nesm\u00ed d\u00e1l vl\u00e1dnout.&nbsp;<\/p>\n<p><a href=\"https:\/\/www.parlamentnilisty.cz\/arena\/rozhovory\/Proti-propagande-bojuji-jen-ti-s-cernym-svedomim-Demokrate-lidem-veri-vzkazuje-Rakusanovi-Ladislav-Jakl-716940\">Zdroj<\/a><\/p>\n","protected":false},"excerpt":{"rendered":"<p>\u201eJe p\u0159ece \u00fapln\u011b jedno, jestli se to t\u00fdk\u00e1 debaty o vl\u00e1dn\u00ed zdravotnick\u00e9 politice nebo o konfliktu v zahrani\u010d\u00ed. P\u0159\u00ed\u0161t\u011b to klidn\u011b m\u016f\u017ee b\u00fdt zase n\u011bco jin\u00e9ho. Princip je ale stejn\u00fd. Ocejchovat n\u00e1zor, kter\u00fd vybo\u010duje z vl\u00e1dn\u00ed propagandy, a uml\u010det ho,\u201c \u0159\u00edk\u00e1 Ladislav Jakl, muzikant, spisovatel a b\u00fdval\u00fd poslanec. V rozhovoru pro Parlamentn\u00edListy.cz tak\u00e9 vyj\u00e1d\u0159il obavy [&hellip;]<\/p>\n","protected":false},"author":9,"featured_media":0,"comment_status":"open","ping_status":"open","sticky":false,"template":"","format":"standard","meta":{"ngg_post_thumbnail":0,"footnotes":""},"categories":[13],"tags":[],"class_list":["post-12983","post","type-post","status-publish","format-standard","hentry","category-rozhovory"],"_links":{"self":[{"href":"https:\/\/www.ladislavjakl.cz\/index.php?rest_route=\/wp\/v2\/posts\/12983","targetHints":{"allow":["GET"]}}],"collection":[{"href":"https:\/\/www.ladislavjakl.cz\/index.php?rest_route=\/wp\/v2\/posts"}],"about":[{"href":"https:\/\/www.ladislavjakl.cz\/index.php?rest_route=\/wp\/v2\/types\/post"}],"author":[{"embeddable":true,"href":"https:\/\/www.ladislavjakl.cz\/index.php?rest_route=\/wp\/v2\/users\/9"}],"replies":[{"embeddable":true,"href":"https:\/\/www.ladislavjakl.cz\/index.php?rest_route=%2Fwp%2Fv2%2Fcomments&post=12983"}],"version-history":[{"count":8,"href":"https:\/\/www.ladislavjakl.cz\/index.php?rest_route=\/wp\/v2\/posts\/12983\/revisions"}],"predecessor-version":[{"id":12993,"href":"https:\/\/www.ladislavjakl.cz\/index.php?rest_route=\/wp\/v2\/posts\/12983\/revisions\/12993"}],"wp:attachment":[{"href":"https:\/\/www.ladislavjakl.cz\/index.php?rest_route=%2Fwp%2Fv2%2Fmedia&parent=12983"}],"wp:term":[{"taxonomy":"category","embeddable":true,"href":"https:\/\/www.ladislavjakl.cz\/index.php?rest_route=%2Fwp%2Fv2%2Fcategories&post=12983"},{"taxonomy":"post_tag","embeddable":true,"href":"https:\/\/www.ladislavjakl.cz\/index.php?rest_route=%2Fwp%2Fv2%2Ftags&post=12983"}],"curies":[{"name":"wp","href":"https:\/\/api.w.org\/{rel}","templated":true}]}}