{"id":12995,"date":"2022-10-13T18:23:36","date_gmt":"2022-10-13T16:23:36","guid":{"rendered":"https:\/\/www.ladislavjakl.cz\/?p=12995"},"modified":"2022-10-13T18:23:36","modified_gmt":"2022-10-13T16:23:36","slug":"kanibal-ante-portas","status":"publish","type":"post","link":"https:\/\/www.ladislavjakl.cz\/?p=12995","title":{"rendered":"Kanibal ante portas"},"content":{"rendered":"<p>J\u00e1 ho \u017eeru. Samou l\u00e1skou bych t\u011b sn\u011bdl. Tahle slova n\u011bkdy nab\u00fdvaj\u00ed \u2013 jak je vid\u011bt \u2013 skoro opa\u010dn\u00e9ho v\u00fdznamu. Zleh\u010dov\u00e1n\u00ed si m\u016f\u017eeme dovolit, p\u0159\u00edpady kanibalismu jsou u n\u00e1s dnes zcela raritn\u00ed.<\/p>\n<p><!--more--><\/p>\n<p>Jinak tomu bylo p\u0159esn\u011b na den p\u0159ed pades\u00e1ti lety. Mnoz\u00ed tu af\u00e9ru pamatuj\u00ed, jin\u00ed o n\u00ed vid\u011bli vcelku zda\u0159il\u00fd film. V&nbsp;argentinsk\u00fdch And\u00e1ch spadlo letadlo s&nbsp;uruguaysk\u00fdm n\u00e1rodn\u00edm ragbyov\u00fdm t\u00fdmem. V\u011bt\u0161ina pos\u00e1dky i cestuj\u00edc\u00edch tehdy zahynula p\u0159i p\u00e1du, ale pro ty, co p\u0159e\u017eili, to \u017e\u00e1dn\u00e1 velk\u00e1 v\u00fdhra zrovna nebyla.<\/p>\n<p>P\u0159e\u017eiv\u0161\u00ed se ocitli v&nbsp;naprost\u00e9 ledov\u00e9 pustin\u011b, daleko od jak\u00e9koli civilizace. Pomoc p\u0159i\u0161la v\u00edc ne\u017e za dva m\u011bs\u00edce. J\u00eddlo do\u0161lo po p\u00e1r t\u00fddnech. Ale v\u0161ude kolem bylo p\u0159ece masa dost. U\u017e se na n\u011b nehled\u011blo jako na lidi. N\u011bkdo s&nbsp;t\u00edm musel za\u010d\u00edt prvn\u00ed, dal\u0161\u00ed se p\u0159idali. Samou l\u00e1skou to nebylo, prost\u011b z&nbsp;hladu. Ve stra\u0161n\u00fdch situac\u00edch jsou lid\u00e9 schopni d\u011blat stra\u0161liv\u00e9 v\u011bci.<\/p>\n<p>Nyn\u00ed se n\u00e1m \u0159\u00edk\u00e1, \u017ee jsme tak\u00e9 ve stra\u0161iv\u00e9 situaci a \u017ee na n\u011bkter\u00e9 sv\u00e9 spoluob\u010dany u\u017e nem\u00e1me tak\u00e9 hled\u011bt jako na lidi, ale jako na podlidi, zlo\u010dince, nep\u0159\u00e1tele, skryt\u00e9 teroristy. A podle toho s&nbsp;nimi zach\u00e1zet. Nejd\u0159\u00edv je uml\u010det. Pak jim odebrat osobn\u00ed svobodu. A pak\u2026<\/p>\n<p>Snad ale nedojdeme tak daleko, jako n\u011bkte\u0159\u00ed n\u011bme\u010dt\u00ed zelen\u00ed klimati\u010dt\u00ed fanatici, kte\u0159\u00ed u\u017e dnes doporu\u010duj\u00ed p\u0159ekonat civiliza\u010dn\u00ed a kulturn\u00ed z\u00e1brany a za\u010d\u00edt pou\u017e\u00edvat t\u011bla zem\u0159el\u00fdch jako ekologick\u00fd zdroj potravy. Je zaj\u00edmav\u00e9, jak se k&nbsp;t\u011bmto zvrhlostem stav\u00ed medi\u00e1ln\u00ed hlavn\u00ed proud. M\u00edsto zhnusen\u00ed a odsouzen\u00ed vid\u00edme jist\u00e9 pochopen\u00ed, proto\u017ee jde p\u0159eci o z\u00e1chranu podneb\u00ed, a to je vy\u0161\u0161\u00ed c\u00edl, ne\u017e je n\u011bjak\u00e1 lidskost.<\/p>\n<p>Ale kdy\u017e u\u017e jsme u t\u011bch v\u00fdro\u010d\u00ed, p\u0159id\u00e1m je\u0161t\u011b jedno, u\u017e ne morbidn\u00ed. Dnes by oslavila nekulat\u00e9 sedmadevades\u00e1t\u00e9 narozeniny nejslavn\u011bj\u0161\u00ed sv\u011btov\u00e1 premi\u00e9rka v\u0161ech dob \u2013 Margaret Thatcherov\u00e1. Jen jedin\u00e9 \u017eeny jsem si v&nbsp;\u017eivot\u011b cenil v\u00edc. T\u00e9, co se narodila i zem\u0159ela o p\u016fl roku d\u0159\u00edv ne\u017e pan\u00ed baronka. M\u00e1m namysli svou maminku.<\/p>\n<p>Reinkarnace m\u00e9 maminky se u\u017e nikdy nenarod\u00ed, ale zjev\u00ed se n\u011bkdy n\u011bjak\u00e1 nov\u00e1 \u017delezn\u00e1 Lady? Bylo by j\u00ed t\u0159eba. Mo\u017en\u00e1 u\u017e mezi n\u00e1mi chod\u00ed. Jen jsme ji dosud neodhalili.<\/p>\n<p><em>Ladislav Jakl, 13. \u0159\u00edjna 2022<\/em><\/p>\n","protected":false},"excerpt":{"rendered":"<p>J\u00e1 ho \u017eeru. Samou l\u00e1skou bych t\u011b sn\u011bdl. Tahle slova n\u011bkdy nab\u00fdvaj\u00ed \u2013 jak je vid\u011bt \u2013 skoro opa\u010dn\u00e9ho v\u00fdznamu. Zleh\u010dov\u00e1n\u00ed si m\u016f\u017eeme dovolit, p\u0159\u00edpady kanibalismu jsou u n\u00e1s dnes zcela raritn\u00ed.<\/p>\n","protected":false},"author":9,"featured_media":0,"comment_status":"open","ping_status":"open","sticky":false,"template":"","format":"standard","meta":{"ngg_post_thumbnail":0,"footnotes":""},"categories":[1,10],"tags":[],"class_list":["post-12995","post","type-post","status-publish","format-standard","hentry","category-publikovane-clanky","category-zlehka"],"_links":{"self":[{"href":"https:\/\/www.ladislavjakl.cz\/index.php?rest_route=\/wp\/v2\/posts\/12995","targetHints":{"allow":["GET"]}}],"collection":[{"href":"https:\/\/www.ladislavjakl.cz\/index.php?rest_route=\/wp\/v2\/posts"}],"about":[{"href":"https:\/\/www.ladislavjakl.cz\/index.php?rest_route=\/wp\/v2\/types\/post"}],"author":[{"embeddable":true,"href":"https:\/\/www.ladislavjakl.cz\/index.php?rest_route=\/wp\/v2\/users\/9"}],"replies":[{"embeddable":true,"href":"https:\/\/www.ladislavjakl.cz\/index.php?rest_route=%2Fwp%2Fv2%2Fcomments&post=12995"}],"version-history":[{"count":1,"href":"https:\/\/www.ladislavjakl.cz\/index.php?rest_route=\/wp\/v2\/posts\/12995\/revisions"}],"predecessor-version":[{"id":12996,"href":"https:\/\/www.ladislavjakl.cz\/index.php?rest_route=\/wp\/v2\/posts\/12995\/revisions\/12996"}],"wp:attachment":[{"href":"https:\/\/www.ladislavjakl.cz\/index.php?rest_route=%2Fwp%2Fv2%2Fmedia&parent=12995"}],"wp:term":[{"taxonomy":"category","embeddable":true,"href":"https:\/\/www.ladislavjakl.cz\/index.php?rest_route=%2Fwp%2Fv2%2Fcategories&post=12995"},{"taxonomy":"post_tag","embeddable":true,"href":"https:\/\/www.ladislavjakl.cz\/index.php?rest_route=%2Fwp%2Fv2%2Ftags&post=12995"}],"curies":[{"name":"wp","href":"https:\/\/api.w.org\/{rel}","templated":true}]}}