{"id":13011,"date":"2022-10-20T17:20:50","date_gmt":"2022-10-20T15:20:50","guid":{"rendered":"https:\/\/www.ladislavjakl.cz\/?p=13011"},"modified":"2022-10-20T17:20:50","modified_gmt":"2022-10-20T15:20:50","slug":"nejvetsi-problemy-doby","status":"publish","type":"post","link":"https:\/\/www.ladislavjakl.cz\/?p=13011","title":{"rendered":"Nejv\u011bt\u0161\u00ed probl\u00e9my doby"},"content":{"rendered":"<p>Sv\u011bt se pot\u00e1p\u00ed do t\u011b\u017ek\u00fdch probl\u00e9m\u016f, kter\u00e9 je nejvy\u0161\u0161\u00ed \u010das razantn\u011b \u0159e\u0161it. Jinak n\u00e1s utr\u00e1p\u00ed k&nbsp;smrti a p\u0159ivedou lidstvo k&nbsp;z\u00e1niku. Co v\u0161echno jen mus\u00edme sn\u00e1\u0161et? A to mo\u017en\u00e1 nen\u00ed v\u0161em utrpen\u00edm konec.<\/p>\n<p><!--more--><\/p>\n<p>T\u0159eba takov\u00e1 hokejov\u00e1 NHL m\u00e1 podle dne\u0161n\u00edho tisku opravdu v\u00e1\u017en\u00fd probl\u00e9m. Jej\u00ed org\u00e1ny \u0159e\u0161\u00ed pal\u010divou starost: ledn\u00ed hokej je pr\u00fd sportem hlavn\u011b pro mu\u017ee a pro b\u011blochy a m\u00e1lo se tam prosazuj\u00ed \u017eeny, \u010derno\u0161i, milovn\u00edci v\u00fdst\u0159edn\u00edch sexu\u00e1ln\u00edch praktik a zdravotn\u011b posti\u017een\u00ed. Sta\u010d\u00ed se pod\u00e1vat na jak\u00fdkoli z\u00e1pas a dojdete ke stejn\u00e9mu z\u00e1v\u011bru. Tohle opravdu nejde nechat d\u00e1l.<\/p>\n<p>Krut\u011b nespravedliv\u00e9 jsou i jin\u00e9 sporty. V&nbsp;basketbalu se prosazuj\u00ed hlavn\u011b vysoc\u00ed lid\u00e9 a v\u011bt\u0161inou \u010derno\u0161i, ve sprintech siln\u00ed \u010derno\u0161i, v&nbsp;del\u0161\u00edch b\u011bz\u00edch lid\u00e9 p\u016fvodem kolem Sahary, v&nbsp;modern\u00ed gymnastice sam\u00e9 mlad\u00e9 \u017eeny. To je n\u011bjak\u00e1 diverzita?<\/p>\n<p>V\u00e1\u017en\u00e9 probl\u00e9my ot\u0159\u00e1saj\u00edc\u00ed na\u0161\u00edm sv\u011btem ale najdeme i v&nbsp;jin\u00fdch oblastech. T\u0159eba takov\u00e1 br\u010dka k&nbsp;pit\u00ed. Kone\u010dn\u011b se poda\u0159ilo zak\u00e1zat ta z&nbsp;plastu. Ale zlo si v\u017edy najde cestu. Tak se nyn\u00ed mus\u00ed \u0159e\u0161it to, \u017ee pap\u00edrov\u00e1 br\u010dka z&nbsp;pr\u00fd hygienick\u00fdch d\u016fvod\u016f dostanete zabalen\u00e9 ka\u017ed\u00e9 zvl\u00e1\u0161\u0165 v&nbsp;igelitov\u00e9m obalu. No to je jak z&nbsp;de\u0161t\u011b pod okap.<\/p>\n<p>V\u00e1\u017enou starost maj\u00ed i na \u0161kol\u00e1ch. \u017d\u00e1ci patrn\u011b nedok\u00e1\u017eou pochopit, co to je takov\u00fd kontinent. Ale v\u0161e jde \u0159e\u0161it. Prahu (asi nejen) tyto dny oblepily agita\u010dn\u00edmi plak\u00e1ty, na kter\u00fdch jsou mlad\u00ed lid\u00e9 exotick\u00fdch zjev\u016f, za nimi pokrokov\u00e9 vrtule nebo n\u011bco takov\u00e9ho, pak p\u00e1r modern\u00edch eurohesel, na\u010de\u017e hlavn\u00edm sd\u011blen\u00edm je \u201eTy jsi Evropa\u201c. No, n\u011bkte\u0159\u00ed lid\u00e9 jsou t\u0159eba leti\u0161t\u011b, jin\u00ed traktor, tak pro\u010d by n\u011bkdo nemohl b\u00fdt kontinent, \u017ee. Kdy\u017e u toho moc nevyv\u00e1d\u00ed.<\/p>\n<p>Jak je to ale se zem\u011bpisem v&nbsp;jin\u00fdch destinac\u00edch? Nech\u00e1me je bloudit v&nbsp;temnot\u00e1ch? Po Ar\u00e1bii bychom mohli vylepit billboardy s&nbsp;polonah\u00fdmi blond\u00fdnami a s&nbsp;n\u00e1pisem \u201eTy jsi Ar\u00e1bie.\u201c A hned by m\u011bly tamn\u00ed d\u011bti\u010dky jasno. Kongo by zas mohli polepit fotkami z\u00e1pasn\u00edk\u016f v&nbsp;sumo s&nbsp;n\u00e1pisem \u201eTy jsi Afrika\u201c.<\/p>\n<p>Jen\u017ee existenci\u00e1ln\u00ed probl\u00e9my ne\u0159e\u0161\u00ed jen \u0161kolstv\u00ed. Pot\u00ed\u017ee maj\u00ed i vlivn\u00edci a vlivnice. Anglicky influencers. Z&nbsp;Vatik\u00e1nu zrovna vy\u0161tvali jednu takovou, proto\u017ee m\u011bla na sob\u011b asi tolik textilu, kolik ho pot\u0159ebujete na v\u00fdrobu jednoho kapesn\u00edku. Jasn\u00e1 diskriminace. Jak te\u010f bude uplat\u0148ovat sv\u016fj vliv? Ten Vatik\u00e1n, to u\u017e je jak n\u011bjak\u00e1 arabsk\u00e1 monarchie. Tedy vlastn\u011b ne, tam jsou na\u0161i, tak jako \u00edr\u00e1nsk\u00e1 teokracie. Jak m\u016f\u017ee b\u00fdt ve Vatik\u00e1nu teokracie? N\u011bkdo by se tomu m\u011bl pod\u00edvat na zoubek.<\/p>\n<p>\u010c\u00edm\u017e jsme se dostali zp\u011bt k&nbsp;diskriminaci, se kterou jsme za\u010dali u hokeje. Mysl\u00edm, \u017ee jedin\u00fdm n\u00e1strojem na zkrocen\u00ed diskriminace jsou kv\u00f3ty. Mysl\u00edme-li emancipaci \u017een v\u00e1\u017en\u011b, je nutno zav\u00e9st p\u0159\u00edsnou paritu pades\u00e1t na pades\u00e1t v&nbsp;ka\u017ed\u00e9 instituci. Mohli bychom za\u010d\u00edt t\u0159eba u instituce zvan\u00e9 man\u017eelstv\u00ed. V&nbsp;ka\u017ed\u00e9m man\u017eelstv\u00ed p\u016fl nap\u016fl \u017eeny a mu\u017ei. To by \u0161lo, ne?<\/p>\n<p><a href=\"https:\/\/www.institutvk.cz\/clanky\/2131.html\">Zdroj<\/a><\/p>\n","protected":false},"excerpt":{"rendered":"<p>Sv\u011bt se pot\u00e1p\u00ed do t\u011b\u017ek\u00fdch probl\u00e9m\u016f, kter\u00e9 je nejvy\u0161\u0161\u00ed \u010das razantn\u011b \u0159e\u0161it. Jinak n\u00e1s utr\u00e1p\u00ed k&nbsp;smrti a p\u0159ivedou lidstvo k&nbsp;z\u00e1niku. Co v\u0161echno jen mus\u00edme sn\u00e1\u0161et? A to mo\u017en\u00e1 nen\u00ed v\u0161em utrpen\u00edm konec.<\/p>\n","protected":false},"author":9,"featured_media":0,"comment_status":"open","ping_status":"open","sticky":false,"template":"","format":"standard","meta":{"ngg_post_thumbnail":0,"footnotes":""},"categories":[1],"tags":[],"class_list":["post-13011","post","type-post","status-publish","format-standard","hentry","category-publikovane-clanky"],"_links":{"self":[{"href":"https:\/\/www.ladislavjakl.cz\/index.php?rest_route=\/wp\/v2\/posts\/13011","targetHints":{"allow":["GET"]}}],"collection":[{"href":"https:\/\/www.ladislavjakl.cz\/index.php?rest_route=\/wp\/v2\/posts"}],"about":[{"href":"https:\/\/www.ladislavjakl.cz\/index.php?rest_route=\/wp\/v2\/types\/post"}],"author":[{"embeddable":true,"href":"https:\/\/www.ladislavjakl.cz\/index.php?rest_route=\/wp\/v2\/users\/9"}],"replies":[{"embeddable":true,"href":"https:\/\/www.ladislavjakl.cz\/index.php?rest_route=%2Fwp%2Fv2%2Fcomments&post=13011"}],"version-history":[{"count":1,"href":"https:\/\/www.ladislavjakl.cz\/index.php?rest_route=\/wp\/v2\/posts\/13011\/revisions"}],"predecessor-version":[{"id":13012,"href":"https:\/\/www.ladislavjakl.cz\/index.php?rest_route=\/wp\/v2\/posts\/13011\/revisions\/13012"}],"wp:attachment":[{"href":"https:\/\/www.ladislavjakl.cz\/index.php?rest_route=%2Fwp%2Fv2%2Fmedia&parent=13011"}],"wp:term":[{"taxonomy":"category","embeddable":true,"href":"https:\/\/www.ladislavjakl.cz\/index.php?rest_route=%2Fwp%2Fv2%2Fcategories&post=13011"},{"taxonomy":"post_tag","embeddable":true,"href":"https:\/\/www.ladislavjakl.cz\/index.php?rest_route=%2Fwp%2Fv2%2Ftags&post=13011"}],"curies":[{"name":"wp","href":"https:\/\/api.w.org\/{rel}","templated":true}]}}