{"id":13013,"date":"2022-10-20T17:28:10","date_gmt":"2022-10-20T15:28:10","guid":{"rendered":"https:\/\/www.ladislavjakl.cz\/?p=13013"},"modified":"2022-10-20T17:28:10","modified_gmt":"2022-10-20T15:28:10","slug":"tiskova-zprava-z-16-zasedani-rady-konaneho-dne-18-10-2022","status":"publish","type":"post","link":"https:\/\/www.ladislavjakl.cz\/?p=13013","title":{"rendered":"Tiskov\u00e1 zpr\u00e1va z 16. zased\u00e1n\u00ed Rady, konan\u00e9ho dne 18. 10. 2022"},"content":{"rendered":"<p>Rada pro rozhlasov\u00e9 a televizn\u00ed vys\u00edl\u00e1n\u00ed (d\u00e1le jen &#8222;Rada&#8220;) na sv\u00e9m 16. zased\u00e1n\u00ed<br \/>\nprojednala 35 bod\u016f programu. Vyhodnotila 24 st\u00ed\u017enost\u00ed div\u00e1k\u016f a poslucha\u010d\u016f, vydala \u0161est<br \/>\nupozorn\u011bn\u00ed na poru\u0161en\u00ed z\u00e1kona.<\/p>\n<p><!--more--><br \/>\nRada na sv\u00e9m 16. zased\u00e1n\u00ed ud\u011blila t\u0159i licence k provozov\u00e1n\u00ed rozhlasov\u00e9ho vys\u00edl\u00e1n\u00ed, a to spole\u010dnosti<br \/>\nDada Media s.r.o. licenci k provozov\u00e1n\u00ed zemsk\u00e9ho digit\u00e1ln\u00edho rozhlasov\u00e9ho vys\u00edl\u00e1n\u00ed programu<br \/>\nR\u00e1dio S\u00c1ZAVA, spole\u010dnosti 4S PRODUCTION, a.s. licenci k provozov\u00e1n\u00ed rozhlasov\u00e9ho vys\u00edl\u00e1n\u00ed<br \/>\n\u0161\u00ed\u0159en\u00e9ho prost\u0159ednictv\u00edm vys\u00edla\u010d\u016f se soubory technick\u00fdch parametr\u016f Doma\u017elice Vav\u0159inec 103,0<br \/>\nMHz \/ 100 W, Karlovy Vary s\u00eddli\u0161t\u011b 105,0 MHz \/ 200 W, Klatovy 92,4 MHz \/ 100 W, Plze\u0148 stadion<br \/>\n1 103,0 MHz \/ 200 W, Tachov 3 105,6 MHz \/ 200 W a \u017delezn\u00e1 Ruda m\u011bsto 105,6 MHz \/ 25 W pro<br \/>\nprogram EXPRES FM a spole\u010dnosti JUKE BOX, spol. s r.o. licenci k provozov\u00e1n\u00ed rozhlasov\u00e9ho<br \/>\nvys\u00edl\u00e1n\u00ed prost\u0159ednictv\u00edm vys\u00edla\u010d\u016f se souborem technick\u00fdch parametr\u016f Svitavy 1 98,9 MHz \/ 200 W,<br \/>\npro program Radio \u010cas.<br \/>\nPodrobn\u011bj\u0161\u00ed informace naleznete v p\u0159episech usnesen\u00ed Rady:<br \/>\nROZHLASOV\u00c9 VYS\u00cdL\u00c1N\u00cd<br \/>\n&#8211; Rada v souladu s ustanoven\u00edmi \u00a7 5 p\u00edsm. b), \u00a7 12 a \u00a7 25 z\u00e1kona \u010d. 231\/2001 Sb., o provozov\u00e1n\u00ed<br \/>\nrozhlasov\u00e9ho a televizn\u00edho vys\u00edl\u00e1n\u00ed a o zm\u011bn\u011b dal\u0161\u00edch z\u00e1kon\u016f, v platn\u00e9m zn\u011bn\u00ed (d\u00e1le jen \u201ez\u00e1kon<br \/>\n\u010d. 231\/2001 Sb.\u201c), a ustanoven\u00edm \u00a7 67 z\u00e1kona \u010d. 500\/2004 Sb., spr\u00e1vn\u00edho \u0159\u00e1du (d\u00e1le jen \u201ez\u00e1kon<br \/>\n\u010d. 500\/2004 Sb.\u201c), vyd\u00e1v\u00e1 toto rozhodnut\u00ed: Rada ud\u011bluje spole\u010dnosti Dada Media s.r.o., I\u010c:<br \/>\n264 81 006, se s\u00eddlem Brani\u0161ovsk\u00e1 187\/16, PS\u010c 143 00 Praha 4, licenci k provozov\u00e1n\u00ed zemsk\u00e9ho<br \/>\ndigit\u00e1ln\u00edho rozhlasov\u00e9ho vys\u00edl\u00e1n\u00ed programu R\u00e1dio S\u00c1ZAVA, \u0161\u00ed\u0159en\u00e9ho prost\u0159ednictv\u00edm vys\u00edla\u010d\u016f.<br \/>\nLicence se ud\u011bluje na dobu ur\u010ditou, a to na dobu 8 let od pr\u00e1vn\u00ed moci tohoto rozhodnut\u00ed.<br \/>\n&#8211; Rada v r\u00e1mci sv\u00e9 p\u016fsobnosti dan\u00e9 ustanoven\u00edm \u00a7 5 p\u00edsm. b) z\u00e1kona \u010d. 231\/2001 Sb., o<br \/>\nprovozov\u00e1n\u00ed rozhlasov\u00e9ho a televizn\u00edho vys\u00edl\u00e1n\u00ed a o zm\u011bn\u011b dal\u0161\u00edch z\u00e1kon\u016f (d\u00e1le jen z\u00e1kon<br \/>\n\u010d. 231\/2001 Sb.), podle ustanoven\u00ed \u00a7 12 &#8211; 19 z\u00e1kona \u010d. 231\/2001 Sb. a podle ustanoven\u00ed \u00a7 67 &#8211; 69<br \/>\nz\u00e1kona \u010d. 500\/2004 Sb., spr\u00e1vn\u00edho \u0159\u00e1du, vydala dne 13. z\u00e1\u0159\u00ed 2022 toto rozhodnut\u00ed: Rada ud\u011bluje<br \/>\nspole\u010dnosti 4S PRODUCTION, a.s., I\u010c: 25113054, se s\u00eddlem Radlick\u00e1 3294\/10, Sm\u00edchov, 150 00<br \/>\nPraha 5, , licenci k provozov\u00e1n\u00ed rozhlasov\u00e9ho vys\u00edl\u00e1n\u00ed \u0161\u00ed\u0159en\u00e9ho prost\u0159ednictv\u00edm vys\u00edla\u010d\u016f se<br \/>\nsouborem technick\u00fdch parametr\u016f Doma\u017elice Vav\u0159inec 103,0 MHz \/ 100 W, sou\u0159adnice WGS 84:<br \/>\n12 54 33 \/ 49 25 11, Karlovy Vary s\u00eddli\u0161t\u011b 105,0 MHz \/ 200 W, sou\u0159adnice WGS 84: 12 52 12 \/ 50<br \/>\n14 18, Klatovy 92,4 MHz \/ 100 W, sou\u0159adnice WGS 84: 13 17 40 \/ 49 23 42, Plze\u0148 stadion 1 103,0<br \/>\nMHz \/ 200 W, sou\u0159adnice WGS 84: 13 22 58 \/ 49 44 45, Tachov 3 105,6 MHz \/ 200 W, sou\u0159adnice<br \/>\nWGS 84: 12 38 52 \/ 49 47 05 a \u017delezn\u00e1 Ruda m\u011bsto 105,6 MHz \/ 25 W, sou\u0159adnice WGS 84: 13<br \/>\n14 14 \/ 49 07 48, pro program EXPRES FM na standardn\u00ed z\u00e1konnou dobu osmi let podle<br \/>\nustanoven\u00ed \u00a7 12 odst. 5 p\u00edsm. a) z\u00e1kona \u010d\u00eds. 231\/2001 Sb., av\u0161ak s mo\u017en\u00fdm zkr\u00e1cen\u00edm doby jej\u00ed<br \/>\nplatnosti v n\u00e1vaznosti na postup vl\u00e1dy podle ustanoven\u00ed \u010d\u00e1sti prvn\u00ed, \u010dl\u00e1nku II, odst. 9 a 10 z\u00e1kona<br \/>\n\u010d\u00eds. 196\/2009 Sb., kter\u00fdm se m\u011bn\u00ed z\u00e1kon \u010d\u00eds. 231\/2001 Sb.<br \/>\n&#8211; Rada v r\u00e1mci sv\u00e9 p\u016fsobnosti dan\u00e9 ustanoven\u00edm \u00a7 5 p\u00edsm. b) z\u00e1kona \u010d. 231\/2001 Sb., o<br \/>\nprovozov\u00e1n\u00ed rozhlasov\u00e9ho a televizn\u00edho vys\u00edl\u00e1n\u00ed a o zm\u011bn\u011b dal\u0161\u00edch z\u00e1kon\u016f (d\u00e1le jen z\u00e1kon<br \/>\n\u010d. 231\/2001 Sb.), podle ustanoven\u00ed \u00a7 12 &#8211; 19 z\u00e1kona \u010d. 231\/2001 Sb. a podle ustanoven\u00ed \u00a7 67 &#8211; 69<br \/>\n2<br \/>\nz\u00e1kona \u010d. 500\/2004 Sb., spr\u00e1vn\u00edho \u0159\u00e1du, vydala dne 13. z\u00e1\u0159\u00ed 2022 toto rozhodnut\u00ed: Rada ud\u011bluje<br \/>\nspole\u010dnosti JUKE BOX, spol. s r.o., I\u010c: 25396676 se s\u00eddlem Karla Svobody 130\/95, 72527 Ostrava,<br \/>\npodle \u00a7 18 z\u00e1kona \u010d. 231\/2001 Sb. licenci k provozov\u00e1n\u00ed rozhlasov\u00e9ho vys\u00edl\u00e1n\u00ed prost\u0159ednictv\u00edm<br \/>\nvys\u00edla\u010d\u016f se souborem technick\u00fdch parametr\u016f Svitavy 1 98,9 MHz \/ 200 W, sou\u0159adnice WGS84:<br \/>\n16 28 26 \/ 49 44 42, pro program Radio \u010cas na standardn\u00ed z\u00e1konnou dobu osmi let podle<br \/>\nustanoven\u00ed \u00a7 12 odst. 5 p\u00edsm. a) z\u00e1kona \u010d\u00eds. 231\/2001 Sb., av\u0161ak s mo\u017en\u00fdm zkr\u00e1cen\u00edm doby jej\u00ed<br \/>\nplatnosti v n\u00e1vaznosti na postup vl\u00e1dy podle ustanoven\u00ed \u010d\u00e1sti prvn\u00ed, \u010dl\u00e1nku II, odst. 9 a 10 z\u00e1kona<br \/>\n\u010d\u00eds. 196\/2009 Sb., kter\u00fdm se m\u011bn\u00ed z\u00e1kon \u010d\u00eds. 231\/2001 Sb.<br \/>\n&#8211; Rada bere na v\u011bdom\u00ed, \u017ee provozovateli PRAHA TV s.r.o., I\u010c: 258 30 937, se s\u00eddlem Opletalova<br \/>\n919\/5, PS\u010c 110 00 Praha 1, zanikla ke dni 1. \u0159\u00edjna 2022 na z\u00e1klad\u011b pod\u00e1n\u00ed \u010d.j. RRTV\/11343\/2022-<br \/>\nvra doru\u010den\u00e9ho Rad\u011b dne 26. z\u00e1\u0159\u00ed 2022 licence k provozov\u00e1n\u00ed zemsk\u00e9ho digit\u00e1ln\u00edho rozhlasov\u00e9ho<br \/>\nvys\u00edl\u00e1n\u00ed programu Hlas Prahy, \u0161\u00ed\u0159en\u00e9ho prost\u0159ednictv\u00edm vys\u00edla\u010d\u016f (licence sp. zn.<br \/>\nRRTV\/2020\/721\/str, \u010d.j. RRTV\/17159\/2020-str ze dne 8.12.2020). O t\u00e9to skute\u010dnosti vyd\u00e1v\u00e1 Rada<br \/>\nosv\u011bd\u010den\u00ed dle \u00a7 154 a n\u00e1sl. z\u00e1kona \u010d. 500\/2004 Sb.<br \/>\n&#8211; Rada coby \u00fast\u0159edn\u00ed spr\u00e1vn\u00ed \u00fa\u0159ad v r\u00e1mci sv\u00e9 p\u016fsobnosti dan\u00e9 \u00a7 5 p\u00edsm. a) a f) z\u00e1kona<br \/>\n\u010d. 231\/2001 Sb., o provozov\u00e1n\u00ed rozhlasov\u00e9ho a televizn\u00edho vys\u00edl\u00e1n\u00ed a o zm\u011bn\u011b dal\u0161\u00edch z\u00e1kon\u016f a<br \/>\npodle ustanoven\u00ed \u00a7 86 odst. 1 p\u00edsm. h) z\u00e1kona \u010d. 250\/2016 Sb., o odpov\u011bdnosti za p\u0159estupky a<br \/>\n\u0159\u00edzen\u00ed o nich, nich, vyd\u00e1v\u00e1 toto usnesen\u00ed: Rada zastavuje \u0159\u00edzen\u00ed o p\u0159estupku s obvin\u011bn\u00fdm<br \/>\nprovozovatelem \u010cesk\u00fd rozhlas, I\u010c 45245053, s\u00eddlem Vinohradsk\u00e1 12, PS\u010c 120 99, Praha 2, pro<br \/>\nmo\u017en\u00e9 poru\u0161en\u00ed ustanoven\u00ed \u00a7 48 odst. 1 p\u00edsm. h) z\u00e1kona \u010d. 231\/2001 Sb., dle kter\u00e9ho je<br \/>\nprovozovatel vys\u00edl\u00e1n\u00ed povinen neza\u0159azovat do vys\u00edl\u00e1n\u00ed skryt\u00e1 obchodn\u00ed sd\u011blen\u00ed, kter\u00e9ho se mohl<br \/>\ndopustit t\u00edm, \u017ee dne 6. ledna 2022 odvys\u00edlal na programu \u010cRo Brno epizodu po\u0159adu Srdcovky<br \/>\nZde\u0148ka Jun\u00e1ka, v r\u00e1mci kter\u00e9 do\u0161lo v \u010dase od 09:09 k opakovan\u00e9mu zmi\u0148ov\u00e1n\u00ed Autoservisu Ivan<br \/>\nOt\u0159\u00edsal, nebo\u0165 nebyla spln\u011bna podm\u00ednka p\u0159edchoz\u00edho typov\u011b shodn\u00e9ho upozorn\u011bn\u00ed na poru\u0161en\u00ed<br \/>\nz\u00e1kona dle ustanoven\u00ed \u00a7 59 odst. 1 z\u00e1kona \u010d. 231\/2001 Sb.<br \/>\n&#8211; Rada v r\u00e1mci sv\u00e9 p\u016fsobnosti dan\u00e9 \u00a7 5 p\u00edsm. a) a f) a \u00a7 59 odst. 1 &#8211; 3 z\u00e1kona \u010d. 231\/2001 Sb.,<br \/>\no provozov\u00e1n\u00ed rozhlasov\u00e9ho a televizn\u00edho vys\u00edl\u00e1n\u00ed, v platn\u00e9m zn\u011bn\u00ed, upozor\u0148uje provozovatele<br \/>\n\u010cesk\u00fd rozhlas, I\u010c 45245053, s\u00eddlem Vinohradsk\u00e1 12, PS\u010c 120 99, Praha 2, na poru\u0161en\u00ed<br \/>\nustanoven\u00ed \u00a7 48 odst. 1 p\u00edsm. h) z\u00e1kona \u010d. 231\/2001 Sb., dle kter\u00e9ho je provozovatel vys\u00edl\u00e1n\u00ed<br \/>\npovinen neza\u0159azovat do vys\u00edl\u00e1n\u00ed skryt\u00e1 obchodn\u00ed sd\u011blen\u00ed, kter\u00e9ho se dopustil t\u00edm, \u017ee dne 6. ledna<br \/>\n2022 odvys\u00edlal na programu \u010cRo Brno epizodu po\u0159adu Srdcovky Zde\u0148ka Jun\u00e1ka, v r\u00e1mci kter\u00e9<br \/>\ndo\u0161lo v \u010dase od 09:09 k opakovan\u00e9mu zmi\u0148ov\u00e1n\u00ed Autoservisu Ivan Ot\u0159\u00edsal. Rada stanovuje lh\u016ftu<br \/>\nk n\u00e1prav\u011b 7 dn\u016f od doru\u010den\u00ed upozorn\u011bn\u00ed.<br \/>\n&#8211; Rada coby \u00fast\u0159edn\u00ed spr\u00e1vn\u00ed \u00fa\u0159ad v r\u00e1mci sv\u00e9 p\u016fsobnosti dan\u00e9 \u00a7 5 p\u00edsm. a) a f) z\u00e1kona<br \/>\n\u010d. 231\/2001 Sb., o provozov\u00e1n\u00ed rozhlasov\u00e9ho a televizn\u00edho vys\u00edl\u00e1n\u00ed a o zm\u011bn\u011b dal\u0161\u00edch z\u00e1kon\u016f a<br \/>\npodle ustanoven\u00ed \u00a7 86 odst. 1 p\u00edsm. h) z\u00e1kona \u010d. 250\/2016 Sb., o odpov\u011bdnosti za p\u0159estupky a<br \/>\n\u0159\u00edzen\u00ed o nich, nich, vyd\u00e1v\u00e1 toto usnesen\u00ed: Rada zastavuje \u0159\u00edzen\u00ed o p\u0159estupku s obvin\u011bn\u00fdm<br \/>\nprovozovatelem \u010cesk\u00fd rozhlas, I\u010c 45245053, s\u00eddlem Vinohradsk\u00e1 12, PS\u010c 120 99, Praha 2, pro<br \/>\nmo\u017en\u00e9 poru\u0161en\u00ed ustanoven\u00ed \u00a7 48 odst. 1 p\u00edsm. h) z\u00e1kona \u010d. 231\/2001 Sb., dle kter\u00e9ho je<br \/>\nprovozovatel vys\u00edl\u00e1n\u00ed povinen neza\u0159azovat do vys\u00edl\u00e1n\u00ed skryt\u00e1 obchodn\u00ed sd\u011blen\u00ed, kter\u00e9ho se mohl<br \/>\ndopustit t\u00edm, \u017ee dne 12. listopadu 2021 odvys\u00edlal na programu \u010cRo Brno epizodu po\u0159adu Apet\u00fdt, v<br \/>\nr\u00e1mci kter\u00e9 do\u0161lo v \u010dase od 10:44 hod. k propagaci provozovny spole\u010dnosti Columna centrum s.r.o.<br \/>\na z\u00e1rove\u0148 k negativn\u00edmu hodnocen\u00ed konkuren\u010dn\u00edho podnikatelsk\u00e9ho subjektu, nebo\u0165 nebyla<br \/>\nspln\u011bna podm\u00ednka p\u0159edchoz\u00edho typov\u011b shodn\u00e9ho upozorn\u011bn\u00ed na poru\u0161en\u00ed z\u00e1kona dle ustanoven\u00ed<br \/>\n\u00a7 59 odst. 1 z\u00e1kona \u010d. 231\/2001 Sb.<br \/>\n&#8211; Rada v r\u00e1mci sv\u00e9 p\u016fsobnosti dan\u00e9 \u00a7 5 p\u00edsm. a) a f) a \u00a7 59 odst. 1 &#8211; 3 z\u00e1kona \u010d. 231\/2001 Sb.,<br \/>\no provozov\u00e1n\u00ed rozhlasov\u00e9ho a televizn\u00edho vys\u00edl\u00e1n\u00ed, v platn\u00e9m zn\u011bn\u00ed, upozor\u0148uje provozovatele<br \/>\n\u010cesk\u00fd rozhlas, I\u010c 45245053, s\u00eddlem Vinohradsk\u00e1 12, PS\u010c 120 99, Praha 2, na poru\u0161en\u00ed<br \/>\nustanoven\u00ed \u00a7 48 odst. 1 p\u00edsm. h) z\u00e1kona \u010d. 231\/2001 Sb., dle kter\u00e9ho je provozovatel vys\u00edl\u00e1n\u00ed<br \/>\n3<br \/>\npovinen neza\u0159azovat do vys\u00edl\u00e1n\u00ed skryt\u00e1 obchodn\u00ed sd\u011blen\u00ed, kter\u00e9ho se dopustil t\u00edm, \u017ee dne<br \/>\n12. listopadu 2021 odvys\u00edlal na programu \u010cRo Brno epizodu po\u0159adu Apet\u00fdt, v r\u00e1mci kter\u00e9 do\u0161lo v<br \/>\n\u010dase od 10:44 hod. k propagaci provozovny spole\u010dnosti Columna centrum s.r.o. a z\u00e1rove\u0148 k<br \/>\nnegativn\u00edmu hodnocen\u00ed konkuren\u010dn\u00edho podnikatelsk\u00e9ho subjektu. Rada stanovuje lh\u016ftu k n\u00e1prav\u011b<br \/>\n7 dn\u016f od doru\u010den\u00ed upozorn\u011bn\u00ed.<br \/>\n&#8211; Rada se sezn\u00e1mila s anal\u00fdzami obchodn\u00edch sd\u011blen\u00ed odvys\u00edlan\u00fdch provozovateli MEDIA<br \/>\nBOHEMIA a.s. (program Hitr\u00e1dio City; Brno 99,0 Mhz) dne 25. z\u00e1\u0159\u00ed 2022, MAX LOYD, s.r.o.<br \/>\n(program DANCE RADIO; Praha-Jinonice 102,9 MHz) dne 25. z\u00e1\u0159\u00ed 2022, RADIO UNITED<br \/>\nBROADCASTING s.r.o. (program Radio Beat; Hradec Kr\u00e1lov\u00e9 94,9 MHz) dne 25. z\u00e1\u0159\u00ed 2022,<br \/>\nNONSTOP s.r.o. (program R\u00c1DIO KROKOD\u00ddL; Brno 103,0 MHz) dne 25. z\u00e1\u0159\u00ed 2022, JUKE BOX,<br \/>\nspol. s r.o. (program RADIO \u010cAS-FM; Olomouc 101,3 MHz) dne 25. z\u00e1\u0159\u00ed 2022 a MEDIA BOHEMIA<br \/>\na.s. (program Rock Radio; \u00dast\u00ed nad Labem-St\u0159\u00edbrn\u00edky 90,2 MHz) dne 25. z\u00e1\u0159\u00ed 2022.<br \/>\n&#8211; Rada se sezn\u00e1mila s ozn\u00e1men\u00edm provozovatele RADIO PROGLAS s.r.o., I\u010c: 49435001,<br \/>\ndoru\u010den\u00fdm Rad\u011b dne 6. \u0159\u00edjna 2022 pod \u010d.j. RRTV\/11875\/2022-vra, spo\u010d\u00edvaj\u00edc\u00edm v informaci o<br \/>\nv\u00fdluk\u00e1ch vys\u00edl\u00e1n\u00ed programu Radio Proglas za m\u011bs\u00edc z\u00e1\u0159\u00ed 2022. Rada se sezn\u00e1mila s ozn\u00e1men\u00edm<br \/>\nprovozovatele HAMCO, s.r.o., I\u010c: 47668962, doru\u010den\u00fdm Rad\u011b dne 3. \u0159\u00edjna 2022 pod \u010d.j.<br \/>\nRRTV\/11508\/2022-vra, spo\u010d\u00edvaj\u00edc\u00edm v informaci o v\u00fdluk\u00e1ch monitoringu vys\u00edl\u00e1n\u00ed programu Radio<br \/>\nHan\u00e1 okruh SkyRock a programu Radio Metropole ve dnech 22. z\u00e1\u0159\u00ed a\u017e 3. \u0159\u00edjna 2022. Rada se<br \/>\nsezn\u00e1mila s ozn\u00e1men\u00edm provozovatele Route Radio s.r.o., I\u010c: 27852474, doru\u010den\u00fdm Rad\u011b 3. \u0159\u00edjna<br \/>\n2022 pod \u010d.j. RRTV\/11491\/2022-vra, spo\u010d\u00edvaj\u00edc\u00edm v informaci o tom, \u017ee dne 15. z\u00e1\u0159\u00ed 2022 na<br \/>\nkmito\u010dtu Slav\u00ed\u010d 90,2 MHz \/ 0,05 kW zah\u00e1jil vys\u00edl\u00e1n\u00ed programu R\u00e1dio D\u00e1lnice \u0161\u00ed\u0159en\u00e9ho<br \/>\nprost\u0159ednictv\u00edm vys\u00edla\u010d\u016f na z\u00e1klad\u011b rozhodnut\u00ed Rady sp.zn. RRTV\/2014\/257\/zab ze dne<br \/>\n4. listopadu 2014. Rada se sezn\u00e1mila s ozn\u00e1men\u00edm provozovatele Route Radio s.r.o., I\u010c:<br \/>\n27852474, doru\u010den\u00fdm Rad\u011b 3. \u0159\u00edjna 2022 pod \u010d.j. RRTV\/11507\/2022-vra, spo\u010d\u00edvaj\u00edc\u00edm v informaci<br \/>\no tom, \u017ee dne 1. z\u00e1\u0159\u00ed 2022 na kmito\u010dtu Liberec Hanychov 103,3 MHz \/ 0,1 kW zah\u00e1jil vys\u00edl\u00e1n\u00ed<br \/>\nprogramu R\u00e1dio D\u00e1lnice \u0161\u00ed\u0159en\u00e9ho prost\u0159ednictv\u00edm vys\u00edla\u010d\u016f na z\u00e1klad\u011b rozhodnut\u00ed Rady sp.zn.<br \/>\nRRTV\/2014\/257\/zab ze dne 4. listopadu 2014.<br \/>\n&#8211; Rada se sezn\u00e1mila s p\u0159edlo\u017een\u00fdm materi\u00e1lem k postupu prodlu\u017eov\u00e1n\u00ed licenc\u00ed k rozhlasov\u00e9mu<br \/>\nvys\u00edl\u00e1n\u00ed prost\u0159ednictv\u00edm vys\u00edla\u010d\u016f a souhlas\u00ed s navr\u017een\u00fdm postupem.<br \/>\n&#8211; Rada se sezn\u00e1mila se seznamem transforma\u010dn\u00edch licenc\u00ed a s informac\u00ed o mo\u017en\u00e9m n\u00e1sledn\u00e9m<br \/>\npostupu.<br \/>\nTELEVIZN\u00cd VYS\u00cdL\u00c1N\u00cd<br \/>\n&#8211; Rada podle ustanoven\u00ed \u00a7 63 odst. 2 p\u00edsm. a) z\u00e1kona \u010d. 231\/2001 Sb., odn\u00edm\u00e1 provozovateli<br \/>\nM\u011bsto Horn\u00ed Slavkov, I\u010c 002 59 322, se s\u00eddlem Dlouh\u00e1 634, 35731 Horn\u00ed Slavkov, licenci \u010d.j.<br \/>\nRRTV\/5991\/2021-zem, spis. zn.: 2021\/250\/zem, ze dne 4. kv\u011btna 2021, k provozov\u00e1n\u00ed m\u00edstn\u00edho<br \/>\ntelevizn\u00edho vys\u00edl\u00e1n\u00ed programu TV Horn\u00ed Slavkov \u0161\u00ed\u0159en\u00e9ho prost\u0159ednictv\u00edm kabelov\u00fdch syst\u00e9m\u016f,<br \/>\nnebo\u0165 provozovatel nezah\u00e1jil televizn\u00ed vys\u00edl\u00e1n\u00ed programu TV Horn\u00ed Slavkov po nabyt\u00ed pr\u00e1vn\u00ed moci<br \/>\nrozhodnut\u00ed o ud\u011blen\u00ed licence dne 17. kv\u011btna 2021, ve lh\u016ft\u011b do 360 dn\u016f u televizn\u00edho vys\u00edl\u00e1n\u00ed,<br \/>\ntj. nejpozd\u011bji do 12. kv\u011btna 2022.<br \/>\n&#8211; Rada ukl\u00e1d\u00e1 \u00fa\u010dastn\u00edkovi \u0159\u00edzen\u00ed M\u011bsto Horn\u00ed Slavkov, I\u010c 002 59 322, se s\u00eddlem Dlouh\u00e1 634,<br \/>\n35731 Horn\u00ed Slavkov, podle ustanoven\u00ed \u00a7 79 odst. 5 z\u00e1kona \u010d. 500\/2004 Sb., povinnost uhradit<br \/>\nn\u00e1hradu n\u00e1klad\u016f \u0159\u00edzen\u00ed, kter\u00e9 vyvolal \u00fa\u010dastn\u00edk poru\u0161en\u00edm sv\u00e9 pr\u00e1vn\u00ed povinnosti, a to pau\u0161\u00e1ln\u00ed<br \/>\n\u010d\u00e1stkou, kter\u00e1 podle ustanoven\u00ed \u00a7 6 odst. 1 vyhl\u00e1\u0161ky \u010d. 520\/2005 Sb., \u010din\u00ed 1 000,- K\u010d. Tuto \u010d\u00e1stku<br \/>\nje \u00fa\u010dastn\u00edk povinen uhradit do p\u011bti pracovn\u00edch dn\u016f od doru\u010den\u00ed tohoto rozhodnut\u00ed na \u00fa\u010det \u010d. 3711-<br \/>\n19223001\/0710, variabiln\u00ed symbol 20220699.<br \/>\n&#8211; Rada se sezn\u00e1mila s pod\u00e1n\u00edm vysv\u011btlen\u00ed provozovatele HBO Europe s.r.o., I\u010c 61466786,<br \/>\ns\u00eddlem Jankovcova 1037\/49, Praha 7, PS\u010c 170 00, ze dne 20. z\u00e1\u0159\u00ed 2022, \u010d.j. RRTV\/11167\/2022<\/p>\n<p>vra, ve v\u011bci zastaven\u00ed vys\u00edl\u00e1n\u00ed programu Cartoon Network RSE \u0161\u00ed\u0159en\u00e9ho prost\u0159ednictv\u00edm<br \/>\nzvl\u00e1\u0161tn\u00edch p\u0159enosov\u00fdch syst\u00e9m\u016f na \u00fazem\u00ed Ruska dne 9. b\u0159ezna 2022.<br \/>\n&#8211; Rada ud\u011bluje provozovateli HBO Europe s.r.o., I\u010c 61466786, s\u00eddlem Jankovcova 1037\/49,<br \/>\nPraha 7, PS\u010c 170 00, souhlas podle \u00a7 21 odst. 1 p\u00edsm. d) z\u00e1kona \u010d. 231\/2001 Sb., se zm\u011bnou<br \/>\nskute\u010dnost\u00ed uveden\u00fdch v \u017e\u00e1dosti o licenci, \u010d.j. RRTV\/15563\/2020-rap, spis. zn.:<br \/>\nRRTV\/2020\/774\/rap, ze dne 18. listopadu 2020, k provozov\u00e1n\u00ed televizn\u00edho vys\u00edl\u00e1n\u00ed programu<br \/>\nCartoon Network RSE \u0161\u00ed\u0159en\u00e9ho prost\u0159ednictv\u00edm zvl\u00e1\u0161tn\u00edch p\u0159enosov\u00fdch syst\u00e9m\u016f, spo\u010d\u00edvaj\u00edc\u00ed v<br \/>\nz\u00fa\u017een\u00ed v\u00fd\u010dt\u016f st\u00e1t\u016f, na jejich\u017e \u00fazem\u00ed m\u00e1 b\u00fdt vys\u00edl\u00e1n\u00ed programu Cartoon Network RSE zcela nebo<br \/>\np\u0159ev\u00e1\u017en\u011b sm\u011b\u0159ov\u00e1no, a to o Rusko, v rozsahu \u017e\u00e1dosti ze dne 20. z\u00e1\u0159\u00ed 2022, \u010d.j. RRTV\/11167\/2022-<br \/>\nvra.<br \/>\n&#8211; Rada ud\u011bluje provozovateli HBO Europe s.r.o., I\u010c 61466786, s\u00eddlem Jankovcova 1037\/49,<br \/>\nPraha 7, PS\u010c 170 00, souhlas podle \u00a7 21 odst. 1 p\u00edsm. d) z\u00e1kona \u010d. 231\/2001 Sb., se zm\u011bnou<br \/>\nskute\u010dnost\u00ed uveden\u00fdch v \u017e\u00e1dosti o licenci, \u010d.j. RRTV\/15465\/2020-zem, spis. zn.:<br \/>\nRRTV\/2020\/754\/zem, ze dne 10. listopadu 2020, k provozov\u00e1n\u00ed televizn\u00edho vys\u00edl\u00e1n\u00ed programu<br \/>\nBoomerang Benelux CEE GAS \u0161\u00ed\u0159en\u00e9ho prost\u0159ednictv\u00edm zvl\u00e1\u0161tn\u00edch p\u0159enosov\u00fdch syst\u00e9m\u016f,<br \/>\nspo\u010d\u00edvaj\u00edc\u00ed v z\u00fa\u017een\u00ed v\u00fd\u010dt\u016f st\u00e1t\u016f, na jejich\u017e \u00fazem\u00ed m\u00e1 b\u00fdt vys\u00edl\u00e1n\u00ed programu Boomerang Benelux<br \/>\nCEE GAS zcela nebo p\u0159ev\u00e1\u017en\u011b sm\u011b\u0159ov\u00e1no, a to o Rusko, v rozsahu \u017e\u00e1dosti ze dne 20. z\u00e1\u0159\u00ed 2022,<br \/>\n\u010d.j. RRTV\/11167\/2022-vra.<br \/>\n&#8211; Rada ud\u011bluje provozovateli, spole\u010dnosti 4 M Ro\u017enov spol. s.r.o., I\u010c 451 95 579, se s\u00eddlem<br \/>\nVide\u010dsk\u00e1 473, 756 61 Ro\u017enov pod Radho\u0161t\u011bm, souhlas se zm\u011bnou skute\u010dnost\u00ed uveden\u00fdch v<br \/>\n\u017e\u00e1dosti o licenci, \u010d. j.: Ru\/189\/02\/2109, ze dne 9. \u010dervence 2002, ve zn\u011bn\u00ed pozd\u011bj\u0161\u00edch zm\u011bn,<br \/>\nprodlou\u017een\u00e9 rozhodnut\u00edm ze dne 19. b\u0159ezna 2013 (na\u0161e \u010d.j.: zem\/1318\/2013, sp. zn.:<br \/>\n2013\/101\/zem\/4 M), podle \u00a7 21 odst. 1 p\u00edsm. c) a d) z\u00e1kona \u010d. 231\/2001 Sb., spo\u010d\u00edvaj\u00edc\u00ed ve zm\u011bn\u011b:<br \/>\n1. zm\u011bna \u00fazemn\u00edho rozsahu vys\u00edl\u00e1n\u00ed u kabelov\u00fdch syst\u00e9m\u016f tak, aby z licence byl odebr\u00e1n program<br \/>\nINFO Vset\u00edn, okr. Vset\u00edn (786764) a p\u0159id\u00e1n program INFO Mo\u0159kov, okr. Nov\u00fd Ji\u010d\u00edn, kraj:<br \/>\nMoravskoslezsk\u00fd (699331) a 2. zm\u011bna licen\u010dn\u00edch podm\u00ednek tak, \u017ee se prodlou\u017e\u00ed d\u00e9lka vys\u00edl\u00e1n\u00ed<br \/>\nINFO kan\u00e1l\u016f z p\u016fvodn\u00edch 3 min a\u017e 180 min na 3 min a\u017e 240 min, dle \u017e\u00e1dosti ze dne 13. z\u00e1\u0159\u00ed 2022,<br \/>\n\u010d. j.: RRTV\/10835\/2022-vra.<br \/>\n&#8211; Rada se dle ustanoven\u00ed \u00a7 29 odst. 3 z\u00e1kona \u010d. 231\/2001 Sb., sezn\u00e1mila s ozn\u00e1men\u00edm<br \/>\nprovozovatele Prague Digital TV s.r.o., I\u010c 289 91 800, se s\u00eddlem Ortenovo n\u00e1m\u011bst\u00ed 1571\/15a,<br \/>\nHole\u0161ovice, 170 00 Praha 7, o zm\u011bn\u011b skute\u010dnost\u00ed uveden\u00fdch v p\u0159ihl\u00e1\u0161ce k registraci p\u0159evzat\u00e9ho<br \/>\nvys\u00edl\u00e1n\u00ed \u0161\u00ed\u0159en\u00e9ho prost\u0159ednictv\u00edm vys\u00edla\u010d\u016f, registrace \u010d.j.: sve\/4200\/2012, sp. zn.:<br \/>\n2012\/767\/sve\/adm, ze dne 30. \u0159\u00edjna 2012, spo\u010d\u00edvaj\u00edc\u00edm ve zm\u011bn\u011b programov\u00e9 nab\u00eddky,<br \/>\nv Region\u00e1ln\u00ed s\u00edti 4 vys\u00edlaj\u00edc\u00ed na kan\u00e1le 46 v Praze a okol\u00ed ke dni 1. \u0159\u00edjna 2022, a to s ukon\u010den\u00edm<br \/>\nvys\u00edl\u00e1n\u00ed a vy\u0159azen\u00ed z programov\u00e9 nab\u00eddky televizn\u00edch program\u016f: a) \u010desk\u00fdch: AMC CHANNEL,<br \/>\nCS film, JOJ Cinema, Film+, Nova sport 1, Nova sport 2, Minimax, LEO TV; b) zahrani\u010dn\u00edch: Disney<br \/>\nChannel, Viasat Nature, Viasat History, National Geographic, National Geographic Wild. Z nab\u00eddky<br \/>\nvoln\u011b (FTA) \u0161\u00ed\u0159en\u00fdch program\u016f je nad\u00e1le vys\u00edl\u00e1n program Praha TV, dle ozn\u00e1men\u00ed ze dne 3. \u0159\u00edjna<br \/>\n2022, \u010d.j.: RRTV\/11515\/2022-vra.<br \/>\n&#8211; Rada se sezn\u00e1mila s n\u00e1sleduj\u00edc\u00edmi pod\u00e1n\u00edmi k obsahu televizn\u00edch program\u016f doru\u010den\u00fdmi od<br \/>\n20. z\u00e1\u0159\u00ed do 5. \u0159\u00edjna 2022: HBO Europe s.r.o. \/ HBO Max Hungary &#8211; The White Lotus (4\/2021);<br \/>\nPOLAR televize Ostrava, s.r.o. \/ POLAR &#8211; objektivita a vyv\u00e1\u017eenost p\u0159edvolebn\u00edho vys\u00edl\u00e1n\u00ed<br \/>\n(2 pod\u00e1n\u00ed); \u010cesk\u00e1 televize \/ \u010cT1 &#8211; Pozad\u00ed ud\u00e1lost\u00ed (3), 25. 9. 2022 od 20:12 hod, P\u0159\u00edpady<br \/>\n1. odd\u011blen\u00ed III (4), 26. 9. 2022 od 20:13 hod; TV Nova s.r.o. \/ Nova Cinema &#8211; Okresn\u00ed p\u0159ebor:<br \/>\nPosledn\u00ed z\u00e1pas Pepika Hn\u00e1tka, 29. 9. 2022 od 20:06 hod; Barrandov Televizn\u00ed Studio a.s. \/<br \/>\nTelevize Barrandov, KINO BARRANDOV, BARRANDOV KRIMI &#8211; podm\u00ednky licence (3 pod\u00e1n\u00ed);<br \/>\n\u010cesk\u00e1 televize \/ \u010cT24 &#8211; P\u0159edvolebn\u00ed debata z Prahy, 16. 9. 2022 od 20:08 hod; TV Nova s.r.o. \/<br \/>\nNova Cinema &#8211; P\u0159\u00edb\u011bh kmotra, 6. 7. 2022 od 20:06; \u010cesk\u00e1 televize \/ \u010cT1, \u010cT24 &#8211; Superdebata o<br \/>\nvztahu celost\u00e1tn\u00ed a komun\u00e1ln\u00ed politiky, 22. 9. 2022 od 20:05 hod; FTV Prima, spol. s r.o. \/ CNN<br \/>\n5<br \/>\nPrima News &#8211; Volby 2022: \u010cesko vol\u00ed!, 24. 9. 2022 od 11:00 hod (2 pod\u00e1n\u00ed); FTV Prima, spol. s<br \/>\nr.o. \/ CNN Prima News, Prima &#8211; Partie Terezie Tom\u00e1nkov\u00e9, 25. 9. 2022 od 11:49 hod; \u010cesk\u00e1<br \/>\ntelevize \/ \u010cT1 &#8211; \u010cetnick\u00e9 humoresky, 7. 9. 2022 od 20:14 hod, 14. 9. 2022 od 20:14 hod, 21. 9.<br \/>\n2022 od 20:13 hod; \u010cesk\u00e1 televize \/ \u010cT24 &#8211; Ot\u00e1zky V\u00e1clava Moravce, 18. 9. 2022 od 13:05 hod;<br \/>\n\u010cesk\u00e1 televize \/ \u010cT1 &#8211; Report\u00e9\u0159i \u010cT &#8211; absence informac\u00ed o elektr\u00e1rn\u011b Adularya; \u010cesk\u00e1 televize \/<br \/>\n\u010cT1 &#8211; M\u00e1te slovo s M. J\u00edlkovou, 29. 9. 2022 od 21:39 hod; \u010cesk\u00e1 televize \/ \u010cT1 &#8211; spot Datov\u00e9<br \/>\nschr\u00e1nky, 2. 10. 2022 od 11:03 hod; FTV Prima, spol. s r.o. \/ Prima KRIMI &#8211; Policajt nebo spratek<br \/>\n(4), 2. 10. 2022 od 15:32 hod; Televizn\u00ed reklama na Hornbach; Aktivita moder\u00e1tora CNN Prima<br \/>\nNews na soci\u00e1ln\u00edch s\u00edt\u00edch; FILM EUROPE, s.r.o. \/ Film Europe + &#8211; Dead Snow: Rud\u00fd vs. Mrtv\u00fd,<br \/>\n2. 10. 2022 od 11:05 hod; \u010cesk\u00e1 televize &#8211; objektivita a vyv\u00e1\u017eenost p\u0159edvolebn\u00edho vys\u00edl\u00e1n\u00ed.<br \/>\n&#8211; Rada vyz\u00fdv\u00e1 poskytovatele HBO Europe s.r.o., I\u010c 61466786, s\u00eddlem Jankovcova 1037\/49,<br \/>\nPraha 7, PS\u010c 170 00, jako\u017eto poskytovatele audiovizu\u00e1ln\u00ed medi\u00e1ln\u00ed slu\u017eby na vy\u017e\u00e1d\u00e1n\u00ed HBO Max<br \/>\nHungary, um\u00edst\u011bn\u00e9 na internetov\u00e9 adrese www.hbomax.cz, k dodr\u017eov\u00e1n\u00ed p\u0159\u00edsn\u011bj\u0161\u00edch pravidel<br \/>\nobecn\u00e9ho ve\u0159ejn\u00e9ho z\u00e1jmu formulovan\u00fdch pr\u00e1vn\u00edm \u0159\u00e1dem Ma\u010farska, konkr\u00e9tn\u011b ve v\u011bci<br \/>\nza\u0159azov\u00e1n\u00ed po\u0159ad\u016f v souladu s ma\u010farsk\u00fdmi pravidly pro v\u011bkovou klasifikaci, a to v souvislosti s<br \/>\nuve\u0159ejn\u011bn\u00edm po\u0159adu The White Lotus (4\/2021), kter\u00fd dle ma\u010farsk\u00fdch pravidel v\u011bkov\u00e9 klasifikace<br \/>\nspad\u00e1 do kategorie V (po\u0159ady, kter\u00e9 nejsou doporu\u010deny ke zhl\u00e9dnut\u00ed u\u017eivatel\u016fm mlad\u0161\u00edm 18 let).<br \/>\n&#8211; Rada v r\u00e1mci sv\u00e9 kompetence dan\u00e9 \u00a7 5 p\u00edsm. a) z\u00e1kona \u010d. 231\/2001 Sb., o provozov\u00e1n\u00ed<br \/>\nrozhlasov\u00e9ho a televizn\u00edho vys\u00edl\u00e1n\u00ed a o zm\u011bn\u011b dal\u0161\u00edch z\u00e1kon\u016f, v platn\u00e9m zn\u011bn\u00ed (d\u00e1le jen \u201ez\u00e1kon<br \/>\n\u010d. 231\/2001 Sb.\u201c) a v souladu s ustanoven\u00edm \u00a7 137 odst. 1 z\u00e1kona \u010d. 500\/2004 Sb., spr\u00e1vn\u00ed \u0159\u00e1d,<br \/>\n(d\u00e1le jen \u201ez\u00e1kon \u010d. 500\/2004 Sb.\u201c) \u017e\u00e1d\u00e1 provozovatele vys\u00edl\u00e1n\u00ed POLAR televize Ostrava, s.r.o., I\u010c:<br \/>\n25859838, s\u00eddlem: Boleslavova 710\/19, Ostrava, PS\u010c 709 00, o pod\u00e1n\u00ed vysv\u011btlen\u00ed k po\u0159adu<br \/>\nVolebn\u00ed studio 2022, kter\u00fd byl vys\u00edl\u00e1n na programu POLAR od 14. do 22. z\u00e1\u0159\u00ed 2022, 1) z jak\u00e9ho<br \/>\nd\u016fvodu se po\u0159adu \u00fa\u010dastnil omezen\u00fd po\u010det subjekt\u016f kandiduj\u00edc\u00edch v komun\u00e1ln\u00edch volb\u00e1ch,<br \/>\nkonkr\u00e9tn\u011b v T\u0159inci pouze \u010dty\u0159i ze sedmi subjekt\u016f, v Karvin\u00e9 pouze p\u011bt ze sedmi subjekt\u016f, a jak byly<br \/>\nstanoveny podm\u00ednky pro jejich \u00fa\u010dast, 2) jak\u00e9 byly z\u00e1kladn\u00ed parametry v\u00fdzkumu volebn\u00edch<br \/>\npreferenc\u00ed ve m\u011bstech, ze kter\u00fdch byl po\u0159ad vys\u00edl\u00e1n, a jeho\u017e autorem je agentura Datamar<br \/>\nInternational. Rada stanovuje lh\u016ftu k pod\u00e1n\u00ed vysv\u011btlen\u00ed 30 dn\u00ed ode dne doru\u010den\u00ed t\u00e9to v\u00fdzvy.<br \/>\n&#8211; Rada v r\u00e1mci sv\u00e9 kompetence dan\u00e9 \u00a7 5 p\u00edsm. a) a f) z\u00e1kona \u010d. 231\/2001 Sb., o provozov\u00e1n\u00ed<br \/>\nrozhlasov\u00e9ho a televizn\u00edho vys\u00edl\u00e1n\u00ed a o zm\u011bn\u011b dal\u0161\u00edch z\u00e1kon\u016f, v platn\u00e9m zn\u011bn\u00ed (d\u00e1le jen \u201ez\u00e1kon<br \/>\n\u010d. 231\/2001 Sb.\u201c) a v souladu s ustanoven\u00edm \u00a7 137 odst. 1 z\u00e1kona \u010d. 500\/2004 Sb., spr\u00e1vn\u00ed \u0159\u00e1d,<br \/>\n(d\u00e1le jen \u201ez\u00e1kon \u010d. 500\/2004 Sb.\u201c) \u017e\u00e1d\u00e1 provozovatele Barrandov Televizn\u00ed Studio a.s., I\u010c<br \/>\n41693311, s\u00eddlem K\u0159\u00ed\u017eeneck\u00e9ho n\u00e1m\u011bst\u00ed 322\/5, Praha 5, PS\u010c 152 00, o pod\u00e1n\u00ed vysv\u011btlen\u00ed, jak\u00fdmi<br \/>\nkonkr\u00e9tn\u00edmi po\u0159ady naplnil v t\u00fddnu od 26. 9. do 2. 10. 2022 ve vys\u00edl\u00e1n\u00ed programu KINO<br \/>\nBARRANDOV licen\u010dn\u00ed podm\u00ednky, respektive jak\u00fdmi po\u0159ady odvys\u00edlan\u00fdmi v tomto obdob\u00ed na<br \/>\nprogramu KINO BARRANDOV naplnil podm\u00ednku licence vys\u00edlat premi\u00e9ry a repr\u00edzy p\u0159ev\u00e1\u017en\u011b film\u016f<br \/>\na seri\u00e1l\u016f, zejm\u00e9na zahrani\u010dn\u00ed provenience r\u016fzn\u00e9ho \u017e\u00e1nrov\u00e9ho zam\u011b\u0159en\u00ed, nap\u0159. romantick\u00fdch,<br \/>\nhistorick\u00fdch, rodinn\u00fdch, d\u00e1le i thriller\u016f a krimifilm\u016f se skute\u010dn\u00fdmi p\u0159\u00edb\u011bhy, sci-fi, filmy katastrofick\u00e9,<br \/>\nwesterny a v\u00e1le\u010dn\u00e9, komedie a dramata, v no\u010dn\u00edch hodin\u00e1ch erotick\u00e9 po\u0159ady a horory, a jak\u00fdmi<br \/>\npo\u0159ady v tomto obdob\u00ed naplnil z\u00e1kladn\u00ed programovou specifikaci, kter\u00e1 zakotvuje, \u017ee jde o program<br \/>\ntematicky zam\u011b\u0159en\u00fd p\u0159ev\u00e1\u017en\u011b na akvizi\u010dn\u00ed filmovou a seri\u00e1lovou tvorbu. Rada stanovuje lh\u016ftu k<br \/>\npod\u00e1n\u00ed vysv\u011btlen\u00ed 30 dn\u00ed ode dne doru\u010den\u00ed t\u00e9to v\u00fdzvy.<br \/>\n&#8211; Rada se sezn\u00e1mila s monitoringem obsahu vys\u00edl\u00e1n\u00ed programu \u010cT \ud83d\ude00 a \u010cT art provozovatele<br \/>\n\u010cesk\u00e1 televize ze dne 2. z\u00e1\u0159\u00ed 2022 v \u00faseku 12:00-24:00 hodin.<br \/>\n&#8211; Rada se sezn\u00e1mila s anal\u00fdzou kontinu\u00e1ln\u00edho \u00faseku vys\u00edl\u00e1n\u00ed programu Prima love provozovatele<br \/>\nFTV Prima, spol. s r.o. ze dne 8. z\u00e1\u0159\u00ed 2022, \u010dasov\u00e9ho \u00faseku 10.00 &#8211; 22.00 hodin.<br \/>\n&#8211; Rada se sezn\u00e1mila s anal\u00fdzou programu Rebel provozovatele Digital Broadcasting s.r.o. ze dne<br \/>\n22. z\u00e1\u0159\u00ed 2022, \u010dasov\u00e9ho \u00faseku 10:00 &#8211; 22:00 hodin<\/p>\n<p>&#8211; Rada se sezn\u00e1mila s anal\u00fdzou z\u00e1znamu vys\u00edl\u00e1n\u00ed programu UP NETWORK provozovatele EFB<br \/>\nNETWORK s.r.o., ze dne 15. srpna 2022 od 10:00 do 22:00 hod.<br \/>\n&#8211; Rada se sezn\u00e1mila s anal\u00fdzou kontinu\u00e1ln\u00edho \u00faseku vys\u00edl\u00e1n\u00ed programu VIDEO JS\u2013\u00da\u010dko<br \/>\nprovozovatele Ji\u0159\u00edho St\u0159edy ze dne 28.-29. \u010dervna 2022.<br \/>\n&#8211; Rada se sezn\u00e1mila s anal\u00fdzou z\u00e1znamu vys\u00edl\u00e1n\u00ed programu \u00dasteck\u00e1 TV provozovatele \u00dasteck\u00e1<br \/>\nm\u00e9dia s.r.o. ze dne 19. z\u00e1\u0159\u00ed 2022 od 10:00 do 22:00 hod.<br \/>\n&#8211; Rada v r\u00e1mci sv\u00e9 p\u016fsobnosti dan\u00e9 ustanoven\u00edm \u00a7 5 p\u00edsm. a) z\u00e1kona \u010d. 231\/2001 Sb., o<br \/>\nprovozov\u00e1n\u00ed rozhlasov\u00e9ho a televizn\u00edho vys\u00edl\u00e1n\u00ed a o zm\u011bn\u011b dal\u0161\u00edch z\u00e1kon\u016f (d\u00e1le jen z\u00e1kon<br \/>\n\u010d. 231\/2001 Sb.), v platn\u00e9m zn\u011bn\u00ed, a v souladu s ustanoven\u00edm \u00a7 137 odst. 1 z\u00e1kona \u010d. 500\/2004<br \/>\nSb., spr\u00e1vn\u00ed \u0159\u00e1d (d\u00e1le jen \u201ez\u00e1kon \u010d. 500\/2004 Sb.\u201c) \u017e\u00e1d\u00e1 provozovatele \u00dasteck\u00e1 m\u00e9dia s.r.o., I\u010c<br \/>\n07083858, se s\u00eddlem Praha 5 &#8211; Ko\u0161\u00ed\u0159e, Na Pomez\u00ed 1333\/38, PS\u010c 150 00, o pod\u00e1n\u00ed vysv\u011btlen\u00ed,<br \/>\njak\u00fdm zp\u016fsobem napl\u0148uje ustanoven\u00ed \u00a7 32 odst. 9 z\u00e1kona \u010d. 231\/2001 Sb., kdy\u017e informace o<br \/>\nprovozovateli programu \u00dasteck\u00e1 TV ani o org\u00e1nu dozoru nad jeho vys\u00edl\u00e1n\u00edm nelze dohledat. Rada<br \/>\nstanovuje lh\u016ftu k pod\u00e1n\u00ed vysv\u011btlen\u00ed 30 dn\u00ed ode dne doru\u010den\u00ed t\u00e9to v\u00fdzvy.<br \/>\n&#8211; Rada v r\u00e1mci sv\u00e9 p\u016fsobnosti dan\u00e9 ustanoven\u00edm \u00a7 5 p\u00edsm. a) a f) a \u00a7 59 odst. 1-3 z\u00e1kona \u010d.<br \/>\n231\/2001 Sb., o provozov\u00e1n\u00ed rozhlasov\u00e9ho a televizn\u00edho vys\u00edl\u00e1n\u00ed a o zm\u011bn\u011b dal\u0161\u00edch z\u00e1kon\u016f (d\u00e1le<br \/>\njen z\u00e1kon \u010d. 231\/2001 Sb.), v platn\u00e9m zn\u011bn\u00ed, upozor\u0148uje provozovatele \u00dasteck\u00e1 m\u00e9dia s.r.o., I\u010c<br \/>\n07083858, se s\u00eddlem Praha 5 &#8211; Ko\u0161\u00ed\u0159e, Na Pomez\u00ed 1333\/38, PS\u010c 150 00, na poru\u0161en\u00ed ustanoven\u00ed<br \/>\n\u00a7 32 odst. 1 p\u00edsm. s), kter\u00e9ho se dopustil t\u00edm, \u017ee Rad\u011b neozn\u00e1mil zah\u00e1jen\u00ed vys\u00edl\u00e1n\u00ed programu<br \/>\n\u00dasteck\u00e1 TV. Rada stanovuje lh\u016ftu k n\u00e1prav\u011b 7 dn\u00ed ode dne doru\u010den\u00ed upozorn\u011bn\u00ed.<br \/>\n&#8211; Rada v r\u00e1mci sv\u00e9 p\u016fsobnosti dan\u00e9 ustanoven\u00edm \u00a7 5 p\u00edsm. a) z\u00e1kona \u010d. 231\/2001 Sb., o<br \/>\nprovozov\u00e1n\u00ed rozhlasov\u00e9ho a televizn\u00edho vys\u00edl\u00e1n\u00ed a o zm\u011bn\u011b dal\u0161\u00edch z\u00e1kon\u016f (d\u00e1le jen z\u00e1kon<br \/>\n\u010d. 231\/2001 Sb.), v platn\u00e9m zn\u011bn\u00ed, a v souladu s ustanoven\u00edm \u00a7 137 odst. 1 z\u00e1kona \u010d. 500\/2004<br \/>\nSb., spr\u00e1vn\u00ed \u0159\u00e1d (d\u00e1le jen \u201ez\u00e1kon \u010d. 500\/2004 Sb.\u201c) \u017e\u00e1d\u00e1 provozovatele \u00dasteck\u00e1 m\u00e9dia s.r.o., I\u010c<br \/>\n07083858, se s\u00eddlem Praha 5 &#8211; Ko\u0161\u00ed\u0159e, Na Pomez\u00ed 1333\/38, PS\u010c 150 00, o pod\u00e1n\u00ed vysv\u011btlen\u00ed, z<br \/>\njak\u00e9ho d\u016fvodu vys\u00edl\u00e1 na programu \u00dasteck\u00e1 TV smy\u010dku p\u016flhodinov\u00e9 d\u00e9lky, kdy\u017e v licen\u010dn\u00edch<br \/>\npodm\u00ednk\u00e1ch uv\u00e1d\u00ed d\u00e9lku vys\u00edlac\u00edho bloku 302 &#8211; 240 minut, resp. zda se jedn\u00e1 v licen\u010dn\u00edch<br \/>\npodm\u00ednk\u00e1ch o spr\u00e1vn\u011b uveden\u00fd \u00fadaj. Rada stanovuje lh\u016ftu k pod\u00e1n\u00ed vysv\u011btlen\u00ed 30 dn\u00ed ode dne<br \/>\ndoru\u010den\u00ed t\u00e9to v\u00fdzvy.<br \/>\n&#8211; Rada se sezn\u00e1mila s v\u00fdsledky systematick\u00e9ho monitoringu hlasitosti obchodn\u00edch sd\u011blen\u00ed na<br \/>\nprogramu Nova Lady provozovatele TV Nova s.r.o. ze dne 25. z\u00e1\u0159\u00ed 2022, 19:00 &#8211; 21:00 hodin.<br \/>\n&#8211; Rada se sezn\u00e1mila s podan\u00fdm vysv\u011btlen\u00edm provozovatele ViacomCBS Networks International<br \/>\nCzech s.r.o. k odvys\u00edl\u00e1n\u00ed po\u0159adu Kabaret na zywo na programu Polsat Comedy Central Extra dne<br \/>\n25. kv\u011btna 2022 od 10:35 hodin, pro\u010d po prvn\u00edm p\u0159eru\u0161en\u00ed tohoto po\u0159adu nebylo za\u0159azeno<br \/>\nupozorn\u011bn\u00ed informuj\u00edc\u00ed o um\u00edst\u011bn\u00ed produktu, kdy\u017e na za\u010d\u00e1tku, na konci a po dal\u0161\u00edch p\u0159eru\u0161en\u00edch<br \/>\npo\u0159adu takov\u00e9 upozorn\u011bn\u00ed bylo uvedeno.<br \/>\n&#8211; Rada se sezn\u00e1mila s podan\u00fdm vysv\u011btlen\u00edm provozovatele ViacomCBS Networks International<br \/>\nCzech s.r.o., jak\u00fdm zp\u016fsobem div\u00e1k\u016fm programu Polsat Comedy Central Extra umo\u017e\u0148uje snadn\u00fd,<br \/>\np\u0159\u00edm\u00fd a trval\u00fd p\u0159\u00edstup k informac\u00edm dle \u00a7 32 odst. 7 p\u00edsm. a) &#8211; c) z\u00e1kona \u010d. 231\/2001 Sb.<br \/>\n&#8211; Rada se sezn\u00e1mila s podan\u00fdm vysv\u011btlen\u00edm provozovatele \u010cesk\u00e1 televize k po\u0159adu Po trailech<br \/>\np\u0159es hory, odvys\u00edlan\u00e9mu dne 19. \u010dervence 2022 od 7:46 hodin na programu \u010cT sport: na z\u00e1klad\u011b<br \/>\njak\u00fdch smluvn\u00edch ujedn\u00e1n\u00ed byla do po\u0159adu za\u0159azena obrazov\u00e1 a slovn\u00ed prezentace produkt\u016f<br \/>\nCyklostar extra carbon, my\u010dka K 2 Power Control s poradcem v mobiln\u00ed aplikaci K\u00e4rcher<br \/>\nHome &amp; Garden, a sv\u011btlo Lux 850 od firmy Specialized Bicycles, prezentovan\u00e9 i n\u00e1pisem na triku<br \/>\njednoho z akt\u00e9r\u016f report\u00e1\u017ee.<br \/>\n&#8211; Rada coby \u00fast\u0159edn\u00ed spr\u00e1vn\u00ed \u00fa\u0159ad v r\u00e1mci sv\u00e9 kompetence dan\u00e9 ustanoven\u00edm \u00a7 5 p\u00edsm. a)<br \/>\nz\u00e1kona \u010d. 231\/2001 Sb., o provozov\u00e1n\u00ed rozhlasov\u00e9ho a televizn\u00edho vys\u00edl\u00e1n\u00ed a o zm\u011bn\u011b dal\u0161\u00edch<br \/>\nz\u00e1kon\u016f (d\u00e1le jen \u201ez\u00e1kon \u010d. 231\/2001 Sb.\u201c), rozhodla v souladu s ustanoven\u00edm \u00a7 76 odst. 1 p\u00edsm. a)<br \/>\n7<br \/>\nz\u00e1kona \u010d. 250\/2016 Sb., o odpov\u011bdnosti za p\u0159estupky a \u0159\u00edzen\u00ed o nich, v platn\u00e9m zn\u011bn\u00ed, ve v\u011bci<br \/>\nmo\u017en\u00e9ho p\u0159estupku sp\u00e1chan\u00e9ho odvys\u00edl\u00e1n\u00edm po\u0159adu Po trailech p\u0159es hory 19. \u010dervence 2022 od<br \/>\n7:46 hodin na programu \u010cT sport, \u017ee v\u011bc odkl\u00e1d\u00e1.<br \/>\n&#8211; Rada se sezn\u00e1mila s podan\u00fdm vysv\u011btlen\u00edm provozovatele Barrandov Televizn\u00ed Studio a.s., I\u010c<br \/>\n41693311, s\u00eddlem K\u0159\u00ed\u017eeneck\u00e9ho n\u00e1m\u011bst\u00ed 322\/5, Praha 5, PS\u010c 152 00, jak\u00fdmi konkr\u00e9tn\u00edmi po\u0159ady<br \/>\nnaplnil v t\u00fddnu od 18. do 24. 7. 2022 ve vys\u00edl\u00e1n\u00ed program\u016f Televize Barrandov a BARRANDOV<br \/>\nKRIMI licen\u010dn\u00ed podm\u00ednky, respektive jak\u00fdmi po\u0159ady odvys\u00edlan\u00fdmi v tomto obdob\u00ed na programu<br \/>\nTelevize Barrandov naplnil podm\u00ednku licence vys\u00edlat v r\u00e1mci vlastn\u00ed tvorby po\u0159ady pro d\u011bti a ml\u00e1de\u017e<br \/>\n(z\u00e1bavn\u011b-vzd\u011bl\u00e1vac\u00ed po\u0159ady) v rann\u00edm vys\u00edlac\u00edm \u010dase a v r\u00e1mci akvizi\u010dn\u00edch po\u0159ad\u016f vys\u00edlat po\u0159ady<br \/>\npro d\u011bti a ml\u00e1de\u017e &#8211; bloky animovan\u00fdch po\u0159ad\u016f p\u0159edn\u00edch distributor\u016f v rann\u00edm a podve\u010dern\u00edm<br \/>\nvys\u00edlac\u00edm \u010dase; a d\u00e1le jak\u00fdmi po\u0159ady odvys\u00edlan\u00fdmi v tomto obdob\u00ed na programu BARRANDOV<br \/>\nKRIMI naplnil z\u00e1kladn\u00ed programovou specifikaci, kter\u00e1 zakotvuje, \u017ee jde o program se zam\u011b\u0159en\u00edm<br \/>\nna po\u0159ady pro d\u011bti a na dokumenty p\u0159ev\u00e1\u017en\u011b americk\u00e9 provenience pro r\u016fzn\u00e9 v\u011bkov\u00e9 skupiny<br \/>\ndiv\u00e1k\u016f.<br \/>\n&#8211; Rada se sezn\u00e1mila s reakc\u00ed provozovatele ABC TV broadcasting s.r.o., I\u010c: 08073228, s\u00eddlem:<br \/>\nB\u011blehradsk\u00e1 858\/23, Praha 2, PS\u010c 120 00, na ulo\u017een\u00e9 upozorn\u011bn\u00ed na poru\u0161en\u00ed ustanoven\u00ed \u00a7 32<br \/>\nodst. 7 p\u00edsm. a), b) a c) z\u00e1kona \u010d. 231\/2001 Sb., jeho\u017e se dopustil t\u00edm, \u017ee jako\u017eto provozovatel<br \/>\ntelevizn\u00edho programu ABC TV neumo\u017enil div\u00e1k\u016fm minim\u00e1ln\u011b ve dnech 28. a\u017e 30. b\u0159ezna 2022,<br \/>\nv\u017edy od 12:00 do 22:00 hodin, snadn\u00fd, p\u0159\u00edm\u00fd a trval\u00fd p\u0159\u00edstup k z\u00e1kladn\u00edm \u00fadaj\u016fm o provozovateli<br \/>\ntelevizn\u00edho vys\u00edl\u00e1n\u00ed, k \u00fadaj\u016fm, kter\u00e9 umo\u017e\u0148uj\u00ed rychl\u00e9, p\u0159\u00edm\u00e9 a \u00fa\u010dinn\u00e9 nav\u00e1z\u00e1n\u00ed kontaktu s<br \/>\nprovozovatelem televizn\u00edho vys\u00edl\u00e1n\u00ed, a t\u00e9\u017e informaci o tom, \u017ee org\u00e1nem dohledu nad provozov\u00e1n\u00edm<br \/>\ntelevizn\u00edho vys\u00edl\u00e1n\u00ed je Rada.<br \/>\n&#8211; Rada se sezn\u00e1mila s reakc\u00ed provozovatele AMC Networks Central Europe s.r.o., na upozorn\u011bn\u00ed<br \/>\nna poru\u0161en\u00ed z\u00e1kona, kter\u00e9ho se dopustil t\u00edm, \u017ee dne 21. srpna 2022 od 14:30 hodin na programu<br \/>\nFilm+ odvys\u00edlal po\u0159ad Sedm let v Tibetu, kter\u00fd obsahoval vulgarismy a nad\u00e1vky \u201eidiot\u201c (vys\u00edlac\u00ed \u010das<br \/>\n14:37:44 hodin), \u201edr\u017e hubu\u201c (14:45:28), \u201esvin\u011b\u201c (14:51:38, 14:51:38, 14:56:29, 14:56:32) a<br \/>\n\u201ehajzlov\u00e9\u201c (14:56:23, 14:56:24), \u010d\u00edm\u017e poru\u0161il povinnost neza\u0159azovat do program\u016f po\u0159ady a<br \/>\nreklamy, kter\u00e9 obsahuj\u00ed vulgarismy a nad\u00e1vky, krom\u011b um\u011bleck\u00fdch d\u011bl, v nich\u017e je to z hlediska<br \/>\nl\u00ed\u010den\u00e9ho kontextu nutn\u00e9; takov\u00e1 d\u00edla je v\u0161ak mo\u017en\u00e9 vys\u00edlat pouze v dob\u011b od 22:00 do 06:00 hodin<br \/>\ndruh\u00e9ho dne.<br \/>\n&#8211; Rada se sezn\u00e1mila s ozn\u00e1men\u00edm provozovatele FTV Prima, spol. s r.o. o technick\u00e9 z\u00e1vad\u011b ve<br \/>\nvys\u00edl\u00e1n\u00ed programu Prima KRIMI dne 13. z\u00e1\u0159\u00ed 2022 v \u010dasov\u00e9m \u00faseku 06:01:00 a\u017e 06:16:24 hodin.<br \/>\n&#8211; Rada v r\u00e1mci \u0159\u00edzen\u00ed o p\u0159estupku veden\u00e9m pod sp.zn.: RRTV\/2022\/731\/LOJ provedla d\u016fkaz<br \/>\nzhl\u00e9dnut\u00edm z\u00e1znamu po\u0159adu Krimin\u00e1lka Las Vegas IV (2) odvys\u00edlan\u00e9ho dne 9. kv\u011btna 2022 od<br \/>\n15:00 hodin na programu NOVA.<br \/>\nAUDIOVIZU\u00c1LN\u00cd MEDI\u00c1LN\u00cd SLU\u017dBY NA VY\u017d\u00c1D\u00c1N\u00cd<br \/>\n&#8211; Rada v r\u00e1mci sv\u00e9 p\u016fsobnosti podle ustanoven\u00ed \u00a7 4 odst. 2 p\u00edsm. a) a \u00a7 5 odst. 3 z\u00e1kona<br \/>\n\u010d. 132\/2010 Sb., o audiovizu\u00e1ln\u00edch medi\u00e1ln\u00edch slu\u017eb\u00e1ch na vy\u017e\u00e1d\u00e1n\u00ed, a podle ustanoven\u00ed \u00a7 158<br \/>\nodst. 1 z\u00e1kona \u010d. 500\/2004 Sb., spr\u00e1vn\u00edho \u0159\u00e1du, vyd\u00e1v\u00e1 na z\u00e1klad\u011b p\u00edsemn\u00e9ho ozn\u00e1men\u00ed<br \/>\nposkytovatele SupremeXP Enterprise s.r.o., I\u010c 09294121, doru\u010den\u00e9ho Rad\u011b dne 27. z\u00e1\u0159\u00ed 2022,<br \/>\ntoto potvrzen\u00ed: Poskytovatel SupremeXP Enterprise s.r.o., I\u010c 09294121, se s\u00eddlem N\u00e1rodn\u00ed 973\/41,<br \/>\nPraha 1, 110 00, byla dne 18. \u0159\u00edjna 2022 zaps\u00e1na do Evidence poskytovatel\u016f audiovizu\u00e1ln\u00edch<br \/>\nmedi\u00e1ln\u00edch slu\u017eeb na vy\u017e\u00e1d\u00e1n\u00ed ve smyslu ustanoven\u00ed \u00a7 5 z\u00e1kona \u010d. 132\/2010 Sb., o<br \/>\naudiovizu\u00e1ln\u00edch medi\u00e1ln\u00edch slu\u017eb\u00e1ch na vy\u017e\u00e1d\u00e1n\u00ed; audiovizu\u00e1ln\u00ed medi\u00e1ln\u00ed slu\u017eba na vy\u017e\u00e1d\u00e1n\u00ed je<br \/>\nposkytov\u00e1na ode dne 1. z\u00e1\u0159\u00ed 2021 pod n\u00e1zvem SupremeXP, um\u00edst\u011bn\u00e1 na internetov\u00e9 adrese<br \/>\nhttps:\/\/www.supremexp.net\/.<\/p>\n<p>OSTATN\u00cd<br \/>\n&#8211; Rada se sezn\u00e1mila s p\u0159ehledem odpov\u011bd\u00ed poskytnut\u00fdch podle z\u00e1kona \u010d.106\/1999 Sb.<br \/>\nV Praze dne 20. 10. 2022<br \/>\nIng. arch. V\u00e1clav Mencl<br \/>\np\u0159edseda Rady pro rozhlasov\u00e9<br \/>\na televizn\u00ed vys\u00edl\u00e1n\u00ed<br \/>\nkontakt: podatelna@rrtv.cz<br \/>\n274 813 830<\/p>\n<p>&nbsp;<\/p>\n","protected":false},"excerpt":{"rendered":"<p>Rada pro rozhlasov\u00e9 a televizn\u00ed vys\u00edl\u00e1n\u00ed (d\u00e1le jen &#8222;Rada&#8220;) na sv\u00e9m 16. zased\u00e1n\u00ed projednala 35 bod\u016f programu. Vyhodnotila 24 st\u00ed\u017enost\u00ed div\u00e1k\u016f a poslucha\u010d\u016f, vydala \u0161est upozorn\u011bn\u00ed na poru\u0161en\u00ed z\u00e1kona.<\/p>\n","protected":false},"author":9,"featured_media":0,"comment_status":"open","ping_status":"open","sticky":false,"template":"","format":"standard","meta":{"ngg_post_thumbnail":0,"footnotes":""},"categories":[11],"tags":[],"class_list":["post-13013","post","type-post","status-publish","format-standard","hentry","category-ozvena"],"_links":{"self":[{"href":"https:\/\/www.ladislavjakl.cz\/index.php?rest_route=\/wp\/v2\/posts\/13013","targetHints":{"allow":["GET"]}}],"collection":[{"href":"https:\/\/www.ladislavjakl.cz\/index.php?rest_route=\/wp\/v2\/posts"}],"about":[{"href":"https:\/\/www.ladislavjakl.cz\/index.php?rest_route=\/wp\/v2\/types\/post"}],"author":[{"embeddable":true,"href":"https:\/\/www.ladislavjakl.cz\/index.php?rest_route=\/wp\/v2\/users\/9"}],"replies":[{"embeddable":true,"href":"https:\/\/www.ladislavjakl.cz\/index.php?rest_route=%2Fwp%2Fv2%2Fcomments&post=13013"}],"version-history":[{"count":1,"href":"https:\/\/www.ladislavjakl.cz\/index.php?rest_route=\/wp\/v2\/posts\/13013\/revisions"}],"predecessor-version":[{"id":13014,"href":"https:\/\/www.ladislavjakl.cz\/index.php?rest_route=\/wp\/v2\/posts\/13013\/revisions\/13014"}],"wp:attachment":[{"href":"https:\/\/www.ladislavjakl.cz\/index.php?rest_route=%2Fwp%2Fv2%2Fmedia&parent=13013"}],"wp:term":[{"taxonomy":"category","embeddable":true,"href":"https:\/\/www.ladislavjakl.cz\/index.php?rest_route=%2Fwp%2Fv2%2Fcategories&post=13013"},{"taxonomy":"post_tag","embeddable":true,"href":"https:\/\/www.ladislavjakl.cz\/index.php?rest_route=%2Fwp%2Fv2%2Ftags&post=13013"}],"curies":[{"name":"wp","href":"https:\/\/api.w.org\/{rel}","templated":true}]}}