{"id":13020,"date":"2022-10-27T22:12:45","date_gmt":"2022-10-27T20:12:45","guid":{"rendered":"https:\/\/www.ladislavjakl.cz\/?p=13020"},"modified":"2022-10-27T22:12:45","modified_gmt":"2022-10-27T20:12:45","slug":"je-to-valka-levicova-nebo-pravicova","status":"publish","type":"post","link":"https:\/\/www.ladislavjakl.cz\/?p=13020","title":{"rendered":"Je to v\u00e1lka levicov\u00e1, nebo pravicov\u00e1?"},"content":{"rendered":"<p class=\"s4\"><span class=\"s3\"><span class=\"bumpedFont15\">Dnes m\u011b v&nbsp;na\u0161ich m\u00e9di\u00edch zaujal popla\u0161n\u00fd \u010dl\u00e1nek na&nbsp;<\/span><\/span><span class=\"s3\"><span class=\"bumpedFont15\">iDNES<\/span><\/span><span class=\"s3\"><span class=\"bumpedFont15\">&nbsp;o tom, jak se m\u016f\u017ee odrazit v\u00fdsledek americk\u00fdch \u201e<\/span><\/span><span class=\"s3\"><span class=\"bumpedFont15\">mezivoleb<\/span><\/span><span class=\"s3\"><span class=\"bumpedFont15\">\u201c (<\/span><\/span><span class=\"s3\"><span class=\"bumpedFont15\">midterm<\/span><\/span><span class=\"s3\"><span class=\"bumpedFont15\">&nbsp;<\/span><\/span><span class=\"s3\"><span class=\"bumpedFont15\">elections<\/span><\/span><span class=\"s3\"><span class=\"bumpedFont15\">) v&nbsp;m\u00ed\u0159e anga\u017eovanosti USA v&nbsp;konfliktu na Ukrajin\u011b.<\/span><\/span><\/p>\n<p><!--more--><\/p>\n<p class=\"s4\"><span class=\"s3\"><span class=\"bumpedFont15\">To chce ale trochu \u0161ir\u0161\u00ed, mo\u017en\u00e1 i p\u0159ekvapiv\u00fd kontext.&nbsp;<\/span><\/span><span class=\"s3\"><span class=\"bumpedFont15\">Kdy\u017e v&nbsp;letech 1982 a 1983 za\u010daly evropsk\u00e9 st\u00e1ty NATO rozmis\u0165ovat na sv\u00e9m \u00fazem\u00ed jadern\u00e9 nosi\u010de st\u0159edn\u00edho doletu&nbsp;<\/span><\/span><span class=\"s3\"><span class=\"bumpedFont15\">Pershing<\/span><\/span><span class=\"s3\"><span class=\"bumpedFont15\">, vyvolalo to ohromnou vlnu ve\u0159ejn\u00e9 nevole. Des\u00edtky milion\u016f lid\u00ed d\u00e1valy velmi rozho\u0159\u010den\u011b najevo sv\u016fj nesouhlas s&nbsp;t\u00edmto eskala\u010dn\u00edm (jak tomu tehdy \u0159\u00edkaly) krokem a sna\u017eily&nbsp;<\/span><\/span><span class=\"s3\"><span class=\"bumpedFont15\">s<\/span><\/span><span class=\"s3\"><span class=\"bumpedFont15\">e mu&nbsp;<\/span><\/span><span class=\"s3\"><span class=\"bumpedFont15\">v\u0161emo\u017en\u011b&nbsp;<\/span><\/span><span class=\"s3\"><span class=\"bumpedFont15\">zabr\u00e1nit.<\/span><\/span><\/p>\n<p class=\"s4\"><span class=\"s3\"><span class=\"bumpedFont15\">Ulicemi z\u00e1padoevropsk\u00fdch metropol\u00ed pochodovaly milionov\u00e9 demonstrace, aktivist\u00e9 si lehali na koleje p\u0159ed transportn\u00ed vlaky, hl\u00eddky se sna\u017eily blokovat vjezdy do z\u00e1kladen a kas\u00e1ren. Co to ale tehdy bylo za lidi a kdo je vedl? Byli to levicov\u00ed radik\u00e1lov\u00e9, mlad\u00ed socialist\u00e9, zelen\u00ed, anarchist\u00e9. O n\u011bkter\u00fdch z&nbsp;t\u011bch struktur si vrabci \u0161t\u011bbetali na st\u0159ech\u00e1ch, \u017ee \u010d\u00e1st financ\u00ed na jejich aktivity poch\u00e1z\u00ed ze sov\u011btsk\u00fdch zdroj\u016f.<\/span><\/span><\/p>\n<p class=\"s4\"><span class=\"s3\"><span class=\"bumpedFont15\">Dnes jsou tyto s\u00edly v&nbsp;<\/span><\/span><span class=\"s3\"><span class=\"bumpedFont15\">Z<\/span><\/span><span class=\"s3\"><span class=\"bumpedFont15\">\u00e1padn\u00ed Evrop\u011b u moci. Dnes vl\u00e1dnou.&nbsp;<\/span><\/span><span class=\"s3\"><span class=\"bumpedFont15\">Dokonce mnohde jsou to stejn\u00ed lid\u00e9,&nbsp;<\/span><\/span><span class=\"s3\"><span class=\"bumpedFont15\">tedy ti, co zamlada pochodovali s&nbsp;m\u00edrov\u00fdmi vlajkami.<\/span><\/span><span class=\"s3\"><span class=\"bumpedFont15\">&nbsp;<\/span><\/span><span class=\"s3\"><span class=\"bumpedFont15\">A&nbsp;<\/span><\/span><span class=\"s3\"><span class=\"bumpedFont15\">nyn\u00ed<\/span><\/span><span class=\"s3\"><span class=\"bumpedFont15\">?&nbsp;<\/span><\/span><span class=\"s3\"><span class=\"bumpedFont15\">Nyn\u00ed<\/span><\/span><span class=\"s3\"><span class=\"bumpedFont15\">&nbsp;jsou nejmilitantn\u011bj\u0161\u00ed slo\u017ekou politick\u00e9ho spektra v&nbsp;ka\u017ed\u00e9 z\u00e1padoevropsk\u00e9 zemi. Maj\u00ed nejsiln\u011bj\u0161\u00ed v\u00e1le\u010dnickou r\u00e9toriku a i ve skutc\u00edch jsou nejaktivn\u011bj\u0161\u00edmi dodavateli zbran\u00ed a logistick\u00fdch syst\u00e9m\u016f na Ukrajinu. Co zp\u016fsobilo tento n\u00e1zorov\u00fd kotrmelec?<\/span><\/span><\/p>\n<p class=\"s4\"><span class=\"s3\"><span class=\"bumpedFont15\">On to mo\u017en\u00e1 ani \u017e\u00e1dn\u00fd kotrmelec nen\u00ed. Oni se nezm\u011bnili. Zm\u011bnilo se n\u011bco jin\u00e9ho. Nep\u0159\u00edtel. Nep\u0159\u00edtel v&nbsp;podob\u011b Andropovova \u010di&nbsp;<\/span><\/span><span class=\"s3\"><span class=\"bumpedFont15\">\u010cern\u011bnkova<\/span><\/span><span class=\"s3\"><span class=\"bumpedFont15\">socialistick\u00e9ho&nbsp;<\/span><\/span><span class=\"s3\"><span class=\"bumpedFont15\">Sov\u011btsk\u00e9ho svazu pro n\u011b zas takov\u00fdm nep\u0159\u00edtelem nebyl. Rusko&nbsp;<\/span><\/span><span class=\"s3\"><span class=\"bumpedFont15\">Sol\u017eenicynovo<\/span><\/span><span class=\"s3\"><span class=\"bumpedFont15\">,<\/span><\/span><span class=\"s3\"><span class=\"bumpedFont15\">&nbsp;navazuj\u00edc\u00ed na carismus<\/span><\/span><span class=\"s3\"><span class=\"bumpedFont15\">,<\/span><\/span><span class=\"s3\"><span class=\"bumpedFont15\">&nbsp;ale u\u017e ano. Pokra\u010dovatelem tehdej\u0161\u00edho Sov\u011btsk\u00e9ho svazu, na kter\u00fd tito levi\u010d\u00e1ci&nbsp;<\/span><\/span><span class=\"s3\"><span class=\"bumpedFont15\">tenkr\u00e1t&nbsp;<\/span><\/span><span class=\"s3\"><span class=\"bumpedFont15\">pohl\u00ed\u017eeli vl<\/span><\/span><span class=\"s3\"><span class=\"bumpedFont15\">\u00ed<\/span><\/span><span class=\"s3\"><span class=\"bumpedFont15\">dn\u011b, je nyn\u00ed v&nbsp;jej\u00edch o\u010d\u00edch sp\u00ed\u0161e Ukrajina. To je zaj\u00edmav\u00e9 a pro leckoho mo\u017en\u00e1 i p\u0159ekvapiv\u00e9 zji\u0161t\u011bn\u00ed.<\/span><\/span><\/p>\n<p class=\"s4\"><span class=\"s3\"><span class=\"bumpedFont15\">Za Atlantikem to nen\u00ed jin\u00e9. V&nbsp;dne\u0161n\u00ed iDnes najdeme&nbsp;<\/span><\/span><span class=\"s3\"><span class=\"bumpedFont15\">zm\u00edn\u011bn\u00fd&nbsp;<\/span><\/span><span class=\"s3\"><span class=\"bumpedFont15\">\u010dl\u00e1nek pln\u00fd obav z&nbsp;nadch\u00e1zej\u00edc\u00edch kongresov\u00fdch voleb. A \u017ee by mohly b\u00fdt jist\u00fdm referendem o levi\u010d\u00e1ck\u00e9&nbsp;<\/span><\/span><span class=\"s3\"><span class=\"bumpedFont15\">Bidenov\u011b<\/span><\/span><span class=\"s3\"><span class=\"bumpedFont15\">&nbsp;vl\u00e1d\u011b. P\u0159edpov\u011bdi&nbsp;<\/span><\/span><span class=\"s3\"><span class=\"bumpedFont15\">av\u00edzuj\u00ed<\/span><\/span><span class=\"s3\"><span class=\"bumpedFont15\">&nbsp;m\u00edrn\u00e9 ne<\/span><\/span><span class=\"s3\"><span class=\"bumpedFont15\">b<\/span><\/span><span class=\"s3\"><span class=\"bumpedFont15\">o&nbsp;<\/span><\/span><span class=\"s3\"><span class=\"bumpedFont15\">i&nbsp;<\/span><\/span><span class=\"s3\"><span class=\"bumpedFont15\">velk\u00e9 v\u00edt\u011b<\/span><\/span><span class=\"s3\"><span class=\"bumpedFont15\">zs<\/span><\/span><span class=\"s3\"><span class=\"bumpedFont15\">tv\u00ed republik\u00e1n\u016f, kde hlavn\u00ed roli z\u00edsk\u00e1vaj\u00ed podle<\/span><\/span><span class=\"s3\"><span class=\"bumpedFont15\">&nbsp;<\/span><\/span><span class=\"s3\"><span class=\"bumpedFont15\">iDNES<\/span><\/span><span class=\"s3\"><span class=\"bumpedFont15\">&nbsp;\u201e<\/span><\/span><span class=\"s3\"><span class=\"bumpedFont15\">libertari\u00e1ni<\/span><\/span><span class=\"s3\"><span class=\"bumpedFont15\">&nbsp;a populist\u00e9\u201c. Na konzervativn\u00ed proudy autor n\u011bjak pozapomn\u011bl. V&nbsp;ka\u017ed\u00e9m p\u0159\u00edpad\u011b nejen autor tohoto textu, ale&nbsp;<\/span><\/span><span class=\"s3\"><span class=\"bumpedFont15\">i mnoz\u00ed&nbsp;<\/span><\/span><span class=\"s3\"><span class=\"bumpedFont15\">koment\u00e1to\u0159i levicov\u00e9ho z\u00e1padn\u00edho tisku vyjad\u0159uj\u00ed&nbsp;<\/span><\/span><span class=\"s3\"><span class=\"bumpedFont15\">obavy, \u017ee pos\u00edlen\u00ed pravice v&nbsp;USA m\u016f\u017ee v\u00e9st k&nbsp;ochladnut\u00ed&nbsp;<\/span><\/span><span class=\"s3\"><span class=\"bumpedFont15\">americk\u00fdch vojensk\u00fdch aktivit na podporu napaden\u00e9 Ukrajiny.<\/span><\/span><\/p>\n<p class=\"s4\"><span class=\"s3\"><span class=\"bumpedFont15\">O na\u0161\u00ed politick\u00e9 sc\u00e9n\u011b v&nbsp;tomto smyslu nem\u00e1 cenu ps\u00e1t. Je skoro jedno, k&nbsp;\u010demu se nomin\u00e1ln\u011b&nbsp;<\/span><\/span><span class=\"s3\"><span class=\"bumpedFont15\">s<\/span><\/span><span class=\"s3\"><span class=\"bumpedFont15\">ou\u010dasn\u00e1 \u010desk\u00e1 vl\u00e1da<\/span><\/span><span class=\"s3\"><span class=\"bumpedFont15\">&nbsp;hl\u00e1s\u00ed<\/span><\/span><span class=\"s3\"><span class=\"bumpedFont15\">, kdy\u017e ve\u0161ker\u00e9 sv\u00e9 zahrani\u010dn\u00ed, ale i vnitropolitick\u00e9 aktivity \u00fazkostliv\u011b kop\u00edruje podle vzoru, jeho\u017e autory jsou n\u011bkdej\u0161\u00ed rud\u00ed revolucion\u00e1\u0159i z&nbsp;barik\u00e1d v&nbsp;roce 1968 a aktivist\u00e9 \u201em\u00edrov\u00fdch hnut\u00ed\u201c ze 70. a 80. let.<\/span><\/span><\/p>\n<p>Ladislav Jakl, 27. z\u00e1\u0159\u00ed 2022<\/p>\n<p><a href=\"https:\/\/www.institutvk.cz\/clanky\/2138.html\">Zdroj<\/a><\/p>\n","protected":false},"excerpt":{"rendered":"<p>Dnes m\u011b v&nbsp;na\u0161ich m\u00e9di\u00edch zaujal popla\u0161n\u00fd \u010dl\u00e1nek na&nbsp;iDNES&nbsp;o tom, jak se m\u016f\u017ee odrazit v\u00fdsledek americk\u00fdch \u201emezivoleb\u201c (midterm&nbsp;elections) v&nbsp;m\u00ed\u0159e anga\u017eovanosti USA v&nbsp;konfliktu na Ukrajin\u011b.<\/p>\n","protected":false},"author":9,"featured_media":0,"comment_status":"open","ping_status":"open","sticky":false,"template":"","format":"standard","meta":{"ngg_post_thumbnail":0,"footnotes":""},"categories":[1],"tags":[],"class_list":["post-13020","post","type-post","status-publish","format-standard","hentry","category-publikovane-clanky"],"_links":{"self":[{"href":"https:\/\/www.ladislavjakl.cz\/index.php?rest_route=\/wp\/v2\/posts\/13020","targetHints":{"allow":["GET"]}}],"collection":[{"href":"https:\/\/www.ladislavjakl.cz\/index.php?rest_route=\/wp\/v2\/posts"}],"about":[{"href":"https:\/\/www.ladislavjakl.cz\/index.php?rest_route=\/wp\/v2\/types\/post"}],"author":[{"embeddable":true,"href":"https:\/\/www.ladislavjakl.cz\/index.php?rest_route=\/wp\/v2\/users\/9"}],"replies":[{"embeddable":true,"href":"https:\/\/www.ladislavjakl.cz\/index.php?rest_route=%2Fwp%2Fv2%2Fcomments&post=13020"}],"version-history":[{"count":1,"href":"https:\/\/www.ladislavjakl.cz\/index.php?rest_route=\/wp\/v2\/posts\/13020\/revisions"}],"predecessor-version":[{"id":13021,"href":"https:\/\/www.ladislavjakl.cz\/index.php?rest_route=\/wp\/v2\/posts\/13020\/revisions\/13021"}],"wp:attachment":[{"href":"https:\/\/www.ladislavjakl.cz\/index.php?rest_route=%2Fwp%2Fv2%2Fmedia&parent=13020"}],"wp:term":[{"taxonomy":"category","embeddable":true,"href":"https:\/\/www.ladislavjakl.cz\/index.php?rest_route=%2Fwp%2Fv2%2Fcategories&post=13020"},{"taxonomy":"post_tag","embeddable":true,"href":"https:\/\/www.ladislavjakl.cz\/index.php?rest_route=%2Fwp%2Fv2%2Ftags&post=13020"}],"curies":[{"name":"wp","href":"https:\/\/api.w.org\/{rel}","templated":true}]}}