{"id":13045,"date":"2022-11-09T15:54:31","date_gmt":"2022-11-09T14:54:31","guid":{"rendered":"https:\/\/www.ladislavjakl.cz\/?p=13045"},"modified":"2022-11-09T15:54:31","modified_gmt":"2022-11-09T14:54:31","slug":"ladislav-jakl-to-zemanovi-spocital-jsou-to-jednoduche-pocty","status":"publish","type":"post","link":"https:\/\/www.ladislavjakl.cz\/?p=13045","title":{"rendered":"Ladislav Jakl to Zemanovi spo\u010d\u00edtal. Jsou to jednoduch\u00e9 po\u010dty?"},"content":{"rendered":"<div class=\"elementor-element elementor-element-1d775077 elementor-widget elementor-widget-text-editor\" data-id=\"1d775077\" data-element_type=\"widget\" data-widget_type=\"text-editor.default\">\n<div class=\"elementor-widget-container\">\n<div class=\"elementor-text-editor elementor-clearfix\">\n<p>Velmi napjat\u00e1 mezin\u00e1rodn\u00ed situace. P\u0159\u00edl\u00e9v\u00e1 Fiala podle Ladislava Jakla olej do ohn\u011b? Koho by si p\u0159edstavoval na Hrad\u011b po Milo\u0161i Zemanovi, a pro\u010d je ofici\u00e1ln\u00ed akt ve Vladislavsk\u00e9m s\u00e1le na 28. \u0159\u00edjna \u0161patn\u011b pojemnov\u00e1n? Nejen o t\u011bchto t\u00e9matech s b\u00fdval\u00fdm tajemn\u00edkem V\u00e1clava Klause exkluzivn\u011b pro VIPosobnosti.cz.<\/p>\n<p><!--more--><\/p>\n<p><strong>Pane Jakle, jak vn\u00edm\u00e1te op\u011btovnou cestu Fialy na Ukrajinu? M\u011bl by to b\u00fdt pro lidi v \u010cesku ur\u010dit\u00fd&nbsp; sign\u00e1l?<\/strong><\/p>\n<p>Na t\u00e9hle propaga\u010dn\u00ed cest\u011b m\u011b nejv\u00edc zaujal v\u00fdrok, \u017ee c\u00edlem cesty \u010d\u00e1sti vl\u00e1dy do Kyjeva budou jedn\u00e1n\u00ed o pov\u00e1le\u010dn\u00e9 obnov\u011b Ukrajiny. To je jist\u011b u\u0161lechtil\u00fd c\u00edl. Jen tak n\u011bjak nen\u00ed na po\u0159adu dne. Skoro bych \u010dekal, \u017ee hlavn\u00ed starost\u00ed m\u00e1 b\u00fdt to, aby Ukrajina byla pov\u00e1le\u010dn\u00e1. Teprve pak m\u016f\u017ee b\u00fdt obnovov\u00e1na. A mo\u017en\u00e1 by na\u0161i ve\u0159ejnost zaj\u00edmalo, jak\u00fdmi cestami chce na\u0161e vl\u00e1da pomoci tomu, aby se z&nbsp;v\u00e1le\u010dn\u00e9 Ukrajiny stala Ukrajina pov\u00e1le\u010dn\u00e1.<\/p>\n<p><strong>Vy jste b\u00fdval\u00fd tajemn\u00edk V\u00e1clava Klause, tudi\u017e k ot\u00e1zce volby prezidenta m\u00e1te velmi bl\u00edzko.&nbsp; V p\u0159\u00ed\u0161t\u00edm roce bude zvolen nov\u00fd. Podle mnoh\u00fdch, by to m\u011bla b\u00fdt siln\u00e1 osobnost. Vid\u00edte ji mezi t\u011bmi, kte\u0159\u00ed ohl\u00e1sili kandidaturu?<\/strong><\/p>\n<p>No, zat\u00edm tam registruji n\u011bkter\u00e9 v\u00fdrazn\u00e9 osobnosti, kter\u00e9 bych ale nikdy na Hrad\u011b vid\u011bt necht\u011bl, a pak mo\u017en\u00e1 n\u011bkolik lid\u00ed, kter\u00e9 bych si na Hrad\u011b p\u0159edstavit snad dovedl, ale jejich \u0161ance je pramal\u00e1.<\/p>\n<\/div>\n<\/div>\n<\/div>\n<div class=\"elementor-element elementor-element-c352d3a elementor-widget elementor-widget-text-editor\" data-id=\"c352d3a\" data-element_type=\"widget\" data-widget_type=\"text-editor.default\">\n<div class=\"elementor-widget-container\">\n<div class=\"elementor-text-editor elementor-clearfix\">\n<p><strong>Lid\u00e9 \u010dasto dost\u00e1vaj\u00ed zkreslen\u00e9 informace, ze ker\u00fdch si&nbsp; nem\u016f\u017eou ud\u011blat z\u00e1v\u011br. Podle \u010deho bychom m\u011bli&nbsp; sv\u00e9ho nov\u00e9ho prezidenta vyb\u00edrat?<\/strong><\/p>\n<p>Ka\u017ed\u00fd nech\u0165 m\u00e1 sv\u00e1 krit\u00e9ria. N\u011bkdo preferuje n\u00e1zory takov\u00e9, jin\u00fd onak\u00e9. Podstatn\u00e9 je ale ono slovo \u201en\u00e1zor\u201c. Nemysl\u00edm, \u017ee d\u016fstojnosti prezidentsk\u00e9ho \u00fa\u0159adu prosp\u00edv\u00e1, kdy\u017e se do n\u011bj derou lid\u00e9, kte\u0159\u00ed si na star\u00e1 kolena \u0159ekli, \u017ee by to teda zkusili s&nbsp;tou politikou a \u017ee proza\u010d\u00e1tek by brali tu funkci prezidenta. Kandidatura na Hrad by ale m\u011bla b\u00fdt vrcholem celo\u017eivotn\u00ed politick\u00e9 kari\u00e9ry. Kari\u00e9ry, ve kter\u00e9 doty\u010dn\u00fd musel stokr\u00e1t a tis\u00edckr\u00e1t ps\u00e1t, p\u0159edn\u00e1\u0161et \u010di odpov\u00eddat v&nbsp;dotazech o tom, jak\u00fd m\u00e1 n\u00e1zor na tis\u00edc r\u016fzn\u00fdch spole\u010densk\u00fdch probl\u00e9m\u016f.<\/p>\n<p>S&nbsp;takov\u00fdm \u010dlov\u011bkem je mo\u017en\u00e9 souhlasit nebo nesouhlasit. Ale co \u0159\u00edci o kandid\u00e1tech, o jejich\u017e n\u00e1zorech nev\u00edme skoro nic? Kte\u0159\u00ed nepro\u0161li ohn\u011bm \u017e\u00e1dn\u00fdch voleb, \u017e\u00e1dn\u00fdch zkou\u0161ek, p\u0159i kter\u00fdch by museli vyjevit, jak\u00e9 postoje zast\u00e1vaj\u00ed ve v\u011bcech, kter\u00e9 ovliv\u0148uj\u00ed ka\u017edodenn\u00ed \u017eivoty lid\u00ed? M\u00edsto toho vid\u00edme tablo uchaze\u010d\u016f, kte\u0159\u00ed na n\u00e1s hrnou jen fr\u00e1ze, ale o jejich\u017e ideov\u00e9m ukotven\u00ed nev\u00edme v\u016fbec nic. Kdo tyhle lidi pak bude \u0159\u00eddit, kdyby n\u00e1hodou pro\u0161li? Nejhor\u0161\u00ed je, \u017ee nem\u00edt \u017e\u00e1dn\u00ed v\u00fdrazn\u00e9 n\u00e1zory je pro kandid\u00e1ty v&nbsp;o\u010d\u00edch mnoha voli\u010d\u016f dokonce plus, proto\u017ee do takov\u00fdch pr\u00e1zdn\u00fdch n\u00e1dob se vejde jak\u00e1koli p\u0159edstava. Kandid\u00e1ty bez n\u00e1zoru pak mohou volit voli\u010di \u010dasto protich\u016fdn\u00fdch politick\u00fdch postoj\u016f, proto\u017ee si tyhle bezbarv\u00e9 uchaze\u010de mohu p\u0159edstavovat v&nbsp;tom sv\u00e9m dresu.<\/p>\n<p>&nbsp;<\/p>\n<\/div>\n<\/div>\n<\/div>\n<div class=\"elementor-element elementor-element-500900bf elementor-widget elementor-widget-text-editor\" data-id=\"500900bf\" data-element_type=\"widget\" data-widget_type=\"text-editor.default\">\n<div class=\"elementor-widget-container\">\n<div class=\"elementor-text-editor elementor-clearfix\">\n<p><strong>Na st\u00e1tn\u00ed sv\u00e1tek 28. \u0159\u00edjna byl kon\u010d\u00edc\u00edm prezidentem Milo\u0161em Zemanem p\u0159ed\u00e1n velmi vysok\u00fd po\u010det vyznamen\u00ed. V\u00e1clav Klaus jich p\u0159edal 27.&nbsp;Jak vn\u00edm\u00e1te nejen tento rekordn\u00ed po\u010det, ale i osobnosti,&nbsp; kter\u00e9 je p\u0159evzaly nap\u0159\u00ed\u010d profesemi?<\/strong><\/p>\n<p>Koho si prezident republiky vybere, aby mu ud\u011blil st\u00e1tn\u00ed vyznamen\u00e1n\u00ed, je \u010dist\u011b na n\u011bm. Ov\u0161em ten Zeman\u016fv po\u010det je \u0161\u00edlen\u00fd a je to projev inflace v\u00e1\u017enosti nejvy\u0161\u0161\u00edho ocen\u011bn\u00ed. Tak\u00e9 vyznamen\u00e1v\u00e1n\u00ed historick\u00fdch postav je trochu komick\u00e9: to u\u017e za chv\u00edli vyznamen\u00e1me Jana \u017di\u017eku nebo kupce S\u00e1ma. Na t\u00e9to oficialit\u011b mi ale posledn\u00edch deset let z\u00e1sadn\u011b vad\u00ed \u00fapln\u011b jin\u00e1 v\u011bc. U\u017e za Havla, o to v\u00edce pak za Klause jsem mohl vylet\u011bt z&nbsp;k\u016f\u017ee, kdy\u017e m\u00e9dia avizovala ofici\u00e1ln\u00ed akt ve Vladislavsk\u00e9m s\u00e1le jako \u201eSlavnostn\u00ed ud\u00edlen\u00ed st\u00e1tn\u00edch vyznamen\u00e1n\u00ed\u201c. Tak tomu ale p\u0159ece nen\u00ed a nikdy b\u00fdt nem\u011blo. Ta akce se jmenuje \u201eSlavnostn\u00ed shrom\u00e1\u017ed\u011bn\u00ed u p\u0159\u00edle\u017eitosti st\u00e1tn\u00edho sv\u00e1tku \u010cR \u2013 Dne republiky\u201c. A hlavn\u00edm bodem tohoto aktu je nejd\u016fle\u017eit\u011bj\u0161\u00ed projev v&nbsp;roce, cosi jako \u201eZpr\u00e1va o stavu unie\u201c, tedy z\u00e1sadn\u00ed obsahov\u00fd projev hlavy st\u00e1tu o dne\u0161n\u00ed dob\u011b, o spole\u010densk\u00e9 situaci, o tom, co tr\u00e1p\u00ed ob\u010dany, a o tom, co lze pro dne\u0161n\u00ed dobu odvodit z&nbsp;idej\u00ed, kter\u00e9 st\u00e1ly v&nbsp;z\u00e1kladech na\u0161\u00ed republiky.<\/p>\n<figure id=\"attachment_1046\" class=\"wp-caption aligncenter\" aria-describedby=\"caption-attachment-1046\"><img loading=\"lazy\" decoding=\"async\" class=\"wp-image-1046 size-full entered lazyloaded\" src=\"https:\/\/viposobnosti.cz\/wp-content\/uploads\/2021\/03\/Gott-Klaus.jpg\" alt=\"\" width=\"460\" height=\"294\" data-lazy-src=\"https:\/\/viposobnosti.cz\/wp-content\/uploads\/2021\/03\/Gott-Klaus.jpg\" data-ll-status=\"loaded\"><figcaption id=\"caption-attachment-1046\" class=\"wp-caption-text\">P\u0159ed\u00e1n\u00ed ocen\u011bn\u00ed Karlu Gottovi prezidentem V\u00e1clavem Klausem | Foto: Hrad<\/figcaption><\/figure>\n<p>&nbsp;<\/p>\n<\/div>\n<\/div>\n<\/div>\n<div class=\"elementor-element elementor-element-4aee32ca elementor-widget elementor-widget-shortcode\" data-id=\"4aee32ca\" data-element_type=\"widget\" data-widget_type=\"shortcode.default\">\n<div class=\"elementor-widget-container\">\n<div class=\"elementor-shortcode\">&nbsp;<\/div>\n<\/div>\n<\/div>\n<div class=\"elementor-element elementor-element-48a2a561 elementor-widget elementor-widget-text-editor\" data-id=\"48a2a561\" data-element_type=\"widget\" data-widget_type=\"text-editor.default\">\n<div class=\"elementor-widget-container\">\n<div class=\"elementor-text-editor elementor-clearfix\">\n<p>Ud\u00edlen\u00ed vyznamen\u00e1n\u00ed je jen mo\u017en\u00fdm doprovodn\u00fdm aktem, ostatn\u011b \u0159\u00e1dov\u00fdm dnem je i 1. leden, tak\u017ee 28. \u0159\u00edjna se st\u00e1tn\u00ed vyznamen\u00e1n\u00ed ani ud\u011blovat nemus\u00ed. Oba prvn\u00ed prezidenti \u2013 Havel i Klaus \u2013 u p\u0159\u00edle\u017eitosti Dne republiky z\u00e1sadn\u00ed projevy p\u0159edn\u00e1\u0161eli. Oba je p\u0159ipravovali \u0159adu t\u00fddn\u016f. N\u011bkomu se l\u00edbily, n\u011bkomu ne, ale bylo to v\u017edy jejich v\u00e1\u017en\u00e9 zamy\u0161len\u00ed nad na\u0161\u00ed dobou. A co d\u011blal cel\u00fdch deset let Zeman? \u017d\u00e1dn\u00fd takov\u00fd projev nikdy nep\u0159ednesl. P\u0159ijal m\u00e9dii \u0161\u00ed\u0159en\u00fd fale\u0161n\u00fd n\u00e1zev akce, \u017ee je to jen ve\u010der ud\u00edlen\u00ed vyznamen\u00e1n\u00ed, a v\u017edy se v&nbsp;z\u00e1sad\u011b omezil pouze na to, pro\u010d se rozhodl pro zrovna tuhle kolekci vyznamenan\u00fdch. Douf\u00e1m, \u017ee p\u0159\u00ed\u0161t\u00ed prezident se k&nbsp;tradici v\u00e1\u017en\u00fdch obsahov\u00fdch poselstv\u00ed op\u011bt vr\u00e1t\u00ed, a\u0165 u\u017e se mi bude nebo nebude l\u00edbit.<\/p>\n<p><a href=\"https:\/\/viposobnosti.cz\/clanky\/ladislav-jak-to-zemanovi-spocital-jsou-to-jednoduche-pocty\/\">Zdroj<\/a><\/p>\n<\/div>\n<\/div>\n<\/div>\n","protected":false},"excerpt":{"rendered":"<p>Velmi napjat\u00e1 mezin\u00e1rodn\u00ed situace. P\u0159\u00edl\u00e9v\u00e1 Fiala podle Ladislava Jakla olej do ohn\u011b? Koho by si p\u0159edstavoval na Hrad\u011b po Milo\u0161i Zemanovi, a pro\u010d je ofici\u00e1ln\u00ed akt ve Vladislavsk\u00e9m s\u00e1le na 28. \u0159\u00edjna \u0161patn\u011b pojemnov\u00e1n? Nejen o t\u011bchto t\u00e9matech s b\u00fdval\u00fdm tajemn\u00edkem V\u00e1clava Klause exkluzivn\u011b pro VIPosobnosti.cz.<\/p>\n","protected":false},"author":9,"featured_media":0,"comment_status":"open","ping_status":"open","sticky":false,"template":"","format":"standard","meta":{"ngg_post_thumbnail":0,"footnotes":""},"categories":[13],"tags":[],"class_list":["post-13045","post","type-post","status-publish","format-standard","hentry","category-rozhovory"],"_links":{"self":[{"href":"https:\/\/www.ladislavjakl.cz\/index.php?rest_route=\/wp\/v2\/posts\/13045","targetHints":{"allow":["GET"]}}],"collection":[{"href":"https:\/\/www.ladislavjakl.cz\/index.php?rest_route=\/wp\/v2\/posts"}],"about":[{"href":"https:\/\/www.ladislavjakl.cz\/index.php?rest_route=\/wp\/v2\/types\/post"}],"author":[{"embeddable":true,"href":"https:\/\/www.ladislavjakl.cz\/index.php?rest_route=\/wp\/v2\/users\/9"}],"replies":[{"embeddable":true,"href":"https:\/\/www.ladislavjakl.cz\/index.php?rest_route=%2Fwp%2Fv2%2Fcomments&post=13045"}],"version-history":[{"count":1,"href":"https:\/\/www.ladislavjakl.cz\/index.php?rest_route=\/wp\/v2\/posts\/13045\/revisions"}],"predecessor-version":[{"id":13046,"href":"https:\/\/www.ladislavjakl.cz\/index.php?rest_route=\/wp\/v2\/posts\/13045\/revisions\/13046"}],"wp:attachment":[{"href":"https:\/\/www.ladislavjakl.cz\/index.php?rest_route=%2Fwp%2Fv2%2Fmedia&parent=13045"}],"wp:term":[{"taxonomy":"category","embeddable":true,"href":"https:\/\/www.ladislavjakl.cz\/index.php?rest_route=%2Fwp%2Fv2%2Fcategories&post=13045"},{"taxonomy":"post_tag","embeddable":true,"href":"https:\/\/www.ladislavjakl.cz\/index.php?rest_route=%2Fwp%2Fv2%2Ftags&post=13045"}],"curies":[{"name":"wp","href":"https:\/\/api.w.org\/{rel}","templated":true}]}}