{"id":13047,"date":"2022-11-11T22:57:30","date_gmt":"2022-11-11T21:57:30","guid":{"rendered":"https:\/\/www.ladislavjakl.cz\/?p=13047"},"modified":"2022-11-11T22:57:30","modified_gmt":"2022-11-11T21:57:30","slug":"jakl-soucasna-moc-ma-duvod-obavat-se-kritiky","status":"publish","type":"post","link":"https:\/\/www.ladislavjakl.cz\/?p=13047","title":{"rendered":"Jakl: Sou\u010dasn\u00e1 moc m\u00e1 d\u016fvod ob\u00e1vat se kritiky"},"content":{"rendered":"<p><em>Rozhovor Ladislava Jakla s korespondentkou mezin\u00e1rodn\u00edho serveru Dru\u017eice T. Naronskou<\/em><\/p>\n<p><strong>Pro\u010d se hrozba odli\u0161n\u011b sm\u00fd\u0161lej\u00edc\u00edch ob\u010dan\u016f \u0159e\u0161\u00ed vytvo\u0159en\u00edm z\u00e1kona proti dezinformac\u00edm? Jak\u00fd je d\u016fvod pro zvolen\u00ed podobn\u00e9 metody ovl\u00e1d\u00e1n\u00ed medi\u00e1ln\u00edho prostoru?<\/strong><\/p>\n<p><!--more--><\/p>\n<p>D\u016fvodem je jednozna\u010dn\u011b to, \u017ee sou\u010dasn\u00e1 vl\u00e1dn\u00ed moc si je v\u011bdoma, \u017ee nereprezentuje jednozna\u010dn\u011b p\u0159eva\u017euj\u00edc\u00ed \u010d\u00e1st n\u00e1roda a spole\u010dnosti. V\u00ed, \u017ee neh\u00e1j\u00ed z\u00e1jmy \u010desk\u00fdch lid\u00ed. A m\u00e1 d\u016fvod se ob\u00e1vat kritiky zdola. Kritiky zejm\u00e9na t\u011bch opat\u0159en\u00ed, kter\u00e9 se t\u00fdkaj\u00ed ka\u017edodenn\u00edho \u017eivota na\u0161ich rodin. A tak se k\u0159e\u010dovit\u011b sna\u017e\u00ed hledat z\u00e1minku a n\u00e1stroje, jak kritick\u00e9 hlasy uml\u010det. A m\u00e1 pocit, \u017ee t\u00edm n\u00e1strojem by mohl b\u00fdt pr\u00e1v\u011b p\u0159ipravovan\u00fd z\u00e1kon proti n\u00e1zor\u016fm, kter\u00e9 nebudou vl\u00e1d\u011b vyhovovat.&nbsp;<\/p>\n<p><strong>V \u010dem spo\u010d\u00edv\u00e1 nebezpe\u010d\u00ed pravd\u011bpodobn\u00e9ho schv\u00e1len\u00ed z\u00e1kona sou\u010dasnou vl\u00e1dou?<\/strong><\/p>\n<p>V obrovsk\u00e9 libov\u016fli politicky motivovan\u00fdch byrokrat\u016f v mo\u017enostech zleh\u010dovat, zesm\u011b\u0161\u0148ovat, ostrakizovat, spole\u010densky sankciovat, uml\u010dovat i kriminalizovat postoje alternativn\u00ed k sou\u010dasn\u00e9 vl\u00e1dnouc\u00ed ideologii.<\/p>\n<p><strong>Kam se po schv\u00e1len\u00ed z\u00e1kona p\u0159esune opozi\u010dn\u011b sm\u00fd\u0161lej\u00edc\u00ed \u010d\u00e1st spole\u010dnosti? Dojde podle V\u00e1s k opakov\u00e1n\u00ed d\u011bjin z p\u0159edlistopadov\u00e9ho obdob\u00ed?<\/strong><\/p>\n<p>My, pam\u011btn\u00edci, si tehdej\u0161\u00ed \u010dasy dob\u0159e pamatujeme a n\u011bjak se za\u0159\u00edd\u00edme. Dne\u0161n\u00ed t\u0159ic\u00e1tn\u00edci \u010di \u010dty\u0159ic\u00e1tn\u00edci, informa\u010dn\u011b zcela z\u00e1visl\u00ed na t\u011bch komunika\u010dn\u00edch platform\u00e1ch, kter\u00e9 podle chystan\u00fdch pravidel m\u016f\u017ee moc kdykoli odzubit, ti se asi ocitnou v nov\u00e9m sv\u011bt\u011b. Ve sv\u011bt\u011b dikt\u00e1tu. I kdy\u017e \u2013 oni u\u017e si pomalu zvykaj\u00ed, nejsou p\u0159ece slep\u00ed.&nbsp;<\/p>\n<p><strong>Co sleduje sou\u010dasn\u00fd politick\u00fd establishment vyu\u017eit\u00edm siln\u00e9ho slovn\u00edku proti sv\u00fdm n\u00e1zorov\u00fdm oponent\u016fm (hromadn\u011b je n\u00e1lepkuje za \u201e\u0161mejdy\u201c, \u201efanatiky\u201c \u010di \u201edezol\u00e1ty\u201c)?<\/strong><\/p>\n<p>Co t\u00edm sleduje? Zakr\u00fdv\u00e1 t\u00edm svou naprostou argumenta\u010dn\u00ed, intelektu\u00e1ln\u00ed a my\u0161lenkovou nouzi.<\/p>\n<p><strong>V dopisu se uv\u00e1d\u00ed, \u017ee existuj\u00ed z\u00e1va\u017en\u00e9 indicie, \u017ee k diskreditaci opozi\u010dn\u00edch n\u00e1zor\u016f je c\u00edlen\u011b vyu\u017e\u00edv\u00e1no i p\u016fsoben\u00ed nastr\u010den\u00fdch provokat\u00e9r\u016f. Mohl byste uv\u00e9st V\u00e1m zn\u00e1m\u00e9 ned\u00e1vn\u00e9 p\u0159\u00edklady ze spole\u010densk\u00e9 sc\u00e9ny?<\/strong><\/p>\n<p>No, takov\u00fd n\u00e1vod tu rozhodn\u011b poskytovat nebudu. Ale my o t\u011bchto p\u0159\u00edpadech dob\u0159e v\u00edme a budeme je nad\u00e1le dokumentovat. Ale \u2013 m\u00e1m-li mluvit za sebe \u2013 nehodl\u00e1m se kv\u016fli tomu ka\u017ed\u00fdch p\u00e1r vte\u0159in paranoidn\u011b ohl\u00ed\u017eet p\u0159es rameno.<\/p>\n<p>&nbsp;<\/p>\n","protected":false},"excerpt":{"rendered":"<p>Rozhovor Ladislava Jakla s korespondentkou mezin\u00e1rodn\u00edho serveru Dru\u017eice T. Naronskou Pro\u010d se hrozba odli\u0161n\u011b sm\u00fd\u0161lej\u00edc\u00edch ob\u010dan\u016f \u0159e\u0161\u00ed vytvo\u0159en\u00edm z\u00e1kona proti dezinformac\u00edm? Jak\u00fd je d\u016fvod pro zvolen\u00ed podobn\u00e9 metody ovl\u00e1d\u00e1n\u00ed medi\u00e1ln\u00edho prostoru?<\/p>\n","protected":false},"author":9,"featured_media":0,"comment_status":"open","ping_status":"open","sticky":false,"template":"","format":"standard","meta":{"ngg_post_thumbnail":0,"footnotes":""},"categories":[13],"tags":[],"class_list":["post-13047","post","type-post","status-publish","format-standard","hentry","category-rozhovory"],"_links":{"self":[{"href":"https:\/\/www.ladislavjakl.cz\/index.php?rest_route=\/wp\/v2\/posts\/13047","targetHints":{"allow":["GET"]}}],"collection":[{"href":"https:\/\/www.ladislavjakl.cz\/index.php?rest_route=\/wp\/v2\/posts"}],"about":[{"href":"https:\/\/www.ladislavjakl.cz\/index.php?rest_route=\/wp\/v2\/types\/post"}],"author":[{"embeddable":true,"href":"https:\/\/www.ladislavjakl.cz\/index.php?rest_route=\/wp\/v2\/users\/9"}],"replies":[{"embeddable":true,"href":"https:\/\/www.ladislavjakl.cz\/index.php?rest_route=%2Fwp%2Fv2%2Fcomments&post=13047"}],"version-history":[{"count":1,"href":"https:\/\/www.ladislavjakl.cz\/index.php?rest_route=\/wp\/v2\/posts\/13047\/revisions"}],"predecessor-version":[{"id":13048,"href":"https:\/\/www.ladislavjakl.cz\/index.php?rest_route=\/wp\/v2\/posts\/13047\/revisions\/13048"}],"wp:attachment":[{"href":"https:\/\/www.ladislavjakl.cz\/index.php?rest_route=%2Fwp%2Fv2%2Fmedia&parent=13047"}],"wp:term":[{"taxonomy":"category","embeddable":true,"href":"https:\/\/www.ladislavjakl.cz\/index.php?rest_route=%2Fwp%2Fv2%2Fcategories&post=13047"},{"taxonomy":"post_tag","embeddable":true,"href":"https:\/\/www.ladislavjakl.cz\/index.php?rest_route=%2Fwp%2Fv2%2Ftags&post=13047"}],"curies":[{"name":"wp","href":"https:\/\/api.w.org\/{rel}","templated":true}]}}