{"id":13055,"date":"2022-11-18T16:44:20","date_gmt":"2022-11-18T15:44:20","guid":{"rendered":"https:\/\/www.ladislavjakl.cz\/?p=13055"},"modified":"2022-11-18T16:44:20","modified_gmt":"2022-11-18T15:44:20","slug":"tiskova-zprava-ze-17-zasedani-rady-konaneho-dne-1-11-2022","status":"publish","type":"post","link":"https:\/\/www.ladislavjakl.cz\/?p=13055","title":{"rendered":"Tiskov\u00e1 zpr\u00e1va ze 17. zased\u00e1n\u00ed Rady, konan\u00e9ho dne 1. 11. 2022"},"content":{"rendered":"<p>Rada pro rozhlasov\u00e9 a televizn\u00ed vys\u00edl\u00e1n\u00ed (d\u00e1le jen &#8222;Rada&#8220;) na sv\u00e9m 17. zased\u00e1n\u00ed<br \/>\nprojednala 31 bod\u016f programu. Vyhodnotila 21 st\u00ed\u017enost\u00ed div\u00e1k\u016f a poslucha\u010d\u016f, vydala \u0161est<br \/>\nupozorn\u011bn\u00ed na poru\u0161en\u00ed z\u00e1kona.<\/p>\n<p><!--more--><br \/>\nNa 17. zased\u00e1n\u00ed prob\u011bhlo ve\u0159ejn\u00e9 sly\u0161en\u00ed v \u0159\u00edzen\u00ed o ud\u011blen\u00ed licence k provozov\u00e1n\u00ed<br \/>\nrozhlasov\u00e9ho vys\u00edl\u00e1n\u00ed \u0161\u00ed\u0159en\u00e9ho prost\u0159ednictv\u00edm vys\u00edla\u010d\u016f se souborem technick\u00fdch<br \/>\nparametr\u016f Ostrava Karolina 103,6 MHz \/ 50 W.<br \/>\nRada na sv\u00e9m 17. zased\u00e1n\u00ed ud\u011blila dv\u011b licence, a to licenci spole\u010dnosti TV Extra Partners<br \/>\ns.r.o. k provozov\u00e1n\u00ed televizn\u00edho vys\u00edl\u00e1n\u00ed programu DVTV Extra, \u0161\u00ed\u0159en\u00e9ho prost\u0159ednictv\u00edm<br \/>\nkabelov\u00fdch syst\u00e9m\u016f, a spole\u010dnosti Stanice O, a.s. licenci k provozov\u00e1n\u00ed televizn\u00edho<br \/>\nvys\u00edl\u00e1n\u00ed programu O (\u00d3\u010dko), \u0161\u00ed\u0159en\u00e9ho prost\u0159ednictv\u00edm zvl\u00e1\u0161tn\u00edch p\u0159enosov\u00fdch syst\u00e9m\u016f.<br \/>\nPodrobn\u011bj\u0161\u00ed informace naleznete v p\u0159episech usnesen\u00ed Rady:<br \/>\nROZHLASOV\u00c9 VYS\u00cdL\u00c1N\u00cd<br \/>\n&#8211; Rada na ve\u0159ejn\u00e9m sly\u0161en\u00ed v r\u00e1mci \u0159\u00edzen\u00ed sp.zn. 2022\/144\/zab o ud\u011blen\u00ed licence k<br \/>\nprovozov\u00e1n\u00ed rozhlasov\u00e9ho vys\u00edl\u00e1n\u00ed \u0161\u00ed\u0159en\u00e9ho prost\u0159ednictv\u00edm vys\u00edla\u010d\u016f se souborem<br \/>\ntechnick\u00fdch parametr\u016f Ostrava Karolina 103,6 MHz \/ 50 W projednala s \u017eadatelem ot\u00e1zky<br \/>\nt\u00fdkaj\u00edc\u00ed se jeho programov\u00e9 skladby.<br \/>\n&#8211; Rada v r\u00e1mci sv\u00e9 kompetence dan\u00e9 ustanoven\u00edm \u00a7 5 p\u00edsm. b) a v souladu s \u00a7 21 odst. 1<br \/>\np\u00edsm. b) a odst. 3 z\u00e1kona \u010d. 231\/2001 Sb. p\u0159ijala ve v\u011bci \u017e\u00e1dosti provozovatele JOE Media<br \/>\ns.r.o., I\u010c: 26152002, se s\u00eddlem Brani\u0161ovsk\u00e1 187\/16, Praha 4, PS\u010c 14300, o zm\u011bnu<br \/>\nskute\u010dnost\u00ed uveden\u00fdch v \u017e\u00e1dosti o licenci k provozov\u00e1n\u00ed rozhlasov\u00e9ho vys\u00edl\u00e1n\u00ed programu<br \/>\nHEY Radio (licence sp. zn.: RRTV\/2015\/1119\/zab), a to o zm\u011bn\u011b \u00fazemn\u00edho rozsahu<br \/>\nvys\u00edl\u00e1n\u00ed a souboru technick\u00fdch parametr\u016f spo\u010d\u00edvaj\u00edc\u00ed ve zm\u011bn\u011b stanovi\u0161t\u011b kmito\u010dtu \u010cesk\u00e1<br \/>\nL\u00edpa vod\u00e1rna 92,7 MHz \/ 100 W, toto rozhodnut\u00ed: Rada ud\u011bluje provozovateli JOE Media<br \/>\ns.r.o., I\u010c: 26152002, se s\u00eddlem Brani\u0161ovsk\u00e1 187\/16, Praha 4, PS\u010c 14300, souhlas se<br \/>\nzm\u011bnou skute\u010dnost\u00ed uveden\u00fdch v \u017e\u00e1dosti o licenci k provozov\u00e1n\u00ed rozhlasov\u00e9ho vys\u00edl\u00e1n\u00ed<br \/>\nprost\u0159ednictv\u00edm vys\u00edla\u010d\u016f, program HEY Radio (licence sp. zn.: RRTV\/2015\/1119\/zab), a to<br \/>\no zm\u011bn\u011b \u00fazemn\u00edho rozsahu vys\u00edl\u00e1n\u00ed a souboru technick\u00fdch parametr\u016f spo\u010d\u00edvaj\u00edc\u00ed ve<br \/>\nzm\u011bn\u011b stanovi\u0161t\u011b kmito\u010dtu \u010cesk\u00e1 L\u00edpa vod\u00e1rna 92,7 MHz \/ 100 W na nov\u00e9 stanovi\u0161t\u011b<br \/>\n\u010cesk\u00e1 L\u00edpa vod\u00e1rna 92,7 MHz \/ 100 W, sou\u0159adnice WGS 84: 14 32 54 \/ 50 42 03.<br \/>\n&#8211; Rada v souladu s ustanoven\u00edm \u00a7 5 p\u00edsm. b), \u00a7 21 odst. 1 p\u00edsm. e), odst. 3 a odst. 6<br \/>\nz\u00e1kona \u010d. 231\/2001 Sb., o provozov\u00e1n\u00ed rozhlasov\u00e9ho a televizn\u00edho vys\u00edl\u00e1n\u00ed a o zm\u011bn\u011b<br \/>\ndal\u0161\u00edch z\u00e1kon\u016f, v platn\u00e9m zn\u011bn\u00ed (d\u00e1le jen \u201ez\u00e1kon \u010d. 231\/2001 Sb.\u201c), a ustanoven\u00edm \u00a7 67 a<br \/>\nn\u00e1sl. z\u00e1kona \u010d. 500\/2004 Sb., spr\u00e1vn\u00edho \u0159\u00e1du, v platn\u00e9m zn\u011bn\u00ed, vydala toto rozhodnut\u00ed:<br \/>\nRada ud\u011bluje provozovateli MEDIA BOHEMIA a.s., I\u010c: 26765586, se s\u00eddlem B\u011blehradsk\u00e1<br \/>\n299\/132, Vinohrady, 120 00 Praha 2, souhlas se zm\u011bnou skute\u010dnost\u00ed uveden\u00fdch v \u017e\u00e1dosti<br \/>\no licenci k provozov\u00e1n\u00ed rozhlasov\u00e9ho vys\u00edl\u00e1n\u00ed prost\u0159ednictv\u00edm vys\u00edla\u010d\u016f dle \u00a7 21 odst. 1<br \/>\np\u00edsm. e) z\u00e1kona \u010d. 231\/2001 Sb., spo\u010d\u00edvaj\u00edc\u00ed v p\u0159evodu 1 ks kmenov\u00e9 akcie na jm\u00e9no v<br \/>\nzaknihovan\u00e9 podob\u011b ve jmenovit\u00e9 hodnot\u011b 218 000 000,- K\u010d, kter\u00e1 odpov\u00edd\u00e1 100%<\/p>\n<p>z\u00e1kladn\u00edho kapit\u00e1lu provozovatele, ze spole\u010dnosti MEDIA BOHEMIA HOLDINGS<br \/>\nLIMITED, registra\u010dn\u00ed \u010d\u00edslo HE 179116, se s\u00eddlem 2001 Strovolos, Nicosia, Esperidon 5,<br \/>\n4th floor, Kypersk\u00e1 republika, na spole\u010dnost BRABEUM a.s., I\u010c: 08498121, se s\u00eddlem<br \/>\nB\u011blehradsk\u00e1 299\/132, Vinohrady, 120 00 Praha 2, nebo\u0165 tato zm\u011bna by nevedla k<br \/>\nneud\u011blen\u00ed licence na z\u00e1klad\u011b ve\u0159ejn\u00e9ho sly\u0161en\u00ed.<br \/>\n&#8211; Rada se sezn\u00e1mila s anal\u00fdzami obchodn\u00edch sd\u011blen\u00ed odvys\u00edlan\u00fdch provozovateli MEDIA<br \/>\nBOHEMIA a.s. (program Fajn radio; Prost\u011bjov 102,8 MHz) dne 19. \u0159\u00edjna 2022, Frekvence<br \/>\n1, a.s. (program FREKVENCE 1; Karlovy Vary 89,5 MHz) dne 19. \u0159\u00edjna 2022, R\u00e1dio<br \/>\nStudent, s.r.o. (program Free R\u00e1dio; Brno-Kohoutovice 107,0 MHz) dne 19. \u0159\u00edjna 2022,<br \/>\nRADIO UNITED BROADCASTING s.r.o. (program Radio Beat; Ostrava 90,4 MHz) dne<br \/>\n19. \u0159\u00edjna 2022, MEDIA BOHEMIA a.s. (program Hitr\u00e1dio \u010cern\u00e1 Hora, Trutnov 105,3 MHz)<br \/>\ndne 19. \u0159\u00edjna 2022 a RKR s.r.o. (program CLASSIC PRAHA; Praha 98,7 MHz) dne 19. \u0159\u00edjna<br \/>\n2022.<br \/>\n&#8211; Rada se sezn\u00e1mila s ozn\u00e1men\u00edm provozovatele Route Radio s.r.o., I\u010c: 27852474,<br \/>\ndoru\u010den\u00fdm Rad\u011b 12. \u0159\u00edjna 2022 pod \u010d.j. RRTV\/12032\/2022-vra, spo\u010d\u00edvaj\u00edc\u00edm v informaci o<br \/>\ntom, \u017ee dne 11. \u0159\u00edjna 2022 na kmito\u010dtu Horn\u00ed Her\u0161pice 94,1 MHz \/ 50 W zah\u00e1jil vys\u00edl\u00e1n\u00ed<br \/>\nprogramu R\u00e1dio D\u00e1lnice \u0161\u00ed\u0159en\u00e9ho prost\u0159ednictv\u00edm vys\u00edla\u010d\u016f na z\u00e1klad\u011b rozhodnut\u00ed Rady<br \/>\nsp.zn. RRTV\/2022\/503\/zab, \u010d.j. RRTV\/10903\/2022-vra ze dne 13. z\u00e1\u0159\u00ed 2022. Rada se<br \/>\nsezn\u00e1mila s ozn\u00e1men\u00edm provozovatele Route Radio s.r.o., I\u010c: 27852474, doru\u010den\u00fdm<br \/>\nRad\u011b 12. \u0159\u00edjna 2022 pod \u010d.j. RRTV\/12033\/2022-vra, spo\u010d\u00edvaj\u00edc\u00edm v informaci o tom, \u017ee dne<br \/>\n11. \u0159\u00edjna 2022 na kmito\u010dtu M\u011b\u0159\u00edn 94,7 MHz \/ 50 W zah\u00e1jil vys\u00edl\u00e1n\u00ed programu R\u00e1dio D\u00e1lnice<br \/>\n\u0161\u00ed\u0159en\u00e9ho prost\u0159ednictv\u00edm vys\u00edla\u010d\u016f na z\u00e1klad\u011b rozhodnut\u00ed Rady sp.zn.<br \/>\nRRTV\/2022\/505\/zab, \u010d.j. RRTV\/10923\/2022-vra ze dne 13. z\u00e1\u0159\u00ed 2022. Rada se sezn\u00e1mila<br \/>\ns ozn\u00e1men\u00edm provozovatele Route Radio s.r.o., I\u010c: 27852474, doru\u010den\u00fdm Rad\u011b 12. \u0159\u00edjna<br \/>\n2022 pod \u010d.j. RRTV\/12034\/2022-vra, spo\u010d\u00edvaj\u00edc\u00edm v informaci o tom, \u017ee dne 11. \u0159\u00edjna 2022<br \/>\nna kmito\u010dtu M\u00fdto 92,0 MHz \/ 50 W zah\u00e1jil vys\u00edl\u00e1n\u00ed programu R\u00e1dio D\u00e1lnice \u0161\u00ed\u0159en\u00e9ho<br \/>\nprost\u0159ednictv\u00edm vys\u00edla\u010d\u016f na z\u00e1klad\u011b rozhodnut\u00ed Rady sp.zn. RRTV\/2022\/507\/zab, \u010d.j.<br \/>\nRRTV\/10905\/2022-vra ze dne 13. z\u00e1\u0159\u00ed 2022. Rada se sezn\u00e1mila s ozn\u00e1men\u00edm<br \/>\nprovozovatele Route Radio s.r.o., I\u010c: 27852474, doru\u010den\u00fdm Rad\u011b 12. \u0159\u00edjna 2022 pod \u010d.j.<br \/>\nRRTV\/12035\/2022-vra, spo\u010d\u00edvaj\u00edc\u00edm v informaci o tom, \u017ee dne 11. \u0159\u00edjna 2022 na kmito\u010dtu<br \/>\n\u00dast\u00ed nad Labem P\u0159edlice 101,2 MHz \/ 100 W zah\u00e1jil vys\u00edl\u00e1n\u00ed programu R\u00e1dio D\u00e1lnice<br \/>\n\u0161\u00ed\u0159en\u00e9ho prost\u0159ednictv\u00edm vys\u00edla\u010d\u016f na z\u00e1klad\u011b rozhodnut\u00ed Rady sp.zn.<br \/>\nRRTV\/2022\/504\/zab, \u010d.j. RRTV\/10925\/2022-vra ze dne 13. z\u00e1\u0159\u00ed 2022. Rada se sezn\u00e1mila<br \/>\ns ozn\u00e1men\u00edm provozovatele JUKE BOX, spol. s r.o. I\u010c: 25396676, doru\u010den\u00fdm Rad\u011b<br \/>\n12. \u0159\u00edjna 2022 pod \u010d.j. RRTV\/12036\/2022-vra, spo\u010d\u00edvaj\u00edc\u00edm v informaci o tom, \u017ee dne<br \/>\n11. \u0159\u00edjna 2022 na kmito\u010dtech Vset\u00edn 96,1 MHz \/ 100 W a Vset\u00edn 2 106,7 MHz 100 W zah\u00e1jil<br \/>\nvys\u00edl\u00e1n\u00ed programu RADIO \u010cAS-FM \u0161\u00ed\u0159en\u00e9ho prost\u0159ednictv\u00edm vys\u00edla\u010d\u016f na z\u00e1klad\u011b<br \/>\nrozhodnut\u00ed Rady sp.zn. RRTV\/2022\/651\/zab, \u010d.j. RRTV\/10908\/2022-vra ze dne 13. z\u00e1\u0159\u00ed<br \/>\n2022 a rozhodnut\u00ed Rady sp.zn. RRTV\/2022\/650\/zab, \u010d.j. RRTV\/10920\/2022-vra ze dne<br \/>\n13. z\u00e1\u0159\u00ed 2022.<br \/>\n&#8211; Rada se sezn\u00e1mila se st\u00ed\u017enost\u00ed (\u010d. j. RRTV\/11015\/2022-vra) poslucha\u010de na report\u00e1\u017e o<br \/>\nn\u00e1sledc\u00edch \u00fatok\u016f rusk\u00e9 arm\u00e1dy na pal\u00e1c oblastn\u00ed spr\u00e1vy a s\u00eddlo parlamentu Charkovsk\u00e9<br \/>\noblasti na Ukrajin\u011b kter\u00e1 byla odvys\u00edl\u00e1na dne 18. z\u00e1\u0159\u00ed na programu \u010cRo Radio\u017eurn\u00e1l. Rada<br \/>\nse sezn\u00e1mila se st\u00ed\u017enost\u00ed (\u010d. j. RRTV\/11385\/2022-vra) poslucha\u010de na \u00fadajn\u011b nevyv\u00e1\u017eenou<br \/>\nepizodu po\u0159adu Rann\u00ed interview, kterou dne 26. z\u00e1\u0159\u00ed 2022 vys\u00edlal program \u010cRo<br \/>\nRadio\u017eurn\u00e1l. Rada se sezn\u00e1mila se st\u00ed\u017enost\u00ed (\u010d. j. RRTV\/12153\/2022-vra) poslucha\u010dky na<br \/>\n\u00fadajn\u011b neobjektivn\u00ed rozhovor, kter\u00fd dne 17. \u0159\u00edjna 2022 vys\u00edlal program \u010cRo Plus. Rada se<br \/>\nsezn\u00e1mila se st\u00ed\u017enost\u00ed (\u010d. j. RRTV\/12027\/2022-vra) poslucha\u010de na vulgarismy, kter\u00e9 m\u011bl<br \/>\ndne 11. \u0159\u00edjna 2022 odvys\u00edlat program Evropa 2. Rada se sezn\u00e1mila s pod\u00e1n\u00edm \u010d.j.<\/p>\n<p>RRTV\/11956\/RRTV-vra ze dne 1. z\u00e1\u0159\u00ed 2022 ve v\u011bci p\u0159\u00edpadn\u00e9ho poru\u0161en\u00ed z\u00e1kona<br \/>\n\u010d. 231\/2001 Sb., o provozov\u00e1n\u00ed rozhlasov\u00e9ho a televizn\u00edho vys\u00edl\u00e1n\u00ed.<br \/>\n&#8211; Rada v r\u00e1mci sv\u00e9 p\u016fsobnosti dan\u00e9 ustanoven\u00edm \u00a7 5 p\u00edsm. a) a f) a \u00a7 59 odst. 1-3 z\u00e1kona<br \/>\n\u010d. 231\/2001 Sb., o provozov\u00e1n\u00ed rozhlasov\u00e9ho a televizn\u00edho vys\u00edl\u00e1n\u00ed a o zm\u011bn\u011b dal\u0161\u00edch<br \/>\nz\u00e1kon\u016f (d\u00e1le jen z\u00e1kon \u010d. 231\/2001 Sb.), v platn\u00e9m zn\u011bn\u00ed, upozor\u0148uje provozovatele<br \/>\n\u010cesk\u00fd rozhlas, I\u010c 45245053, se s\u00eddlem Vinohradsk\u00e1 12, 120 00 Praha 2, na poru\u0161en\u00ed<br \/>\nustanoven\u00ed \u00a7 32 odst. 1 p\u00edsm. g) z\u00e1kona \u010d. 231\/2001 Sb., kter\u00e9ho se dopustil t\u00edm, \u017ee dne<br \/>\n18. z\u00e1\u0159\u00ed 2022 od 9:37 hodin na programu \u010cesk\u00fd rozhlas Radio\u017eurn\u00e1l odvys\u00edlal report\u00e1\u017e,<br \/>\nkter\u00e1 obsahovala velmi realistick\u00fd popis toho, jak do\u0161lo ke smrti \u010di zran\u011bn\u00ed lid\u00ed v pal\u00e1ci<br \/>\noblastn\u00ed spr\u00e1vy a s\u00eddla parlamentu Charkovsk\u00e9 oblasti na Ukrajin\u011b, \u010d\u00edm\u017e poru\u0161il povinnost<br \/>\nneza\u0159azovat v dob\u011b od 06.00 hodin do 22.00 hodin do vys\u00edl\u00e1n\u00ed po\u0159ady, kter\u00e9 by mohly<br \/>\nnaru\u0161it fyzick\u00fd, psychick\u00fd nebo mravn\u00ed v\u00fdvoj nezletil\u00fdch osob. Rada stanovuje lh\u016ftu k<br \/>\nn\u00e1prav\u011b 7 dn\u00ed ode dne doru\u010den\u00ed upozorn\u011bn\u00ed.<br \/>\n&#8211; Rada v r\u00e1mci sv\u00e9 p\u016fsobnosti dan\u00e9 ustanoven\u00edm \u00a7 5 p\u00edsm. a) z\u00e1kona \u010d. 231\/2001 Sb.,<br \/>\no provozov\u00e1n\u00ed rozhlasov\u00e9ho a televizn\u00edho vys\u00edl\u00e1n\u00ed a o zm\u011bn\u011b dal\u0161\u00edch z\u00e1kon\u016f (d\u00e1le jen<br \/>\n\u201ez\u00e1kon \u010d. 231\/2001 Sb.\u201c), a na z\u00e1klad\u011b ustanoven\u00ed \u00a7 137 odst. 1 z\u00e1kona \u010d. 500\/2004 Sb.,<br \/>\nspr\u00e1vn\u00ed \u0159\u00e1d, \u017e\u00e1d\u00e1 provozovatele \u010cesk\u00fd rozhlas, I\u010c 45245053, se s\u00eddlem Vinohradsk\u00e1 12,<br \/>\nPS\u010c 120 99 Praha 2, o vysv\u011btlen\u00ed k epizod\u011b po\u0159adu Zlat\u00e9 \u010dasy, kter\u00e1 byla odvys\u00edl\u00e1na na<br \/>\nprogramu \u010cRo Dvojka dne 9. \u0159\u00edjna 2022, a to pro\u010d v r\u00e1mci po\u0159adu do\u0161lo v \u010dase od 10:51<br \/>\ndo 10:54 hod k propagaci slu\u017eby pron\u00e1jmu historick\u00fdch tramvaj\u00ed, kdy by se mohlo jednat o<br \/>\nporu\u0161en\u00ed ustanoven\u00ed \u00a7 48 odst. 1 p\u00edsm. h) z\u00e1kona \u010d. 231\/2001 Sb., dle kter\u00e9ho je<br \/>\nprovozovatel vys\u00edl\u00e1n\u00ed povinen neza\u0159azovat do vys\u00edl\u00e1n\u00ed skryt\u00e1 obchodn\u00ed sd\u011blen\u00ed.<br \/>\nTELEVIZN\u00cd VYS\u00cdL\u00c1N\u00cd<br \/>\n&#8211; Rada ud\u011bluje spole\u010dnosti TV Extra Partners s.r.o., I\u010c: 17336724, se s\u00eddlem Hole\u010dkova<br \/>\n789\/49, Praha 5 Sm\u00edchov 150 00, podle \u00a7 25 z\u00e1kona \u010d. 231\/2001 licenci k provozov\u00e1n\u00ed<br \/>\ntelevizn\u00edho vys\u00edl\u00e1n\u00ed \u0161\u00ed\u0159en\u00e9ho prost\u0159ednictv\u00edm kabelov\u00fdch syst\u00e9m\u016f na dobu 12 let, ozna\u010den\u00ed<br \/>\n(n\u00e1zev) programu: DVTV Extra; z\u00e1kladn\u00ed programov\u00e1 specifikace: publicistick\u00fd program<br \/>\nspecificky zam\u011b\u0159en\u00fd na politick\u00e9, ekonomick\u00e9, kulturn\u00ed a spole\u010densk\u00e9 d\u011bn\u00ed v \u010cesk\u00e9<br \/>\nrepublice a ve sv\u011bt\u011b; \u010dasov\u00fd rozsah vys\u00edl\u00e1n\u00ed: 24 h denn\u011b; \u00fazemn\u00ed rozsah vys\u00edlan\u00ed: \u010cesk\u00e1<br \/>\nrepublika, katastr\u00e1ln\u00ed \u00fazem\u00ed \u010cesk\u00e9 republiky podle vyhl\u00e1\u0161ky \u010d. 298\/2014 Sb., o stanoven\u00ed<br \/>\nseznamu katastr\u00e1ln\u00edch \u00fazem\u00ed s p\u0159i\u0159azen\u00fdmi pr\u016fm\u011brn\u00fdmi z\u00e1kladn\u00edmi cenami zem\u011bd\u011blsk\u00fdch<br \/>\npozemk\u016f, v platn\u00e9m zn\u011bn\u00ed a v\u0161echny okresy podle z\u00e1kona \u010d. 36\/1960 Sb., o \u00fazemn\u00edm<br \/>\n\u010dlen\u011bn\u00ed st\u00e1tu, v platn\u00e9m zn\u011bn\u00ed; hlavn\u00ed jazyk vys\u00edl\u00e1n\u00ed: \u010desk\u00fd; v rozsahu dle \u017e\u00e1dosti doru\u010den\u00e9<br \/>\ndne 21. z\u00e1\u0159\u00ed 2022, \u010d.j. RRTV\/11224\/2022-vra, ve zn\u011bn\u00ed dopln\u011bn\u00ed ze dne 12. \u0159\u00edjna 2022, \u010d.j.<br \/>\nRRTV\/12056\/2022-vra.<br \/>\n&#8211; Rada ud\u011bluje spole\u010dnosti Stanice O, a.s., I\u010c 265 09 911, se s\u00eddlem Karla Engli\u0161e<br \/>\n519\/11, Sm\u00edchov, 150 00 Praha 5, podle \u00a7 25 z\u00e1kona \u010d. 231\/2001 Sb., licenci k<br \/>\nprovozov\u00e1n\u00ed celoplo\u0161n\u00e9ho televizn\u00edho vys\u00edl\u00e1n\u00ed \u0161\u00ed\u0159en\u00e9ho prost\u0159ednictv\u00edm zvl\u00e1\u0161tn\u00edch<br \/>\np\u0159enosov\u00fdch syst\u00e9m\u016f na 12 let; ozna\u010den\u00ed (n\u00e1zev) programu: O (\u00d3\u010dko); z\u00e1kladn\u00ed<br \/>\nprogramov\u00e1 specifikace: Hudebn\u00ed televizn\u00ed program; \u00fazemn\u00ed rozsah vys\u00edl\u00e1n\u00ed: \u010cesk\u00e1<br \/>\nrepublika; hlavn\u00ed jazyk vys\u00edl\u00e1n\u00ed: \u010desk\u00fd jazyk; \u010dasov\u00fd rozsah vys\u00edl\u00e1n\u00ed: 24 hodin denn\u011b;<br \/>\nspecifikace p\u0159enosov\u00e9ho syst\u00e9mu: internet; informace o p\u0159\u00edstupu k vys\u00edl\u00e1n\u00ed: www.ocko.tv;<br \/>\nv rozsahu \u017e\u00e1dosti doru\u010den\u00e9 Rad\u011b dne 9. listopadu 2018, pod \u010d.j. RRTV\/19266\/2018-vra,<br \/>\nve zn\u011bn\u00ed up\u0159esn\u011bn\u00ed ze dne 20. listopadu 2018, \u010d.j. RRTV\/19791\/2018-vra.<br \/>\n&#8211; Rada ud\u011bluje provozovateli, spole\u010dnosti ZAK TV s.r.o., I\u010c: 648 35 669, se s\u00eddlem<br \/>\nProkopova 166\/26, Ji\u017en\u00ed P\u0159edm\u011bst\u00ed, 301 00 Plze\u0148, souhlas podle \u00a7 21 odst. 1 p\u00edsm. e) a<br \/>\nodst. 7 z\u00e1kona \u010d. 231\/2001 Sb., se zm\u011bnou skute\u010dnost\u00ed uveden\u00fdch v \u017e\u00e1dosti o licenci, \u010d. j.:<br \/>\nRRTV\/14200\/2020-smu, sp. zn.: RRTV\/2020\/666\/smu, ze dne 13. \u0159\u00edjna 2020, a to: 1) s<\/p>\n<p>p\u0159evodem 20% obchodn\u00edho pod\u00edlu spole\u010dn\u00edka VERSADO s.r.o., I\u010c: 279 91 083, se s\u00eddlem<br \/>\nStudentsk\u00e1 2241\/103, Bolevec, 323 00 Plze\u0148, kter\u00fd odpov\u00edd\u00e1 vkladu do z\u00e1kladn\u00edho<br \/>\nkapit\u00e1lu ve v\u00fd\u0161i 40.000,- K\u010d (\u010dty\u0159icet tis\u00edc korun \u010desk\u00fdch) a rozsahu 20% hlasovac\u00edch pr\u00e1v,<br \/>\nna t\u0159et\u00ed osobu &#8211; obchodn\u00ed spole\u010dnost Primetime Media s.r.o., I\u010cO: 108 78 564, se s\u00eddlem<br \/>\nNa pomez\u00ed 1333\/38, Ko\u0161\u00ed\u0159e, 150 00 Praha 5; 2) se zm\u011bnou zp\u016fsobu rozd\u011blen\u00ed hlasovac\u00edch<br \/>\npr\u00e1v, vkladu jednotliv\u00fdch spole\u010dn\u00edk\u016f, v\u00fd\u0161e jejich obchodn\u00edch pod\u00edl\u016f, se zm\u011bnou seznamu<br \/>\nspole\u010dn\u00edk\u016f a se zm\u011bnou spole\u010densk\u00e9 smlouvy, v rozsahu \u017e\u00e1dosti ze dne 13. \u0159\u00edjna 2022,<br \/>\n\u010d. j.: RRTV\/12110\/2022-vra.<br \/>\n&#8211; Rada ud\u011bluje provozovateli, spole\u010dnosti RTM plus Liberecko s.r.o., I\u010c: 174 45 663, se<br \/>\ns\u00eddlem Mr\u0161t\u00edkova 399\/2a, Liberec III-Je\u0159\u00e1b, 460 07 Liberec, souhlas se zm\u011bnou<br \/>\nskute\u010dnost\u00ed uveden\u00fdch v \u017e\u00e1dosti o licenci, \u010d.j.: RRTV\/11918\/2022-fia, sp. zn.:<br \/>\nRRTV\/2022\/911\/fia, ze dne 4. \u0159\u00edjna 2022, podle \u00a7 21 odst. 1 p\u00edsm. e) z\u00e1kona \u010d. 231\/2001<br \/>\nSb., spo\u010d\u00edvaj\u00edc\u00ed ve zm\u011bn\u011b spole\u010densk\u00e9 smlouvy, v rozsahu \u017e\u00e1dosti ze dne 5. \u0159\u00edjna 2022,<br \/>\n\u010d.j.: RRTV\/11865\/2022-vra.<br \/>\n&#8211; Rada v r\u00e1mci sv\u00e9 p\u016fsobnosti dan\u00e9 ustanoven\u00edm \u00a7 5 p\u00edsm. a) z\u00e1kona \u010d. 231\/2001 Sb.,<br \/>\na v souladu s ustanoven\u00edm \u00a7 137 odst. 1 z\u00e1kona \u010d. 500\/2004 Sb., \u017e\u00e1d\u00e1 spole\u010dnost<br \/>\nOd\u0161t\u011bpn\u00fd z\u00e1vod FBC MEDIA s.r.o., I\u010c 075 03 326, se s\u00eddlem Korunn\u00ed 2569\/108g,<br \/>\nVinohrady, 101 00 Praha 10, o pod\u00e1n\u00ed vysv\u011btlen\u00ed, z jak\u00e9ho d\u016fvodu Radu neinformoval o<br \/>\nskute\u010dnosti, \u017ee dne 31. srpna 2022 neobnovil Radou dne 22. \u00fanora 2022 schv\u00e1len\u00e9<br \/>\np\u0159eru\u0161en\u00e9 vys\u00edl\u00e1n\u00ed programu GALERIE a v rozporu s ud\u011blenou licenc\u00ed, \u010d.j.<br \/>\nRRTV\/19133\/2018-fia, spis. zn.: RRTV\/2018\/899\/fia, ze dne 6. listopadu 2018, nevys\u00edl\u00e1.<br \/>\nRada stanovuje lh\u016ftu k pod\u00e1n\u00ed vysv\u011btlen\u00ed 30 dn\u00ed ode dne doru\u010den\u00ed t\u00e9to v\u00fdzvy.<br \/>\n&#8211; Rada zastavuje podle \u00a7 66 odst. 1, p\u00edsm. b) z\u00e1kona \u010d. 500\/2004 Sb., \u0159\u00edzen\u00ed o \u017e\u00e1dosti<br \/>\nprovozovatele televizn\u00edho vys\u00edl\u00e1n\u00ed \u0161\u00ed\u0159en\u00e9ho prost\u0159ednictv\u00edm vys\u00edla\u010d\u016f (licence \u010d. j.:<br \/>\nzem\/109\/2013, ze dne 4. ledna 2013 a licence \u010d. j.: RRTV\/12202\/2019-smu, ze dne 15.<br \/>\n\u0159\u00edjna 2019) a provozovatele p\u0159evzat\u00e9ho vys\u00edl\u00e1n\u00ed \u0161\u00ed\u0159en\u00e9ho prost\u0159ednictv\u00edm vys\u00edla\u010d\u016f<br \/>\n(registrace \u010d. j.: zem\/2623\/2012, ze dne 31. \u010dervence 2012), Digital Broadcasting s.r.o.,<br \/>\nI\u010c: 268 39 407, se s\u00eddlem Stavebn\u00ed 992\/1, Poruba, 708 00 Ostrava, ze dne 12. \u0159\u00edjna 2022,<br \/>\n\u010d. j.: RRTV\/12065\/2022-vra, o souhlas dle ustanoven\u00ed \u00a7 21 odst. 1 p\u00edsm. e) a odst. 7<br \/>\nz\u00e1kona \u010d. 231\/2001 Sb. (licence) a dle ustanoven\u00ed \u00a7 29 odst. 1, p\u00edsm. b) z\u00e1kona<br \/>\n\u010d. 231\/2001 Sb. (registrace), nebo\u0165 byla pod\u00e1na \u017e\u00e1dost zjevn\u011b pr\u00e1vn\u011b nep\u0159\u00edpustn\u00e1.<br \/>\n&#8211; Rada v r\u00e1mci sv\u00e9 kompetence dan\u00e9 ustanoven\u00edm \u00a7 5 p\u00edsm. a) a f), \u00a7 59 odst. 1 &#8211; 3<br \/>\nz\u00e1kona \u010d. 231\/2001 Sb., upozor\u0148uje provozovatele televizn\u00edho vys\u00edl\u00e1n\u00ed \u0161\u00ed\u0159en\u00e9ho<br \/>\nprost\u0159ednictv\u00edm vys\u00edla\u010d\u016f (licence \u010d. j.: zem\/109\/2013, ze dne 4. ledna 2013 a licence \u010d. j.:<br \/>\nRRTV\/12202\/2019-smu, ze dne 15. \u0159\u00edjna 2019) a provozovatele p\u0159evzat\u00e9ho vys\u00edl\u00e1n\u00ed<br \/>\n\u0161\u00ed\u0159en\u00e9ho prost\u0159ednictv\u00edm vys\u00edla\u010d\u016f (registrace \u010d. j.: zem\/2623\/2012, ze dne 31. \u010dervence<br \/>\n2012) Digital Broadcasting s.r.o., I\u010c: 268 39 407, se s\u00eddlem Stavebn\u00ed 992\/1, Poruba,<br \/>\n708 00 Ostrava, na poru\u0161en\u00ed ustanoven\u00ed \u00a7 21 odst. 1 p\u00edsm. e) a odst. 7 z\u00e1kona \u010d. 231\/2001<br \/>\nSb. (licence), kter\u00e9ho se dopustil t\u00edm, \u017ee p\u0159edem nepo\u017e\u00e1dal Radu o p\u00edsemn\u00fd souhlas s<br \/>\np\u0159evodem pod\u00edlu na t\u0159et\u00ed osobu ve spole\u010dnosti provozovatele televizn\u00edho vys\u00edl\u00e1n\u00ed s licenc\u00ed<br \/>\na na poru\u0161en\u00ed ustanoven\u00ed \u00a7 29 odst. 1, p\u00edsm. b) z\u00e1kona \u010d. 231\/2001 Sb., v p\u0159ihl\u00e1\u0161ce k<br \/>\nregistraci, kter\u00e9ho se provozovatel dopustil t\u00edm, \u017ee p\u0159edem neozn\u00e1mil Rad\u011b zm\u011bnu<br \/>\nseznamu spole\u010dn\u00edk\u016f. Rada stanov\u00ed provozovateli lh\u016ftu k n\u00e1prav\u011b 30 dn\u016f ode dne doru\u010den\u00ed<br \/>\ntohoto upozorn\u011bn\u00ed.<br \/>\n&#8211; Rada registruje provozovateli p\u0159evzat\u00e9ho rozhlasov\u00e9ho a televizn\u00ed vys\u00edl\u00e1n\u00ed<br \/>\nprost\u0159ednictv\u00edm kabelov\u00fdch syst\u00e9m\u016f (\u010d.j. RRTV\/3740\/2015-SMU, spis. zn.:<br \/>\n2015\/859\/SMU\/Nej ze dne 20. \u0159\u00edjna 2015), Nej.cz s.r.o., I\u010c: 032 13 595, se s\u00eddlem<br \/>\nKaplanova 2252\/8, 148 00 Praha 4, zm\u011bnu registrace spo\u010d\u00edvaj\u00edc\u00ed v roz\u0161\u00ed\u0159en\u00ed registrace o<br \/>\n5<br \/>\nzvl\u00e1\u0161tn\u00ed p\u0159enosov\u00e9 syst\u00e9my, \u010d\u00edm\u017e se m\u011bn\u00ed \u00fazemn\u00ed rozsah dle \u00a7 29 odst. 1 p\u00edsm. d) z\u00e1kona<br \/>\n\u010d. 231\/2001 Sb., v rozsahu dle \u017e\u00e1dosti ze dne 15. z\u00e1\u0159\u00ed 2022, \u010d.j.: RRTV\/10928\/2022-vra.<br \/>\n&#8211; Rada se dle \u00a7 29 odst. 3 z\u00e1kona \u010d. 231\/2001 Sb., sezn\u00e1mila s ozn\u00e1men\u00edm<br \/>\nprovozovatele Digital Broadcasting s.r.o., I\u010c 268 39 407, se s\u00eddlem: Stavebn\u00ed 992\/1,<br \/>\nPoruba, 708 00 Ostrava, o zm\u011bn\u011b skute\u010dnost\u00ed uveden\u00fdch v p\u0159ihl\u00e1\u0161ce k registraci<br \/>\np\u0159evzat\u00e9ho vys\u00edl\u00e1n\u00ed \u0161\u00ed\u0159en\u00e9ho prost\u0159ednictv\u00edm vys\u00edla\u010d\u016f, registrace \u010d.j.: zem\/2623\/2012, sp.<br \/>\nzn.: 2012\/503\/zem\/Dig, ze dne 31. \u010dervence 2012, spo\u010d\u00edvaj\u00edc\u00edm v roz\u0161\u00ed\u0159en\u00ed programov\u00e9<br \/>\nnab\u00eddky od 8. \u0159\u00edjna 2022 o zahrani\u010dn\u00ed televizn\u00ed program \u0160L\u00c1GER MUZIKA , dle ozn\u00e1men\u00ed<br \/>\nze dne 10. \u0159\u00edjna 2022, \u010d.j.: RRTV\/11951\/2022-vra.<br \/>\n&#8211; Rada se sezn\u00e1mila s t\u011bmito pod\u00e1n\u00edmi, t\u00fdkaj\u00edc\u00edmi se televizn\u00edho vys\u00edl\u00e1n\u00ed, a doru\u010den\u00fdmi<br \/>\nv obdob\u00ed od 10. do 20. \u0159\u00edjna 2022 (celkem 16 pod\u00e1n\u00ed): \u010cesk\u00e1 televize \/ \u010cT2- Nedej se, 2.<br \/>\n10. 2022 od 11.25, respektive rubrika Ob\u010dansk\u00e9 noviny od 11:47; FTV Prima, spol. s r.o. \/<br \/>\nCNN Prima News &#8211; Nov\u00fd den, 19. 10. 2022 od 2:27 hodin, ozna\u010den\u00ed piktogramem PP;<br \/>\n\u010cesk\u00e1 televize \/ \u010cT24 &#8211; vys\u00edl\u00e1n\u00ed tiskov\u00fdch konferenc\u00ed parlamentn\u00edch stran, 11. 10. 2022;<br \/>\nFTV Prima, spol. s r.o. \/ Prima, Prima STAR, Prima MAX Prima Cool a TV Nova, s r. o. \/<br \/>\nTV Nova, vulgarismy; FTV Prima, spol. s r.o. \/ obsah \u0161\u00ed\u0159en\u00fd prost\u0159ednictv\u00edm soci\u00e1ln\u00ed s\u00edt\u011b;<br \/>\nBarrandov Televizn\u00ed Studio a.s. \/ Televize Barrandov, KINO BARRANDOV, BARRANDOV<br \/>\nKRIMI- podm\u00ednky licence; FTV Prima, spol. s r.o. \/ Prima &#8211; hlasitost reklamy; POLAR<br \/>\ntelevize Ostrava, s.r.o. \/ POLAR &#8211; Rychvaldsk\u00fd miniexpres, 21. 9. od 16:28 hodin; \u010cesk\u00e1<br \/>\ntelevize &#8211; objektivita a vyv\u00e1\u017eenost p\u0159edvolebn\u00edho vys\u00edl\u00e1n\u00ed; \u010cesk\u00e1 televize &#8211; \u010cT24,<br \/>\ninformov\u00e1n\u00ed o demonstraci odbor\u016f dne 8. 10. 2022; \u010cesk\u00e1 televize \/ Genderov\u00e1<br \/>\nnevyv\u00e1\u017eenost vys\u00edl\u00e1n\u00ed; Vys\u00edl\u00e1n\u00ed film\u016f p\u0159ed 22. hodinou; \u010ceskoslovensk\u00e1 filmov\u00e1<br \/>\nspole\u010dnost, s.r.o. \u00fa CS film, Kr\u00e1ska v nesn\u00e1z\u00edch, 10. 10. 2022 od 16:00 hodin; ViacomCBS<br \/>\nNetworks International Czech s.r.o. \/ Paramount Network a AMC Networks Central Europe<br \/>\ns.r.o. \/ AMC &#8211; vulgarismy.<br \/>\n&#8211; Rada v r\u00e1mci sv\u00e9 kompetence dan\u00e9 \u00a7 5 p\u00edsm. a) z\u00e1kona \u010d. 231\/2001 Sb., o provozov\u00e1n\u00ed<br \/>\nrozhlasov\u00e9ho a televizn\u00edho vys\u00edl\u00e1n\u00ed a o zm\u011bn\u011b dal\u0161\u00edch z\u00e1kon\u016f, v platn\u00e9m zn\u011bn\u00ed (d\u00e1le jen<br \/>\n\u201ez\u00e1kon \u010d. 231\/2001 Sb.\u201c) a v souladu s ustanoven\u00edm \u00a7 137 odst. 1 z\u00e1kona \u010d. 500\/2004 Sb.,<br \/>\nspr\u00e1vn\u00ed \u0159\u00e1d, (d\u00e1le jen \u201ez\u00e1kon \u010d. 500\/2004 Sb.\u201c) \u017e\u00e1d\u00e1 provozovatele vys\u00edl\u00e1n\u00ed \u010cesk\u00e1 televize,<br \/>\nI\u010c 00027383, s\u00eddlem Na h\u0159ebenech II 1132\/4, Praha 4, PS\u010c 14700, o pod\u00e1n\u00ed vysv\u011btlen\u00ed k<br \/>\nobsahu po\u0159adu Nedej se!, odvys\u00edlan\u00e9mu dne 2. \u0159\u00edjna 2022 od 11:25 hod. na programu<br \/>\n\u010cT2, respektive rubrice Ob\u010dansk\u00e9 noviny s n\u00e1zvem Otr\u00e1ven\u00fd vzduch v \u017delezn\u00fdch hor\u00e1ch,<br \/>\nza\u0159azen\u00e9 od 11:47 hodin: Z jak\u00e9ho d\u016fvodu byl v report\u00e1\u017ei poskytnut prostor k vyj\u00e1d\u0159en\u00ed<br \/>\npouze jedn\u00e9 stran\u011b sporu, p\u0159i\u010dem\u017e absentovalo jak\u00e9koli vyj\u00e1d\u0159en\u00ed protistrany, jej\u00ed\u017e z\u00e1stupci<br \/>\nnebyli ani osloveni, a ani nebyl jejich postoj \u017e\u00e1dn\u00fdm zp\u016fsobem autory report\u00e1\u017ee<br \/>\nprezentov\u00e1n ani zm\u00edn\u011bn. Rada stanovuje lh\u016ftu k pod\u00e1n\u00ed vysv\u011btlen\u00ed 30 dn\u00ed ode dne<br \/>\ndoru\u010den\u00ed t\u00e9to v\u00fdzvy.<br \/>\n&#8211; Rada v r\u00e1mci sv\u00e9 p\u016fsobnosti dan\u00e9 ustanoven\u00edm \u00a7 5 p\u00edsm. a) a f) a \u00a7 59 odst. 1-3 z\u00e1kona<br \/>\n\u010d. 231\/2001 Sb., o provozov\u00e1n\u00ed rozhlasov\u00e9ho a televizn\u00edho vys\u00edl\u00e1n\u00ed a o zm\u011bn\u011b dal\u0161\u00edch<br \/>\nz\u00e1kon\u016f (d\u00e1le jen \u201ez\u00e1kon \u010d. 231\/2001 Sb.\u201c), v platn\u00e9m zn\u011bn\u00ed, upozor\u0148uje provozovatele<br \/>\nFTV Prima, spol. s r.o., I\u010c 48115908, s\u00eddlem Vinohradsk\u00e1 3217\/167, Stra\u0161nice, 100 00<br \/>\nPraha 10, na poru\u0161en\u00ed ustanoven\u00ed \u00a7 53a odst. 3 z\u00e1kona \u010d. 231\/2001 Sb., jeho\u017e se dopustil<br \/>\nodvys\u00edl\u00e1n\u00edm po\u0159adu Nov\u00fd den dne 19. \u0159\u00edjna 2022 od 1:27 hodin na programu CNN Prima<br \/>\nNews, nebo\u0165 po\u0159ad byl jako\u017eto po\u0159ad obsahuj\u00edc\u00ed um\u00edst\u011bn\u00ed produktu ozna\u010den piktogramem<br \/>\nPP na sv\u00e9m za\u010d\u00e1tku a na konci, ale po p\u0159eru\u0161en\u00ed v \u010dase 2:54 hod. ozna\u010den\u00ed PP<br \/>\nabsentovalo. T\u00edm do\u0161lo k poru\u0161en\u00ed povinnosti, \u017ee po\u0159ady obsahuj\u00edc\u00ed um\u00edst\u011bn\u00ed produktu<br \/>\nmusej\u00ed b\u00fdt na za\u010d\u00e1tku, na konci a v p\u0159\u00edpad\u011b p\u0159eru\u0161en\u00ed reklamou nebo teleshoppingov\u00fdmi<br \/>\n\u0161oty rovn\u011b\u017e po tomto p\u0159eru\u0161en\u00ed z\u0159eteln\u011b ozna\u010deny jako po\u0159ady obsahuj\u00edc\u00ed um\u00edst\u011bn\u00ed<br \/>\nproduktu, aby div\u00e1ci nemohli b\u00fdt \u017e\u00e1dn\u00fdm zp\u016fsobem uvedeni v omyl o povaze t\u011bchto<br \/>\npo\u0159ad\u016f. Rada stanovuje lh\u016ftu k n\u00e1prav\u011b 7 dn\u016f od doru\u010den\u00ed upozorn\u011bn\u00ed.<\/p>\n<p>&#8211; Rada v r\u00e1mci sv\u00e9 kompetence dan\u00e9 \u00a7 5 p\u00edsm. a) z\u00e1kona \u010d. 231\/2001 Sb., o provozov\u00e1n\u00ed<br \/>\nrozhlasov\u00e9ho a televizn\u00edho vys\u00edl\u00e1n\u00ed a o zm\u011bn\u011b dal\u0161\u00edch z\u00e1kon\u016f, v platn\u00e9m zn\u011bn\u00ed (d\u00e1le jen<br \/>\n\u201ez\u00e1kon \u010d. 231\/2001 Sb.\u201c) a v souladu s ustanoven\u00edm \u00a7 137 odst. 1 z\u00e1kona \u010d. 500\/2004 Sb.,<br \/>\nspr\u00e1vn\u00ed \u0159\u00e1d, (d\u00e1le jen \u201ez\u00e1kon \u010d. 500\/2004 Sb.\u201c) \u017e\u00e1d\u00e1 provozovatele vys\u00edl\u00e1n\u00ed \u010cesk\u00e1 televize,<br \/>\nI\u010c 00027383, s\u00eddlem Na h\u0159ebenech II 1132\/4, Praha 4, PS\u010c 14700, o pod\u00e1n\u00ed vysv\u011btlen\u00ed k<br \/>\nobsahu vys\u00edl\u00e1n\u00ed programu \u010cT24 v poledn\u00edch a odpoledn\u00edch hodin\u00e1ch dne 11. \u0159\u00edjna 2022:<br \/>\nPro\u010d byla odvys\u00edl\u00e1na tiskov\u00e1 konference hnut\u00ed SPD ve zkr\u00e1cen\u00e9 podob\u011b, pouze<br \/>\nnovin\u00e1\u0159sk\u00e9 dotazy, jestli\u017ee tiskov\u00e9 konference v\u0161ech ostatn\u00edch stran a hnut\u00ed byly<br \/>\nodvys\u00edl\u00e1ny v pln\u00e9 d\u00e9lce a v kompletn\u00ed podob\u011b, a\u0165 u\u017e v p\u0159\u00edm\u00e9m p\u0159enosu, nebo ze z\u00e1znamu.<br \/>\nRada stanovuje lh\u016ftu k pod\u00e1n\u00ed vysv\u011btlen\u00ed 30 dn\u00ed ode dne doru\u010den\u00ed t\u00e9to v\u00fdzvy.<br \/>\n&#8211; Rada v r\u00e1mci sv\u00e9 kompetence dan\u00e9 \u00a7 5 p\u00edsm. a) a f) z\u00e1kona \u010d. 231\/2001 Sb., o<br \/>\nprovozov\u00e1n\u00ed rozhlasov\u00e9ho a televizn\u00edho vys\u00edl\u00e1n\u00ed a o zm\u011bn\u011b dal\u0161\u00edch z\u00e1kon\u016f, v platn\u00e9m<br \/>\nzn\u011bn\u00ed (d\u00e1le jen \u201ez\u00e1kon \u010d. 231\/2001 Sb.\u201c), dan\u00e9 \u00a7 5 p\u00edsm. b) z\u00e1kona \u010d. 242\/2022 Sb., o<br \/>\nslu\u017eb\u00e1ch platforem pro sd\u00edlen\u00ed videonahr\u00e1vek (d\u00e1le jen z\u00e1kon \u010d. 242\/2022 Sb.) a v souladu<br \/>\ns ustanoven\u00edm \u00a7 137 odst. 1 z\u00e1kona \u010d. 500\/2004 Sb., spr\u00e1vn\u00ed \u0159\u00e1d, (d\u00e1le jen \u201ez\u00e1kon<br \/>\n\u010d. 500\/2004 Sb.\u201c) \u017e\u00e1d\u00e1 provozovatele FTV Prima, spol. s r.o., I\u010c 48115908, s\u00eddlem<br \/>\nVinohradsk\u00e1 3217\/167, Stra\u0161nice, 100 00 Praha 10, o pod\u00e1n\u00ed vysv\u011btlen\u00ed ve v\u011bci za\u0159azen\u00ed<br \/>\nankety programu CNN Prima News na soci\u00e1ln\u00ed s\u00ed\u0165 TikTok. Rada stanovuje lh\u016ftu k pod\u00e1n\u00ed<br \/>\nvysv\u011btlen\u00ed 30 dn\u00ed ode dne doru\u010den\u00ed t\u00e9to v\u00fdzvy.<br \/>\n&#8211; Rada se sezn\u00e1mila s anal\u00fdzou z\u00e1znamu vys\u00edl\u00e1n\u00ed programu KNL TV provozovatele<br \/>\nKrajsk\u00e1 nemocnice Liberec, a.s. ze dn\u016f 14.-15. srpna 2022.<br \/>\n&#8211; Rada v r\u00e1mci sv\u00e9 kompetence dan\u00e9 \u00a7 5 p\u00edsm. a) z\u00e1kona \u010d. 231\/2001 Sb., o provozov\u00e1n\u00ed<br \/>\nrozhlasov\u00e9ho a televizn\u00edho vys\u00edl\u00e1n\u00ed a o zm\u011bn\u011b dal\u0161\u00edch z\u00e1kon\u016f, v platn\u00e9m zn\u011bn\u00ed (d\u00e1le jen<br \/>\n\u201ez\u00e1kon \u010d. 231\/2001 Sb.\u201c) a v souladu s ustanoven\u00edm \u00a7 137 odst. 1 z\u00e1kona \u010d. 500\/2004 Sb.,<br \/>\nspr\u00e1vn\u00ed \u0159\u00e1d, (d\u00e1le jen \u201ez\u00e1kon \u010d. 500\/2004 Sb.\u201c) \u017e\u00e1d\u00e1 provozovatele vys\u00edl\u00e1n\u00ed Krajsk\u00e1<br \/>\nnemocnice Liberec, a.s., I\u010c: 27283933, s\u00eddlem: Husova 357\/10, Liberec, PS\u010c 460 01, o<br \/>\npod\u00e1n\u00ed vysv\u011btlen\u00ed, z jak\u00e9ho d\u016fvodu ve vys\u00edl\u00e1n\u00ed programu KNL TV ve dnech 14.-15. srpna<br \/>\n2022 1) nebyly p\u0159\u00edtomny premi\u00e9ry a repr\u00edzy Magaz\u00ednu KNL TV, kter\u00e9 maj\u00ed b\u00fdt dle licence<br \/>\nza\u0159azeny v\u017edy v 8:00 a 20:00 hodin, 2) kamerov\u00e9 z\u00e1b\u011bry WEBOKO nebyly podlo\u017een\u00e9<br \/>\nhudbou, jak uv\u00e1d\u00ed licence. Rada stanovuje lh\u016ftu k pod\u00e1n\u00ed vysv\u011btlen\u00ed 30 dn\u016f ode dne<br \/>\ndoru\u010den\u00ed t\u00e9to v\u00fdzvy.<br \/>\n&#8211; Rada v r\u00e1mci sv\u00e9 kompetence dan\u00e9 \u00a7 7 p\u00edsm. a) z\u00e1kona \u010d. 40\/1995 Sb., o regulaci<br \/>\nreklamy a o zm\u011bn\u011b a dopln\u011bn\u00ed z\u00e1kona \u010d. 468\/1991 Sb., o provozov\u00e1n\u00ed rozhlasov\u00e9ho a<br \/>\ntelevizn\u00edho vys\u00edl\u00e1n\u00ed, ve zn\u011bn\u00ed platn\u00fdch p\u0159edpis\u016f (d\u00e1le jen \u201ez\u00e1kon \u010d. 40\/1995 Sb.\u201c), a na<br \/>\nz\u00e1klad\u011b \u00a7 7a odst. 4) z\u00e1kona \u010d. 40\/1995 Sb. \u017e\u00e1d\u00e1 provozovatele vys\u00edl\u00e1n\u00ed, resp. \u0161i\u0159itele<br \/>\nobchodn\u00edho sd\u011blen\u00ed, Krajsk\u00e1 nemocnice Liberec, a.s., I\u010c: 27283933, s\u00eddlem: Husova<br \/>\n357\/10, Liberec, PS\u010c 460 01, o sd\u011blen\u00ed \u00fadaj\u016f o objednateli, resp. zadavateli a zpracovateli<br \/>\nreklamy na l\u00e9k\u00e1rny KNL, kter\u00e1 byla odvys\u00edl\u00e1na opakovan\u011b ve dnech 14.-15. srpna 2022<br \/>\nna programu KNL TV. Rada stanovuje lh\u016ftu 25 dn\u00ed ode dne doru\u010den\u00ed t\u00e9to v\u00fdzvy.<br \/>\n&#8211; Rada v r\u00e1mci sv\u00e9 p\u016fsobnosti dan\u00e9 ustanoven\u00edm \u00a7 5 p\u00edsm. a) a f) a \u00a7 59 odst. 1-3 z\u00e1kona<br \/>\n\u010d. 231\/2001 Sb., o provozov\u00e1n\u00ed rozhlasov\u00e9ho a televizn\u00edho vys\u00edl\u00e1n\u00ed a o zm\u011bn\u011b dal\u0161\u00edch<br \/>\nz\u00e1kon\u016f (d\u00e1le jen \u201ez\u00e1kon \u010d. 231\/2001 Sb.\u201c), v platn\u00e9m zn\u011bn\u00ed, upozor\u0148uje provozovatele<br \/>\nKrajsk\u00e1 nemocnice Liberec, a.s., I\u010c: 27283933, s\u00eddlem: Husova 357\/10, Liberec, PS\u010c<br \/>\n460 01, na poru\u0161en\u00ed ustanoven\u00ed \u00a7 49 odst. 1 p\u00edsm. a) z\u00e1kona \u010d. 231\/2001 Sb., kter\u00e9ho se<br \/>\ndopustil t\u00edm, \u017ee ve dnech 14.-15. srpna 2022 na programu KNL TV vys\u00edlal reklamn\u00ed spoty<br \/>\nna l\u00e9k\u00e1rny KNL, kter\u00e9 byly od ostatn\u00edch \u010d\u00e1st\u00ed vys\u00edl\u00e1n\u00ed odd\u011bleny zn\u011blkou pouze p\u0159ed jejich<br \/>\nza\u010d\u00e1tkem, nikoliv po jejich skon\u010den\u00ed. Reklamy tak nebyly snadno rozeznateln\u00e9 a z\u0159eteln\u011b<br \/>\nodd\u011blen\u00e9. Rada stanovuje lh\u016ftu k n\u00e1prav\u011b 7 dn\u00ed ode dne doru\u010den\u00ed upozorn\u011bn\u00ed.<\/p>\n<p>&#8211; Rada se sezn\u00e1mila s monitoringem kontinu\u00e1ln\u00edho \u00faseku vys\u00edl\u00e1n\u00ed programu M\u0148am TV<br \/>\nprovozovatele S&amp;P Broadcasting a.s. ze dne 21. z\u00e1\u0159\u00ed 2022 v \u010dasov\u00e9m \u00faseku 10.00-22.00<br \/>\nhodin.<br \/>\n&#8211; Rada v r\u00e1mci sv\u00e9 p\u016fsobnosti dan\u00e9 ustanoven\u00edm \u00a7 5 p\u00edsm. a) a f) a \u00a7 59 odst. 1-3 z\u00e1kona<br \/>\n\u010d. 231\/2001 Sb., o provozov\u00e1n\u00ed rozhlasov\u00e9ho a televizn\u00edho vys\u00edl\u00e1n\u00ed a o zm\u011bn\u011b dal\u0161\u00edch<br \/>\nz\u00e1kon\u016f (d\u00e1le jen z\u00e1kon \u010d. 231\/2001 Sb.), v platn\u00e9m zn\u011bn\u00ed, upozor\u0148uje provozovatele S&amp;P<br \/>\nBroadcasting a.s., I\u010c: 04117310, se s\u00eddlem Dukelsk\u00fdch hrdin\u016f 976\/12, Hole\u0161ovice, 170 00<br \/>\nPraha 7, na poru\u0161en\u00ed ustanoven\u00ed \u00a7 53a odst. 2 p\u00edsm. c) z\u00e1kona \u010d. 231\/2001 Sb., kter\u00e9ho<br \/>\nse dopustil odvys\u00edl\u00e1n\u00edm po\u0159adu Dobrou chu\u0165 aneb s kucha\u0159i na cest\u00e1ch dne 21. z\u00e1\u0159\u00ed 2022<br \/>\nv \u010dase od 20:30:02 hodin na programu M\u0148am TV. V p\u0159edm\u011btn\u00e9m vyd\u00e1n\u00ed do\u0161lo k<br \/>\nnepat\u0159i\u010dn\u00e9mu zd\u016fraz\u0148ov\u00e1n\u00ed um\u00edst\u011bn\u00e9ho produktu &#8211; datlov\u00e9ho sirupu zna\u010dky Country Life,<br \/>\na to jak obrazov\u00fdmi prost\u0159edky (opakovan\u00e9 z\u00e1b\u011bry produktu), tak verb\u00e1ln\u011b, kdy byl produkt<br \/>\nopakovan\u011b prezentov\u00e1n v kontextu jeho kvalit a p\u0159ednost\u00ed (konkr\u00e9tn\u011b v \u010dasech vys\u00edl\u00e1n\u00ed<br \/>\n20:38:43-20:39:40, 20:43:03-20:43:45 a 20:44:02-20:44:32 hodin). A\u010dkoli byl produkt<br \/>\n(datlov\u00fd sirup) jednou z pou\u017eit\u00fdch ingredienc\u00ed p\u0159ipravovan\u00e9ho receptu, jeho opakovan\u00e1<br \/>\nvizu\u00e1ln\u00ed a verb\u00e1ln\u00ed prezentace a vyzdvihov\u00e1n\u00ed jeho kvalit byly prezentov\u00e1ny nad r\u00e1mec<br \/>\nd\u011bje se zjevn\u00fdm c\u00edlem jeho propagace. T\u00edmto jedn\u00e1n\u00edm se provozovatel dopustil poru\u0161en\u00ed<br \/>\npovinnosti zajistit, aby um\u00edst\u011bn\u00fd produkt nebyl nepat\u0159i\u010dn\u011b zd\u016fraz\u0148ov\u00e1n. Rada stanovuje<br \/>\nlh\u016ftu k n\u00e1prav\u011b 7 dn\u00ed ode dne doru\u010den\u00ed tohoto upozorn\u011bn\u00ed.<br \/>\n&#8211; Rada v r\u00e1mci sv\u00e9 kompetence dan\u00e9 \u00a7 5 p\u00edsm. a) z\u00e1kona \u010d. 231\/2001 Sb., o provozov\u00e1n\u00ed<br \/>\nrozhlasov\u00e9ho a televizn\u00edho vys\u00edl\u00e1n\u00ed a o zm\u011bn\u011b dal\u0161\u00edch z\u00e1kon\u016f, v platn\u00e9m zn\u011bn\u00ed (d\u00e1le jen<br \/>\n\u201ez\u00e1kon \u010d. 231\/2001 Sb.\u201c) a v souladu s ustanoven\u00edm \u00a7 137 odst. 1 z\u00e1kona \u010d. 500\/2004 Sb.,<br \/>\nspr\u00e1vn\u00ed \u0159\u00e1d, (d\u00e1le jen \u201ez\u00e1kon \u010d. 500\/2004 Sb.\u201c) \u017e\u00e1d\u00e1 provozovatele S&amp;P Broadcasting a.s.,<br \/>\nI\u010c: 04117310, se s\u00eddlem Dukelsk\u00fdch hrdin\u016f 976\/12, Hole\u0161ovice, 170 00 Praha 7, o pod\u00e1n\u00ed<br \/>\nvysv\u011btlen\u00ed t\u00fdkaj\u00edc\u00ed se po\u0159adu Dobrou chu\u0165 aneb s kucha\u0159i na cest\u00e1ch odvys\u00edlan\u00e9ho na<br \/>\nprogramu M\u0148am TV dne 21. z\u00e1\u0159\u00ed 2022 v \u010dase od 20:30:02 hodin, a to zda sponzory tohoto<br \/>\npo\u0159adu ve smyslu definice z\u00e1kona o vys\u00edl\u00e1n\u00ed byli: Vintimex.cz, Eden n\u00e1kupn\u00ed centrum,<br \/>\nW\u00fcsthof a ZGastro.cz, a pokud ano, z jak\u00e9ho d\u016fvodu nebyli v\u0161ichni tito \u0159\u00e1dn\u011b ozna\u010deni<br \/>\njako sponzo\u0159i po\u0159adu tak, jak stanovuje \u00a7 53 odst. 4 z\u00e1kona \u010d. 231\/2001 Sb., dle kter\u00e9ho<br \/>\nje provozovatel vys\u00edl\u00e1n\u00ed povinen zajistit, aby byl ka\u017ed\u00fd zcela nebo z\u010d\u00e1sti sponzorovan\u00fd<br \/>\npo\u0159ad v\u017edy na za\u010d\u00e1tku a d\u00e1le v pr\u016fb\u011bhu nebo na konci z\u0159eteln\u011b ozna\u010den jm\u00e9nem nebo<br \/>\nn\u00e1zvem, obrazov\u00fdm symbolem (logem) nebo jinou zna\u010dkou sponzora, kterou se rozum\u00ed<br \/>\nzejm\u00e9na odkaz na jeho v\u00fdrobky, slu\u017eby nebo na jejich charakteristick\u00fd znak. Rada<br \/>\nstanovuje lh\u016ftu k pod\u00e1n\u00ed vysv\u011btlen\u00ed 30 dn\u00ed ode dne doru\u010den\u00ed t\u00e9to v\u00fdzvy.<br \/>\n&#8211; Rada v r\u00e1mci sv\u00e9 kompetence dan\u00e9 \u00a7 5 p\u00edsm. a) z\u00e1kona \u010d. 231\/2001 Sb., o provozov\u00e1n\u00ed<br \/>\nrozhlasov\u00e9ho a televizn\u00edho vys\u00edl\u00e1n\u00ed a o zm\u011bn\u011b dal\u0161\u00edch z\u00e1kon\u016f, v platn\u00e9m zn\u011bn\u00ed (d\u00e1le jen<br \/>\n\u201ez\u00e1kon \u010d. 231\/2001 Sb.\u201c) a v souladu s ustanoven\u00edm \u00a7 137 odst. 1 z\u00e1kona \u010d. 500\/2004 Sb.,<br \/>\nspr\u00e1vn\u00ed \u0159\u00e1d, (d\u00e1le jen \u201ez\u00e1kon \u010d. 500\/2004 Sb.\u201c) \u017e\u00e1d\u00e1 provozovatele S&amp;P Broadcasting a.s.,<br \/>\nI\u010c: 04117310, se s\u00eddlem Dukelsk\u00fdch hrdin\u016f 976\/12, Hole\u0161ovice, 170 00 Praha 7, o pod\u00e1n\u00ed<br \/>\nvysv\u011btlen\u00ed, na z\u00e1klad\u011b jak\u00e9ho smluvn\u00edho ujedn\u00e1n\u00ed byly v po\u0159adu Dobrou chu\u0165 aneb s<br \/>\nkucha\u0159i na cest\u00e1ch odvys\u00edlan\u00e9ho dne 21. z\u00e1\u0159\u00ed 2022 v \u010dase od 20:30:02 hodin na programu<br \/>\nM\u0148am TV prezentov\u00e1ny produkty internetov\u00e9ho obchodu ZGastro.cz. Rada stanovuje<br \/>\nlh\u016ftu k pod\u00e1n\u00ed vysv\u011btlen\u00ed 30 dn\u00ed ode dne doru\u010den\u00ed t\u00e9to v\u00fdzvy.<br \/>\n&#8211; Rada v r\u00e1mci sv\u00e9 kompetence dan\u00e9 \u00a7 5 p\u00edsm. a) z\u00e1kona \u010d. 231\/2001 Sb., o provozov\u00e1n\u00ed<br \/>\nrozhlasov\u00e9ho a televizn\u00edho vys\u00edl\u00e1n\u00ed a o zm\u011bn\u011b dal\u0161\u00edch z\u00e1kon\u016f, v platn\u00e9m zn\u011bn\u00ed (d\u00e1le jen<br \/>\n\u201ez\u00e1kon \u010d. 231\/2001 Sb.\u201c) a v souladu s ustanoven\u00edm \u00a7 137 odst. 1 z\u00e1kona \u010d. 500\/2004 Sb.,<br \/>\nspr\u00e1vn\u00ed \u0159\u00e1d, (d\u00e1le jen \u201ez\u00e1kon \u010d. 500\/2004 Sb.\u201c) \u017e\u00e1d\u00e1 provozovatele S&amp;P Broadcasting a.s.,<br \/>\nI\u010c: 04117310, se s\u00eddlem Dukelsk\u00fdch hrdin\u016f 976\/12, Hole\u0161ovice, 170 00 Praha 7, o pod\u00e1n\u00ed<br \/>\nvysv\u011btlen\u00ed, na z\u00e1klad\u011b jak\u00e9ho smluvn\u00edho ujedn\u00e1n\u00ed bylo v po\u0159adu Dobrou chu\u0165 aneb s<br \/>\nkucha\u0159i na cest\u00e1ch odvys\u00edlan\u00e9ho dne 21. z\u00e1\u0159\u00ed 2022 v \u010dase od 20:30:02 hodin na programu<\/p>\n<p>M\u0148am TV prezentov\u00e1na spole\u010dnost Tesco, resp. Tesco Eden. Rada stanovuje lh\u016ftu k<br \/>\npod\u00e1n\u00ed vysv\u011btlen\u00ed 30 dn\u00ed ode dne doru\u010den\u00ed t\u00e9to v\u00fdzvy.<br \/>\n&#8211; Rada v r\u00e1mci sv\u00e9 kompetence dan\u00e9 \u00a7 5 p\u00edsm. a) z\u00e1kona \u010d. 231\/2001 Sb., o provozov\u00e1n\u00ed<br \/>\nrozhlasov\u00e9ho a televizn\u00edho vys\u00edl\u00e1n\u00ed a o zm\u011bn\u011b dal\u0161\u00edch z\u00e1kon\u016f, v platn\u00e9m zn\u011bn\u00ed (d\u00e1le jen<br \/>\n\u201ez\u00e1kon \u010d. 231\/2001 Sb.\u201c) a v souladu s ustanoven\u00edm \u00a7 137 odst. 1 z\u00e1kona \u010d. 500\/2004 Sb.,<br \/>\nspr\u00e1vn\u00ed \u0159\u00e1d, (d\u00e1le jen \u201ez\u00e1kon \u010d. 500\/2004 Sb.\u201c) \u017e\u00e1d\u00e1 provozovatele S&amp;P Broadcasting a.s.,<br \/>\nI\u010c: 04117310, se s\u00eddlem Dukelsk\u00fdch hrdin\u016f 976\/12, Hole\u0161ovice, 170 00 Praha 7, o pod\u00e1n\u00ed<br \/>\nvysv\u011btlen\u00ed, o jak\u00fd typ obchodn\u00edho sd\u011blen\u00ed se jednalo v p\u0159\u00edpad\u011b sponzorsk\u00e9ho ozn\u00e1men\u00ed<br \/>\nza\u0159azen\u00e9ho do upout\u00e1vky na po\u0159ad KryptoTime s Kryptovl\u00e1\u010fou, kter\u00e1 byla odvys\u00edlan\u00e1 na<br \/>\nprogramu M\u0148am TV dne 21. z\u00e1\u0159\u00ed v \u010dasech 11:45:26, 12:15:37, 12:45:05, 13:35:23,<br \/>\n16:14:58, 16:26:54, 18:58:39, 20:41:23 hodin. Rada stanovuje lh\u016ftu k pod\u00e1n\u00ed vysv\u011btlen\u00ed<br \/>\n30 dn\u00ed ode dne doru\u010den\u00ed t\u00e9to v\u00fdzvy.<br \/>\n&#8211; Rada se sezn\u00e1mila s v\u00fdsledky anal\u00fdzy obchodn\u00edch sd\u011blen\u00ed za m\u011bs\u00edc \u010dervenec 2022.<br \/>\n&#8211; Rada se sezn\u00e1mila se souhrnn\u00fdm materi\u00e1lem k problematice produkt\u016f s melatoninem.<br \/>\n&#8211; Rada se sezn\u00e1mila s podan\u00fdm vysv\u011btlen\u00edm provozovatele \u010cESK\u00c1 TELEVIZE,<br \/>\nI\u010c 00027383, s\u00eddlem Na h\u0159ebenech II 1132\/4, Praha 4, PS\u010c 14700, z jak\u00e9ho d\u016fvodu v<br \/>\nreport\u00e1\u017ei Zaml\u017een\u00e1 skla, kter\u00e1 byla sou\u010d\u00e1st\u00ed po\u0159adu Report\u00e9\u0159i \u010cT, odvys\u00edlan\u00e9ho dne<br \/>\n30. kv\u011btna 2022 od 21:15 hodin na programu \u010cT1, nezve\u0159ejnil stanovisko Arm\u00e1dy \u010cesk\u00e9<br \/>\nrepubliky, kter\u00e9 by se t\u00fdkalo hodnocen\u00ed zak\u00e1zky na dod\u00e1vky panc\u00e9\u0159ov\u00fdch skel pro arm\u00e1dn\u00ed<br \/>\nvozidla Iveco, zprost\u0159edkovan\u00e9 spole\u010dnost\u00ed J.P.D. Group.<br \/>\n&#8211; Rada coby \u00fast\u0159edn\u00ed spr\u00e1vn\u00ed \u00fa\u0159ad v r\u00e1mci sv\u00e9 kompetence dan\u00e9 ustanoven\u00edm \u00a7 5 p\u00edsm.<br \/>\na) z\u00e1kona \u010d. 231\/2001 Sb., o provozov\u00e1n\u00ed rozhlasov\u00e9ho a televizn\u00edho vys\u00edl\u00e1n\u00ed a o zm\u011bn\u011b<br \/>\ndal\u0161\u00edch z\u00e1kon\u016f (d\u00e1le jen z\u00e1kon \u010d. 231\/2001 Sb.), rozhodla v souladu s ustanoven\u00edm \u00a7 76<br \/>\nodst. 1 p\u00edsm. a) z\u00e1kona \u010d. 250\/2016 Sb., o odpov\u011bdnosti za p\u0159estupky a \u0159\u00edzen\u00ed o nich, v<br \/>\nplatn\u00e9m zn\u011bn\u00ed, ve v\u011bci mo\u017en\u00e9ho p\u0159estupku sp\u00e1chan\u00e9ho odvys\u00edl\u00e1n\u00edm po\u0159adu Report\u00e9\u0159i \u010cT,<br \/>\nresp. p\u0159\u00edsp\u011bvku Zaml\u017een\u00e1 skla, dne 30. kv\u011btna 2022 21:15 hodin na programu \u010cT1, \u017ee<br \/>\nv\u011bc odkl\u00e1d\u00e1.<br \/>\n&#8211; Rada se sezn\u00e1mila s podan\u00fdm vysv\u011btlen\u00edm provozovatele ViacomCBS Networks<br \/>\nInternational Czech s.r.o., zda sponzorsk\u00e9 vzkazy vys\u00edlan\u00e9 dne 25. kv\u011btna 2022 na<br \/>\nprogramu Polsat Comedy Central Extra, konkr\u00e9tn\u011b nap\u0159. sponzorsk\u00fd vzkaz distributora<br \/>\nfilmu Top Gun Maverick (vys\u00edlac\u00ed \u010das 20:08:00- 20:08:08 hodin SE\u010c), sponzorsk\u00fd vzkaz<br \/>\ndistributora n\u00e1poje Alpro (20:08:08-20:08:16 hodin), sponzorsk\u00fd vzkaz VW &#8211; dodavatele<br \/>\nautomobilu T-Roc (21:07:07-21:07:14 hodin), sponzorsk\u00fd vzkaz v\u00fdrobce matov\u00e9 barvy<br \/>\nDekoral Moc Koloru (21:07:15-21:17:23 hodin) a sponzorsk\u00fd vzkaz polsk\u00e9ho producenta<br \/>\nl\u00e9ku Ginkofar (21:17:23-21:17:30 hodin), jsou ozna\u010den\u00edm sponzora programu \u010di sponzora<br \/>\npo\u0159adu.<br \/>\n&#8211; Rada se sezn\u00e1mila s podan\u00fdm vysv\u011btlen\u00edm provozovatele TP Pohoda s.r.o., z jak\u00e9ho<br \/>\nd\u016fvodu ozna\u010dil po\u0159ad P\u0159\u00edstupnost Aquaparku Kohoutovice (Videopr\u016fvodce pro osoby se<br \/>\nsn\u00ed\u017eenou mobilitou a na voz\u00edku), odvys\u00edlan\u00fd dne 23. \u010dervna 2022 od 11:06 hodin na<br \/>\nprogramu Info TV, na jeho za\u010d\u00e1tku jako obsahuj\u00edc\u00ed um\u00edst\u011bn\u00ed produktu a z jak\u00e9ho d\u016fvodu<br \/>\ntoto ozna\u010den\u00ed neuvedl i na konci po\u0159adu.<br \/>\n&#8211; Rada se sezn\u00e1mila s podan\u00fdm vysv\u011btlen\u00edm provozovatele TP Pohoda s.r.o., z jak\u00e9ho<br \/>\nd\u016fvodu tvo\u0159ilo dne 23. \u010dervna 2022 podkres obrazov\u00e9 slo\u017eky na programu Info TV vys\u00edl\u00e1n\u00ed<br \/>\nR\u00e1dia \u010cas a nikoliv R\u00e1dia D\u00e1lnice, jak uv\u00e1d\u011bj\u00ed licen\u010dn\u00ed podm\u00ednky.<br \/>\n&#8211; Rada se sezn\u00e1mila s podan\u00fdm vysv\u011btlen\u00edm provozovatele TP Pohoda s.r.o., o jak\u00fd typ<br \/>\nobchodn\u00edho sd\u011blen\u00ed se jednalo v p\u0159\u00edpad\u011b spotu, kter\u00fd byl obsahem \u010d\u00e1sti vys\u00edl\u00e1n\u00ed programu<br \/>\nInfo TV uvozen\u00e9 zn\u011blkou Vina\u0159sk\u00fd magaz\u00edn odvys\u00edlan\u00e9ho dne 23. \u010dervna 2022 od 11:42<br \/>\nhodin.<\/p>\n<p>&#8211; Rada se sezn\u00e1mila s reakc\u00ed provozovatele TP Pohoda s.r.o. na upozorn\u011bn\u00ed na poru\u0161en\u00ed<br \/>\nz\u00e1kona, kter\u00e9ho se dopustil t\u00edm, \u017ee dne 23. \u010dervna 2022 odvys\u00edlal v 11:05 hodin na<br \/>\nprogramu Info TV ozn\u00e1men\u00ed R\u00e1dio \u010cas, sponzor programu, kter\u00e9 neuv\u00e1d\u011blo jm\u00e9no nebo<br \/>\nn\u00e1zev sponzora programu a hlavn\u00ed p\u0159edm\u011bt jeho \u010dinnosti.<br \/>\n&#8211; Rada se sezn\u00e1mila se zpr\u00e1vou ve\u0159ejn\u00e9ho ochr\u00e1nce pr\u00e1v o \u0161et\u0159en\u00ed ve v\u011bci po\u0159adu<br \/>\nInfiltrace &#8211; Obchod s nad\u011bj\u00ed odvys\u00edlan\u00e9ho dne 12. dubna 2021 na programu \u010cT1.<br \/>\n&#8211; Rada souhlas\u00ed s n\u00e1vrhem odpov\u011bdi na v\u00fdzvu ve\u0159ejn\u00e9ho ochr\u00e1nce pr\u00e1v ve v\u011bci po\u0159adu<br \/>\nInfiltrace &#8211; Obchod s nad\u011bj\u00ed odvys\u00edlan\u00e9ho dne 12. dubna 2021 na programu \u010cT1.<br \/>\n&#8211; Rada schvaluje zn\u011bn\u00ed dopisu, kter\u00fdm budou obesl\u00e1ni provozovatel\u00e9 televizn\u00edho vys\u00edl\u00e1n\u00ed<br \/>\nv souvislosti s novelizac\u00ed z\u00e1kona \u010d. 231\/2001 Sb.<br \/>\n&#8211; Rada v r\u00e1mci \u0159\u00edzen\u00ed o p\u0159estupku spis. zn. RRTV\/2022\/1113\/had provedla d\u016fkaz<br \/>\nzhl\u00e9dnut\u00edm z\u00e1znamu obchodn\u00edho sd\u011blen\u00ed, respektive teleshoppingu s motivem Somavedic<br \/>\nodvys\u00edlan\u00e9ho dne 5. prosince 2021 v \u010dase 13:39 -13:44 hodin na programu Prima.<br \/>\nAUDIOVIZU\u00c1LN\u00cd MEDI\u00c1LN\u00cd SLU\u017dBY NA VY\u017d\u00c1D\u00c1N\u00cd<br \/>\n&#8211; Rada se sezn\u00e1mila s podan\u00fdm vysv\u011btlen\u00edm poskytovatele spole\u010dnosti RFE\/RL, Inc.,<br \/>\nod\u0161t\u011bpn\u00fd z\u00e1vod z jak\u00e9ho d\u016fvodu Rad\u011b neozn\u00e1mil poskytov\u00e1n\u00ed neline\u00e1rn\u00edho vys\u00edl\u00e1n\u00ed<br \/>\nsouvisej\u00edc\u00edho s vys\u00edl\u00e1n\u00edm Current Time, resp. o jak\u00e9 slu\u017eby se jedn\u00e1 a kde jsou um\u00edst\u011bny.<\/p>\n<p>V Praze dne 3. 11. 2022<br \/>\nIng. arch. V\u00e1clav Mencl<br \/>\np\u0159edseda Rady pro rozhlasov\u00e9<br \/>\na televizn\u00ed vys\u00edl\u00e1n\u00ed<br \/>\nkontakt: podatelna@rrtv.cz<br \/>\n274 813 830<\/p>\n","protected":false},"excerpt":{"rendered":"<p>Rada pro rozhlasov\u00e9 a televizn\u00ed vys\u00edl\u00e1n\u00ed (d\u00e1le jen &#8222;Rada&#8220;) na sv\u00e9m 17. zased\u00e1n\u00ed projednala 31 bod\u016f programu. Vyhodnotila 21 st\u00ed\u017enost\u00ed div\u00e1k\u016f a poslucha\u010d\u016f, vydala \u0161est upozorn\u011bn\u00ed na poru\u0161en\u00ed z\u00e1kona.<\/p>\n","protected":false},"author":9,"featured_media":0,"comment_status":"open","ping_status":"open","sticky":false,"template":"","format":"standard","meta":{"ngg_post_thumbnail":0,"footnotes":""},"categories":[11],"tags":[],"class_list":["post-13055","post","type-post","status-publish","format-standard","hentry","category-ozvena"],"_links":{"self":[{"href":"https:\/\/www.ladislavjakl.cz\/index.php?rest_route=\/wp\/v2\/posts\/13055","targetHints":{"allow":["GET"]}}],"collection":[{"href":"https:\/\/www.ladislavjakl.cz\/index.php?rest_route=\/wp\/v2\/posts"}],"about":[{"href":"https:\/\/www.ladislavjakl.cz\/index.php?rest_route=\/wp\/v2\/types\/post"}],"author":[{"embeddable":true,"href":"https:\/\/www.ladislavjakl.cz\/index.php?rest_route=\/wp\/v2\/users\/9"}],"replies":[{"embeddable":true,"href":"https:\/\/www.ladislavjakl.cz\/index.php?rest_route=%2Fwp%2Fv2%2Fcomments&post=13055"}],"version-history":[{"count":1,"href":"https:\/\/www.ladislavjakl.cz\/index.php?rest_route=\/wp\/v2\/posts\/13055\/revisions"}],"predecessor-version":[{"id":13056,"href":"https:\/\/www.ladislavjakl.cz\/index.php?rest_route=\/wp\/v2\/posts\/13055\/revisions\/13056"}],"wp:attachment":[{"href":"https:\/\/www.ladislavjakl.cz\/index.php?rest_route=%2Fwp%2Fv2%2Fmedia&parent=13055"}],"wp:term":[{"taxonomy":"category","embeddable":true,"href":"https:\/\/www.ladislavjakl.cz\/index.php?rest_route=%2Fwp%2Fv2%2Fcategories&post=13055"},{"taxonomy":"post_tag","embeddable":true,"href":"https:\/\/www.ladislavjakl.cz\/index.php?rest_route=%2Fwp%2Fv2%2Ftags&post=13055"}],"curies":[{"name":"wp","href":"https:\/\/api.w.org\/{rel}","templated":true}]}}