{"id":1306,"date":"2012-05-16T12:14:38","date_gmt":"2012-05-16T10:14:38","guid":{"rendered":"http:\/\/www.ladislavjakl.cz\/?p=1306"},"modified":"2012-05-16T12:13:57","modified_gmt":"2012-05-16T10:13:57","slug":"vyhodnoceni-souteze","status":"publish","type":"post","link":"https:\/\/www.ladislavjakl.cz\/?p=1306","title":{"rendered":"Vyhodnocen\u00ed sout\u011b\u017ee"},"content":{"rendered":"<p><span style=\"font-size:10.0pt;font-family:&quot;Arial&quot;,&quot;sans-serif&quot;\"><img loading=\"lazy\" decoding=\"async\" class=\"size-thumbnail wp-image-1307 alignleft\" title=\"halik\" src=\"https:\/\/www.ladislavjakl.cz\/wp-content\/uploads\/2011\/10\/halik-150x150.jpg\" alt=\"halik\" width=\"98\" height=\"98\" \/>Spr\u00e1vn\u011b  h\u00e1dali ti \u010dten\u00e1\u0159i t\u011bchto str\u00e1nek, kdo poznali, \u017ee autorem v\u011bty &#8222;Jsme  syti nev\u011bcn\u00e9ho ha\u0161te\u0159en\u00ed politik\u016f&#8220; je Tom\u00e1\u0161 Hal\u00edk Masar\u00edk, a to v  prohl\u00e1\u0161en\u00ed Impuls 99. Uzn\u00e1v\u00e1m ale, \u017ee to bylo t\u011b\u017ek\u00e9, proto\u017ee stejn\u00e1 v\u011bta  by bez probl\u00e9m\u016f mohla vypadnou i z \u00fast Trock\u00e9ho \u010di Mussoliniho.<\/span><\/p>\n<div>\n<p><strong><span style=\"font-size:10.0pt;font-family:&quot;Arial&quot;,&quot;sans-serif&quot;\">\u0160\u0165astn\u00fdmi v\u00fdherci, kte\u0159\u00ed dostanou po\u0161tou opravdov\u00e9ho \u010denokn\u011b\u017en\u00edka, jsou:<\/span><\/strong><\/div>\n<div>\n<p><span style=\"font-size:10.0pt;font-family:&quot;Arial&quot;,&quot;sans-serif&quot;\">Iva Vondr\u00e1\u0161kov\u00e1, Praha<br \/>\n<\/span><span style=\"font-size:10.0pt;font-family:&quot;Arial&quot;,&quot;sans-serif&quot;\">Leopold Vala, Horn\u00ed Be\u010dva<br \/>\n<\/span><span style=\"font-size:10.0pt;font-family:&quot;Arial&quot;,&quot;sans-serif&quot;\">Michal Sem\u00edn, Praha<br \/>\n<\/span><span style=\"font-size:10.0pt;font-family:&quot;Arial&quot;,&quot;sans-serif&quot;\">Ji\u0159\u00ed Lorenc, Praha<br \/>\nJind\u0159i\u0161ka Maz\u00e1\u010dov\u00e1, Horn\u00ed Be\u010dva<\/span><\/div>\n","protected":false},"excerpt":{"rendered":"<p>Spr\u00e1vn\u011b h\u00e1dali ti \u010dten\u00e1\u0159i t\u011bchto str\u00e1nek, kdo poznali, \u017ee autorem v\u011bty &#8222;Jsme syti nev\u011bcn\u00e9ho ha\u0161te\u0159en\u00ed politik\u016f&#8220; je Tom\u00e1\u0161 Hal\u00edk Masar\u00edk, a to v prohl\u00e1\u0161en\u00ed Impuls 99. Uzn\u00e1v\u00e1m ale, \u017ee to bylo t\u011b\u017ek\u00e9, proto\u017ee stejn\u00e1 v\u011bta by bez probl\u00e9m\u016f mohla vypadnou i z \u00fast Trock\u00e9ho \u010di Mussoliniho. \u0160\u0165astn\u00fdmi v\u00fdherci, kte\u0159\u00ed dostanou po\u0161tou opravdov\u00e9ho \u010denokn\u011b\u017en\u00edka, jsou: Iva [&hellip;]<\/p>\n","protected":false},"author":1,"featured_media":0,"comment_status":"open","ping_status":"open","sticky":false,"template":"","format":"standard","meta":{"ngg_post_thumbnail":0,"footnotes":""},"categories":[10],"tags":[],"class_list":["post-1306","post","type-post","status-publish","format-standard","hentry","category-zlehka"],"_links":{"self":[{"href":"https:\/\/www.ladislavjakl.cz\/index.php?rest_route=\/wp\/v2\/posts\/1306","targetHints":{"allow":["GET"]}}],"collection":[{"href":"https:\/\/www.ladislavjakl.cz\/index.php?rest_route=\/wp\/v2\/posts"}],"about":[{"href":"https:\/\/www.ladislavjakl.cz\/index.php?rest_route=\/wp\/v2\/types\/post"}],"author":[{"embeddable":true,"href":"https:\/\/www.ladislavjakl.cz\/index.php?rest_route=\/wp\/v2\/users\/1"}],"replies":[{"embeddable":true,"href":"https:\/\/www.ladislavjakl.cz\/index.php?rest_route=%2Fwp%2Fv2%2Fcomments&post=1306"}],"version-history":[{"count":6,"href":"https:\/\/www.ladislavjakl.cz\/index.php?rest_route=\/wp\/v2\/posts\/1306\/revisions"}],"predecessor-version":[{"id":1827,"href":"https:\/\/www.ladislavjakl.cz\/index.php?rest_route=\/wp\/v2\/posts\/1306\/revisions\/1827"}],"wp:attachment":[{"href":"https:\/\/www.ladislavjakl.cz\/index.php?rest_route=%2Fwp%2Fv2%2Fmedia&parent=1306"}],"wp:term":[{"taxonomy":"category","embeddable":true,"href":"https:\/\/www.ladislavjakl.cz\/index.php?rest_route=%2Fwp%2Fv2%2Fcategories&post=1306"},{"taxonomy":"post_tag","embeddable":true,"href":"https:\/\/www.ladislavjakl.cz\/index.php?rest_route=%2Fwp%2Fv2%2Ftags&post=1306"}],"curies":[{"name":"wp","href":"https:\/\/api.w.org\/{rel}","templated":true}]}}