{"id":13063,"date":"2022-11-25T12:51:20","date_gmt":"2022-11-25T11:51:20","guid":{"rendered":"https:\/\/www.ladislavjakl.cz\/?p=13063"},"modified":"2022-11-25T12:51:20","modified_gmt":"2022-11-25T11:51:20","slug":"duhovy-fotbal-i-auta","status":"publish","type":"post","link":"https:\/\/www.ladislavjakl.cz\/?p=13063","title":{"rendered":"Duhov\u00fd fotbal i auta"},"content":{"rendered":"<p>V&nbsp;Kataru od v\u00edkendu prob\u00edh\u00e1 nejsledovan\u011bj\u0161\u00ed sportovn\u00ed ud\u00e1lost roku, mistrovstv\u00ed sv\u011bta ve fotbale. A m\u00e9dia se v\u00edc ne\u017e o v\u00fdsledky zaj\u00edmaj\u00ed o krut\u00e9 trampoty, kter\u00e9 maj\u00ed evropsk\u00e9 t\u00fdmy s&nbsp;p\u00e1skami na podporu homosexuality.<\/p>\n<p><!--more--><\/p>\n<p>Organiz\u00e1to\u0159i jim je necht\u011bj\u00ed na dresech povolit a hroz\u00ed, \u017ee nepovolen\u00e9 sou\u010d\u00e1sti v\u00fdstroje bude rozhod\u010d\u00ed trestat \u017elut\u00fdmi kartami. Nen\u00ed divu, \u017ee za takov\u00fdch okolnost\u00ed nem\u011bl v\u010dera n\u011bmeck\u00fd t\u00fdm klid na svou fotbalovou pr\u00e1ci a na h\u0159i\u0161ti prohr\u00e1l s&nbsp;outsidery z&nbsp;Japonska. Je\u0161t\u011b\u017ee se tam n\u00e1\u0161 t\u00fdm neprobojoval, jak by se asi na\u0161im fotbalist\u016fm t\u011b\u017ece hr\u00e1lo bez duhov\u00fdch p\u00e1sek\u2026<\/p>\n<p>P\u0159edseda lidovc\u016f Marian Jure\u010dka dnes sd\u011blil m\u00e9di\u00edm, \u017ee je nutno se vr\u00e1tit k&nbsp;my\u0161lence zvy\u0161ov\u00e1n\u00ed dan\u00ed. Jeho vl\u00e1da sice vl\u00e1dne na z\u00e1klad\u011b slibu, \u017ee dan\u011b zvy\u0161ovat nebude, jen\u017ee se asi \u0159\u00edd\u00ed sloganem \u201enikdo v\u00e1m nem\u016f\u017ee d\u00e1t to, co j\u00e1 v\u00e1m m\u016f\u017eu sl\u00edbit\u201c. Ve stejnou chv\u00edli Reuters vyd\u00e1v\u00e1 zpr\u00e1vu, \u017ee se v\u00fdchodoevropsk\u00fdm zbroja\u0159sk\u00fdm firm\u00e1m d\u00edky dod\u00e1vk\u00e1m na Ukrajinu n\u00e1ramn\u011b da\u0159\u00ed. U nich se ale s&nbsp;mimo\u0159\u00e1dnou dan\u00ed z&nbsp;neo\u010dek\u00e1van\u00fdch zisk\u016f nepo\u010d\u00edt\u00e1.<\/p>\n<p>Tuto novou da\u0148 v\u0161ak maj\u00ed platit firmy dod\u00e1vaj\u00edc\u00ed energie. Asi kv\u016fli tomu, \u017ee energi\u00ed je nadbytek a p\u0159\u00edli\u0161 se s&nbsp;nimi pl\u00fdtv\u00e1, \u017ee. Vl\u00e1da u energi\u00ed prosazuje nam\u00edsto odchodu od boje s&nbsp;podneb\u00edm, kter\u00fd je pravou p\u0159\u00ed\u010dinou energetick\u00e9 drahoty, cenov\u00e9 stropy a regulace. Regulace cen ale v\u017edy vedly ke zv\u00fd\u0161en\u00ed popt\u00e1vky a sn\u00ed\u017een\u00ed nab\u00eddky a tedy k&nbsp;poruch\u00e1m z\u00e1sobov\u00e1n\u00ed, k v\u00fdpadk\u016fm dod\u00e1vek. U energetiky tedy k&nbsp;blackout\u016fm. Na jedn\u00e9 stran\u011b producent\u016fm na\u0159\u00edd\u00ed ni\u017e\u0161\u00ed ceny \u2013 a je\u0161t\u011b je dodate\u010dn\u011b zdan\u00ed. Jen naiva si m\u016f\u017ee myslet, \u017ee to neodsk\u00e1\u010de zase jen koncov\u00fd spot\u0159ebitel, kter\u00fd se asi ob\u010das stane nespot\u0159ebitelem, proto\u017ee nebude co spot\u0159ebov\u00e1vat.<\/p>\n<p>A to je ta prav\u00e1 chv\u00edle pro roz\u0161\u00ed\u0159en\u00ed st\u00e1tn\u00ed podpory v\u00fdroby a prodeje aut na baterky, co\u017e dnes ozn\u00e1mil tak\u00e9 piln\u00fd Jure\u010dka. To je ten spr\u00e1vn\u00fd zp\u016fsob \u0161et\u0159en\u00ed elekt\u0159inou: v\u00edce elektrovoz\u00edtek! V&nbsp;Severn\u00edch \u010cech\u00e1ch d\u00e1te do pece vagon uhl\u00ed, vyrob\u00edte p\u00e1ru, p\u00e1ra poh\u00e1n\u00ed turb\u00ednu, turb\u00edna gener\u00e1tor, z&nbsp;n\u011bj vedou dr\u00e1ty p\u0159es pole a louky k&nbsp;nab\u00edje\u010dce&nbsp;\u2013 a tam p\u0159ijede auto pra\u017esk\u00e9ho snoba bez v\u00fdfuku. V\u00fdfuk z\u016fstane v&nbsp;Severn\u00edch \u010cech\u00e1ch. Je\u0161t\u011b by mohl k\u0159es\u0165ansk\u00fd demokrat Jure\u010dka navrhnout, \u017ee dotace m\u016f\u017ee b\u00fdt vy\u0161\u0161\u00ed, pokud bude auto na baterky vyvedeno v&nbsp;modern\u00edch duhov\u00fdch barv\u00e1ch. Mo\u017en\u00e1 takov\u00e1 auta budou fasovat fotbalisti z&nbsp;t\u00fdm\u016f, kter\u00e9 v&nbsp;Kataru vypadnou v&nbsp;z\u00e1kladn\u00ed skupin\u011b \u2013 a kruh se uzav\u0159e.<\/p>\n<p>Co dodat? Asi jen to, \u017ee jedin\u00fd dne\u0161n\u00ed g\u00f3l \u0160v\u00fdcarska do kamerunsk\u00e9 s\u00edt\u011b vst\u0159elil \u0161v\u00fdcarsk\u00fd Kamerunec bez duhov\u00e9 p\u00e1sky.&nbsp;<\/p>\n<p><em>Ladislav Jakl, 24. listopadu 2022<\/em><\/p>\n<p><a href=\"https:\/\/www.institutvk.cz\/clanky\/2171.html\">Zdroj<\/a><\/p>\n","protected":false},"excerpt":{"rendered":"<p>V&nbsp;Kataru od v\u00edkendu prob\u00edh\u00e1 nejsledovan\u011bj\u0161\u00ed sportovn\u00ed ud\u00e1lost roku, mistrovstv\u00ed sv\u011bta ve fotbale. A m\u00e9dia se v\u00edc ne\u017e o v\u00fdsledky zaj\u00edmaj\u00ed o krut\u00e9 trampoty, kter\u00e9 maj\u00ed evropsk\u00e9 t\u00fdmy s&nbsp;p\u00e1skami na podporu homosexuality.<\/p>\n","protected":false},"author":9,"featured_media":0,"comment_status":"open","ping_status":"open","sticky":false,"template":"","format":"standard","meta":{"ngg_post_thumbnail":0,"footnotes":""},"categories":[1],"tags":[],"class_list":["post-13063","post","type-post","status-publish","format-standard","hentry","category-publikovane-clanky"],"_links":{"self":[{"href":"https:\/\/www.ladislavjakl.cz\/index.php?rest_route=\/wp\/v2\/posts\/13063","targetHints":{"allow":["GET"]}}],"collection":[{"href":"https:\/\/www.ladislavjakl.cz\/index.php?rest_route=\/wp\/v2\/posts"}],"about":[{"href":"https:\/\/www.ladislavjakl.cz\/index.php?rest_route=\/wp\/v2\/types\/post"}],"author":[{"embeddable":true,"href":"https:\/\/www.ladislavjakl.cz\/index.php?rest_route=\/wp\/v2\/users\/9"}],"replies":[{"embeddable":true,"href":"https:\/\/www.ladislavjakl.cz\/index.php?rest_route=%2Fwp%2Fv2%2Fcomments&post=13063"}],"version-history":[{"count":1,"href":"https:\/\/www.ladislavjakl.cz\/index.php?rest_route=\/wp\/v2\/posts\/13063\/revisions"}],"predecessor-version":[{"id":13064,"href":"https:\/\/www.ladislavjakl.cz\/index.php?rest_route=\/wp\/v2\/posts\/13063\/revisions\/13064"}],"wp:attachment":[{"href":"https:\/\/www.ladislavjakl.cz\/index.php?rest_route=%2Fwp%2Fv2%2Fmedia&parent=13063"}],"wp:term":[{"taxonomy":"category","embeddable":true,"href":"https:\/\/www.ladislavjakl.cz\/index.php?rest_route=%2Fwp%2Fv2%2Fcategories&post=13063"},{"taxonomy":"post_tag","embeddable":true,"href":"https:\/\/www.ladislavjakl.cz\/index.php?rest_route=%2Fwp%2Fv2%2Ftags&post=13063"}],"curies":[{"name":"wp","href":"https:\/\/api.w.org\/{rel}","templated":true}]}}