{"id":13065,"date":"2022-11-25T19:45:57","date_gmt":"2022-11-25T18:45:57","guid":{"rendered":"https:\/\/www.ladislavjakl.cz\/?p=13065"},"modified":"2022-11-25T19:45:57","modified_gmt":"2022-11-25T18:45:57","slug":"jeste-ze-tam-nehraji-nasi-ladislav-jakl-o-pomylene-ideologii-na-fotbale-v-kataru","status":"publish","type":"post","link":"https:\/\/www.ladislavjakl.cz\/?p=13065","title":{"rendered":"Je\u0161t\u011b \u017ee tam nehraj\u00ed na\u0161i&#8230; Ladislav Jakl o \u201epom\u00fdlen\u00e9 ideologii\u201c na fotbale v Kataru"},"content":{"rendered":"<p class=\"brief\"><strong>Obrovskou pozornost tento t\u00fdden vzbuzuj\u00ed protesty evropsk\u00fdch t\u00fdm\u016f na mistrovstv\u00ed sv\u011bta ve fotbale v Kataru. Jeden p\u0159edvedli i n\u011bme\u010dt\u00ed fotbalist\u00e9, kte\u0159\u00ed si p\u0159ed z\u00e1pasem s Japonskem zakryli \u00fasta jako protest proti FIFA k duhov\u00fdm p\u00e1sk\u00e1m. <\/strong><strong>D\u011bn\u00ed komentuje b\u00fdval\u00fd poslanec Ladislav Jakl, kter\u00e9ho v tomto sm\u011bru t\u011b\u0161\u00ed, \u017ee \u010ce\u0161i nemohou na mistrovstv\u00ed p\u0159edv\u00e1d\u011bt n\u011bco podobn\u00e9ho. Sd\u00edl\u00ed v\u0161ak obavy z toho, co se ve jm\u00e9nu pom\u00fdlen\u00e9 ideologie pr\u00e1v\u011b odehr\u00e1v\u00e1 na \u00farovni \u010desk\u00e9 vl\u00e1dy.<\/strong><\/p>\n<p><!--more--><\/p>\n<p><img loading=\"lazy\" decoding=\"async\" class=\"\" src=\"https:\/\/cms.parlamentnilisty.cz\/image.ashx?w=632&amp;h=307&amp;f=IMG_3151_637665434925716166.jpg&amp;id=161652\" alt=\"Je\u0161t\u011b \u017ee tam nehraj\u00ed na\u0161i... Ladislav Jakl o \u201epom\u00fdlen\u00e9 ideologii\u201c na fotbale v Kataru\" width=\"395\" height=\"192\"><\/p>\n<p><small>Foto:&nbsp;<strong>Hans \u0160tembera<\/strong><br \/>\nPopisek:&nbsp;<strong>Ladislav Jakl<\/strong><\/small><\/p>\n<p>Jakl si v\u0161\u00edm\u00e1, \u017ee se m\u00e9dia v\u00edce ne\u017e o v\u00fdsledky z mistrostv\u00ed sv\u011bta ve fotbale v Kataru zaj\u00edmaj\u00ed o krut\u00e9 trampoty, kter\u00e9 maj\u00ed evropsk\u00e9 t\u00fdmy s p\u00e1skami na podporu homosexuality. Organiz\u00e1to\u0159i jim je necht\u011bj\u00ed na dresech povolit a hroz\u00ed, \u017ee nepovolen\u00e9 sou\u010d\u00e1sti v\u00fdstroje bude rozhod\u010d\u00ed trestat \u017elut\u00fdmi kartam<\/p>\n<p><a href=\"https:\/\/neviditelnypes.lidovky.cz\/spolecnost\/katar-duhovy-fotbal-i-auta.A221124_175510_p_spolecnost_nef\" target=\"_blank\" rel=\"nofollow noopener\">\u201eNen\u00ed divu, \u017ee za takov\u00fdch okolnost\u00ed nem\u011bl v\u010dera n\u011bmeck\u00fd t\u00fdm klid na svou fotbalovou pr\u00e1ci a na h\u0159i\u0161ti prohr\u00e1l s outsidery z Japonska. Je\u0161t\u011b\u017ee se tam n\u00e1\u0161 t\u00fdm neprobojoval, jak by se asi na\u0161im fotbalist\u016fm t\u011b\u017ece hr\u00e1lo bez duhov\u00fdch p\u00e1sek\u2026\u201c<\/a>&nbsp;podotkl.<\/p>\n<p>Sedm evropsk\u00fdch t\u00fdm\u016f ustoupilo na \u0161ampion\u00e1tu ohledn\u011b nosen\u00ed p\u00e1sky v barv\u00e1ch LGBTQ+ komunity, kterou se cht\u011bly p\u0159ihl\u00e1sit k antidiskrimina\u010dn\u00ed kampani \u201eOneLove\u201c. FIFA jim to zak\u00e1zala, podle pravidel musej\u00ed kapit\u00e1ni na MS hr\u00e1t s ofici\u00e1ln\u00ed p\u00e1skou dodanou federac\u00ed.<\/p>\n<p>N\u011bmeck\u00fd fotbalov\u00fd svaz uvedl, \u017ee svazy podporuj\u00edc\u00ed duhov\u00e9 p\u00e1sky \u010delily \u201eextr\u00e9mn\u00edmu vyd\u00edr\u00e1n\u00ed\u201c. N\u011bmci si proto p\u0159i spole\u010dn\u00e9m focen\u00ed p\u0159ed ned\u011bln\u00edm z\u00e1pasem s Japonskem zakryli \u00fasta jako protest proti postoji FIFA k duhov\u00fdm p\u00e1sk\u00e1m.<\/p>\n<p><img loading=\"lazy\" decoding=\"async\" class=\"\" src=\"https:\/\/cms.parlamentnilisty.cz\/edition_files\/uploaded-images\/552d2ec3-5302-463a-bf61-9e795da1063f.jpg\" alt=\"\" width=\"544\" height=\"359\" data-orig-style=\"width: 800px; height: 528px;\"><\/p>\n<p>Jak bylo ji\u017e v\u00fd\u0161e zm\u00edn\u011bn\u00e9 \u2013 z\u00e1pas N\u011bmci s&nbsp;Japonci nakonec ne\u010dekan\u011b prohr\u00e1li. Z n\u011bmeck\u00fdch fotbalist\u016f si po proh\u0159e d\u011blali legraci japon\u0161t\u00ed fotbalov\u00ed fanou\u0161ci, kte\u0159\u00ed si podle jejich vzoru d\u011blali fotky se zakryt\u00fdmi \u00fasty.<\/p>\n<p><iframe loading=\"lazy\" src=\"https:\/\/www.facebook.com\/plugins\/post.php?href=https%3A%2F%2Fwww.facebook.com%2FQatarTribune%2Fposts%2Fpfbid02tEmfGs5quWE6aMsSaWw89EwRu1VHrPtaw7tFaiD7j4gAdYWBdAw5fztyzNN7MW6ul&amp;show_text=true&amp;width=500\" width=\"500\" height=\"579\" frameborder=\"0\" scrolling=\"no\" allowfullscreen=\"allowfullscreen\" data-mce-fragment=\"1\"><\/iframe><\/p>\n<p>Japon\u0161t\u00ed fanou\u0161ci mimochodem zaujali tak\u00e9 t\u00edm, \u017ee se po z\u00e1pase chopili pytl\u016f a pom\u00e1hali po\u0159adatel\u016fm ukl\u00edzet odpadky na tribun\u00e1ch.<\/p>\n<p>Jakl tak\u00e9 v&nbsp;dob\u011b, kdy ministr soci\u00e1ln\u00edch v\u011bc\u00ed Marian Jure\u010dka ozn\u00e1mil roz\u0161\u00ed\u0159en\u00ed st\u00e1tn\u00ed podpory v\u00fdroby a prodeje aut na baterie, ve sv\u00e9m koment\u00e1\u0159i zmi\u0148uje, \u017ee by Jure\u010dka mohl navrhnout, \u017ee dotace m\u016f\u017ee b\u00fdt vy\u0161\u0161\u00ed, pokud bude auto na baterie vyvedeno v modern\u00edch duhov\u00fdch barv\u00e1ch. \u201eMo\u017en\u00e1 takov\u00e1 auta budou fasovat fotbalisti z t\u00fdm\u016f, kter\u00e9 v Kataru vypadnou v z\u00e1kladn\u00ed skupin\u011b \u2013 a kruh se uzav\u0159e,\u201c podot\u00fdk\u00e1 Jakl.<\/p>\n<p><a href=\"https:\/\/www.parlamentnilisty.cz\/arena\/monitor\/Jeste-ze-tam-nehraji-nasi-Ladislav-Jakl-o-pomylene-ideologii-na-fotbale-v-Kataru-721461\">Zdroj<\/a><\/p>\n<p>&nbsp;<\/p>\n<p>&nbsp;<\/p>\n<p>&nbsp;<\/p>\n","protected":false},"excerpt":{"rendered":"<p>Obrovskou pozornost tento t\u00fdden vzbuzuj\u00ed protesty evropsk\u00fdch t\u00fdm\u016f na mistrovstv\u00ed sv\u011bta ve fotbale v Kataru. Jeden p\u0159edvedli i n\u011bme\u010dt\u00ed fotbalist\u00e9, kte\u0159\u00ed si p\u0159ed z\u00e1pasem s Japonskem zakryli \u00fasta jako protest proti FIFA k duhov\u00fdm p\u00e1sk\u00e1m. D\u011bn\u00ed komentuje b\u00fdval\u00fd poslanec Ladislav Jakl, kter\u00e9ho v tomto sm\u011bru t\u011b\u0161\u00ed, \u017ee \u010ce\u0161i nemohou na mistrovstv\u00ed p\u0159edv\u00e1d\u011bt n\u011bco podobn\u00e9ho. Sd\u00edl\u00ed [&hellip;]<\/p>\n","protected":false},"author":9,"featured_media":0,"comment_status":"open","ping_status":"open","sticky":false,"template":"","format":"standard","meta":{"ngg_post_thumbnail":0,"footnotes":""},"categories":[11],"tags":[],"class_list":["post-13065","post","type-post","status-publish","format-standard","hentry","category-ozvena"],"_links":{"self":[{"href":"https:\/\/www.ladislavjakl.cz\/index.php?rest_route=\/wp\/v2\/posts\/13065","targetHints":{"allow":["GET"]}}],"collection":[{"href":"https:\/\/www.ladislavjakl.cz\/index.php?rest_route=\/wp\/v2\/posts"}],"about":[{"href":"https:\/\/www.ladislavjakl.cz\/index.php?rest_route=\/wp\/v2\/types\/post"}],"author":[{"embeddable":true,"href":"https:\/\/www.ladislavjakl.cz\/index.php?rest_route=\/wp\/v2\/users\/9"}],"replies":[{"embeddable":true,"href":"https:\/\/www.ladislavjakl.cz\/index.php?rest_route=%2Fwp%2Fv2%2Fcomments&post=13065"}],"version-history":[{"count":1,"href":"https:\/\/www.ladislavjakl.cz\/index.php?rest_route=\/wp\/v2\/posts\/13065\/revisions"}],"predecessor-version":[{"id":13066,"href":"https:\/\/www.ladislavjakl.cz\/index.php?rest_route=\/wp\/v2\/posts\/13065\/revisions\/13066"}],"wp:attachment":[{"href":"https:\/\/www.ladislavjakl.cz\/index.php?rest_route=%2Fwp%2Fv2%2Fmedia&parent=13065"}],"wp:term":[{"taxonomy":"category","embeddable":true,"href":"https:\/\/www.ladislavjakl.cz\/index.php?rest_route=%2Fwp%2Fv2%2Fcategories&post=13065"},{"taxonomy":"post_tag","embeddable":true,"href":"https:\/\/www.ladislavjakl.cz\/index.php?rest_route=%2Fwp%2Fv2%2Ftags&post=13065"}],"curies":[{"name":"wp","href":"https:\/\/api.w.org\/{rel}","templated":true}]}}