{"id":13067,"date":"2022-11-25T19:54:27","date_gmt":"2022-11-25T18:54:27","guid":{"rendered":"https:\/\/www.ladislavjakl.cz\/?p=13067"},"modified":"2022-11-25T19:54:27","modified_gmt":"2022-11-25T18:54:27","slug":"tiskova-zprava-z-18-zasedani-rady-konaneho-dne-22-11-2022","status":"publish","type":"post","link":"https:\/\/www.ladislavjakl.cz\/?p=13067","title":{"rendered":"Tiskov\u00e1 zpr\u00e1va z 18. zased\u00e1n\u00ed Rady, konan\u00e9ho dne 22. 11. 2022"},"content":{"rendered":"<p>Rada pro rozhlasov\u00e9 a televizn\u00ed vys\u00edl\u00e1n\u00ed (d\u00e1le jen &#8222;Rada&#8220;) na sv\u00e9m 18. zased\u00e1n\u00ed projednala 43<br \/>\nbod\u016f programu. Vyhodnotila 29 st\u00ed\u017enost\u00ed div\u00e1k\u016f a poslucha\u010d\u016f, vydala 16 upozorn\u011bn\u00ed na poru\u0161en\u00ed<br \/>\nz\u00e1kona. Rada na sv\u00e9m 18. zased\u00e1n\u00ed ulo\u017eila \u010dty\u0159i pokuty.<\/p>\n<p><!--more--><br \/>\nProvozovateli JS medi\u00e1ln\u00ed slu\u017eby s.r.o., pokutu ve v\u00fd\u0161i 5000,- K\u010d pro poru\u0161en\u00ed povinnosti<br \/>\nstanoven\u00e9 \u00a7 32 odst. 6 z\u00e1kona \u010d. 231\/2001 Sb., \u00fa\u010dinn\u00e9m v dob\u011b zah\u00e1jen\u00ed \u0159\u00edzen\u00ed, kter\u00e9ho se<br \/>\ndopustil t\u00edm, \u017ee neposkytl informace o opat\u0159en\u00edch p\u0159ijat\u00fdch na podporu medi\u00e1ln\u00ed gramotnosti za rok<br \/>\n2021, resp. poru\u0161il povinnost na p\u00edsemnou v\u00fdzvu poskytnout Rad\u011b vyj\u00e1d\u0159en\u00ed a informace nezbytn\u00e9<br \/>\nk v\u00fdkonu jej\u00ed p\u016fsobnosti podle \u00a7 5 p\u00edsm. t) a\u017e v) nebo \u00a7 6 odst. 1 a 5, \u00fa\u010dinn\u00e9m v dob\u011b zah\u00e1jen\u00ed<br \/>\n\u0159\u00edzen\u00ed.<br \/>\nProvozovateli JAMES DEAN CO. s.r.o. v likvidaci, pokutu ve v\u00fd\u0161i 5000,- K\u010d pro poru\u0161en\u00ed povinnosti<br \/>\nstanoven\u00e9 \u00a7 32 odst. 6 z\u00e1kona \u010d. 231\/2001 Sb., \u00fa\u010dinn\u00e9m v dob\u011b zah\u00e1jen\u00ed \u0159\u00edzen\u00ed, kter\u00e9ho se<br \/>\ndopustil t\u00edm, \u017ee neposkytl informace o opat\u0159en\u00edch p\u0159ijat\u00fdch na podporu medi\u00e1ln\u00ed gramotnosti za rok<br \/>\n2021, resp. poru\u0161il povinnost na p\u00edsemnou v\u00fdzvu poskytnout Rad\u011b vyj\u00e1d\u0159en\u00ed a informace nezbytn\u00e9<br \/>\nk v\u00fdkonu jej\u00ed p\u016fsobnosti podle \u00a7 5 p\u00edsm. t) a\u017e v) nebo \u00a7 6 odst. 1 a 5, \u00fa\u010dinn\u00e9m v dob\u011b zah\u00e1jen\u00ed<br \/>\n\u0159\u00edzen\u00ed.<br \/>\nProvozovateli AIDEM &amp; Vy\u0161\u0161\u00ed odborn\u00e1 \u0161kola televizn\u00ed Brno a.s., pokutu ve v\u00fd\u0161i 40 000,- K\u010d pro<br \/>\nporu\u0161en\u00ed povinnosti stanoven\u00e9 \u00a7 32 odst. 6 z\u00e1kona \u010d. 231\/2001 Sb., \u00fa\u010dinn\u00e9m v dob\u011b zah\u00e1jen\u00ed<br \/>\n\u0159\u00edzen\u00ed, kter\u00e9ho se dopustil t\u00edm, \u017ee neposkytl informace o opat\u0159en\u00edch p\u0159ijat\u00fdch na podporu medi\u00e1ln\u00ed<br \/>\ngramotnosti za rok 2021, resp. poru\u0161il povinnost na p\u00edsemnou v\u00fdzvu poskytnout Rad\u011b vyj\u00e1d\u0159en\u00ed a<br \/>\ninformace nezbytn\u00e9 k v\u00fdkonu jej\u00ed p\u016fsobnosti podle \u00a7 5 p\u00edsm. t) a\u017e v) nebo \u00a7 6 odst. 1 a 5, \u00fa\u010dinn\u00e9m<br \/>\nv dob\u011b zah\u00e1jen\u00ed \u0159\u00edzen\u00ed.<br \/>\nProvozovateli Emporia Style s.r.o., pokutu ve v\u00fd\u0161i 5 000,- K\u010d pro poru\u0161en\u00ed povinnosti stanoven\u00e9<br \/>\n\u00a7 32 odst. 6 z\u00e1kona \u010d. 231\/2001 Sb., \u00fa\u010dinn\u00e9m v dob\u011b zah\u00e1jen\u00ed \u0159\u00edzen\u00ed, kter\u00e9ho se dopustil t\u00edm, \u017ee<br \/>\nneposkytl informace o opat\u0159en\u00edch p\u0159ijat\u00fdch na podporu medi\u00e1ln\u00ed gramotnosti za rok 2021, resp.<br \/>\nporu\u0161il povinnost na p\u00edsemnou v\u00fdzvu poskytnout Rad\u011b vyj\u00e1d\u0159en\u00ed a informace nezbytn\u00e9 k v\u00fdkonu<br \/>\njej\u00ed p\u016fsobnosti podle \u00a7 5 p\u00edsm. t) a\u017e v) nebo \u00a7 6 odst. 1 a 5, \u00fa\u010dinn\u00e9m v dob\u011b zah\u00e1jen\u00ed \u0159\u00edzen\u00ed.<br \/>\nRada d\u00e1le uznala vinn\u00fdm provozovatele Mediapoint Consulting s.r.o., pro poru\u0161en\u00ed povinnosti<br \/>\nstanoven\u00e9 \u00a7 32 odst. 6 z\u00e1kona \u010d. 231\/2001 Sb., \u00fa\u010dinn\u00fdm v dob\u011b zah\u00e1jen\u00ed \u0159\u00edzen\u00ed, kter\u00e9ho se dopustil<br \/>\nt\u00edm, \u017ee neposkytl Rad\u011b informace o opat\u0159en\u00edch p\u0159ijat\u00fdch na podporu medi\u00e1ln\u00ed gramotnosti za rok<br \/>\n2021, resp. poru\u0161il povinnost na p\u00edsemnou v\u00fdzvu poskytnout Rad\u011b vyj\u00e1d\u0159en\u00ed a informace nezbytn\u00e9<br \/>\nk v\u00fdkonu jej\u00ed p\u016fsobnosti podle \u00a7 5 p\u00edsm. t) a\u017e v) nebo \u00a7 6 odst. 1 a 5, \u00fa\u010dinn\u00e9m v dob\u011b zah\u00e1jen\u00ed<br \/>\n\u0159\u00edzen\u00ed. Od ulo\u017een\u00ed spr\u00e1vn\u00edho trestu Rada upustila, nebo\u0165 m\u00e1 za to, \u017ee vzhledem k z\u00e1va\u017enosti<br \/>\np\u0159estupku samotn\u00e9 projedn\u00e1n\u00ed v\u011bci posta\u010dilo k n\u00e1prav\u011b vyt\u00fdkan\u00e9ho stavu.<br \/>\nRada ud\u011blila licenci k provozov\u00e1n\u00ed televizn\u00edho vys\u00edl\u00e1n\u00ed, a to pr\u00e1vnick\u00e9 osob\u011b AQUA content s.r.o.,<br \/>\nk provozov\u00e1n\u00ed celoplo\u0161n\u00e9ho zemsk\u00e9ho digit\u00e1ln\u00edho televizn\u00edho vys\u00edl\u00e1n\u00ed \u0161\u00ed\u0159en\u00e9ho prost\u0159ednictv\u00edm<br \/>\nvys\u00edla\u010d\u016f pro program iVod\u00e1renstv\u00ed TV.<br \/>\nPodrobn\u011bj\u0161\u00ed informace naleznete v p\u0159episech usnesen\u00ed Rady:<\/p>\n<p>ROZHLASOV\u00c9 VYS\u00cdL\u00c1N\u00cd<br \/>\n&#8211; Rada v r\u00e1mci sv\u00e9 kompetence dan\u00e9 ustanoven\u00edm \u00a7 5 p\u00edsm. b) a v souladu s \u00a7 21 odst. 1 p\u00edsm.<br \/>\nb) a odst. 3 z\u00e1kona \u010d. 231\/2001 Sb. p\u0159ijala ve v\u011bci \u017e\u00e1dosti provozovatele ORLICKO Media s.r.o.,<br \/>\nI\u010c: 04095766, se s\u00eddlem Na \u0160t\u011bpnici 1272, 562 06 \u00dast\u00ed nad Orlic\u00ed, o zm\u011bnu skute\u010dnost\u00ed uveden\u00fdch<br \/>\nv \u017e\u00e1dosti o licenci k provozov\u00e1n\u00ed rozhlasov\u00e9ho vys\u00edl\u00e1n\u00ed programu Radio Orlicko (licence sp.zn.:<br \/>\nRRTV\/2020\/718\/zab), a to o zm\u011bn\u011b \u00fazemn\u00edho rozsahu vys\u00edl\u00e1n\u00ed a souboru technick\u00fdch parametr\u016f<br \/>\nspo\u010d\u00edvaj\u00edc\u00ed ve zm\u011bn\u011b stanovi\u0161t\u011b a kmito\u010dtu Vamberk 2 94,3 MHz \/ 50 W, toto rozhodnut\u00ed: Rada<br \/>\nud\u011bluje provozovateli ORLICKO Media s.r.o., I\u010c: 04095766, se s\u00eddlem Na \u0160t\u011bpnici 1272, 562 06<br \/>\n\u00dast\u00ed nad Orlic\u00ed, souhlas se zm\u011bnou skute\u010dnost\u00ed uveden\u00fdch v \u017e\u00e1dosti o licenci k provozov\u00e1n\u00ed<br \/>\nrozhlasov\u00e9ho vys\u00edl\u00e1n\u00ed prost\u0159ednictv\u00edm vys\u00edla\u010d\u016f, program Radio Orlicko (licence sp.zn.:<br \/>\nRRTV\/2020\/718\/zab), a to o zm\u011bn\u011b \u00fazemn\u00edho rozsahu vys\u00edl\u00e1n\u00ed a souboru technick\u00fdch parametr\u016f<br \/>\nspo\u010d\u00edvaj\u00edc\u00ed ve zm\u011bn\u011b stanovi\u0161t\u011b a kmito\u010dtu Vamberk 2 94,3 MHz \/ 50 W na nov\u00e9 stanovi\u0161t\u011b a<br \/>\nkmito\u010det Vamberk 2 92,4 MHz \/ 50 W sou\u0159adnice WGS 84, 16 18 19 \/ 50 06 56.<br \/>\n&#8211; Rada se sezn\u00e1mila s p\u0159edb\u011b\u017enou koordinac\u00ed spo\u010d\u00edvaj\u00edc\u00ed ve stanoven\u00ed po\u010dtu obyvatel \u010cR<br \/>\npokryt\u00fdch sign\u00e1lem a \u00fazemn\u00edm rozsahem vys\u00edl\u00e1n\u00ed p\u0159ed zm\u011bnou a po zm\u011bn\u011b stanovi\u0161t\u011b kmito\u010dtu<br \/>\nHranice 91,9 MHz \/ 100 W na nov\u00e9 stanovi\u0161t\u011b Hranice 91,9 MHz \/ 100 W, sou\u0159adnice WGS 84:<br \/>\n17 45 00 \/ 49 32 53, \u017eadatele HAMCO, s.r.o., I\u010c: 47668962, se s\u00eddlem Bla\u017eejsk\u00e9 n\u00e1m\u011bst\u00ed 97\/7,<br \/>\n779 00 Olomouc, program RADIO HAN\u00c1 (licence \u010d.j.: Ru\/101\/01) a souhlas\u00ed s dokon\u010den\u00edm<br \/>\np\u0159edm\u011btn\u00e9 koordinace.<br \/>\n&#8211; Rada v souladu s ustanoven\u00edm \u00a7 5 p\u00edsm. b), \u00a7 21 odst. 1 p\u00edsm. e) a \u00a7 21 odst. 3 z\u00e1kona<br \/>\n\u010d. 231\/2001 Sb., o provozov\u00e1n\u00ed rozhlasov\u00e9ho a televizn\u00edho vys\u00edl\u00e1n\u00ed a o zm\u011bn\u011b dal\u0161\u00edch z\u00e1kon\u016f, v<br \/>\nplatn\u00e9m zn\u011bn\u00ed (d\u00e1le jen \u201ez\u00e1kon \u010d. 231\/2001 Sb.\u201c), a ustanoven\u00edm \u00a7 67 a n\u00e1sl. z\u00e1kona \u010d. 500\/2004<br \/>\nSb., spr\u00e1vn\u00edho \u0159\u00e1du, v platn\u00e9m zn\u011bn\u00ed, vydala toto rozhodnut\u00ed: Rada ud\u011bluje provozovateli<br \/>\nRadioZET, s.r.o., I\u010c: 256 16 803, se s\u00eddlem Wenzigova 1872\/4, PS\u010c 120 00 Praha, souhlas se<br \/>\nzm\u011bnou skute\u010dnost\u00ed uveden\u00fdch v \u017e\u00e1dosti o licenci k provozov\u00e1n\u00ed rozhlasov\u00e9ho vys\u00edl\u00e1n\u00ed programu<br \/>\nZET (licence \u010d.j. Ru\/193\/98 ze dne 24. 2. 1998) dle \u00a7 21 odst. 1 p\u00edsm. e) a \u00a7 21 odst. 3 z\u00e1kona<br \/>\n\u010d. 231\/2001 Sb., spo\u010d\u00edvaj\u00edc\u00ed v p\u0159evodu obchodn\u00edho pod\u00edlu ve spole\u010dnosti provozovatele RadioZET,<br \/>\ns.r.o. ve v\u00fd\u0161i 100 % ze st\u00e1vaj\u00edc\u00edho jedin\u00e9ho spole\u010dn\u00edka CMI News s.r.o., I\u010c: 077 49 147, na<br \/>\nspole\u010dnost SPM MEDIA a.s., I\u010c: 141 21 816, nebo\u0165 tato zm\u011bna by nevedla k neud\u011blen\u00ed licence na<br \/>\nz\u00e1klad\u011b ve\u0159ejn\u00e9ho sly\u0161en\u00ed.<br \/>\n&#8211; Rada v r\u00e1mci sv\u00e9 p\u016fsobnosti dan\u00e9 \u00a7 5 p\u00edsm. a) a f) a \u00a7 59 odst. 1 &#8211; 3 z\u00e1kona \u010d. 231\/2001 Sb.,<br \/>\no provozov\u00e1n\u00ed rozhlasov\u00e9ho a televizn\u00edho vys\u00edl\u00e1n\u00ed (d\u00e1le jen \u201ez\u00e1kon \u010d. 231\/2001 Sb.\u201c), v platn\u00e9m<br \/>\nzn\u011bn\u00ed, upozor\u0148uje provozovatele HAMCO, s.r.o., I\u010c: 47668962, se s\u00eddlem Bla\u017eejsk\u00e9 n\u00e1m\u011bst\u00ed 97\/7,<br \/>\n779 00 Olomouc, na poru\u0161en\u00ed ustanoven\u00ed \u00a7 32 odst. 1 p\u00edsm. h) z\u00e1kona \u010d. 231\/2001 Sb., dle kter\u00e9ho<br \/>\nje provozovatel povinen identifikovat rozhlasov\u00fd program alespo\u0148 jedenkr\u00e1t za hodinu, nenaru\u0161\u00ed-li<br \/>\nt\u00edm celistvost vys\u00edlan\u00e9ho po\u0159adu, kter\u00e9ho se dopustil t\u00edm, \u017ee dne 3. \u0159\u00edjna 2022 byl program \u201eRadio<br \/>\nHan\u00e1 okruh SkyRock\u201c, \u0161\u00ed\u0159en\u00fd prost\u0159ednictv\u00edm vys\u00edla\u010d\u016f na z\u00e1klad\u011b licence ud\u011blen\u00e9 Radou (licence<br \/>\nsp.zn. 2018\/163\/zab), identifikov\u00e1n pouze ozna\u010den\u00edm \u201eSkyRock\u201c, co\u017e nedostate\u010dn\u011b odpov\u00edd\u00e1<br \/>\nn\u00e1zvu programu podle ud\u011blen\u00e9 licence a tud\u00ed\u017e nen\u00ed dostate\u010dnou identifikac\u00ed programu ve smyslu<br \/>\nustanoven\u00ed \u00a7 32 odst. 1 p\u00edsm. h) z\u00e1kona \u010d. 231\/2001 Sb.<br \/>\n&#8211; Rada se sezn\u00e1mila s anal\u00fdzami obchodn\u00edch sd\u011blen\u00ed odvys\u00edlan\u00fdch provozovateli MEDIA<br \/>\nBOHEMIA a.s. (program Hitr\u00e1dio Faktor; \u010cesk\u00e9 Bud\u011bjovice 104,3 MHz) dne 3. listopadu 2022,<br \/>\nRADIO BONTON a.s. (program R\u00e1dio Bonton; \u010cesk\u00e1 L\u00edpa 96,9 MHz) dne 3. listopadu 2022, 4S<br \/>\nPRODUCTION, a.s. (program EXPRES FM; Praha 90,3 MHz) dne 3. listopadu 2022, RADIO<br \/>\nUNITED BROADCASTING s.r.o. (program Country MORAVA; Brno 96,8 MHz) dne 3. listopadu<br \/>\n2022, MEDIA BOHEMIA a.s. (program Hitr\u00e1dio Orion; Jesen\u00edk 88,1 MHz) dne 3. listopadu 2022 a<br \/>\nNONSTOP s.r.o. (program R\u00c1DIO JIHLAVA; Jihlava-Hosov 101,1 MHz) dne 3. listopadu 2022.<br \/>\n&#8211; Rada se sezn\u00e1mila s ozn\u00e1men\u00edm provozovatele RADIO PROGLAS s.r.o., I\u010c: 49435001,<br \/>\ndoru\u010den\u00fdm Rad\u011b dne 8. listopadu 2022 pod \u010d.j. RRTV\/13161\/2022-vra, spo\u010d\u00edvaj\u00edc\u00edm v informaci o<\/p>\n<p>v\u00fdluk\u00e1ch vys\u00edl\u00e1n\u00ed programu Radio Proglas za m\u011bs\u00edc \u0159\u00edjen 2022. Rada se sezn\u00e1mila s ozn\u00e1men\u00edm<br \/>\nprovozovatele RADIO PROGLAS s.r.o., I\u010c: 49435001, doru\u010den\u00fdm Rad\u011b dne 8. listopadu 2022 pod<br \/>\n\u010d.j. RRTV\/13185\/2022-vra, spo\u010d\u00edvaj\u00edc\u00edm v informaci o tom, \u017ee provozovatel bere na v\u011bdom\u00ed konec<br \/>\nplatnosti licence k provozov\u00e1n\u00ed rozhlasov\u00e9ho programu RADIO PROGLAS ud\u011blen\u00e9 rozhodnut\u00edm<br \/>\nRady \u010d.j.FOL\/3903\/2014 ze dne 14. listopadu 2014. Rada se sezn\u00e1mila s ozn\u00e1men\u00edm<br \/>\nprovozovatele Dada Media s.r.o., I\u010c: 26481006, doru\u010den\u00fdm Rad\u011b dne 31. \u0159\u00edjna 2022 pod \u010d.j.<br \/>\nRRTV\/12948\/2022-vra, spo\u010d\u00edvaj\u00edc\u00edm v informaci o tom, \u017ee dne 26. \u0159\u00edjna 2022 zah\u00e1jil pravideln\u00e9<br \/>\nvys\u00edl\u00e1n\u00ed v multiplexu DAB+ na z\u00e1klad\u011b rozhodnut\u00ed Rady sp.zn. RRTV\/2022\/959\/str, \u010d.j.<br \/>\nRRTV\/12604\/2022-str ze dne 18. \u0159\u00edjna 2022.<br \/>\n&#8211; Rada se sezn\u00e1mila se st\u00ed\u017enost\u00ed (\u010d. j. RRTV\/12931\/2022-vra) poslucha\u010dky na rozhovor, kter\u00fd<br \/>\n25. \u0159\u00edjna 2022 odvys\u00edlal program EXPRES FM.<br \/>\n&#8211; Rada v r\u00e1mci sv\u00e9 p\u016fsobnosti dan\u00e9 ustanoven\u00edm \u00a7 5 p\u00edsm. a) a f) a \u00a7 59 odst. 1-3 z\u00e1kona<br \/>\n\u010d. 231\/2001 Sb., o provozov\u00e1n\u00ed rozhlasov\u00e9ho a televizn\u00edho vys\u00edl\u00e1n\u00ed a o zm\u011bn\u011b dal\u0161\u00edch z\u00e1kon\u016f (d\u00e1le<br \/>\njen \u201ez\u00e1kon \u010d. 231\/2001Sb.\u201c), v platn\u00e9m zn\u011bn\u00ed, upozor\u0148uje provozovatele 4S PRODUCTION, a.s.,<br \/>\nI\u010c: 25113054, s\u00eddlem: Radlick\u00e1 3294\/10, Praha 5, PS\u010c 150 00, na poru\u0161en\u00ed ustanoven\u00ed \u00a7 32 odst.<br \/>\n1 p\u00edsm. j) z\u00e1kona \u010d. 231\/2001 Sb., kter\u00e9ho se dopustil t\u00edm, \u017ee dne 25. 10. 2022 od 18:09 hodin na<br \/>\nprogramu EXPRES FM odvys\u00edlal rozhovor, kter\u00fd obsahoval vulgarismy a nad\u00e1vky, \u010d\u00edm\u017e poru\u0161il<br \/>\npovinnost neza\u0159azovat do program\u016f po\u0159ady a reklamy, kter\u00e9 obsahuj\u00ed vulgarismy a nad\u00e1vky, krom\u011b<br \/>\num\u011bleck\u00fdch d\u011bl, v nich\u017e je to z hlediska l\u00ed\u010den\u00e9ho kontextu nutn\u00e9; takov\u00e1 d\u00edla je v\u0161ak mo\u017en\u00e9 vys\u00edlat<br \/>\npouze v dob\u011b od 22:00 do 06:00 hodin druh\u00e9ho dne. Rada stanovuje lh\u016ftu k n\u00e1prav\u011b 7 dn\u00ed ode<br \/>\ndne doru\u010den\u00ed upozorn\u011bn\u00ed.<br \/>\nTELEVIZN\u00cd VYS\u00cdL\u00c1N\u00cd<br \/>\n&#8211; Rada ud\u011blila spole\u010dnosti AQUA content s.r.o., I\u010c: 17129303, se s\u00eddlem Chudenick\u00e1 1059\/30,<br \/>\nPraha 10 Hostiva\u0159, 102 00, podle \u00a7 25 z\u00e1kona \u010d. 231\/2001 Sb., licenci k provozov\u00e1n\u00ed celoplo\u0161n\u00e9ho<br \/>\nzemsk\u00e9ho digit\u00e1ln\u00edho televizn\u00edho vys\u00edl\u00e1n\u00ed \u0161\u00ed\u0159en\u00e9ho prost\u0159ednictv\u00edm vys\u00edla\u010d\u016f na dobu 12 let,<br \/>\nozna\u010den\u00ed (n\u00e1zev) programu: iVod\u00e1renstv\u00ed TV; z\u00e1kladn\u00ed programov\u00e1 specifikace: Zpravodajsko &#8211;<br \/>\npublicistick\u00e9, z\u00e1bavn\u00e9, um\u011bleck\u00e9 a vzd\u011bl\u00e1vac\u00ed form\u00e1ty s informacemi o vod\u011b, vodn\u00edm hospod\u00e1\u0159stv\u00ed<br \/>\na oboru vod\u00e1renstv\u00ed a t\u00e9matech souvisej\u00edc\u00edch s vodou.; \u010dasov\u00fd rozsah vys\u00edl\u00e1n\u00ed: 24 h denn\u011b; \u00fazemn\u00ed<br \/>\nrozsah vys\u00edlan\u00ed: \u010cesk\u00e1 republika; hlavn\u00ed jazyk vys\u00edl\u00e1n\u00ed: \u010desk\u00fd; v rozsahu dle \u017e\u00e1dosti doru\u010den\u00e9 dne<br \/>\n26. z\u00e1\u0159\u00ed 2022, \u010d.j. RRTV\/11425\/2022-vac, ve zn\u011bn\u00ed dopln\u011bn\u00ed ze dne 19. \u0159\u00edjna 2022, \u010d.j.<br \/>\nRRTV\/12497\/2022-vra, 27. \u0159\u00edjna 2022, \u010d.j. RRTV\/12915\/2022-vra a 31. \u0159\u00edjna 2022, \u010d.j.<br \/>\nRRTV\/12952\/2022-vra.<br \/>\n&#8211; Rada ud\u011blila spole\u010dnostem O2 Czech Republic, a.s., I\u010c 60193336, se s\u00eddlem Praha 4 &#8211; Michle,<br \/>\nZa Brumlovkou 266\/2, PS\u010c 140 00 a O2 Family, s.r.o., I\u010c 24215554, se s\u00eddlem Praha 4 &#8211; Michle,<br \/>\nZa Brumlovkou 266\/2, PS\u010c 140 00, souhlas s f\u00faz\u00ed dle \u00a7 21 odst. 8 z\u00e1kona \u010d. 231\/2001 Sb., p\u0159i<br \/>\nkter\u00e9 provozovatel O2 Family, s.r.o., I\u010c 24215554 zanikne a jeho pr\u00e1vn\u00edm n\u00e1stupcem se stane O2<br \/>\nCzech Republic, a.s., I\u010c 60193336.<br \/>\n&#8211; Rada konstatuje, \u017ee dne 1. \u0159\u00edjna 2022 zanikly podle \u00a7 30 odst. 1 p\u00edsm. a) z\u00e1kona \u010d. 231\/2001<br \/>\nSb., v d\u016fsledku z\u00e1niku pr\u00e1vnick\u00e9 osoby (f\u00faze slou\u010den\u00edm s n\u00e1stupnickou spole\u010dnost\u00ed Nej.cz s.r.o.,<br \/>\nI\u010c 032 13 595, se s\u00eddlem Kaplanova 2252\/8, Chodov, 148 00 Praha 4) registrace spole\u010dnosti<br \/>\nSMART Comp. a.s., I\u010c 255 17 767, se s\u00eddlem Kub\u00ed\u010dkova 1115\/8, Bystrc, 635 00 Brno, a to<br \/>\nregistrace \u010d.j. sve\/7306\/07 ze dne 31. \u010dervence 2007, k provozov\u00e1n\u00ed p\u0159evzat\u00e9ho vys\u00edl\u00e1n\u00ed \u0161\u00ed\u0159en\u00e9ho<br \/>\nprost\u0159ednictv\u00edm kabelov\u00fdch syst\u00e9m\u016f, a registrace \u010d.j. zem\/4311\/2014 ze dne 2. prosince 2014, k<br \/>\nprovozov\u00e1n\u00ed p\u0159evzat\u00e9ho vys\u00edl\u00e1n\u00ed \u0161\u00ed\u0159en\u00e9ho prost\u0159ednictv\u00edm zvl\u00e1\u0161tn\u00edch p\u0159enosov\u00fdch syst\u00e9m\u016f.<br \/>\n&#8211; Rada zru\u0161ila registraci provozovateli p\u0159evzat\u00e9ho vys\u00edl\u00e1n\u00ed Ji\u0159\u00edmu Oudovi, I\u010cO: 18379575, DI\u010c:<br \/>\nCZ6405112208, Kl\u00e1\u0161terec nad Oh\u0159\u00ed, Lu\u010dn\u00ed 657, PS\u010c 431 51, na jeho \u017e\u00e1dost doru\u010denou dne<br \/>\n25. \u0159\u00edjna 2022 pod \u010d.j. RRTV\/12914\/2022-vac, ke dni 31. prosince 2022.<\/p>\n<p>&#8211; Rada se sezn\u00e1mila s obsahem Webin\u00e1\u0159e o m\u00e9di\u00edch a v\u00fduce organizovan\u00fdm Evropskou digit\u00e1ln\u00ed<br \/>\nmedi\u00e1ln\u00ed observato\u0159\u00ed (EDMO).<br \/>\n&#8211; Rada se sezn\u00e1mila s obsahem konference o medi\u00e1ln\u00ed gramotnosti European Media Literacy<br \/>\nWeek 2022.<br \/>\n&#8211; Rada se sezn\u00e1mila s n\u00e1sleduj\u00edc\u00edmi pod\u00e1n\u00edmi k obsahu televizn\u00edch program\u016f doru\u010den\u00fdmi v<br \/>\nobdob\u00ed od 19. \u0159\u00edjna 2022 do 11. listopadu 2022 (celkem 28 pod\u00e1n\u00ed): \u010cesk\u00e1 televize \/ \u010cT1 &#8211; Report\u00e9\u0159i<br \/>\n\u010cT, t\u00e9ma Pomoz si s\u00e1m, 10. \u0159\u00edjna 2022 od 21:25 hodin; FTV Prima, spol. s r.o. \/ Prima MAXSmrtonosn\u00e1 past 2, 22. \u0159\u00edjna 2022 od 10:25 hodin; FTV Prima, spol. s r.o. \/ CNN Prima Newsozna\u010den\u00ed um\u00edst\u011bn\u00ed produktu v po\u0159adech Interview Plus, 24. \u0159\u00edjna 2022 od 14:42 hodin a 25. \u0159\u00edjna<br \/>\n2022 od 14:41 hodin; FTV Prima, spol. s r.o. \/ CNN Prima News- ozna\u010den\u00ed um\u00edst\u011bn\u00ed produktu v<br \/>\npo\u0159adu Football Fanatics 27. \u0159\u00edjna 2022 od 15:43 hodin; TV Nova s.r.o. \/ NOVA &#8211; Sportovn\u00ed noviny,<br \/>\n28. \u0159\u00edjna 2022 od 20:13 hodin; FTV Prima, spol. s r.o. \/ CNN Prima News- ozna\u010den\u00ed um\u00edst\u011bn\u00ed<br \/>\nproduktu v po\u0159adu Prima sv\u011bt, 30. \u0159\u00edjna 2022 od 7:27 hodin; ViacomCBS Networks International<br \/>\nCzech s.r.o. \/ Paramount Network &#8211; Prci, prci, prci\u010dky, 16. \u0159\u00edjna 2022 od 20:00 hodin; FTV Prima,<br \/>\nspol. s r.o. \/ Prima COOL &#8211; Smrtonosn\u00e1 past 2, 16. \u0159\u00edjna 2022 od 20:15 hodin; FTV Prima, spol. s<br \/>\nr.o. \/ Prima COOL &#8211; Smrtonosn\u00e1 past 3, 23. \u0159\u00edjna 2022 od 20:15 hodin; FTV Prima, spol. s r.o. \/<br \/>\nPrima &#8211; V\u0161echno nebo nic, 23. \u0159\u00edjna 2022 od 20:15 hodin; FTV Prima, spol. s r.o. \/ Prima &#8211; ZOO<br \/>\n(61), 27. \u0159\u00edjna 2022 od 20:15 hodin; DONEAL, s.r.o. \/ JOJ Cinema &#8211; Str\u00e1\u017eci maj\u00e1ku, 23. \u0159\u00edjna 2022<br \/>\nod 20:15 hodin; \u010ceskoslovensk\u00e1 filmov\u00e1 spole\u010dnost, s.r.o. \/ CS Film &#8211; Franti\u0161ek je d\u011bvka\u0159, 27. \u0159\u00edjna<br \/>\n2022 od 18:00 hodin; FTV Prima, spol. s r.o. \/ Prima COOL &#8211; Fakj\u016f pane u\u010diteli, 1. \u0159\u00edjna 2022 od<br \/>\n20:15 hodin; Fakj\u016f pane u\u010diteli 2, 8. \u0159\u00edjna 2022 od 20:15 hodin; Fakj\u016f pane u\u010diteli 3, 15. \u0159\u00edjna 2022<br \/>\nod 20:15 hodin; ViacomCBS Networks International Czech s.r.o. \/ Paramount Network &#8211; Hon na<br \/>\nponorku, 1. \u0159\u00edjna 2022 od 11:30 hodin; ViacomCBS Networks International Czech s.r.o. \/<br \/>\nParamount Network &#8211; Top Gun, 15. \u0159\u00edjna 2022 od 20:00 hodin; ViacomCBS Networks International<br \/>\nCzech s.r.o. \/ Paramount Network &#8211; Mission: Impossible &#8211; Fallout, 9. \u0159\u00edjna 2022 od 16:50 hodin;<br \/>\nAMC Networks Central Europe s.r.o. \/ AMC Channel Central and Eastern Europe &#8211; Sedm let v<br \/>\nTibetu, 9. \u0159\u00edjna 2022 od 18:05 hodin; FILM EUROPE, s.r.o. \/ Film Europe + &#8211; Dead Snow: Rud\u00fd vs.<br \/>\nMrtv\u00fd, 2. 10. 2022 od 11:05 hod; FTV Prima, spol. s r.o. \/ Prima COOL- TIPSPORT CS:GO,<br \/>\n6. listopadu 2022 od 17:10 hodin; TV Nova s.r.o. \/ NOVA &#8211; ozna\u010den\u00ed sponzora po\u0159adu Z\u00e1lo\u017en\u00ed pl\u00e1n,<br \/>\n5. listopadu 2022 od 15:00 hodin; FTV Prima, spol. s r.o. \/ Prima- ZOO (58), 18. \u0159\u00edjna 2022 od<br \/>\n20:15 hodin; \u010cesk\u00e1 televize \/ r\u016fzn\u00e9 programy &#8211; odzn\u00e1\u010dek s vlajkou na klop\u011b moder\u00e1tora; Barrandov<br \/>\nTelevizn\u00ed Studio a.s. \/ Televize Barrandov &#8211; um\u00edst\u011bn\u00ed produktu v po\u0159adu Hol\u010di\u010dky, 25. \u0159\u00edjna 2022 od<br \/>\n17:10 hodin; Barrandov Televizn\u00ed Studio a.s. \/ Televize Barrandov &#8211; Moje zpr\u00e1vy, 23. \u0159\u00edjna 2022 od<br \/>\n20:15 hodin a dodr\u017eov\u00e1n\u00ed licen\u010dn\u00edch podm\u00ednek; \u010cesk\u00e1 televize \/ \u010cT1, \u010cT24 &#8211; Ud\u00e1losti, 31. \u0159\u00edjna<br \/>\n2022; \u010cesk\u00e1 televize \/ R\u016fzn\u00e9 programy &#8211; vyv\u00e1\u017eenost televizn\u00edho vys\u00edl\u00e1n\u00ed; FTV Prima, spol. s r.o. \/<br \/>\nCNN Prima News- Krimi zpr\u00e1vy, report\u00e1\u017e o n\u00e1siln\u00e9m \u010dinu v Praze-Hloub\u011bt\u00edn\u011b, 22. \u0159\u00edjna 2022 od<br \/>\n19:40 hodin; \u010cesk\u00e1 televize \/ \u010cT24 &#8211; Studio \u010cT24, t\u00e9ma P\u0159ihl\u00e1\u0161ku podalo 21 uchaze\u010d\u016f o post<br \/>\nprezidenta, 8. listopadu 2022 od 16:33 hodin; \u010cesk\u00e1 televize \/ \u010cT1 &#8211; neza\u0159azen\u00ed p\u0159\u00edsp\u011bvk\u016f na r\u016fzn\u00e1<br \/>\nt\u00e9mata do po\u0159adu Ud\u00e1losti; YouTube &#8211; reklama na vaporiza\u010dn\u00ed p\u0159\u00edstroj; TV Nova s.r.o. \/ NOVA &#8211;<br \/>\ndosud nevys\u00edlan\u00e9 pokra\u010dov\u00e1n\u00ed po\u0159adu Ulice; FTV Prima, spol. s r.o. \/ Prima &#8211; Showtime, 25. \u0159\u00edjna<br \/>\n2022 od 19:55 hodin; V\u00fdzva k informov\u00e1n\u00ed o pl\u00e1novan\u00e9 demonstraci 28. \u0159\u00edjna 2022.<br \/>\n&#8211; Rada v r\u00e1mci sv\u00e9 p\u016fsobnosti dan\u00e9 ustanoven\u00edm \u00a7 5 p\u00edsm. a) a f) a \u00a7 59 odst. 1-3 z\u00e1kona<br \/>\n\u010d. 231\/2001 Sb., o provozov\u00e1n\u00ed rozhlasov\u00e9ho a televizn\u00edho vys\u00edl\u00e1n\u00ed a o zm\u011bn\u011b dal\u0161\u00edch z\u00e1kon\u016f (d\u00e1le<br \/>\njen \u201ez\u00e1kon \u010d. 231\/2001 Sb.\u201c), v platn\u00e9m zn\u011bn\u00ed, upozor\u0148uje provozovatele FTV Prima, spol. s r.o.,<br \/>\nI\u010c 48115908, s\u00eddlem Vinohradsk\u00e1 3217\/167, Praha 10, PS\u010c 100 00, na poru\u0161en\u00ed ustanoven\u00ed \u00a7 53a<br \/>\nodst. 3 z\u00e1kona \u010d. 231\/2001 Sb., jeho\u017e se dopustil t\u00edm, \u017ee po\u0159ad Interview Plus, kter\u00fd byl vys\u00edl\u00e1n<br \/>\n24. \u0159\u00edjna 2022 od 14:42 hodin na programu CNN Prima News, a po\u0159ad Interview Plus, kter\u00fd byl<br \/>\nvys\u00edl\u00e1n 25. \u0159\u00edjna 2022 od 14:41 hodin na programu CNN Prima News, je\u017e byly po\u0159ady s um\u00edst\u011bn\u00edm<br \/>\nproduktu, na konci neozna\u010dil jako po\u0159ady obsahuj\u00edc\u00ed um\u00edst\u011bn\u00ed produktu, \u010d\u00edm\u017e mohli b\u00fdt div\u00e1ci<\/p>\n<p>uvedeni v omyl o povaze t\u011bchto po\u0159ad\u016f. Rada stanovuje lh\u016ftu k n\u00e1prav\u011b 7 dn\u00ed ode dne doru\u010den\u00ed<br \/>\nupozorn\u011bn\u00ed.<br \/>\n&#8211; Rada v r\u00e1mci sv\u00e9 p\u016fsobnosti dan\u00e9 ustanoven\u00edm \u00a7 5 p\u00edsm. a) a f) a \u00a7 59 odst. 1-3 z\u00e1kona<br \/>\n\u010d. 231\/2001 Sb., o provozov\u00e1n\u00ed rozhlasov\u00e9ho a televizn\u00edho vys\u00edl\u00e1n\u00ed a o zm\u011bn\u011b dal\u0161\u00edch z\u00e1kon\u016f (d\u00e1le<br \/>\njen \u201ez\u00e1kon \u010d. 231\/2001 Sb.\u201c), v platn\u00e9m zn\u011bn\u00ed, upozor\u0148uje provozovatele FTV Prima, spol. s r.o.,<br \/>\nI\u010c 48115908, s\u00eddlem Vinohradsk\u00e1 3217\/167, Praha 10, PS\u010c 100 00, na poru\u0161en\u00ed ustanoven\u00ed \u00a7 53a<br \/>\nodst. 3 z\u00e1kona \u010d. 231\/2001 Sb., jeho\u017e se dopustil t\u00edm, \u017ee po\u0159ad Football Fanatics, kter\u00fd byl vys\u00edl\u00e1n<br \/>\n27. \u0159\u00edjna 2022 od 15:43 hodin na programu CNN Prima News, jen\u017e byl po\u0159adem s um\u00edst\u011bn\u00edm<br \/>\nproduktu, na konci neozna\u010dil jak po\u0159ad obsahuj\u00edc\u00ed um\u00edst\u011bn\u00ed produktu, \u010d\u00edm\u017e mohli b\u00fdt div\u00e1ci uvedeni<br \/>\nv omyl o povaze tohoto po\u0159adu. Rada stanovuje lh\u016ftu k n\u00e1prav\u011b 7 dn\u00ed ode dne doru\u010den\u00ed<br \/>\nupozorn\u011bn\u00ed.<br \/>\n&#8211; Rada v r\u00e1mci sv\u00e9 p\u016fsobnosti dan\u00e9 ustanoven\u00edm \u00a7 5 p\u00edsm. a) a f) a \u00a7 59 odst. 1-3 z\u00e1kona<br \/>\n\u010d. 231\/2001 Sb., o provozov\u00e1n\u00ed rozhlasov\u00e9ho a televizn\u00edho vys\u00edl\u00e1n\u00ed a o zm\u011bn\u011b dal\u0161\u00edch z\u00e1kon\u016f (d\u00e1le<br \/>\njen \u201ez\u00e1kon \u010d. 231\/2001 Sb.\u201c), v platn\u00e9m zn\u011bn\u00ed, upozor\u0148uje provozovatele FTV Prima, spol. s r.o.,<br \/>\nI\u010c 48115908, s\u00eddlem Vinohradsk\u00e1 3217\/167, Praha 10, PS\u010c 100 00, na poru\u0161en\u00ed ustanoven\u00ed \u00a7 53a<br \/>\nodst. 3 z\u00e1kona \u010d. 231\/2001 Sb., jeho\u017e se dopustil t\u00edm, \u017ee po\u0159ad Prima sv\u011bt, kter\u00fd byl vys\u00edl\u00e1n<br \/>\n30. \u0159\u00edjna 2022 od 7:27 hodin na programu CNN Prima News a kter\u00fd byl po\u0159adem s um\u00edst\u011bn\u00edm<br \/>\nproduktu, nebyl ozna\u010den jako po\u0159ad obsahuj\u00edc\u00ed um\u00edst\u011bn\u00ed produktu na za\u010d\u00e1tku a na konci po\u0159adu,<br \/>\nale jen na za\u010d\u00e1tku a na konci report\u00e1\u017ee o ostr\u016fvku pobl\u00ed\u017e Madagaskaru ve st\u0159edn\u00ed \u010d\u00e1sti po\u0159adu.<br \/>\nDiv\u00e1ci tak mohli b\u00fdt uvedeni v omyl o povaze tohoto po\u0159adu. Rada stanovuje lh\u016ftu k n\u00e1prav\u011b 7 dn\u00ed<br \/>\node dne doru\u010den\u00ed upozorn\u011bn\u00ed.<br \/>\n&#8211; Rada v r\u00e1mci sv\u00e9 p\u016fsobnosti dan\u00e9 ustanoven\u00edm \u00a7 5 p\u00edsm. a) a f) a \u00a7 59 odst. 1-3 z\u00e1kona<br \/>\n\u010d. 231\/2001 Sb., o provozov\u00e1n\u00ed rozhlasov\u00e9ho a televizn\u00edho vys\u00edl\u00e1n\u00ed a o zm\u011bn\u011b dal\u0161\u00edch z\u00e1kon\u016f (d\u00e1le<br \/>\njen z\u00e1kon \u010d. 231\/2001 Sb.), v platn\u00e9m zn\u011bn\u00ed, upozor\u0148uje provozovatele FILM EUROPE, s.r.o., I\u010c<br \/>\n28922921, s\u00eddlem V j\u00e1m\u011b 699\/1, Praha 1, PS\u010c 110 00, na poru\u0161en\u00ed ustanoven\u00ed \u00a7 32 odst. 1<br \/>\np\u00edsm. g) z\u00e1kona \u010d. 231\/2001 Sb., kter\u00e9ho se dopustil t\u00edm, \u017ee dne 2. \u0159\u00edjna 2022 v 11:05 hodin<br \/>\nodvys\u00edlal na programu Film Europe + hororov\u00fd sn\u00edmek Dead Snow: Rud\u00fd vs. Mrtv\u00fd. Sn\u00edmek<br \/>\nobsahoval velk\u00e9 mno\u017estv\u00ed n\u00e1siln\u00fdch sc\u00e9n, zahrnuj\u00edc\u00edch krev, detaily rozkl\u00e1daj\u00edc\u00edch se mrtvol,<br \/>\nsurov\u00e9 zab\u00edjen\u00ed a nakl\u00e1d\u00e1n\u00ed s ostatky. Tyto explicitn\u00ed sc\u00e9ny maj\u00ed potenci\u00e1l vyvolat u d\u011btsk\u00e9ho<br \/>\ndiv\u00e1ka psychick\u00fd ot\u0159es \u010di sn\u00ed\u017een\u00ed citlivosti p\u0159i vn\u00edm\u00e1n\u00ed n\u00e1sil\u00ed a jeho n\u00e1sledk\u016f. D\u011bti mohou na p\u0159em\u00edru<br \/>\ntelevizn\u00edho n\u00e1sil\u00ed reagovat \u00fazkost\u00ed, p\u0159ece\u0148ov\u00e1n\u00edm re\u00e1ln\u00e9ho nebezpe\u010d\u00ed a nep\u0159im\u011b\u0159en\u00fdm strachem<br \/>\no sebe a sv\u00e9 bl\u00edzk\u00e9. Rada stanovuje lh\u016ftu k n\u00e1prav\u011b 7 dn\u00ed ode dne doru\u010den\u00ed upozorn\u011bn\u00ed.<br \/>\n&#8211; Rada jako org\u00e1n dozoru pro oblast regulace reklamy dle \u00a7 7 p\u00edsm. a) z\u00e1kona \u010d. 40\/1995 Sb., o<br \/>\nregulaci reklamy a o zm\u011bn\u011b a dopln\u011bn\u00ed z\u00e1kona \u010d. 468\/1991 Sb., o provozov\u00e1n\u00ed rozhlasov\u00e9ho a<br \/>\ntelevizn\u00edho vys\u00edl\u00e1n\u00ed, ve zn\u011bn\u00ed pozd\u011bj\u0161\u00edch p\u0159edpis\u016f (d\u00e1le jen z\u00e1kon \u010d. 40\/1995 Sb.), vyz\u00fdv\u00e1 dle \u00a7 7a<br \/>\nodst. 4 z\u00e1kona \u010d. 40\/1995 Sb. a \u00a7 1 odst. 10 t\u00e9ho\u017e z\u00e1kona provozovatele TV Nova s.r.o., I\u010c<br \/>\n45800456, s\u00eddlem K\u0159\u00ed\u017eeneck\u00e9ho n\u00e1m. 1078\/5, Praha 5, PS\u010c 15200, kter\u00fd byl \u0161i\u0159itelem reklamy,<br \/>\nrespektive ozna\u010den\u00ed sponzora po\u0159adu Jamieson, j\u00edm\u017e byl ozna\u010den na za\u010d\u00e1tku po\u0159ad Z\u00e1lo\u017en\u00ed pl\u00e1n<br \/>\nvys\u00edlan\u00fd dne 5. listopadu 2022 od 15:07 hodin na programu NOVA, ke sd\u011blen\u00ed osoby, kter\u00e1 si \u0161\u00ed\u0159en\u00ed<br \/>\np\u0159edm\u011btn\u00e9ho obchodn\u00edho sd\u011blen\u00ed objednala, a ke sd\u011blen\u00ed zadavatele a zpracovatele tohoto<br \/>\nobchodn\u00edho sd\u011blen\u00ed, a to ve lh\u016ft\u011b 10 dn\u00ed od doru\u010den\u00ed t\u00e9to v\u00fdzvy.<br \/>\n&#8211; Rada se sezn\u00e1mila s anal\u00fdzou kontinu\u00e1ln\u00edho \u00faseku vys\u00edl\u00e1n\u00ed programu Film+ provozovatele AMC<br \/>\nNetworks Central Europe s.r.o. ze dne 20. z\u00e1\u0159\u00ed 2022, \u010dasov\u00e9ho \u00faseku 11.00 &#8211; 23.00 hodin.<br \/>\n&#8211; Rada se sezn\u00e1mila s anal\u00fdzou obchodn\u00edho sd\u011blen\u00ed Biostile &#8211; UROVIT complet.<br \/>\n&#8211; Rada se sezn\u00e1mila se screeningem z\u00e1znamu vys\u00edl\u00e1n\u00ed programu Nova Lady provozovatele TV<br \/>\nNova s.r.o., zde dn\u016f 6. \u010dervna 2022, 08:00 &#8211; 24:00 hodin a 7. \u010dervna 2022, 00:00 &#8211; 24:00 hodin a<br \/>\nse screeningem z\u00e1znamu vys\u00edl\u00e1n\u00ed programu \u00d3\u010dko STAR provozovatele Stanice O, a.s., ze dn\u016f<br \/>\n9. srpna 2022, 13:00 &#8211; 23:00 hodin; 11. srpna 2022, 02:00 &#8211; 12:00 hodin; 13. srpna 2022, 20:00 &#8211;<br \/>\n6:00 hodin a 15. srpna 2022, 6:00 &#8211; 16:00 hodin.<\/p>\n<p>&#8211; Rada coby \u00fast\u0159edn\u00ed spr\u00e1vn\u00ed \u00fa\u0159ad v r\u00e1mci sv\u00e9 p\u016fsobnosti dan\u00e9 \u00a7 5 p\u00edsm. f) z\u00e1kona \u010d. 231\/2001<br \/>\nSb., o provozov\u00e1n\u00ed rozhlasov\u00e9ho a televizn\u00edho vys\u00edl\u00e1n\u00ed a o zm\u011bn\u011b dal\u0161\u00edch z\u00e1kon\u016f, \u00fa\u010dinn\u00e9m ke dni<br \/>\nzah\u00e1jen\u00ed \u0159\u00edzen\u00ed (d\u00e1le jen z\u00e1kon \u010d. 231\/2001 Sb.), dle \u00a7 60 odst. 1 p\u00edsm. t) a \u00a7 60 odst. 7 p\u00edsm. a)<br \/>\nz\u00e1kona \u010d. 231\/2001 Sb., \u00fa\u010dinn\u00e9m ke dni zah\u00e1jen\u00ed \u0159\u00edzen\u00ed, v \u0159\u00edzen\u00ed o p\u0159estupku veden\u00e9m podle<br \/>\nz\u00e1kona \u010d. 250\/2016 Sb., o odpov\u011bdnosti za p\u0159estupky a \u0159\u00edzen\u00ed o nich (d\u00e1le jen \u201ez\u00e1kon o<br \/>\nodpov\u011bdnosti za p\u0159estupky\u201c), rozhodla dne 22. listopadu 2022 takto: I.Obvin\u011bn\u00fd z p\u0159estupku,<br \/>\nprovozovatel Mediapoint Consulting s.r.o., I\u010c 27970043, Prokopova 166\/26, Plze\u0148, 30100, se<br \/>\nuzn\u00e1v\u00e1 vinn\u00fdm v souladu s \u00a7 60 odst. 1 p\u00edsm. t) z\u00e1kona \u010d. 231\/2001 Sb., \u00fa\u010dinn\u00fdm ke dni zah\u00e1jen\u00ed<br \/>\n\u0159\u00edzen\u00ed, pro poru\u0161en\u00ed povinnosti stanoven\u00e9 \u00a7 32 odst. 6 z\u00e1kona \u010d. 231\/2001 Sb., \u00fa\u010dinn\u00fdm v dob\u011b<br \/>\nzah\u00e1jen\u00ed \u0159\u00edzen\u00ed, kter\u00e9ho se dopustil t\u00edm, \u017ee neposkytl Rad\u011b informace o opat\u0159en\u00edch p\u0159ijat\u00fdch na<br \/>\npodporu medi\u00e1ln\u00ed gramotnosti za rok 2021, resp. poru\u0161il povinnost na p\u00edsemnou v\u00fdzvu poskytnout<br \/>\nRad\u011b vyj\u00e1d\u0159en\u00ed a informace nezbytn\u00e9 k v\u00fdkonu jej\u00ed p\u016fsobnosti podle \u00a7 5 p\u00edsm. t) a\u017e v) nebo \u00a7 6<br \/>\nodst. 1 a 5, \u00fa\u010dinn\u00e9m v dob\u011b zah\u00e1jen\u00ed \u0159\u00edzen\u00ed. II.V souladu s \u00a7 43 odst. 2 z\u00e1kona \u010d. 250\/2016 Sb.,<br \/>\nse od ulo\u017een\u00ed spr\u00e1vn\u00edho trestu upou\u0161t\u00ed, nebo\u0165 m\u00e1 Rada za to, \u017ee vzhledem k z\u00e1va\u017enosti p\u0159estupku<br \/>\nsamotn\u00e9 projedn\u00e1n\u00ed v\u011bci posta\u010dilo k n\u00e1prav\u011b vyt\u00fdkan\u00e9ho stavu.<br \/>\n&#8211; Rada coby \u00fast\u0159edn\u00ed spr\u00e1vn\u00ed \u00fa\u0159ad v r\u00e1mci sv\u00e9 p\u016fsobnosti dan\u00e9 \u00a7 5 p\u00edsm. f) z\u00e1kona \u010d. 231\/2001<br \/>\nSb., o provozov\u00e1n\u00ed rozhlasov\u00e9ho a televizn\u00edho vys\u00edl\u00e1n\u00ed a o zm\u011bn\u011b dal\u0161\u00edch z\u00e1kon\u016f, \u00fa\u010dinn\u00e9m ke dni<br \/>\nzah\u00e1jen\u00ed \u0159\u00edzen\u00ed (d\u00e1le jen z\u00e1kon \u010d. 231\/2001 Sb.), dle \u00a7 60 odst. 1 p\u00edsm. t) a \u00a7 60 odst. 7 p\u00edsm. a)<br \/>\nz\u00e1kona \u010d. 231\/2001 Sb., \u00fa\u010dinn\u00e9m ke dni zah\u00e1jen\u00ed \u0159\u00edzen\u00ed, v \u0159\u00edzen\u00ed o p\u0159estupku veden\u00e9m podle<br \/>\nz\u00e1kona \u010d. 250\/2016 Sb., o odpov\u011bdnosti za p\u0159estupky a \u0159\u00edzen\u00ed o nich (d\u00e1le jen \u201ez\u00e1kon o<br \/>\nodpov\u011bdnosti za p\u0159estupky\u201c), rozhodla dne 22. listopadu 2022 takto: I. Obvin\u011bn\u00fd z p\u0159estupku,<br \/>\nprovozovatel JS medi\u00e1ln\u00ed slu\u017eby s.r.o., I\u010c 24798541, s\u00eddlem K Boti\u010di, 1453\/6, Vr\u0161ovice, 10100<br \/>\nPraha, se uzn\u00e1v\u00e1 vinn\u00fdm v souladu s \u00a7 60 odst. 1 p\u00edsm. t) z\u00e1kona \u010d. 231\/2001 Sb., \u00fa\u010dinn\u00e9m ke<br \/>\ndni zah\u00e1jen\u00ed \u0159\u00edzen\u00ed, pro poru\u0161en\u00ed povinnosti stanoven\u00e9 \u00a7 32 odst. 6 z\u00e1kona \u010d. 231\/2001 Sb.,<br \/>\n\u00fa\u010dinn\u00e9m v dob\u011b zah\u00e1jen\u00ed \u0159\u00edzen\u00ed, kter\u00e9ho se dopustil t\u00edm, \u017ee neposkytl informace o opat\u0159en\u00edch<br \/>\np\u0159ijat\u00fdch na podporu medi\u00e1ln\u00ed gramotnosti za rok 2021, resp. poru\u0161il povinnost na p\u00edsemnou v\u00fdzvu<br \/>\nposkytnout Rad\u011b vyj\u00e1d\u0159en\u00ed a informace nezbytn\u00e9 k v\u00fdkonu jej\u00ed p\u016fsobnosti podle \u00a7 5 p\u00edsm. t) a\u017e v)<br \/>\nnebo \u00a7 6 odst. 1 a 5, \u00fa\u010dinn\u00e9m v dob\u011b zah\u00e1jen\u00ed \u0159\u00edzen\u00ed. II.Za p\u0159estupek se pachateli v souladu s<br \/>\nustanoven\u00edm \u00a7 60 odst. 1 p\u00edsm. t),ustanoven\u00edm \u00a7 60 odst. 7 p\u00edsm. a) z\u00e1kona \u010d. 231\/2001 Sb.,<br \/>\n\u00fa\u010dinn\u00e9m ke dni zah\u00e1jen\u00ed \u0159\u00edzen\u00ed, a ustanoven\u00edm \u00a7 35 p\u00edsm. b) a \u00a7 46 odst. 1 z\u00e1kona \u010d. 250\/2016<br \/>\nSb., ukl\u00e1d\u00e1 pokuta ve v\u00fd\u0161i 5000,- K\u010d. Pokuta je splatn\u00e1 ve lh\u016ft\u011b 30 dn\u016f ode dne pr\u00e1vn\u00ed moci tohoto<br \/>\nrozhodnut\u00ed na \u00fa\u010det 3754-19223001\/0710, variabiln\u00ed symbol 2022787. III.V souladu s ustanoven\u00edm<br \/>\n\u00a7 95 odst. 1 z\u00e1kona \u010d. 250\/2016, o odpov\u011bdnosti za p\u0159estupky, a \u00a7 6 vyhl\u00e1\u0161ky \u010d. 520\/2005 Sb.,<br \/>\nukl\u00e1d\u00e1 Rada obvin\u011bn\u00e9mu povinnost uhradit pau\u0161\u00e1ln\u00ed \u010d\u00e1stku n\u00e1klad\u016f \u0159\u00edzen\u00ed ve v\u00fd\u0161i 1 000,- K\u010d.<br \/>\n\u00dahrada n\u00e1klad\u016f \u0159\u00edzen\u00ed je splatn\u00e1 do p\u011bti pracovn\u00edch dn\u016f ode dne doru\u010den\u00ed tohoto rozhodnut\u00ed na<br \/>\n\u00fa\u010det \u010d. 3711-19223001\/0710, variabiln\u00ed symbol 2022787.<br \/>\n&#8211; Rada coby \u00fast\u0159edn\u00ed spr\u00e1vn\u00ed \u00fa\u0159ad v r\u00e1mci sv\u00e9 p\u016fsobnosti dan\u00e9 \u00a7 5 p\u00edsm. f) z\u00e1kona \u010d. 231\/2001<br \/>\nSb., o provozov\u00e1n\u00ed rozhlasov\u00e9ho a televizn\u00edho vys\u00edl\u00e1n\u00ed a o zm\u011bn\u011b dal\u0161\u00edch z\u00e1kon\u016f, \u00fa\u010dinn\u00e9m ke dni<br \/>\nzah\u00e1jen\u00ed \u0159\u00edzen\u00ed (d\u00e1le jen z\u00e1kon \u010d. 231\/2001 Sb.), dle \u00a7 60 odst. 1 p\u00edsm. t) a \u00a7 60 odst. 7 p\u00edsm. a)<br \/>\nz\u00e1kona \u010d. 231\/2001 Sb., \u00fa\u010dinn\u00e9m ke dni zah\u00e1jen\u00ed \u0159\u00edzen\u00ed, v \u0159\u00edzen\u00ed o p\u0159estupku veden\u00e9m podle<br \/>\nz\u00e1kona \u010d. 250\/2016 Sb., o odpov\u011bdnosti za p\u0159estupky a \u0159\u00edzen\u00ed o nich (d\u00e1le jen \u201ez\u00e1kon o<br \/>\nodpov\u011bdnosti za p\u0159estupky\u201c), rozhodla dne 22. listopadu 2022 takto: I. Obvin\u011bn\u00fd z p\u0159estupku,<br \/>\nprovozovatel JAMES DEAN CO. s.r.o. v likvidaci, I\u010c: 24229814, s\u00eddlem Charv\u00e1tova, \u010d.o.3,<br \/>\n\u010d.p.1988, 11000, Hlavn\u00ed m\u011bsto Praha, \u010cesk\u00e1 republika, se uzn\u00e1v\u00e1 vinn\u00fdm v souladu s \u00a7 60 odst.<br \/>\n1 p\u00edsm. t) z\u00e1kona \u010d. 231\/2001 Sb., \u00fa\u010dinn\u00e9m ke dni zah\u00e1jen\u00ed \u0159\u00edzen\u00ed, pro poru\u0161en\u00ed povinnosti<br \/>\nstanoven\u00e9 \u00a7 32 odst. 6 z\u00e1kona \u010d. 231\/2001 Sb., \u00fa\u010dinn\u00e9m v dob\u011b zah\u00e1jen\u00ed \u0159\u00edzen\u00ed, kter\u00e9ho se<br \/>\ndopustil t\u00edm, \u017ee neposkytl informace o opat\u0159en\u00edch p\u0159ijat\u00fdch na podporu medi\u00e1ln\u00ed gramotnosti za rok<br \/>\n2021, resp. poru\u0161il povinnost na p\u00edsemnou v\u00fdzvu poskytnout Rad\u011b vyj\u00e1d\u0159en\u00ed a informace nezbytn\u00e9<br \/>\nk v\u00fdkonu jej\u00ed p\u016fsobnosti podle \u00a7 5 p\u00edsm. t) a\u017e v) nebo \u00a7 6 odst. 1 a 5, \u00fa\u010dinn\u00e9m v dob\u011b zah\u00e1jen\u00ed<br \/>\n\u0159\u00edzen\u00ed. II. Za p\u0159estupek se pachateli v souladu s ustanoven\u00edm, \u00a7 60 odst. 1 p\u00edsm. t) ustanoven\u00edm \u00a7<br \/>\n60 odst. 7 p\u00edsm. a) z\u00e1kona \u010d. 231\/2001 Sb., \u00fa\u010dinn\u00e9m ke dni zah\u00e1jen\u00ed \u0159\u00edzen\u00ed, a ustanoven\u00edm \u00a7 35<br \/>\np\u00edsm. b) a \u00a7 46 odst. 1 z\u00e1kona \u010d. 250\/2016 Sb., ukl\u00e1d\u00e1 pokuta ve v\u00fd\u0161i 5000,- K\u010d. Pokuta je splatn\u00e1<\/p>\n<p>ve lh\u016ft\u011b 30 dn\u016f ode dne pr\u00e1vn\u00ed moci tohoto rozhodnut\u00ed na \u00fa\u010det 3754-19223001\/0710, variabiln\u00ed<br \/>\nsymbol 2022782. III. V souladu s ustanoven\u00edm \u00a7 95 odst. 1 z\u00e1kona \u010d. 250\/2016, o odpov\u011bdnosti<br \/>\nza p\u0159estupky, a \u00a7 6 vyhl\u00e1\u0161ky \u010d. 520\/2005 Sb., ukl\u00e1d\u00e1 Rada obvin\u011bn\u00e9mu povinnost uhradit pau\u0161\u00e1ln\u00ed<br \/>\n\u010d\u00e1stku n\u00e1klad\u016f \u0159\u00edzen\u00ed ve v\u00fd\u0161i 1 000,- K\u010d. \u00dahrada n\u00e1klad\u016f \u0159\u00edzen\u00ed je splatn\u00e1 do p\u011bti pracovn\u00edch dn\u016f<br \/>\node dne doru\u010den\u00ed tohoto rozhodnut\u00ed na \u00fa\u010det \u010d. 3711-19223001\/0710, variabiln\u00ed symbol 2022782.<br \/>\n&#8211; Rada coby \u00fast\u0159edn\u00ed spr\u00e1vn\u00ed \u00fa\u0159ad v r\u00e1mci sv\u00e9 p\u016fsobnosti dan\u00e9 \u00a7 5 p\u00edsm. f) z\u00e1kona \u010d. 231\/2001<br \/>\nSb., o provozov\u00e1n\u00ed rozhlasov\u00e9ho a televizn\u00edho vys\u00edl\u00e1n\u00ed a o zm\u011bn\u011b dal\u0161\u00edch z\u00e1kon\u016f, \u00fa\u010dinn\u00e9m ke dni<br \/>\nzah\u00e1jen\u00ed \u0159\u00edzen\u00ed (d\u00e1le jen z\u00e1kon \u010d. 231\/2001 Sb.), dle \u00a7 60 odst. 1 p\u00edsm. t) a \u00a7 60 odst. 7 p\u00edsm. a)<br \/>\nz\u00e1kona \u010d. 231\/2001 Sb., \u00fa\u010dinn\u00e9m ke dni zah\u00e1jen\u00ed \u0159\u00edzen\u00ed, v \u0159\u00edzen\u00ed o p\u0159estupku veden\u00e9m podle<br \/>\nz\u00e1kona \u010d. 250\/2016 Sb., o odpov\u011bdnosti za p\u0159estupky a \u0159\u00edzen\u00ed o nich (d\u00e1le jen \u201ez\u00e1kon o<br \/>\nodpov\u011bdnosti za p\u0159estupky\u201c), rozhodla dne 22. listopadu 2022 takto: I. Obvin\u011bn\u00fd z p\u0159estupku,<br \/>\nprovozovatel AIDEM &amp; Vy\u0161\u0161\u00ed odborn\u00e1 \u0161kola televizn\u00ed Brno a.s., I\u010c 276 95 964, Zengrova 2693\/2,<br \/>\n615 00, Brno &#8211; \u017didenice, se uzn\u00e1v\u00e1 vinn\u00fdm v souladu s \u00a7 60 odst. 1 p\u00edsm. t) z\u00e1kona \u010d. 231\/2001<br \/>\nSb., \u00fa\u010dinn\u00e9m ke dni zah\u00e1jen\u00ed \u0159\u00edzen\u00ed, pro poru\u0161en\u00ed povinnosti stanoven\u00e9 \u00a7 32 odst. 6 z\u00e1kona<br \/>\n\u010d. 231\/2001 Sb., \u00fa\u010dinn\u00e9m v dob\u011b zah\u00e1jen\u00ed \u0159\u00edzen\u00ed, kter\u00e9ho se dopustil t\u00edm, \u017ee neposkytl informace<br \/>\no opat\u0159en\u00edch p\u0159ijat\u00fdch na podporu medi\u00e1ln\u00ed gramotnosti za rok 2021, resp. poru\u0161il povinnost na<br \/>\np\u00edsemnou v\u00fdzvu poskytnout Rad\u011b vyj\u00e1d\u0159en\u00ed a informace nezbytn\u00e9 k v\u00fdkonu jej\u00ed p\u016fsobnosti podle<br \/>\n\u00a7 5 p\u00edsm. t) a\u017e v) nebo \u00a7 6 odst. 1 a 5, \u00fa\u010dinn\u00e9m v dob\u011b zah\u00e1jen\u00ed \u0159\u00edzen\u00ed. II. Za p\u0159estupek se pachateli<br \/>\nv souladu s ustanoven\u00edm \u00a7 60 odst. 1 p\u00edsm. t), ustanoven\u00edm \u00a7 60 odst. 7 p\u00edsm. a) z\u00e1kona<br \/>\n\u010d. 231\/2001 Sb., \u00fa\u010dinn\u00e9m ke dni zah\u00e1jen\u00ed \u0159\u00edzen\u00ed, a ustanoven\u00edm \u00a7 35 p\u00edsm. b) a \u00a7 46 odst. 1 z\u00e1kona<br \/>\n\u010d. 250\/2016 Sb., ukl\u00e1d\u00e1 pokuta ve v\u00fd\u0161i 40 000,- K\u010d. Pokuta je splatn\u00e1 ve lh\u016ft\u011b 30 dn\u016f ode dne<br \/>\npr\u00e1vn\u00ed moci tohoto rozhodnut\u00ed na \u00fa\u010det 3754-19223001\/0710, variabiln\u00ed symbol 2022779.<br \/>\nIII. V souladu s ustanoven\u00edm \u00a7 95 odst. 1 z\u00e1kona \u010d. 250\/2016, o odpov\u011bdnosti za p\u0159estupky, a \u00a7 6<br \/>\nvyhl\u00e1\u0161ky \u010d. 520\/2005 Sb., ukl\u00e1d\u00e1 Rada obvin\u011bn\u00e9mu povinnost uhradit pau\u0161\u00e1ln\u00ed \u010d\u00e1stku n\u00e1klad\u016f<br \/>\n\u0159\u00edzen\u00ed ve v\u00fd\u0161i 1 000,- K\u010d. \u00dahrada n\u00e1klad\u016f \u0159\u00edzen\u00ed je splatn\u00e1 do p\u011bti pracovn\u00edch dn\u016f ode dne doru\u010den\u00ed<br \/>\ntohoto rozhodnut\u00ed na \u00fa\u010det \u010d. 3711-19223001\/0710, variabiln\u00ed symbol 2022779.<br \/>\n&#8211; Rada coby \u00fast\u0159edn\u00ed spr\u00e1vn\u00ed \u00fa\u0159ad v r\u00e1mci sv\u00e9 p\u016fsobnosti dan\u00e9 \u00a7 5 p\u00edsm. f) z\u00e1kona \u010d. 231\/2001<br \/>\nSb., o provozov\u00e1n\u00ed rozhlasov\u00e9ho a televizn\u00edho vys\u00edl\u00e1n\u00ed a o zm\u011bn\u011b dal\u0161\u00edch z\u00e1kon\u016f, \u00fa\u010dinn\u00e9m ke dni<br \/>\nzah\u00e1jen\u00ed \u0159\u00edzen\u00ed (d\u00e1le jen z\u00e1kon \u010d. 231\/2001 Sb.), dle \u00a7 60 odst. 1 p\u00edsm. t) a \u00a7 60 odst. 7 p\u00edsm. a)<br \/>\nz\u00e1kona \u010d. 231\/2001 Sb., \u00fa\u010dinn\u00e9m ke dni zah\u00e1jen\u00ed \u0159\u00edzen\u00ed, v \u0159\u00edzen\u00ed o p\u0159estupku veden\u00e9m podle<br \/>\nz\u00e1kona \u010d. 250\/2016 Sb., o odpov\u011bdnosti za p\u0159estupky a \u0159\u00edzen\u00ed o nich (d\u00e1le jen \u201ez\u00e1kon o<br \/>\nodpov\u011bdnosti za p\u0159estupky\u201c), rozhodla dne 22. listopadu 2022 takto: I. Obvin\u011bn\u00fd z p\u0159estupku,<br \/>\nprovozovatel Emporia Style s.r.o., I\u010c: 08122458, se s\u00eddlem: Palack\u00e9ho 70, 252 29 Dob\u0159ichovice,<br \/>\nse uzn\u00e1v\u00e1 vinn\u00fdm v souladu s \u00a7 60 odst. 1 p\u00edsm. t) z\u00e1kona \u010d. 231\/2001 Sb., \u00fa\u010dinn\u00e9m ke dni<br \/>\nzah\u00e1jen\u00ed \u0159\u00edzen\u00ed, pro poru\u0161en\u00ed povinnosti stanoven\u00e9 \u00a7 32 odst. 6 z\u00e1kona \u010d. 231\/2001 Sb., \u00fa\u010dinn\u00e9m<br \/>\nv dob\u011b zah\u00e1jen\u00ed \u0159\u00edzen\u00ed, kter\u00e9ho se dopustil t\u00edm, \u017ee neposkytl informace o opat\u0159en\u00edch p\u0159ijat\u00fdch na<br \/>\npodporu medi\u00e1ln\u00ed gramotnosti za rok 2021, resp. poru\u0161il povinnost na p\u00edsemnou v\u00fdzvu poskytnout<br \/>\nRad\u011b vyj\u00e1d\u0159en\u00ed a informace nezbytn\u00e9 k v\u00fdkonu jej\u00ed p\u016fsobnosti podle \u00a7 5 p\u00edsm. t) a\u017e v) nebo \u00a7 6<br \/>\nodst. 1 a 5, \u00fa\u010dinn\u00e9m v dob\u011b zah\u00e1jen\u00ed \u0159\u00edzen\u00ed. II. Za p\u0159estupek se pachateli v souladu s ustanoven\u00edm<br \/>\n\u00a7 60 odst. 1 p\u00edsm. t), ustanoven\u00edm \u00a7 60 odst. 7 p\u00edsm. a) z\u00e1kona \u010d. 231\/2001 Sb., \u00fa\u010dinn\u00e9m ke dni<br \/>\nzah\u00e1jen\u00ed \u0159\u00edzen\u00ed, a ustanoven\u00edm \u00a7 35 p\u00edsm. b) a \u00a7 46 odst. 1 z\u00e1kona \u010d. 250\/2016 Sb., ukl\u00e1d\u00e1 pokuta<br \/>\nve v\u00fd\u0161i 5 000,- K\u010d. Pokuta je splatn\u00e1 ve lh\u016ft\u011b 30 dn\u016f ode dne pr\u00e1vn\u00ed moci tohoto rozhodnut\u00ed na<br \/>\n\u00fa\u010det 3754-19223001\/0710, variabiln\u00ed symbol 2022789. III. V souladu s ustanoven\u00edm \u00a7 95 odst. 1<br \/>\nz\u00e1kona \u010d. 250\/2016, o odpov\u011bdnosti za p\u0159estupky a \u00a7 6 vyhl\u00e1\u0161ky \u010d. 520\/2005 Sb., ukl\u00e1d\u00e1 Rada<br \/>\nobvin\u011bn\u00e9mu povinnost uhradit pau\u0161\u00e1ln\u00ed \u010d\u00e1stku n\u00e1klad\u016f \u0159\u00edzen\u00ed ve v\u00fd\u0161i 1 000,- K\u010d. \u00dahrada n\u00e1klad\u016f<br \/>\n\u0159\u00edzen\u00ed je splatn\u00e1 do p\u011bti pracovn\u00edch dn\u016f ode dne doru\u010den\u00ed tohoto rozhodnut\u00ed na \u00fa\u010det \u010d. 3711-<br \/>\n19223001\/0710, variabiln\u00ed symbol 2022789.<br \/>\n&#8211; Rada se sezn\u00e1mila s podan\u00fdm vysv\u011btlen\u00edm provozovatele FTV Prima, spol. s r.o., I\u010c 48115908,<br \/>\ns\u00eddlem Vinohradsk\u00e1 3217\/167, Praha 10, PS\u010c 100 00, z jak\u00e9ho d\u016fvodu v report\u00e1\u017ei Pra\u017esk\u00e1<br \/>\nv\u00fdm\u011bna zast\u00e1vek, kter\u00e1 byla sou\u010d\u00e1st\u00ed zpravodajsk\u00e9 relace Hlavn\u00ed zpr\u00e1vy, odvys\u00edlan\u00e9 dne<br \/>\n30. \u010dervence 2022 od 18:55 hodin na programech CNN Prima News a Prima, nedostal prostor k<br \/>\nvyj\u00e1d\u0159en\u00ed n\u011bkter\u00fd ze z\u00e1stupc\u016f pra\u017esk\u00e9ho magistr\u00e1tu, kter\u00fd zast\u00e1val p\u0159ijat\u00e9 \u0159e\u0161en\u00ed ve v\u011bci v\u00fdm\u011bny<\/p>\n<p>p\u0159\u00edst\u0159e\u0161k\u016f zast\u00e1vek MHD v Praze, a kter\u00fd by m\u011bl mo\u017enost zvolen\u00fd postup Magistr\u00e1tu p\u0159ed<br \/>\ndiv\u00e1ky\/ob\u010dany v p\u0159\u00edsp\u011bvku obh\u00e1jit tak, aby div\u00e1ci byli sezn\u00e1meni s r\u016fzn\u00fdmi pohledy na danou<br \/>\nproblematiku a mohli si vytvo\u0159it sv\u016fj vlastn\u00ed nez\u00e1visl\u00fd n\u00e1zor.<br \/>\n&#8211; Rada coby \u00fast\u0159edn\u00ed spr\u00e1vn\u00ed \u00fa\u0159ad v r\u00e1mci sv\u00e9 kompetence dan\u00e9 ustanoven\u00edm \u00a7 5 p\u00edsm. a)<br \/>\nz\u00e1kona \u010d. 231\/2001 Sb., o provozov\u00e1n\u00ed rozhlasov\u00e9ho a televizn\u00edho vys\u00edl\u00e1n\u00ed a o zm\u011bn\u011b dal\u0161\u00edch<br \/>\nz\u00e1kon\u016f, rozhodla v souladu s ustanoven\u00edm \u00a7 76 odst. 1 p\u00edsm. a) z\u00e1kona \u010d. 250\/2016 Sb., o<br \/>\nodpov\u011bdnosti za p\u0159estupky a \u0159\u00edzen\u00ed o nich, v platn\u00e9m zn\u011bn\u00ed, ve v\u011bci mo\u017en\u00e9ho p\u0159estupku<br \/>\nsp\u00e1chan\u00e9ho odvys\u00edl\u00e1n\u00edm po\u0159adu Hlavn\u00ed zpr\u00e1vy, resp. p\u0159\u00edsp\u011bvku Pra\u017esk\u00e1 v\u00fdm\u011bna zast\u00e1vek, dne<br \/>\n30. \u010dervence 2022 v 18:55 hodin na programech CNN Prima News a Prima, \u017ee v\u011bc odkl\u00e1d\u00e1.<br \/>\n&#8211; Rada se sezn\u00e1mila s odep\u0159en\u00edm pod\u00e1n\u00ed vysv\u011btlen\u00ed zadavatele Jarom\u00edr Soukup Shop, s.r.o., I\u010c:<br \/>\n06688217, se s\u00eddlem Mikuleck\u00e9ho 1311\/8, 147 00 Praha 4, ve v\u011bci teleshoppingov\u00fdch blok\u016f<br \/>\nJarom\u00edr Soukup Shop, odvys\u00edlan\u00fdch nap\u0159\u00edklad dne 8. \u010dervna 2022 od 12:34 hodin, 9. \u010dervna 2022<br \/>\nod 12:35 hodin \u010di 10. \u010dervna 2022 od 13:32 hodin na programu Televize Barrandov.<br \/>\n&#8211; Rada jako\u017eto \u00fast\u0159edn\u00ed spr\u00e1vn\u00ed \u00fa\u0159ad v r\u00e1mci sv\u00e9 kompetence dan\u00e9 ustanoven\u00edm \u00a7 7 p\u00edsm. a)<br \/>\nz\u00e1kona \u010d. 40\/1995., o regulaci reklamy, rozhodla v souladu s ustanoven\u00edm \u00a7 76 odst. 1 p\u00edsm. a)<br \/>\nz\u00e1kona \u010d. 250\/2016 Sb., o odpov\u011bdnosti za p\u0159estupky a \u0159\u00edzen\u00ed o nich, v platn\u00e9m zn\u011bn\u00ed, ve v\u011bci<br \/>\nmo\u017en\u00e9ho p\u0159estupku sp\u00e1chan\u00e9ho odvys\u00edl\u00e1n\u00edm teleshoppingu Jarom\u00edr Soukup shop dne 9., 10. 13.<br \/>\na 14. \u010dervna 2022 na programu Televize Barrandov, \u017ee v\u011bc odkl\u00e1d\u00e1.<br \/>\n&#8211; Rada se sezn\u00e1mila s podan\u00fdm vysv\u011btlen\u00edm provozovatele TVSat Multilmedia s. r. o., jak\u00fdm<br \/>\nzp\u016fsobem napl\u0148uje ustanoven\u00ed \u00a7 32 odst. 7 p\u00edsm. c) z\u00e1kona \u010d. 231\/2001 Sb., ukl\u00e1daj\u00edc\u00ed<br \/>\nprovozovatel\u016fm povinnost poskytnout div\u00e1k\u016fm programu TVML snadn\u00fd, p\u0159\u00edm\u00fd a trval\u00fd p\u0159\u00edstup k<br \/>\ninformaci o tom, \u017ee org\u00e1nem dohledu nad provozov\u00e1n\u00edm televizn\u00edho vys\u00edl\u00e1n\u00ed je Rada.<br \/>\n&#8211; Rada se sezn\u00e1mila s podan\u00fdm vysv\u011btlen\u00edm provozovatele TVSat multimedia s. r. o., z jak\u00e9ho<br \/>\nd\u016fvodu ve vys\u00edl\u00e1n\u00ed programu TVML ve dnech 18.-19. dubna 2022 absentovalo konstantn\u00ed ozna\u010den\u00ed<br \/>\ntelevizn\u00edho programu (logo), tak jak stanovuje \u00a7 32 odst. 1 p\u00edsm. n) z\u00e1kona \u010d. 231\/2001 Sb.<br \/>\n&#8211; Rada v r\u00e1mci sv\u00e9 p\u016fsobnosti dan\u00e9 ustanoven\u00edm \u00a7 5 p\u00edsm. a) a f) a \u00a7 59 odst. 1-3 z\u00e1kona<br \/>\n\u010d. 231\/2001 Sb., o provozov\u00e1n\u00ed rozhlasov\u00e9ho a televizn\u00edho vys\u00edl\u00e1n\u00ed a o zm\u011bn\u011b dal\u0161\u00edch z\u00e1kon\u016f (d\u00e1le<br \/>\njen \u201ez\u00e1kon \u010d. 231\/2001 Sb.\u201c), upozor\u0148uje provozovatele TVSat multimedia s.r.o., I\u010c: 26321181,<br \/>\ns\u00eddlem: U Ploch\u00e9 dr\u00e1hy 640\/14, Mari\u00e1nsk\u00e9 L\u00e1zn\u011b, PS\u010c 353 01, na poru\u0161en\u00ed ustanoven\u00ed \u00a7 32 odst.<br \/>\n1 p\u00edsm. l) z\u00e1kona \u010d. 231\/2001 Sb., ve zn\u011bn\u00ed \u00fa\u010dinn\u00e9m do 14. z\u00e1\u0159\u00ed 2022, kter\u00e9ho se dopustil t\u00edm, \u017ee<br \/>\nna p\u00edsemnou v\u00fdzvu Rady zap\u016fj\u010dil z\u00e1znamy vys\u00edl\u00e1n\u00ed programu TVML ze dn\u016f 18.-19. dubna 2022,<br \/>\nkter\u00e9 nebyly z\u00e1znamy v odvys\u00edlan\u00e9 podob\u011b, jeliko\u017e neobsahovaly logo programu. Rada stanovuje<br \/>\nlh\u016ftu k n\u00e1prav\u011b 60 dn\u00ed ode dne doru\u010den\u00ed upozorn\u011bn\u00ed.<br \/>\n&#8211; Rada se sezn\u00e1mila s podan\u00fdm vysv\u011btlen\u00edm provozovatele TVSat Multilmedia s. r. o., z jak\u00e9ho<br \/>\nd\u016fvodu ve vys\u00edl\u00e1n\u00ed programu TVML ve dnech 18.-19. dubna 2022 nebylo p\u0159\u00edtomno aktu\u00e1ln\u00ed<br \/>\nzpravodajstv\u00ed a publicistika, p\u0159i\u010dem\u017e dle licence se jedn\u00e1 o informa\u010dn\u00ed program, kter\u00fd div\u00e1k\u016fm<br \/>\np\u0159in\u00e1\u0161\u00ed mj. \u201eaudiovizu\u00e1ln\u00ed kroniku v \u017e\u00e1nrech zpravodajstv\u00ed, publicistika\u201c.<br \/>\n&#8211; Rada v r\u00e1mci sv\u00e9 p\u016fsobnosti dan\u00e9 ustanoven\u00edm \u00a7 5 p\u00edsm. a) a f) a \u00a7 59 odst. 1-3 z\u00e1kona<br \/>\n\u010d. 231\/2001 Sb., o provozov\u00e1n\u00ed rozhlasov\u00e9ho a televizn\u00edho vys\u00edl\u00e1n\u00ed a o zm\u011bn\u011b dal\u0161\u00edch z\u00e1kon\u016f (d\u00e1le<br \/>\njen z\u00e1kon \u010d. 231\/2001 Sb.), upozor\u0148uje provozovatele TVSat multimedia s.r.o., I\u010c: 26321181,<br \/>\ns\u00eddlem: U Ploch\u00e9 dr\u00e1hy 640\/14, Mari\u00e1nsk\u00e9 L\u00e1zn\u011b, PS\u010c 353 01, na poru\u0161en\u00ed programov\u00fdch<br \/>\npodm\u00ednek licence programu TVML ve dnech 18.-19. dubna 2022, kdy ve vys\u00edl\u00e1n\u00ed nebylo p\u0159\u00edtomno<br \/>\naktu\u00e1ln\u00ed zpravodajstv\u00ed a publicistika, p\u0159i\u010dem\u017e dle licence se jedn\u00e1 o informa\u010dn\u00ed program, kter\u00fd<br \/>\ndiv\u00e1k\u016fm p\u0159in\u00e1\u0161\u00ed mj. \u201eaudiovizu\u00e1ln\u00ed kroniku v \u017e\u00e1nrech zpravodajstv\u00ed, publicistika\u201c. Rada stanovuje<br \/>\nlh\u016ftu k n\u00e1prav\u011b 30 dn\u00ed ode dne doru\u010den\u00ed tohoto upozorn\u011bn\u00ed.<br \/>\n&#8211; Rada se sezn\u00e1mila s podan\u00fdm vysv\u011btlen\u00edm provozovatele 4M Ro\u017enov spol. s r. o. (\u010d.j.<br \/>\nRRTV\/12037\/2022-vra), na z\u00e1klad\u011b jak\u00fdch smluvn\u00edch ujedn\u00e1n\u00ed \u010di neform\u00e1ln\u00edch dohod byly do<br \/>\npo\u0159adu Magaz\u00edn Kut\u00edlek (epizoda Marty se chyst\u00e1 na Velikonoce), odvys\u00edlan\u00e9ho v r\u00e1mci smy\u010dek<br \/>\nprogram\u016f INFO Hodslavice, INFO SEDLNICE, INFO \u017denklava a INFO \u017divotice u N.J. ve dnech<\/p>\n<p>18.-19. dubna 2022, za\u0159azeny n\u00e1sleduj\u00edc\u00ed produkty: osivo Forestina, substr\u00e1t Kera a bruska<br \/>\nProxxon, zejm\u00e9na zda se jednalo o um\u00edst\u011bn\u00ed za \u00faplatu nebo obdobnou protihodnotu, a zda tento<br \/>\npo\u0159ad vyrobil nebo zadal jeho v\u00fdrobu s\u00e1m provozovatel.<br \/>\n&#8211; Rada se sezn\u00e1mila s podan\u00fdm vysv\u011btlen\u00edm provozovatele 4M Ro\u017enov spol. s r. o., 1) z jak\u00e9ho<br \/>\nd\u016fvodu obsahovaly vys\u00edlac\u00ed smy\u010dky program\u016f INFO Hodslavice, INFO SEDLNICE, INFO \u017denklava<br \/>\na INFO \u017divotice u N.J. nepravdivou informaci, \u017ee \u201eprovozovatelem infokan\u00e1lu je DWP s.r.o.\u201c,<br \/>\nzat\u00edmco firma 4 M Ro\u017enov spol. s r.o. byla ozna\u010dena jako vlastn\u00edk syst\u00e9mu a servisn\u00ed spole\u010dnost<br \/>\na firma TV studio Sn\u011b\u017eenka Sedlnice jako dodavatel (informace o t\u011bchto subjektech byly sou\u010d\u00e1st\u00ed<br \/>\nsamostatn\u00e9ho videotextov\u00e9ho sn\u00edmku i p\u0159etrv\u00e1vaj\u00edc\u00ed lev\u00e9 postrann\u00ed li\u0161ty), 2) z jak\u00e9ho d\u016fvodu<br \/>\nobsahovaly vys\u00edlac\u00ed smy\u010dky program\u016f INFO Hodslavice, INFO SEDLNICE, INFO \u017denklava, INFO<br \/>\n\u017divotice u N.J. a INFO M\u011bsto Ro\u017enov nespr\u00e1vn\u00e9 ozna\u010den\u00ed programu, konkr\u00e9tn\u011b na INFO<br \/>\nHodslavice bylo v r\u00e1mci videotextu uvedeno \u201eMo\u0159kovsk\u00fd port\u00e1l\u201c, na INFO SEDLNICE bylo uvedeno<br \/>\n\u201eSedlnick\u00fd port\u00e1l\u201c, na INFO \u017denklava \u201e\u017denklavsk\u00fd port\u00e1l\u201c, na INFO \u017divotice u N.J. \u201e\u017divotick\u00fd port\u00e1l\u201c<br \/>\na smy\u010dka programu INFO M\u011bsto Ro\u017enov obsahovala p\u0159ed\u011bly, kde figurovala Televize Beskyd, jej\u00ed<br \/>\nn\u00e1zev a logo (nap\u0159. 0:15:23 hod a 0:39:30 hod od za\u010d\u00e1tku z\u00e1znamu).<br \/>\n&#8211; Rada se sezn\u00e1mila s podan\u00fdm vysv\u011btlen\u00edm provozovatele 4M Ro\u017enov spol. s r. o. (\u010d.j.<br \/>\nRRTV\/12037\/2022-vra), z jak\u00e9ho d\u016fvod\u016f ve dnech 18. a 19. dubna 2022 bloky na programech<br \/>\nINFO HUKVALDY, INFO Hodslavice, INFO SEDLNICE, INFO \u017denklava, INFO \u017divotice u N.J. a<br \/>\nINFO Hosta\u0161ovice a Stran\u00edk disponovaly d\u00e9lkou \u010dty\u0159i hodiny, a blok na programu INFO JARCOV\u00c1<br \/>\nm\u011bl d\u00e9lku 41 vte\u0159in, kdy\u017e dle licence ze dne 9. \u010dervence 2002, \u010d. j. Ru\/189\/02\/2109 (prodlou\u017een\u00e9<br \/>\nrozhodnut\u00edm ze dne 19. b\u0159ezna 2013, na\u0161e \u010d. j. zem\/1318\/2013, sp. zn. 2013\/101\/zem\/4 M), ve<br \/>\nzn\u011bn\u00ed pozd\u011bj\u0161\u00edch zm\u011bn, m\u00e1 b\u00fdt vys\u00edl\u00e1n\u00ed tvo\u0159eno opakuj\u00edc\u00edm se blokem o d\u00e9lce 3 a\u017e 180 minut.<br \/>\n&#8211; Rada se sezn\u00e1mila s p\u00edsemnost\u00ed Ministerstva kultury \u010cR ve v\u011bci povinnost\u00ed plynouc\u00edch z<br \/>\nustanoven\u00ed \u00a716 odst. 2-4 z\u00e1kona \u010d. 242\/2022 Sb., o slu\u017eb\u00e1ch platforem pro sd\u00edlen\u00ed videonahr\u00e1vek.<br \/>\n&#8211; Rada v r\u00e1mci \u0159\u00edzen\u00ed o p\u0159estupku veden\u00e9ho pod sp.zn. RRTV\/2022\/945\/beh provedla d\u016fkaz<br \/>\nzhl\u00e9dnut\u00edm z\u00e1znam\u016f po\u0159adu Tescoma s chut\u00ed odvys\u00edlan\u00e9ho ve dnech 28. \u010dervence 2022 od 12:27<br \/>\nhodin a 11. srpna 2022 od 12:29 hodin na programu NOVA.<br \/>\nAUDIOVIZU\u00c1LN\u00cd MEDI\u00c1LN\u00cd SLU\u017dBY NA VY\u017d\u00c1D\u00c1N\u00cd<br \/>\n&#8211; Rada se sezn\u00e1mila s monitoringem audiovizu\u00e1ln\u00edch medi\u00e1ln\u00edch slu\u017eeb na vy\u017e\u00e1d\u00e1n\u00ed Webov\u00e9<br \/>\nstr\u00e1nky poskytovatele Ale\u0161 Kadlec; Internetov\u00e1 televize FA\u010cR poskytovatele Fotbalov\u00e1 asociace<br \/>\n\u010cesk\u00e9 republiky; Krajsk\u00e1 internetov\u00e1 televize pro Karlovarsk\u00fd kraj poskytovatele Petr Tron\u00ed\u010dek;<br \/>\nM\u011bstsk\u00e1 televize Otrokovice poskytovatele Otrokovick\u00e1 BESEDA, s.r.o.; PPNA.cz poskytovatele<br \/>\nSt\u00fdblo Franti\u0161ek.<br \/>\n&#8211; Rada v r\u00e1mci sv\u00e9 p\u016fsobnosti dan\u00e9 ustanoven\u00edm \u00a7 4 odst. 1 z\u00e1kona \u010d. 132\/2010 Sb., o<br \/>\naudiovizu\u00e1ln\u00edch medi\u00e1ln\u00edch slu\u017eb\u00e1ch na vy\u017e\u00e1d\u00e1n\u00ed a o zm\u011bn\u011b dal\u0161\u00edch z\u00e1kon\u016f (d\u00e1le jen z\u00e1kon<br \/>\n\u010d. 132\/2010 Sb.), v platn\u00e9m zn\u011bn\u00ed, konstatuje, \u017ee slu\u017eba Webov\u00e9 str\u00e1nky poskytovatele Ale\u0161e<br \/>\nKadlece, I\u010c 11482907, se s\u00eddlem Ku\u0159im, Nov\u00e1 1057\/4, PS\u010c 664 34, p\u0159\u00edstupn\u00e1 na internetov\u00e9<br \/>\nadrese www.ikotva.cz, nenapl\u0148uje defini\u010dn\u00ed znaky audiovizu\u00e1ln\u00ed medi\u00e1ln\u00ed slu\u017eby na vy\u017e\u00e1d\u00e1n\u00ed dle<br \/>\nz\u00e1kona \u010d. 132\/2010 Sb. a prov\u00e1d\u00ed v\u00fdmaz poskytovatele Ale\u0161e Kadlece, I\u010c 11482907, se s\u00eddlem<br \/>\nKu\u0159im, Nov\u00e1 1057\/4, PS\u010c 664 34, ze Seznamu poskytovatel\u016f audiovizu\u00e1ln\u00edch medi\u00e1ln\u00edch slu\u017eeb<br \/>\nna vy\u017e\u00e1d\u00e1n\u00ed.<br \/>\n&#8211; Rada v r\u00e1mci sv\u00e9 p\u016fsobnosti dan\u00e9 ustanoven\u00edm \u00a7 4 odst. 1 z\u00e1kona \u010d. 132\/2010 Sb., o<br \/>\naudiovizu\u00e1ln\u00edch medi\u00e1ln\u00edch slu\u017eb\u00e1ch na vy\u017e\u00e1d\u00e1n\u00ed a o zm\u011bn\u011b dal\u0161\u00edch z\u00e1kon\u016f (d\u00e1le jen z\u00e1kon<br \/>\n\u010d. 132\/2010 Sb.), v platn\u00e9m zn\u011bn\u00ed, konstatuje, \u017ee slu\u017eba Internetov\u00e1 televize FA\u010cR poskytovatele<br \/>\nFotbalov\u00e1 asociace \u010cesk\u00e9 republiky, I\u010c 00406741, se s\u00eddlem Atletick\u00e1 2474\/8, Praha, PS\u010c 169 00,<br \/>\np\u0159\u00edstupn\u00e1 na internetov\u00e9 adrese tv.fotbal.cz, nenapl\u0148uje defini\u010dn\u00ed znaky audiovizu\u00e1ln\u00ed medi\u00e1ln\u00ed<br \/>\nslu\u017eby na vy\u017e\u00e1d\u00e1n\u00ed dle z\u00e1kona \u010d. 132\/2010 Sb. a prov\u00e1d\u00ed v\u00fdmaz poskytovatele Fotbalov\u00e1 asociace<\/p>\n<p>\u010cesk\u00e9 republiky, I\u010c 0040674, se s\u00eddlem Atletick\u00e1 2474\/8, Praha, PS\u010c 169 00, ze Seznamu<br \/>\nposkytovatel\u016f audiovizu\u00e1ln\u00edch medi\u00e1ln\u00edch slu\u017eeb na vy\u017e\u00e1d\u00e1n\u00ed.<br \/>\n&#8211; Rada v r\u00e1mci sv\u00e9 p\u016fsobnosti dan\u00e9 ustanoven\u00edm \u00a7 4 odst. 1 z\u00e1kona \u010d. 132\/2010 Sb., o<br \/>\naudiovizu\u00e1ln\u00edch medi\u00e1ln\u00edch slu\u017eb\u00e1ch na vy\u017e\u00e1d\u00e1n\u00ed a o zm\u011bn\u011b dal\u0161\u00edch z\u00e1kon\u016f (d\u00e1le jen z\u00e1kon<br \/>\n\u010d. 132\/2010 Sb.), v platn\u00e9m zn\u011bn\u00ed, a na z\u00e1klad\u011b \u00a7 137 z\u00e1kona \u010d. 500\/2004 Sb., spr\u00e1vn\u00ed \u0159\u00e1d, \u017e\u00e1d\u00e1<br \/>\nposkytovatele Petra Tron\u00ed\u010dka, I\u010c 46827765, s\u00eddlem Do Z\u00e1ti\u0161\u00ed 1470\/24, Cheb, PS\u010c 35002, o pod\u00e1n\u00ed<br \/>\nvysv\u011btlen\u00ed v souvislosti se zm\u011bnou skute\u010dnost\u00ed (ukon\u010den\u00edm) ohledn\u011b poskytov\u00e1n\u00ed slu\u017eby Krajsk\u00e1<br \/>\ninternetov\u00e1 televize pro Karlovarsk\u00fd kraj (TV Z\u00e1pad). Rada stanovuje lh\u016ftu k pod\u00e1n\u00ed vysv\u011btlen\u00ed 30<br \/>\ndn\u00ed ode dne doru\u010den\u00ed v\u00fdzvy.<br \/>\n&#8211; Rada v r\u00e1mci sv\u00e9 p\u016fsobnosti dan\u00e9 ustanoven\u00edm \u00a7 4 odst. 1 z\u00e1kona \u010d. 132\/2010 Sb., o<br \/>\naudiovizu\u00e1ln\u00edch medi\u00e1ln\u00edch slu\u017eb\u00e1ch na vy\u017e\u00e1d\u00e1n\u00ed a o zm\u011bn\u011b dal\u0161\u00edch z\u00e1kon\u016f (d\u00e1le jen z\u00e1kon<br \/>\n\u010d. 132\/2010 Sb.), v platn\u00e9m zn\u011bn\u00ed, konstatuje, \u017ee slu\u017eba M\u011bstsk\u00e1 televize Otrokovice<br \/>\nposkytovatele Otrokovick\u00e1 BESEDA, s.r.o., I\u010c 25513885, se s\u00eddlem n\u00e1m. 3. kv\u011btna 1302,<br \/>\nOtrokovice PS\u010c 765 02, p\u0159\u00edstupn\u00e1 na internetov\u00fdch adres\u00e1ch http:\/\/www.mtvo.cz\/ a<br \/>\nwww.televizeotrokovice.cz, je ukon\u010dena a prov\u00e1d\u00ed v\u00fdmaz poskytovatele Otrokovick\u00e1 BESEDA,<br \/>\ns.r.o., I\u010c 25513885, se s\u00eddlem n\u00e1m. 3. kv\u011btna 1302, Otrokovice PS\u010c 765 02, ze Seznamu<br \/>\nposkytovatel\u016f audiovizu\u00e1ln\u00edch medi\u00e1ln\u00edch slu\u017eeb na vy\u017e\u00e1d\u00e1n\u00ed.<br \/>\n&#8211; Rada v r\u00e1mci sv\u00e9 p\u016fsobnosti dan\u00e9 ustanoven\u00edm \u00a7 4 odst. 1 z\u00e1kona \u010d. 132\/2010 Sb., o<br \/>\naudiovizu\u00e1ln\u00edch medi\u00e1ln\u00edch slu\u017eb\u00e1ch na vy\u017e\u00e1d\u00e1n\u00ed a o zm\u011bn\u011b dal\u0161\u00edch z\u00e1kon\u016f (d\u00e1le jen z\u00e1kon<br \/>\n\u010d. 132\/2010 Sb.), v platn\u00e9m zn\u011bn\u00ed, konstatuje, \u017ee slu\u017eba PPNA.cz poskytovatele Franti\u0161ka St\u00fdbla,<br \/>\nI\u010c 12620432, se s\u00eddlem Kbel 142, Ben\u00e1tky nad Jizerou, PS\u010c 294 71, p\u0159\u00edstupn\u00e1 na internetov\u00e9<br \/>\nadrese www.ppna.cz, nenapl\u0148uje defini\u010dn\u00ed znaky audiovizu\u00e1ln\u00ed medi\u00e1ln\u00ed slu\u017eby na vy\u017e\u00e1d\u00e1n\u00ed dle<br \/>\nz\u00e1kona \u010d. 132\/2010 Sb. a prov\u00e1d\u00ed v\u00fdmaz poskytovatele Franti\u0161ka St\u00fdbla, I\u010c 12620432, se s\u00eddlem<br \/>\nKbel 142, Ben\u00e1tky nad Jizerou, PS\u010c 294 71, ze Seznamu poskytovatel\u016f audiovizu\u00e1ln\u00edch<br \/>\nmedi\u00e1ln\u00edch slu\u017eeb na vy\u017e\u00e1d\u00e1n\u00ed.<br \/>\n&#8211; Rada v r\u00e1mci sv\u00e9 p\u016fsobnosti podle ustanoven\u00ed \u00a7 4 odst. 2 p\u00edsm. a) a \u00a7 5 odst. 3 z\u00e1kona<br \/>\n\u010d. 132\/2010 Sb., o audiovizu\u00e1ln\u00edch medi\u00e1ln\u00edch slu\u017eb\u00e1ch na vy\u017e\u00e1d\u00e1n\u00ed, a podle ustanoven\u00ed \u00a7 158<br \/>\nodst. 1 z\u00e1kona \u010d. 500\/2004 Sb., spr\u00e1vn\u00edho \u0159\u00e1du, vyd\u00e1v\u00e1 na z\u00e1klad\u011b p\u00edsemn\u00e9ho ozn\u00e1men\u00ed<br \/>\nposkytovatele doru\u010den\u00e9ho Rad\u011b dne 1. listopadu 2022, toto potvrzen\u00ed: Poskytovatel Univerzita<br \/>\nPalack\u00e9ho v Olomouci, I\u010c 61989592, s\u00eddlem K\u0159\u00ed\u017ekovsk\u00e9ho 511\/8, Olomouc, 779 00 byla dne<br \/>\n22. listopadu 2022 zaps\u00e1na do Seznamu poskytovatel\u016f audiovizu\u00e1ln\u00edch medi\u00e1ln\u00edch slu\u017eeb na<br \/>\nvy\u017e\u00e1d\u00e1n\u00ed ve smyslu ustanoven\u00ed \u00a7 5 z\u00e1kona \u010d. 132\/2010 Sb., o audiovizu\u00e1ln\u00edch medi\u00e1ln\u00edch slu\u017eb\u00e1ch<br \/>\nna vy\u017e\u00e1d\u00e1n\u00ed; audiovizu\u00e1ln\u00ed medi\u00e1ln\u00ed slu\u017eba na vy\u017e\u00e1d\u00e1n\u00ed je poskytov\u00e1na ode dne 20. \u0159\u00edjna 2022<br \/>\npod n\u00e1zvem Watch &amp; Know, um\u00edst\u011bn\u00e1 na internetov\u00fdch str\u00e1nk\u00e1ch https:\/\/watchandknow.cz\/.<br \/>\n&#8211; Rada v r\u00e1mci sv\u00e9 p\u016fsobnosti podle ustanoven\u00ed \u00a7 4 odst. 2 p\u00edsm. a) a \u00a7 5 odst. 3 z\u00e1kona<br \/>\n\u010d. 132\/2010 Sb., o audiovizu\u00e1ln\u00edch medi\u00e1ln\u00edch slu\u017eb\u00e1ch na vy\u017e\u00e1d\u00e1n\u00ed, a podle ustanoven\u00ed \u00a7 158<br \/>\nodst. 1 z\u00e1kona \u010d. 500\/2004 Sb., spr\u00e1vn\u00edho \u0159\u00e1du, vyd\u00e1v\u00e1 na z\u00e1klad\u011b p\u00edsemn\u00e9ho ozn\u00e1men\u00ed<br \/>\nposkytovatele , doru\u010den\u00e9ho Rad\u011b dne 3. listopadu 2022, toto potvrzen\u00ed: Poskytovatel Nej.cz s.r.o.,<br \/>\nI\u010c 03213595, s\u00eddlem Kaplanova 2250\/8, Praha 4, 148 00, byla dne 22. listopadu 2022 zaps\u00e1na do<br \/>\nSeznamu poskytovatel\u016f audiovizu\u00e1ln\u00edch medi\u00e1ln\u00edch slu\u017eeb na vy\u017e\u00e1d\u00e1n\u00ed ve smyslu ustanoven\u00ed \u00a7 5<br \/>\nz\u00e1kona \u010d. 132\/2010 Sb., o audiovizu\u00e1ln\u00edch medi\u00e1ln\u00edch slu\u017eb\u00e1ch na vy\u017e\u00e1d\u00e1n\u00ed; audiovizu\u00e1ln\u00ed<br \/>\nmedi\u00e1ln\u00ed slu\u017eba na vy\u017e\u00e1d\u00e1n\u00ed je poskytov\u00e1na ode dne 1. listopadu 2022 pod n\u00e1zvem Kuki Kino,<br \/>\num\u00edst\u011bn\u00e1 na internetov\u00fdch str\u00e1nk\u00e1ch https:\/\/www.kuki.cz\/.<br \/>\n&#8211; Rada v r\u00e1mci sv\u00e9 p\u016fsobnosti podle ustanoven\u00ed \u00a7 4 odst. 2 p\u00edsm. a) a \u00a7 5 odst. 3 z\u00e1kona<br \/>\n\u010d. 132\/2010 Sb., o audiovizu\u00e1ln\u00edch medi\u00e1ln\u00edch slu\u017eb\u00e1ch na vy\u017e\u00e1d\u00e1n\u00ed, a podle ustanoven\u00ed \u00a7 158<br \/>\nodst. 1 z\u00e1kona \u010d. 500\/2004 Sb., spr\u00e1vn\u00edho \u0159\u00e1du, vyd\u00e1v\u00e1 na z\u00e1klad\u011b p\u00edsemn\u00e9ho ozn\u00e1men\u00ed<br \/>\nposkytovatele Miroslav Krupica, I\u010c: 17338611 , doru\u010den\u00e9ho Rad\u011b dne 21. \u0159\u00edjna 2022, toto<br \/>\npotvrzen\u00ed: Poskytovatel Miroslav Krupica, I\u010c: 17338611, se s\u00eddlem Mojm\u00edrovo n\u00e1m\u011bst\u00ed 75\/2, Brno,<br \/>\n612 00, byla dne 22. listopadu 2022 zaps\u00e1na do Seznamu poskytovatel\u016f audiovizu\u00e1ln\u00edch<\/p>\n<p>medi\u00e1ln\u00edch slu\u017eeb na vy\u017e\u00e1d\u00e1n\u00ed ve smyslu ustanoven\u00ed \u00a7 5 z\u00e1kona \u010d. 132\/2010 Sb., o<br \/>\naudiovizu\u00e1ln\u00edch medi\u00e1ln\u00edch slu\u017eb\u00e1ch na vy\u017e\u00e1d\u00e1n\u00ed; audiovizu\u00e1ln\u00ed medi\u00e1ln\u00ed slu\u017eba na vy\u017e\u00e1d\u00e1n\u00ed je<br \/>\nposkytov\u00e1na ode dne 10. \u0159\u00edjna 2022 pod n\u00e1zvem BRN\u011aNSK\u00c1 JEDNI\u010cKA, um\u00edst\u011bn\u00e1 na<br \/>\ninternetov\u00fdch str\u00e1nk\u00e1ch<br \/>\nhttps:\/\/www.brnenskajednicka.cz, https:\/\/www.facebook.com\/brnenskajednicka,<br \/>\nhttps:\/\/www.youtube.com\/channel\/UCt9G1w4se-ndg5zWUeEVx5w.<br \/>\n&#8211; Rada schvaluje zn\u011bn\u00ed dopisu, kter\u00fdm budou obesl\u00e1ni poskytovatel\u00e9 AVMSnV v souvislosti s<br \/>\nnovelou z\u00e1kona \u010d. 132\/2010 Sb.<br \/>\nOSTATN\u00cd<br \/>\n&#8211; Rada se sezn\u00e1mila s p\u0159ehledem zm\u011bn v rozhlasov\u00e9m a televizn\u00edm vys\u00edl\u00e1n\u00ed za z\u00e1\u0159\u00ed a \u0159\u00edjen roku<br \/>\n2022.<br \/>\n&#8211; Rada se sezn\u00e1mila s p\u0159ehledem odpov\u011bd\u00ed poskytnut\u00fdch podle z\u00e1kona \u010d.106\/1999 Sb.<br \/>\n&#8211; Rada se sezn\u00e1mila s dopisem veden\u00ed BDO Audit s.r.o. o proveden\u00ed p\u0159edb\u011b\u017en\u00e9ho auditu \u00fa\u010detn\u00ed<br \/>\nz\u00e1v\u011brky.<br \/>\nV Praze dne 24. 11. 2022<br \/>\nIng. arch. V\u00e1clav Mencl<br \/>\np\u0159edseda Rady pro rozhlasov\u00e9<br \/>\na televizn\u00ed vys\u00edl\u00e1n\u00ed<br \/>\nkontakt: podatelna@rrtv.cz<br \/>\n274 813 830<\/p>\n","protected":false},"excerpt":{"rendered":"<p>Rada pro rozhlasov\u00e9 a televizn\u00ed vys\u00edl\u00e1n\u00ed (d\u00e1le jen &#8222;Rada&#8220;) na sv\u00e9m 18. zased\u00e1n\u00ed projednala 43 bod\u016f programu. Vyhodnotila 29 st\u00ed\u017enost\u00ed div\u00e1k\u016f a poslucha\u010d\u016f, vydala 16 upozorn\u011bn\u00ed na poru\u0161en\u00ed z\u00e1kona. Rada na sv\u00e9m 18. zased\u00e1n\u00ed ulo\u017eila \u010dty\u0159i pokuty.<\/p>\n","protected":false},"author":9,"featured_media":0,"comment_status":"open","ping_status":"open","sticky":false,"template":"","format":"standard","meta":{"ngg_post_thumbnail":0,"footnotes":""},"categories":[11],"tags":[],"class_list":["post-13067","post","type-post","status-publish","format-standard","hentry","category-ozvena"],"_links":{"self":[{"href":"https:\/\/www.ladislavjakl.cz\/index.php?rest_route=\/wp\/v2\/posts\/13067","targetHints":{"allow":["GET"]}}],"collection":[{"href":"https:\/\/www.ladislavjakl.cz\/index.php?rest_route=\/wp\/v2\/posts"}],"about":[{"href":"https:\/\/www.ladislavjakl.cz\/index.php?rest_route=\/wp\/v2\/types\/post"}],"author":[{"embeddable":true,"href":"https:\/\/www.ladislavjakl.cz\/index.php?rest_route=\/wp\/v2\/users\/9"}],"replies":[{"embeddable":true,"href":"https:\/\/www.ladislavjakl.cz\/index.php?rest_route=%2Fwp%2Fv2%2Fcomments&post=13067"}],"version-history":[{"count":1,"href":"https:\/\/www.ladislavjakl.cz\/index.php?rest_route=\/wp\/v2\/posts\/13067\/revisions"}],"predecessor-version":[{"id":13068,"href":"https:\/\/www.ladislavjakl.cz\/index.php?rest_route=\/wp\/v2\/posts\/13067\/revisions\/13068"}],"wp:attachment":[{"href":"https:\/\/www.ladislavjakl.cz\/index.php?rest_route=%2Fwp%2Fv2%2Fmedia&parent=13067"}],"wp:term":[{"taxonomy":"category","embeddable":true,"href":"https:\/\/www.ladislavjakl.cz\/index.php?rest_route=%2Fwp%2Fv2%2Fcategories&post=13067"},{"taxonomy":"post_tag","embeddable":true,"href":"https:\/\/www.ladislavjakl.cz\/index.php?rest_route=%2Fwp%2Fv2%2Ftags&post=13067"}],"curies":[{"name":"wp","href":"https:\/\/api.w.org\/{rel}","templated":true}]}}