{"id":13069,"date":"2022-11-26T20:10:19","date_gmt":"2022-11-26T19:10:19","guid":{"rendered":"https:\/\/www.ladislavjakl.cz\/?p=13069"},"modified":"2022-11-26T20:10:19","modified_gmt":"2022-11-26T19:10:19","slug":"nemluve-o-tom-ze-tam-nasi-nehraji-ladislav-jakl-o-pomylene-ideologii-fotbalu-v-kataru","status":"publish","type":"post","link":"https:\/\/www.ladislavjakl.cz\/?p=13069","title":{"rendered":"Nemluv\u011b o tom, \u017ee tam na\u0161i nehraj\u00ed\u2026 Ladislav Jakl o \u201epom\u00fdlen\u00e9 ideologii\u201c fotbalu v Kataru"},"content":{"rendered":"<p><img loading=\"lazy\" decoding=\"async\" class=\"i-amphtml-fill-content i-amphtml-replaced-content\" src=\"https:\/\/czechia.postsen.com\/temp\/resized\/medium_2022-11-25-d7556fa8b5.jpg\" sizes=\"auto, (min-width: 600px) 600px, 100vw\" width=\"361\" height=\"232\"><\/p>\n<p><!--more--><\/p>\n<div class=\"amp-wp-article-content\">\n<div>\n<p><strong>Protesty evropsk\u00fdch t\u00fdm\u016f na mistrovstv\u00ed sv\u011bta ve fotbale v Kataru tento t\u00fdden p\u0159itahuj\u00ed obrovskou pozornost.&nbsp;Jeden p\u0159edvedli i n\u011bme\u010dt\u00ed fotbalist\u00e9, kte\u0159\u00ed si p\u0159ed z\u00e1pasem s Japonskem zakryli \u00fasta na protest proti duhov\u00fdm p\u00e1sk\u00e1m FIFA.&nbsp;K ud\u00e1losti se vyjad\u0159uje b\u00fdval\u00fd poslanec Ladislav Jakl, kter\u00e9ho t\u011b\u0161\u00ed, \u017ee n\u011bco podobn\u00e9ho nemohou \u010ce\u0161i na \u0161ampion\u00e1tu p\u0159edv\u00e9st.&nbsp;Sd\u00edl\u00ed v\u0161ak obavy z toho, co se v sou\u010dasnosti na \u00farovni \u010desk\u00e9 vl\u00e1dy odehr\u00e1v\u00e1 ve jm\u00e9nu pom\u00fdlen\u00e9 ideologie.<\/strong><\/p>\n<figure><figcaption class=\"photo-info\"><small>Fotografie:<\/small><\/figcaption><\/figure>\n<p><small><strong>Hans \u0160tembera<br \/>\n<\/strong><br \/>\nPopis:&nbsp;<strong>Ladislav Jakl<\/strong><\/small><\/p>\n<\/div>\n<div>\n<p>Jakl podot\u00fdk\u00e1, \u017ee m\u00e9dia v\u00edce ne\u017e v\u00fdsledky mistrovstv\u00ed sv\u011bta v Kataru zaj\u00edmaj\u00ed krut\u00e9 \u017eerty evropsk\u00fdch t\u00fdm\u016f s prohomosexualistick\u00fdmi p\u00e1skami.&nbsp;Po\u0159adatel\u00e9 je na dresy necht\u011bj\u00ed povolit a hroz\u00ed, \u017ee rozhod\u010d\u00ed nepovolen\u00e9 \u010d\u00e1sti v\u00fdstroje potrest\u00e1 \u017elut\u00fdmi kartami.<\/p>\n<p>\u201eNen\u00ed divu, \u017ee za takov\u00fdch okolnost\u00ed nebyl n\u011bmeck\u00fd t\u00fdm v\u010dera ohledn\u011b fotbalov\u00e9 pr\u00e1ce klidn\u00fd a prohr\u00e1l na h\u0159i\u0161ti proti outsider\u016fm z Japonska.&nbsp;I kdy\u017e se tam n\u00e1\u0161 t\u00fdm neprosadil, bez duhov\u00fdch stuh by na\u0161i fotbalist\u00e9 asi t\u011b\u017eko hr\u00e1li\u2026\u201c&nbsp;podotkl.<\/p>\n<p>Sedm evropsk\u00fdch t\u00fdm\u016f na \u0161ampion\u00e1tu ustoupilo kv\u016fli no\u0161en\u00ed p\u00e1sek na ruk\u00e1vech v barv\u00e1ch LGBTQ+ komunity, kter\u00e9 se cht\u011bly p\u0159ihl\u00e1sit k antidiskrimina\u010dn\u00ed kampani \u201eOneLove\u201c.&nbsp;FIFA je zak\u00e1zala, podle pravidel mus\u00ed kapit\u00e1ni na mistrovstv\u00ed sv\u011bta hr\u00e1t s ofici\u00e1ln\u00ed p\u00e1skou, kterou dod\u00e1 federace.<\/p>\n<p>N\u011bmeck\u00e1 fotbalov\u00e1 asociace uvedla, \u017ee odbory podporuj\u00edc\u00ed duhov\u00e9 stuhy \u010del\u00ed \u201eextr\u00e9mn\u00edmu vyd\u00edr\u00e1n\u00ed\u201c.&nbsp;N\u011bmci si proto p\u0159i spole\u010dn\u00e9m focen\u00ed p\u0159ed ned\u011bln\u00edm z\u00e1pasem s Japonskem na protest proti postoji FIFA k duhov\u00fdm p\u00e1sk\u00e1m zakryli \u00fasta.<\/p>\n<p>Jak ji\u017e bylo zm\u00edn\u011bno v\u00fd\u0161e, N\u011bmci ne\u010dekan\u011b prohr\u00e1li z\u00e1pas proti Japonc\u016fm.&nbsp;Z n\u011bmeck\u00fdch fotbalist\u016f si po proh\u0159e ud\u011blali legraci japon\u0161t\u00ed fotbalov\u00ed fanou\u0161ci, kte\u0159\u00ed se po jejich vzoru fotili se zakryt\u00fdmi \u00fasty.<\/p>\n<div class=\"amp-wp-iframe-placeholder amp-hidden\">&nbsp;<\/div>\n<p><iframe class=\"i-amphtml-fill-content\" src=\"https:\/\/www.facebook.com\/plugins\/post.php?href=https%3A%2F%2Fwww.facebook.com%2FQatarTribune%2Fposts%2Fpfbid02tEmfGs5quWE6aMsSaWw89EwRu1VHrPtaw7tFaiD7j4gAdYWBdAw5fztyzNN7MW6ul&amp;show_text=true&amp;width=500#amp=1\" name=\"amp_iframe0\" frameborder=\"0\" sandbox=\"allow-scripts allow-same-origin\" allowfullscreen=\"allowfullscreen\" data-mce-fragment=\"1\"><\/iframe>Japonsk\u00e9 fanou\u0161ky mimochodem zaujali i t\u00edm, \u017ee po z\u00e1pase sb\u00edrali ta\u0161ky a pom\u00e1hali po\u0159adatel\u016fm ukl\u00edzet odpadky na tribun\u00e1ch.<\/p>\n<p>Tak\u00e9 v dob\u011b, kdy ministr soci\u00e1ln\u00edch v\u011bc\u00ed Marian Jure\u010dka ozn\u00e1mil roz\u0161\u00ed\u0159en\u00ed st\u00e1tn\u00ed podpory v\u00fdroby a prodeje aut na baterie, ve sv\u00e9m koment\u00e1\u0159i zmi\u0148uje, \u017ee Jure\u010dka mohl navrhnout, \u017ee dotace m\u016f\u017ee b\u00fdt vy\u0161\u0161\u00ed, pokud auto na baterie se vyr\u00e1b\u00ed v modern\u00edch duhov\u00fdch barv\u00e1ch.&nbsp;\u201eMo\u017en\u00e1 na takov\u00fdch autech budou jezdit fotbalist\u00e9 t\u00fdm\u016f, kter\u00e9 v Kataru vypadnou v z\u00e1kladn\u00ed skupin\u011b \u2013 a kruh se uzav\u0159e,\u201c podot\u00fdk\u00e1 Jakl.<\/p>\n<p><a href=\"https:\/\/czechia.postsen.com\/news\/amp\/71249\">Zdroj<\/a><\/p>\n<p>&nbsp;<\/p>\n<section class=\"related-articles-wrap\">\n<h2>&nbsp;<\/h2>\n<\/section>\n<\/div>\n<\/div>\n","protected":false},"excerpt":{"rendered":"","protected":false},"author":9,"featured_media":0,"comment_status":"open","ping_status":"open","sticky":false,"template":"","format":"standard","meta":{"ngg_post_thumbnail":0,"footnotes":""},"categories":[11],"tags":[],"class_list":["post-13069","post","type-post","status-publish","format-standard","hentry","category-ozvena"],"_links":{"self":[{"href":"https:\/\/www.ladislavjakl.cz\/index.php?rest_route=\/wp\/v2\/posts\/13069","targetHints":{"allow":["GET"]}}],"collection":[{"href":"https:\/\/www.ladislavjakl.cz\/index.php?rest_route=\/wp\/v2\/posts"}],"about":[{"href":"https:\/\/www.ladislavjakl.cz\/index.php?rest_route=\/wp\/v2\/types\/post"}],"author":[{"embeddable":true,"href":"https:\/\/www.ladislavjakl.cz\/index.php?rest_route=\/wp\/v2\/users\/9"}],"replies":[{"embeddable":true,"href":"https:\/\/www.ladislavjakl.cz\/index.php?rest_route=%2Fwp%2Fv2%2Fcomments&post=13069"}],"version-history":[{"count":1,"href":"https:\/\/www.ladislavjakl.cz\/index.php?rest_route=\/wp\/v2\/posts\/13069\/revisions"}],"predecessor-version":[{"id":13070,"href":"https:\/\/www.ladislavjakl.cz\/index.php?rest_route=\/wp\/v2\/posts\/13069\/revisions\/13070"}],"wp:attachment":[{"href":"https:\/\/www.ladislavjakl.cz\/index.php?rest_route=%2Fwp%2Fv2%2Fmedia&parent=13069"}],"wp:term":[{"taxonomy":"category","embeddable":true,"href":"https:\/\/www.ladislavjakl.cz\/index.php?rest_route=%2Fwp%2Fv2%2Fcategories&post=13069"},{"taxonomy":"post_tag","embeddable":true,"href":"https:\/\/www.ladislavjakl.cz\/index.php?rest_route=%2Fwp%2Fv2%2Ftags&post=13069"}],"curies":[{"name":"wp","href":"https:\/\/api.w.org\/{rel}","templated":true}]}}