{"id":13072,"date":"2022-11-29T16:24:18","date_gmt":"2022-11-29T15:24:18","guid":{"rendered":"https:\/\/www.ladislavjakl.cz\/?p=13072"},"modified":"2022-11-29T16:24:18","modified_gmt":"2022-11-29T15:24:18","slug":"volba-prezidenta-alibismus-a-zbabelost","status":"publish","type":"post","link":"https:\/\/www.ladislavjakl.cz\/?p=13072","title":{"rendered":"Volba prezidenta: alibismus a zbab\u011blost"},"content":{"rendered":"<p>Ladislav Jakl a Radek Koten o nadch\u00e1zej\u00edc\u00edch prezidentsk\u00fdch volb\u00e1ch<\/p>\n<p>Video je uvnit\u0159 \u010dl\u00e1nku.<\/p>\n<p><!--more--><\/p>\n<p><iframe loading=\"lazy\" title=\"St\u0159\u00edpky z politiky: Prezidentsk\u00e9 volby, co se od nov\u00e9ho prezidenta o\u010dek\u00e1v\u00e1?\" width=\"500\" height=\"281\" src=\"https:\/\/www.youtube.com\/embed\/t9aj1YysMIM?feature=oembed\" frameborder=\"0\" allow=\"accelerometer; autoplay; clipboard-write; encrypted-media; gyroscope; picture-in-picture; web-share\" referrerpolicy=\"strict-origin-when-cross-origin\" allowfullscreen><\/iframe><\/p>\n","protected":false},"excerpt":{"rendered":"<p>Ladislav Jakl a Radek Koten o nadch\u00e1zej\u00edc\u00edch prezidentsk\u00fdch volb\u00e1ch Video je uvnit\u0159 \u010dl\u00e1nku.<\/p>\n","protected":false},"author":9,"featured_media":0,"comment_status":"open","ping_status":"open","sticky":false,"template":"","format":"standard","meta":{"ngg_post_thumbnail":0,"footnotes":""},"categories":[13,12],"tags":[],"class_list":["post-13072","post","type-post","status-publish","format-standard","hentry","category-rozhovory","category-video"],"_links":{"self":[{"href":"https:\/\/www.ladislavjakl.cz\/index.php?rest_route=\/wp\/v2\/posts\/13072","targetHints":{"allow":["GET"]}}],"collection":[{"href":"https:\/\/www.ladislavjakl.cz\/index.php?rest_route=\/wp\/v2\/posts"}],"about":[{"href":"https:\/\/www.ladislavjakl.cz\/index.php?rest_route=\/wp\/v2\/types\/post"}],"author":[{"embeddable":true,"href":"https:\/\/www.ladislavjakl.cz\/index.php?rest_route=\/wp\/v2\/users\/9"}],"replies":[{"embeddable":true,"href":"https:\/\/www.ladislavjakl.cz\/index.php?rest_route=%2Fwp%2Fv2%2Fcomments&post=13072"}],"version-history":[{"count":1,"href":"https:\/\/www.ladislavjakl.cz\/index.php?rest_route=\/wp\/v2\/posts\/13072\/revisions"}],"predecessor-version":[{"id":13073,"href":"https:\/\/www.ladislavjakl.cz\/index.php?rest_route=\/wp\/v2\/posts\/13072\/revisions\/13073"}],"wp:attachment":[{"href":"https:\/\/www.ladislavjakl.cz\/index.php?rest_route=%2Fwp%2Fv2%2Fmedia&parent=13072"}],"wp:term":[{"taxonomy":"category","embeddable":true,"href":"https:\/\/www.ladislavjakl.cz\/index.php?rest_route=%2Fwp%2Fv2%2Fcategories&post=13072"},{"taxonomy":"post_tag","embeddable":true,"href":"https:\/\/www.ladislavjakl.cz\/index.php?rest_route=%2Fwp%2Fv2%2Ftags&post=13072"}],"curies":[{"name":"wp","href":"https:\/\/api.w.org\/{rel}","templated":true}]}}