{"id":13083,"date":"2022-12-04T12:31:20","date_gmt":"2022-12-04T11:31:20","guid":{"rendered":"https:\/\/www.ladislavjakl.cz\/?p=13083"},"modified":"2022-12-04T12:33:11","modified_gmt":"2022-12-04T11:33:11","slug":"zlociny-vlady-dopadnou-az-na-nase-deti-i-kdez-by-brakuji-nam-penezenky-uz-ted","status":"publish","type":"post","link":"https:\/\/www.ladislavjakl.cz\/?p=13083","title":{"rendered":"ZLO\u010cINY VL\u00c1DY DOPADNOU A\u017d NA NA\u0160E D\u011aTI.I KDE\u017d BY, BRAKUJ\u00cd N\u00c1M PEN\u011a\u017dENKY U\u017d TE\u010e!"},"content":{"rendered":"<div class=\"big-preview single-big\"><a class=\"lightbox-added\" title=\"20221202104343_mrazal\" href=\"https:\/\/volnyblog.cz\/wp-content\/uploads\/2022\/12\/20221202104343_mrazal.jpg\" data-srcset=\"https:\/\/volnyblog.cz\/wp-content\/uploads\/2022\/12\/20221202104343_mrazal.jpg 890w, https:\/\/volnyblog.cz\/wp-content\/uploads\/2022\/12\/20221202104343_mrazal-300x143.jpg 300w, https:\/\/volnyblog.cz\/wp-content\/uploads\/2022\/12\/20221202104343_mrazal-768x366.jpg 768w, https:\/\/volnyblog.cz\/wp-content\/uploads\/2022\/12\/20221202104343_mrazal-705x336.jpg 705w\" data-sizes=\"(max-width: 890px) 100vw, 890px\"><img loading=\"lazy\" decoding=\"async\" class=\"wp-image-7321 avia-img-lazy-loading-7321 attachment-entry_with_sidebar size-entry_with_sidebar wp-post-image\" src=\"https:\/\/volnyblog.cz\/wp-content\/uploads\/2022\/12\/20221202104343_mrazal-845x321.jpg\" alt=\"Kdo v\u0161ak zachr\u00e1n\u00ed k\u0159es\u0165ansk\u00e9 V\u00e1noce?\" width=\"845\" height=\"321\"><\/a><\/div>\n<p><!--more--><br \/>\nLADISLAV JAKL<\/a><span style=\"font-size: 16px;\">&nbsp;vyvrac\u00ed roz\u0161\u00ed\u0159en\u00fd alibismus, \u017ee vl\u00e1dn\u00ed dluhov\u00e1 past zaklapne \u201ea\u017e\u201c nad na\u0161imi d\u011btmi. A m\u00e1 za to, \u017ee zat\u00edmco state\u010dn\u00e9 sen\u00e1torce Zwyrtek Hamplov\u00e9 (p\u0159ejeme j\u00ed brzk\u00e9 uzdraven\u00ed!) mohla po u\u0161tknut\u00ed v\u00e1le\u010dnou zmij\u00ed \u010cernochovou pomoci rychl\u00e1 z\u00e1chrann\u00ed slu\u017eba, pro vra\u017ed\u011bnou civilizaci nen\u00ed k dispozici<\/span><\/h6>\n<div id=\"Article\">\n<div id=\"Article\">\n<p>Tak jsme v\u0161ichni dostali p\u0159ed\u010dasn\u00fd d\u00e1rek pod strome\u010dek. Schodek leto\u0161n\u00edho rozpo\u010dtov\u00e9ho roku vylezl u\u017e nad 337 miliard korun. Ani k tomu nebylo zapot\u0159eb\u00ed karant\u00e9nn\u00edch zt\u0159e\u0161t\u011bnost\u00ed jako loni a p\u0159edloni. Sta\u010d\u00ed k tomu vl\u00e1dn\u00ed politika rozpo\u010dtov\u00e9 nezodpov\u011bdnosti.<\/p>\n<h2>D\u011bkujeme vl\u00e1do za v\u00e1no\u010dn\u00ed d\u00e1rek<\/h2>\n<p>A kdo ten d\u00e1rek zaplat\u00ed? M\u00fdl\u00ed se ti, kdo \u0159\u00edkaj\u00ed, \u017ee to budou na\u0161e d\u011bti. Kde\u017ee, takto se velk\u00e9 schodky nespl\u00e1cej\u00ed. Ty plat\u00edme u\u017e nyn\u00ed. Poklesem hodnoty sv\u00fdch \u00faspor a dramatick\u00fdm sn\u00ed\u017een\u00edm re\u00e1ln\u00fdch p\u0159\u00edjm\u016f, nejv\u011bt\u0161\u00edm za posledn\u00edch t\u0159icet let. No, za takov\u00fd v\u00e1no\u010dn\u00ed d\u00e1rek p\u011bkn\u011b d\u011bkujeme.<\/p>\n<p>I kdy\u017e, obrat \u201ev\u00e1no\u010dn\u00ed d\u00e1rek\u201c by se u\u017e asi nem\u011bl pou\u017e\u00edvat. Je to tak dvacet let, co jedna britsk\u00e1 ministryn\u011b vydala pokyn, \u017ee jej\u00ed \u00fa\u0159ad nesm\u00ed pos\u00edlat zam\u011bstnanc\u016fm a spolupracovn\u00edk\u016fm v\u00e1no\u010dn\u00ed p\u0159\u00e1n\u00ed, proto\u017ee by to mohlo urazit jinov\u011brce, kte\u0159\u00ed si po usazen\u00ed v&nbsp;k\u0159es\u0165ansk\u00e9 zemi nep\u0159ej\u00ed, aby jim n\u011bkdo pod nos strkal k\u0159es\u0165ansk\u00e9 symboly.<\/p>\n<p>Nu, pokrok nezastav\u00edme. Dnes vydaly agentury zpr\u00e1vu o tom, \u017ee podle nejnov\u011bj\u0161\u00edch s\u010d\u00edt\u00e1n\u00ed a pr\u016fzkum\u016f poprv\u00e9 poklesl v n\u011bkter\u00fdch anglick\u00fdch regionech po\u010det k\u0159es\u0165an\u016f pod pades\u00e1t procent. P\u0159\u00e1n\u00ed po\u017eehnan\u00fdch \u010di alespo\u0148 \u0161\u0165astn\u00fdch V\u00e1noc u\u017e p\u0159ed lety v anglicky mluv\u00edc\u00edch zem\u00edch nahradil pitom\u00fd pozdrav \u201eseason\u2019s greetings\u201c. Asi n\u011bco jako \u201esv\u00e1tky tohoto ro\u010dn\u00edho obdob\u00ed\u201c nebo voln\u011bji \u201esv\u00e1tky zimy\u201c<\/p>\n<p><img loading=\"lazy\" decoding=\"async\" title=\"pp\" src=\"https:\/\/protiproud.info\/images\/textiky\/jalo.jpg\" alt=\"pp\" width=\"546\" height=\"260\"><\/p>\n<h2>Sv\u00e1te\u010dn\u00ed sezona a cvi\u010den\u00e1 opice<\/h2>\n<p>Jako jsme za komunismu m\u00edsto Velikonoc m\u011bli sv\u00e1tky jara. V Sov\u011btsk\u00e9m svazu m\u00edsto v\u00e1no\u010dn\u00edch p\u0159\u00e1n\u00ed kolovalo zn\u00e1m\u00e9 \u201epazdravljaju vas s novym godom\u201c. Dnes jsem zkou\u0161el n\u011bco naj\u00edt v nejv\u011bt\u0161\u00edm internetov\u00e9m vyhled\u00e1va\u010di. Nad vesel\u00fdm logem spole\u010dnosti ve tvaru \u017e\u00e1rovek najdeme p\u0159eklad onoho season\u2019s greetings jako \u201esv\u00e1te\u010dn\u00ed sez\u00f3na\u201c, co\u017e p\u0159ekl\u00e1dala asi n\u011bjak\u00e1 cvi\u010den\u00e1 opice.<\/p>\n<p>Ale aspo\u0148 v&nbsp;tom primitivn\u00edm p\u0159ekladu v&nbsp;cel\u00e9 nahot\u011b vystupuje to, co jsme s&nbsp;Adventem a s&nbsp;V\u00e1noci provedli. Dnes si v&nbsp;tisku \u010dteme, \u017ee hitem t\u011bchto t\u00fddn\u016f jsou \u201ezlevn\u011bnky\u201c, tedy obchody, kter\u00e9 nab\u00edzej\u00ed zbo\u017e\u00ed na hranici z\u00e1ru\u010dn\u00ed doby. Samy V\u00e1noce jsou podle v\u0161eho v&nbsp;na\u0161em sv\u011bt\u011b tak\u00e9 u\u017e na hranici z\u00e1ru\u010dn\u00ed doby. Co vlastn\u011b znamenaj\u00ed a p\u0159in\u00e1\u0161ej\u00ed, to si u\u017e m\u016f\u017eeme p\u0159ipom\u00ednat pouze v&nbsp;soukrom\u00ed, na ve\u0159ejnosti se to nenos\u00ed, nen\u00ed to dost trendy.<\/p>\n<p>Ono v\u016fbec j\u00edt proti trend\u016fm p\u0159in\u00e1\u0161\u00ed sv\u00e1 rizika a n\u00e1klady. A tak dnes jednu sen\u00e1torku, kter\u00e1 si v t\u00e9m\u011b\u0159 jednolit\u011b slo\u017een\u00e9 horn\u00ed komo\u0159e parlamentu dovolila prezentovat postoje ne zcela konformn\u00ed. Odvezla ji&nbsp; z jedn\u00e1n\u00ed rychl\u00e1 z\u00e1chranka. Kdo ov\u0161em rychle zachr\u00e1n\u00ed na\u0161i kulturu a civilizaci p\u0159ed vymaz\u00e1n\u00edm tradic a zbour\u00e1n\u00edm osv\u011bd\u010den\u00fdch spole\u010densk\u00fdch opor ,tak to t\u011b\u017eko \u0159\u00edci. Mo\u017en\u00e1 na to p\u0159ijdeme n\u011bkde u betl\u00e9ma nebo kolem v\u00e1no\u010dn\u00edho strome\u010dku.<\/p>\n<p>Po\u017eehnan\u00fd Advent v\u0161em.<\/p>\n<p><a href=\"https:\/\/volnyblog.cz\/zlociny-vlady-dopadnou-az-na-nase-deti-i-kdez-by-brakuji-nam-penezenky-uz-ted\/?utm_source=rss&amp;utm_medium=rss&amp;utm_campaign=zlociny-vlady-dopadnou-az-na-nase-deti-i-kdez-by-brakuji-nam-penezenky-uz-ted\">Zdroj<\/a><\/p>\n<\/div>\n<\/div>\n","protected":false},"excerpt":{"rendered":"","protected":false},"author":9,"featured_media":0,"comment_status":"open","ping_status":"open","sticky":false,"template":"","format":"standard","meta":{"ngg_post_thumbnail":0,"footnotes":""},"categories":[11],"tags":[],"class_list":["post-13083","post","type-post","status-publish","format-standard","hentry","category-ozvena"],"_links":{"self":[{"href":"https:\/\/www.ladislavjakl.cz\/index.php?rest_route=\/wp\/v2\/posts\/13083","targetHints":{"allow":["GET"]}}],"collection":[{"href":"https:\/\/www.ladislavjakl.cz\/index.php?rest_route=\/wp\/v2\/posts"}],"about":[{"href":"https:\/\/www.ladislavjakl.cz\/index.php?rest_route=\/wp\/v2\/types\/post"}],"author":[{"embeddable":true,"href":"https:\/\/www.ladislavjakl.cz\/index.php?rest_route=\/wp\/v2\/users\/9"}],"replies":[{"embeddable":true,"href":"https:\/\/www.ladislavjakl.cz\/index.php?rest_route=%2Fwp%2Fv2%2Fcomments&post=13083"}],"version-history":[{"count":3,"href":"https:\/\/www.ladislavjakl.cz\/index.php?rest_route=\/wp\/v2\/posts\/13083\/revisions"}],"predecessor-version":[{"id":13086,"href":"https:\/\/www.ladislavjakl.cz\/index.php?rest_route=\/wp\/v2\/posts\/13083\/revisions\/13086"}],"wp:attachment":[{"href":"https:\/\/www.ladislavjakl.cz\/index.php?rest_route=%2Fwp%2Fv2%2Fmedia&parent=13083"}],"wp:term":[{"taxonomy":"category","embeddable":true,"href":"https:\/\/www.ladislavjakl.cz\/index.php?rest_route=%2Fwp%2Fv2%2Fcategories&post=13083"},{"taxonomy":"post_tag","embeddable":true,"href":"https:\/\/www.ladislavjakl.cz\/index.php?rest_route=%2Fwp%2Fv2%2Ftags&post=13083"}],"curies":[{"name":"wp","href":"https:\/\/api.w.org\/{rel}","templated":true}]}}