{"id":13099,"date":"2022-12-09T20:19:21","date_gmt":"2022-12-09T19:19:21","guid":{"rendered":"https:\/\/www.ladislavjakl.cz\/?p=13099"},"modified":"2023-01-12T09:08:01","modified_gmt":"2023-01-12T08:08:01","slug":"13099","status":"publish","type":"post","link":"https:\/\/www.ladislavjakl.cz\/?p=13099","title":{"rendered":"Kr\u00e1l Prahy 2022 se jmenuje Alois"},"content":{"rendered":"<p>Foto naleznete po otev\u0159en\u00ed <strong>Zdroje<\/strong><\/p>\n<p>\u0160est\u00fd ro\u010dn\u00edk sout\u011b\u017ee o Kr\u00e1le Prahy byl, na rozd\u00edl od p\u0159ede\u0161l\u00fdch covidov\u00fdch, spjat s&nbsp;velk\u00fdm o\u010dek\u00e1v\u00e1n\u00edm. Pra\u017esk\u00e9 minipivovary u\u017e rok va\u0159\u00ed o sto \u0161est, tak hur\u00e1 do toho a obej\u00edt \u010di objet p\u011btat\u0159icet pivovar\u016f. Ano, tolik jich na \u00fazem\u00ed hlavn\u00edho m\u011bsta va\u0159\u00ed klasick\u00fd le\u017e\u00e1k.<\/p>\n<p><!--more--><\/p>\n<p>Prvn\u00edm p\u0159ekvapen\u00edm p\u0159i n\u00e1kupech bylo, \u017ee hodn\u011b ubylo PETek, do kter\u00fdch se t\u00e9m\u011b\u0159 v\u00fdhradn\u011b st\u00e1\u010delo \u010di \u010depovalo pivo za covidu. Nyn\u00ed bylo hodn\u011b piv ve skle. Ale zase, jedna zaj\u00edmavost. J\u00e1 nafasoval \u0161est pivovar\u016f v&nbsp;\u0161ir\u0161\u00edm centru Prahy. N\u011bkolikr\u00e1t mi bylo \u0159e\u010deno, \u017ee je probl\u00e9m s&nbsp;nedostatkem sklen\u011bn\u00fdch obal\u016f. Skl\u00e1rny pr\u00fd kv\u016fli vysok\u00fdm cen\u00e1m energi\u00ed vyr\u00e1b\u011bj\u00ed m\u00e9n\u011b, a to co vyrob\u00ed, skoup\u00ed velc\u00ed hr\u00e1\u010di. P\u0159esto a\u017e na jeden, to bylo v&nbsp;plechu, m\u011bli v\u0161ichni pivo ve skle.<\/p>\n<p>Vy\u0161\u0161\u00ed ceny energi\u00ed p\u0159inesly i citeln\u00e9 zdra\u017een\u00ed p\u011bniv\u00e9ho moku. Pro zaj\u00edmavost jsem po\u017e\u00e1dal kolegy, aby vy\u010d\u00edslili svou leto\u0161n\u00ed \u00fatratu p\u0159i n\u00e1kupu, a nakonec jsme se dostali na \u010d\u00e1stku p\u0159esahuj\u00edc\u00ed 10 tis\u00edc korun. M\u011b osobn\u011b nejv\u00edc osolili v&nbsp;And\u011blsk\u00e9m pivovaru na Sm\u00edchov\u011b, kde jsem za t\u0159i sedmi\u010dky jeden\u00e1ctky a jedno to\u010den\u00e9 vypl\u00e1zl 671,- korun \u010desk\u00fdch! No nic, omez\u00edm se na konstatov\u00e1n\u00ed, \u017ee jsme si to prost\u011b nechali n\u011bco st\u00e1t a ka\u017ed\u00e1 sranda n\u011bco stoj\u00ed.<\/p>\n<p>Degustovat 35 vzork\u016f nen\u00ed v\u016fbec \u017e\u00e1dn\u00e1 legrace. Proto jsme si museli vypomoct kamar\u00e1dy z \u0159ad letit\u00fdch degust\u00e1tor\u016f a p\u0159izvali p\u0159edsedu SPP Tom\u00e1\u0161e, vydavatelku \u010dasopisu Pivo, Beer &amp; Ale, Marcelu a spolumajitelku pivovaru Trilobit Moniku. St\u0159et z\u00e1jmu u Moniky se nedal o\u010dek\u00e1vat, jeliko\u017e na n\u011bkter\u00fdch sout\u011b\u017e\u00edch dala sv\u00e9mu pivu v\u00fdrazn\u011b hor\u0161\u00ed zn\u00e1mku ne\u017e ostatn\u00ed. Nakonec n\u00e1m chyb\u011bli dva z na\u0161ich \u0159ad, tak jako kdy\u017e najde\u0161.<\/p>\n<p>Z\u00e1kladn\u00ed vy\u0159azovac\u00ed kola prob\u00edhala aklamac\u00ed. Degust\u00e1to\u0159i byli rozd\u011bleni do dvou komor po \u010dty\u0159ech a z ka\u017ed\u00e9 degusta\u010dn\u00ed v\u00e1rky se vybraly dva vzorky, kter\u00e9 postupovaly rovnou do fin\u00e1le. Nejen k&nbsp;m\u00e9mu p\u0159ekvapen\u00ed bylo p\u016fvodn\u00ed o\u010dek\u00e1van\u00ed vy\u0161\u0161\u00ed ne\u017e v\u00fdsledn\u00e1 realita. N\u011bkter\u00e9 vzorky byly vylo\u017een\u011b havarovan\u00e9, co\u017e by jeden ne\u010dekal.<\/p>\n<p>V&nbsp;pofin\u00e1lov\u00e9 diskuzi se probraly jednotliv\u00e9 kvality vzork\u016f. Tam u\u017e bylo samoz\u0159ejm\u011b skoro v\u0161echno v&nbsp;cajku, ale p\u00e1r chybi\u010dek se vloudilo. O tom ale net\u0159eba referovat. Nicm\u00e9n\u011b jsme se shodli, \u017ee oproti lo\u0148sk\u00e9mu roku kvalita lehce upadla. P\u0159i\u010d\u00edt\u00e1me to to tomu, \u017ee za covidu byl mo\u017en\u00e1 v\u011bt\u0161\u00ed \u010das na va\u0159en\u00ed, ale hlavn\u011b na le\u017een\u00ed piv.<\/p>\n<p>A jak to vlastn\u011b dopadlo? T\u011bsn\u00e9 fin\u00e1le Kr\u00e1le Prahy 2022 vyhr\u00e1l Alois z&nbsp;U\u0159\u00edn\u011bvse, n\u00e1sledovan\u00fd o jeden bod \u0160ediv\u00e1kem z&nbsp;Bohnic a bronz bere libe\u0148sk\u00fd Trilobit. Gratulujeme!<\/p>\n<p>&nbsp;<\/p>\n<p><strong>Celkov\u00fd p\u0159ehled fin\u00e1lov\u00e9 des\u00edtky:<\/strong><\/p>\n<table width=\"414\">\n<tbody>\n<tr>\n<td width=\"64\">1.<\/td>\n<td width=\"223\">Pivovar Uh\u0159\u00edn\u011bves, Alois 12\u00b0<\/td>\n<td width=\"64\">28<\/td>\n<\/tr>\n<tr>\n<td>2.<\/td>\n<td>Pivovar \u0160ediv\u00e1k, \u0160ediv\u00e1ck\u00e1 12\u00b0<\/td>\n<td>29<\/td>\n<\/tr>\n<tr>\n<td>3.<\/td>\n<td>Trilobit, Le\u017e\u00e1k 12\u00b0<\/td>\n<td>30<\/td>\n<\/tr>\n<tr>\n<td>4.<\/td>\n<td>Pivovar Panaczech, Thor 11\u00b0<\/td>\n<td>31<\/td>\n<\/tr>\n<tr>\n<td>5.-6.&nbsp;<\/td>\n<td>Bad Flash pivovar, Prost\u011b le\u017e\u00e1k 12\u00b0<\/td>\n<td>35<\/td>\n<\/tr>\n<tr>\n<td>5.-6.&nbsp;<\/td>\n<td>U Dvou Ko\u010dek, Ko\u010dka sv\u011btl\u00e1<\/td>\n<td>35<\/td>\n<\/tr>\n<tr>\n<td>7.-8.<\/td>\n<td>Cobollis, Praotec le\u017e\u00e1k 12\u00b0<\/td>\n<td>36<\/td>\n<\/tr>\n<tr>\n<td>7.-8.<\/td>\n<td>Spojovna, Kunratick\u00fd le\u017e\u00e1k 12\u00b0<\/td>\n<td>36<\/td>\n<\/tr>\n<tr>\n<td>9.<\/td>\n<td>Pivovar Lo\u010f, Republika 12\u00b0<\/td>\n<td>41<\/td>\n<\/tr>\n<tr>\n<td>10.<\/td>\n<td>Pivovar Kunratice, Muflon 11\u00b0<\/td>\n<td>47<\/td>\n<\/tr>\n<\/tbody>\n<\/table>\n<p>Zaznamenal David Hlu\u0161t\u00edk<\/p>\n<p>Foto naleznete po kliknut\u00ed na<strong> Zdroj<\/strong><\/p>\n<p><a href=\"http:\/\/www.prvnipivniextraliga.cz\/novinky\/kral-prahy-2022-se-jmenuje-alois\/\">Zdroj<\/a><\/p>\n<div id=\"ngg-gallery-fa47958bbd2bc727355972097ae8513d-1\" class=\"ngg-galleryoverview ngg-ajax-pagination-none\">\n<div id=\"ngg-image-0\" class=\"ngg-gallery-thumbnail-box\">\n<div class=\"ngg-gallery-thumbnail\">&nbsp;<\/div>\n<\/div>\n<div id=\"ngg-image-1\" class=\"ngg-gallery-thumbnail-box\">&nbsp;<\/div>\n<div id=\"ngg-image-19\" class=\"ngg-gallery-thumbnail-box\">\n<div class=\"ngg-gallery-thumbnail\">&nbsp;<\/div>\n<\/div>\n<\/div>\n","protected":false},"excerpt":{"rendered":"<p>Foto naleznete po otev\u0159en\u00ed Zdroje \u0160est\u00fd ro\u010dn\u00edk sout\u011b\u017ee o Kr\u00e1le Prahy byl, na rozd\u00edl od p\u0159ede\u0161l\u00fdch covidov\u00fdch, spjat s&nbsp;velk\u00fdm o\u010dek\u00e1v\u00e1n\u00edm. Pra\u017esk\u00e9 minipivovary u\u017e rok va\u0159\u00ed o sto \u0161est, tak hur\u00e1 do toho a obej\u00edt \u010di objet p\u011btat\u0159icet pivovar\u016f. Ano, tolik jich na \u00fazem\u00ed hlavn\u00edho m\u011bsta va\u0159\u00ed klasick\u00fd le\u017e\u00e1k.<\/p>\n","protected":false},"author":9,"featured_media":0,"comment_status":"open","ping_status":"open","sticky":false,"template":"","format":"standard","meta":{"ngg_post_thumbnail":0,"footnotes":""},"categories":[11,20],"tags":[],"class_list":["post-13099","post","type-post","status-publish","format-standard","hentry","category-ozvena","category-pivo"],"_links":{"self":[{"href":"https:\/\/www.ladislavjakl.cz\/index.php?rest_route=\/wp\/v2\/posts\/13099","targetHints":{"allow":["GET"]}}],"collection":[{"href":"https:\/\/www.ladislavjakl.cz\/index.php?rest_route=\/wp\/v2\/posts"}],"about":[{"href":"https:\/\/www.ladislavjakl.cz\/index.php?rest_route=\/wp\/v2\/types\/post"}],"author":[{"embeddable":true,"href":"https:\/\/www.ladislavjakl.cz\/index.php?rest_route=\/wp\/v2\/users\/9"}],"replies":[{"embeddable":true,"href":"https:\/\/www.ladislavjakl.cz\/index.php?rest_route=%2Fwp%2Fv2%2Fcomments&post=13099"}],"version-history":[{"count":4,"href":"https:\/\/www.ladislavjakl.cz\/index.php?rest_route=\/wp\/v2\/posts\/13099\/revisions"}],"predecessor-version":[{"id":13167,"href":"https:\/\/www.ladislavjakl.cz\/index.php?rest_route=\/wp\/v2\/posts\/13099\/revisions\/13167"}],"wp:attachment":[{"href":"https:\/\/www.ladislavjakl.cz\/index.php?rest_route=%2Fwp%2Fv2%2Fmedia&parent=13099"}],"wp:term":[{"taxonomy":"category","embeddable":true,"href":"https:\/\/www.ladislavjakl.cz\/index.php?rest_route=%2Fwp%2Fv2%2Fcategories&post=13099"},{"taxonomy":"post_tag","embeddable":true,"href":"https:\/\/www.ladislavjakl.cz\/index.php?rest_route=%2Fwp%2Fv2%2Ftags&post=13099"}],"curies":[{"name":"wp","href":"https:\/\/api.w.org\/{rel}","templated":true}]}}