{"id":13103,"date":"2022-12-15T18:14:17","date_gmt":"2022-12-15T17:14:17","guid":{"rendered":"https:\/\/www.ladislavjakl.cz\/?p=13103"},"modified":"2022-12-15T18:14:17","modified_gmt":"2022-12-15T17:14:17","slug":"mladi-vpred-kam-to-je-jedno-hlavne-vpred","status":"publish","type":"post","link":"https:\/\/www.ladislavjakl.cz\/?p=13103","title":{"rendered":"Ml\u00e1d\u00ed vp\u0159ed! Kam? To je jedno, hlavn\u011b vp\u0159ed."},"content":{"rendered":"<p>V&nbsp;Rakousku se sm\u00ed volit u\u017e od 16 let. A \u0161estn\u00e1ctilet\u00ed tam patrn\u011b budou moci volit i v&nbsp;p\u0159\u00ed\u0161t\u00edch volb\u00e1ch do eulamentu. U n\u00e1s se pokusy s&nbsp;d\u011btsk\u00fdmi volbami d\u011blaj\u00ed zat\u00edm jen \u201ena zkou\u0161ku\u201c, pod patronac\u00ed ideologicky \u010dist\u00fdch neziskovek na \u0161kol\u00e1ch. Ale s\u00edl\u00ed hlasy, \u017ee nezletil\u00ed by m\u011bli volit i ofici\u00e1ln\u011b.<\/p>\n<p><!--more--><\/p>\n<p>Hlavn\u011b kolem t\u00e9matu klimatick\u00e9ho blouzn\u011bn\u00ed se dnes u\u017e\u00edv\u00e1 argument, \u017ee ve volb\u00e1ch jde p\u0159ece o budoucnost, a tu si dne\u0161n\u00ed matky a fot\u0159i stejn\u011b vlastn\u011b u\u017e moc neu\u017eij\u00ed, tak pro\u010d by do toho m\u011bli mlad\u00fdm kecat, nato\u017e aby jim neumo\u017enili pod\u00edlet se na st\u00e1tn\u00ed politice. Na smeti\u0161t\u011b d\u011bjin, je\u0161t\u011b\u0159i, ml\u00e1d\u00ed vp\u0159ed!&nbsp;&nbsp;&nbsp;<\/p>\n<p>Nu, to je ten pokrok. Kdysi na \u00fasvitu prehistorie p\u0159e\u017eili jen ti, co si sami um\u011bli naj\u00edt ob\u017eivu. Ka\u017ed\u00fd s\u00e1m za sebe. Jen nejmen\u0161\u00ed d\u011bti byly \u017eiveny, ale pouze v&nbsp;po\u010dtu, kter\u00fd byla tlupa schopna zabezpe\u010dit. S&nbsp;pokra\u010duj\u00edc\u00ed d\u011blbou pr\u00e1ce se u\u017e nemusel \u017eivit ka\u017ed\u00fd s\u00e1m, ale p\u0159isp\u011bl ke spole\u010dn\u00e9mu \u00fasil\u00ed o p\u0159e\u017eit\u00ed podle sv\u00e9 specializace. No a ti, kdo nep\u0159isp\u011bli, proto\u017ee u\u017e byli sta\u0159\u00ed nebo nemocn\u00ed, b\u00fdvali zab\u00edjeni nebo vyobcov\u00e1ni a ponech\u00e1ni sv\u00e9mu osudu.<\/p>\n<p>Od dob historick\u00fdch, spjat\u00fdch s&nbsp;u\u017e\u00edv\u00e1n\u00edm p\u00edsma, u\u017e bylo v\u0161e jinak (i kdy\u017e tak\u00e9 ne v\u0161ude). V&nbsp;nejstar\u0161\u00edch dochovan\u00fdch p\u00edsemn\u00fdch pam\u00e1tk\u00e1ch najdeme doklady o tom, jak\u00e9 \u00fact\u011b a v\u00e1\u017enosti se t\u011b\u0161ili starci, kte\u0159\u00ed p\u0159itom u\u017e nemohli svou prac\u00ed p\u0159isp\u011bt ke spole\u010dn\u00e9mu d\u00edlu. Pro\u010d je ti ostatn\u00ed nech\u00e1vali p\u0159e\u017e\u00edt? Pro\u010d jim nosili dary, \u017eivili je, nech\u00e1vali promluvit jako prvn\u00ed? Pro\u010d jim naslouchali? Proto\u017ee existuje n\u011bco jako zku\u0161enost. Zku\u0161enost jako zobecn\u011bn\u00fd pro\u017eitek. Naakumulovan\u00e9 v\u011bdomosti, prax\u00ed ov\u011b\u0159en\u00e9 poznatky, to v\u0161e pom\u00e1halo ostatn\u00edm kvalitn\u011bji \u017e\u00edt, vyvarovat se n\u00e1strah\u00e1m a rizik\u016fm.<\/p>\n<p>Jist\u011b\u017ee s&nbsp;v\u011bkem moudrost nep\u0159ich\u00e1z\u00ed automaticky. N\u011bkdy p\u0159ich\u00e1z\u00ed st\u00e1\u0159\u00ed samo. Ale teprve v&nbsp;jist\u00e9m v\u011bku si v\u011bt\u0161ina lid\u00ed \u0159ekne: pochopit \u017eivot je tak t\u011b\u017ek\u00e9, jak\u00e1 je to nespravedlivost, kdy\u017e te\u010f, kdy u\u017e o n\u011bm n\u011bco v\u00edm, je mi to houby platn\u00e9, proto\u017ee u\u017e m\u00e1m skoro cel\u00fd \u017eivot za sebou! Jak r\u00e1d bych to te\u010f sjel cel\u00e9 znova, bohat\u0161\u00ed o z\u00edskanou zku\u0161enost! Ale takhle to, \u017eel, nejde. Co ale jde, o svou zku\u0161enost se pod\u011blit. S&nbsp;t\u011bmi, co jsou ochotni zku\u0161enost p\u0159ijmout. To asi nebudou ti, co maj\u00ed je\u0161t\u011b na zadku p\u0159ilepenou sko\u0159\u00e1pku od vaj\u00ed\u010dka a u\u017e pou\u010duj\u00ed, jak se m\u00e1 spr\u00e1vn\u011b l\u00e9tat.<\/p>\n<p>Volby jsou v&nbsp;demokracii t\u00edm nejv\u00e1\u017en\u011bj\u0161\u00edm a nezodpov\u011bdn\u011bj\u0161\u00edm aktem. Leckdo m\u016f\u017ee celkem opr\u00e1vn\u011bn\u011b mluvit o tom, \u017ee volit by m\u011bli jen ti, co plat\u00ed dan\u011b. Nebo jen ti, kdo maj\u00ed d\u011bti. Nebo rodiny jako celek. Nebo lid\u00e9 podle censu. To byly ale debaty, kter\u00fdma si spole\u010dnost u\u017e pro\u0161la a dosp\u011bla k&nbsp;sou\u010dasn\u00e9 podob\u011b volebn\u00edho pr\u00e1va. Dobr\u00e1. Ale j\u00edt d\u00e1l a d\u00e1t volebn\u00ed pr\u00e1vo nezletilc\u016fm?<\/p>\n<p>S&nbsp;jakou asi motivac\u00ed by volil ten, co nikdy o nikoho nepe\u010doval, nikdy se o nikoho neb\u00e1l, nikdy neplatil dan\u011b, nikdy nepo\u010d\u00edtal, jak vyj\u00edt z&nbsp;v\u00fdplaty, kdo se nikdy nestaral, jak si naj\u00edt pr\u00e1ci, jak si zajistit bydlen\u00ed, jak se srovnat s mnoha regulacemi, pravidly a omezen\u00edmi? Kdo nem\u00e1 osobn\u00ed zku\u0161enosti s&nbsp;fungov\u00e1n\u00edm zdravotnictv\u00ed, policie, soud\u016f, s&nbsp;podm\u00ednkami pro podnik\u00e1n\u00ed? S&nbsp;jakou motivac\u00ed by asi volil ten, koho skoro nezaj\u00edm\u00e1, kolik co stoj\u00ed, kdo postavil d\u016fm, ve kter\u00e9m bydl\u00ed, kdo vybudoval s\u00edt silnic a \u017eeleznic, kdo vymyslel mobiln\u00ed telefon a internet? S&nbsp;jakou motivac\u00ed by volil ten, kdo dosud v\u0161e dostal a\u017e pod nos, kdo nikdy ne\u0159e\u0161il v\u00e1\u017en\u00e9 tr\u00e1pen\u00ed \u010di starosti, kdo se nikdy nepot\u00fdkal s&nbsp;\u00fa\u0159ady, byrokraci\u00ed, kdo neza\u017eil nouzi, obavy o bl\u00edzk\u00e9?<\/p>\n<p>Vym\u00fdva\u010di mozku v\u011bd\u00ed, \u017ee u lid\u00ed, kte\u0159\u00ed u\u017e v&nbsp;t\u00e9 hlav\u011b n\u011bco maj\u00ed, to bude t\u011b\u017ek\u00e9. Ale nezletilce pova\u017euj\u00ed za nepopsan\u00e9 listy, na kter\u00e9 m\u016f\u017ee agit\u00e1tor napsat jak\u00e9koli heslo, kter\u00e9 ho napadne. Nezletilce je snadn\u00e9 p\u0159esv\u011bd\u010dit, je \u017ee nutno zbo\u0159it stavbu, kdy\u017e nev\u00ed, k&nbsp;\u010demu stavba slou\u017e\u00ed a jak funguje. Nezletilce je mo\u017en\u00e9 snadn\u011bji krmit fr\u00e1zemi o spravedliv\u00e9m sv\u011bt\u011b bez vyko\u0159is\u0165ov\u00e1n\u00ed, bez kapitalist\u016f a kulak\u016f, kysli\u010dn\u00edku uhli\u010dit\u00e9ho, aut, soukrom\u00e9ho vlastnictv\u00ed, osobn\u00edch svobod a politick\u00fdch pr\u00e1v.<\/p>\n<p>A ml\u00e1de\u017e nav\u00edc nem\u00edv\u00e1 z\u00e1brany, co\u017e se bude hodit, a\u017e p\u0159ijde den z\u00fa\u010dtov\u00e1n\u00ed s&nbsp;p\u00e1chnouc\u00ed p\u0159e\u017eilou minulost\u00ed.<\/p>\n<p><em>Ladislav Jakl, 15. prosince 2022&nbsp;<\/em><\/p>\n<p><a href=\"https:\/\/www.institutvk.cz\/clanky\/2191.html\">Zdroj<\/a><\/p>\n","protected":false},"excerpt":{"rendered":"<p>V&nbsp;Rakousku se sm\u00ed volit u\u017e od 16 let. A \u0161estn\u00e1ctilet\u00ed tam patrn\u011b budou moci volit i v&nbsp;p\u0159\u00ed\u0161t\u00edch volb\u00e1ch do eulamentu. U n\u00e1s se pokusy s&nbsp;d\u011btsk\u00fdmi volbami d\u011blaj\u00ed zat\u00edm jen \u201ena zkou\u0161ku\u201c, pod patronac\u00ed ideologicky \u010dist\u00fdch neziskovek na \u0161kol\u00e1ch. Ale s\u00edl\u00ed hlasy, \u017ee nezletil\u00ed by m\u011bli volit i ofici\u00e1ln\u011b.<\/p>\n","protected":false},"author":9,"featured_media":0,"comment_status":"open","ping_status":"open","sticky":false,"template":"","format":"standard","meta":{"ngg_post_thumbnail":0,"footnotes":""},"categories":[1],"tags":[],"class_list":["post-13103","post","type-post","status-publish","format-standard","hentry","category-publikovane-clanky"],"_links":{"self":[{"href":"https:\/\/www.ladislavjakl.cz\/index.php?rest_route=\/wp\/v2\/posts\/13103","targetHints":{"allow":["GET"]}}],"collection":[{"href":"https:\/\/www.ladislavjakl.cz\/index.php?rest_route=\/wp\/v2\/posts"}],"about":[{"href":"https:\/\/www.ladislavjakl.cz\/index.php?rest_route=\/wp\/v2\/types\/post"}],"author":[{"embeddable":true,"href":"https:\/\/www.ladislavjakl.cz\/index.php?rest_route=\/wp\/v2\/users\/9"}],"replies":[{"embeddable":true,"href":"https:\/\/www.ladislavjakl.cz\/index.php?rest_route=%2Fwp%2Fv2%2Fcomments&post=13103"}],"version-history":[{"count":1,"href":"https:\/\/www.ladislavjakl.cz\/index.php?rest_route=\/wp\/v2\/posts\/13103\/revisions"}],"predecessor-version":[{"id":13104,"href":"https:\/\/www.ladislavjakl.cz\/index.php?rest_route=\/wp\/v2\/posts\/13103\/revisions\/13104"}],"wp:attachment":[{"href":"https:\/\/www.ladislavjakl.cz\/index.php?rest_route=%2Fwp%2Fv2%2Fmedia&parent=13103"}],"wp:term":[{"taxonomy":"category","embeddable":true,"href":"https:\/\/www.ladislavjakl.cz\/index.php?rest_route=%2Fwp%2Fv2%2Fcategories&post=13103"},{"taxonomy":"post_tag","embeddable":true,"href":"https:\/\/www.ladislavjakl.cz\/index.php?rest_route=%2Fwp%2Fv2%2Ftags&post=13103"}],"curies":[{"name":"wp","href":"https:\/\/api.w.org\/{rel}","templated":true}]}}