{"id":13113,"date":"2022-12-23T19:19:15","date_gmt":"2022-12-23T18:19:15","guid":{"rendered":"https:\/\/www.ladislavjakl.cz\/?p=13113"},"modified":"2022-12-23T19:19:15","modified_gmt":"2022-12-23T18:19:15","slug":"budou-leky-i-na-klimatickou-blbost","status":"publish","type":"post","link":"https:\/\/www.ladislavjakl.cz\/?p=13113","title":{"rendered":"Budou l\u00e9ky? I na klimatickou blbost?"},"content":{"rendered":"<p class=\"s3\">\u0158ekni, kde ty l\u00e9ky jsou. Co se s&nbsp;nima&nbsp;mohlo st\u00e1t? Vyho\u0159ela Zentiva? Nebo n\u011bjak\u00e9 sklady? Nebo n\u011bkdo zak\u00e1zal dovoz l\u00e9k\u016f ze zahrani\u010d\u00ed? Nic z&nbsp;toho. P\u0159esto l\u00e9ky nejsou. Kdo to kdy pochop\u00ed.<\/p>\n<p><!--more--><\/p>\n<p class=\"s3\">\u200bV\u00e1lka. Zept\u00e1me se pana ministra V\u00e1lka. Zeptali jsme se. L\u00e9ky pr\u00fd budou.&nbsp;Nojo, l\u00e9ky budou, my nebudeme. Ale co, jsme asi rozmazlen\u00ed. A je\u0161t\u011b kverulanti. L\u00e9ky prost\u011b nejsou. Tedy jsou, ale n\u011bkde jinde ne\u017e v na\u0161ich l\u00e9k\u00e1rn\u00e1ch. A neptejte se&nbsp;po nich&nbsp;po\u0159\u00e1d. Dejte si slivovici. A na sebe svetr. A p\u0159e\u010dt\u011bte si na\u0161e noviny. Tam imunolog \u0159\u00edk\u00e1, \u017ee \u017e\u00edt v&nbsp;chladu je zdrav\u011bj\u0161\u00ed. Tak\u017ee nachlazen\u00ed \u2013 to je vlastn\u011b uzdraven\u00ed. To jste nev\u011bd\u011bli? Hezky se doma nachladit znamen\u00e1 pos\u00edlit si imunitu. No, \u010dlov\u011bk m\u00e1 pocit, \u017ee po n\u011bkter\u00fdch rozhodnut\u00edch na\u0161e \u010dinitele u\u017e ani imunita nezachr\u00e1n\u00ed.<\/p>\n<p class=\"s3\">\u200bL\u00e9ky na ka\u0161el budeme pot\u0159ebovat i v&nbsp;lednu. Proto\u017ee na jednu v\u011bc bychom se mo\u017en\u00e1 skoro r\u00e1di vyka\u0161lali.&nbsp;Za t\u0159i t\u00fddny budou u n\u00e1s volby prezidenta republiky. Opravdu? Ve\u0159ejn\u00e9mu m\u00edn\u011bn\u00ed sp\u00ed\u0161e vl\u00e1dnou t\u00e9mata jako energetick\u00e1 drahota,&nbsp;Messiho&nbsp;fotbalov\u00e9 um\u011bn\u00ed a V\u00e1noce s&nbsp;americk\u00fdm D\u011bdou Mr\u00e1zem. I kdy\u017e p\u0159ece. M\u00e9dia n\u00e1s krm\u00ed i trojic\u00ed&nbsp;vyvolen\u00fdch&nbsp;kandid\u00e1t\u016f, o ostatn\u00edch nikdo nev\u00ed. A to m\u016f\u017ee b\u00fdt probl\u00e9m. M\u016f\u017ee ministerstvo vnitra jen tak vy\u0159adit na p\u011bt t\u00fddn\u016f z kampan\u011b \u0159\u00e1dn\u011b registrovan\u00e9ho&nbsp;kandid\u00e1ta, aby pak soud&nbsp;ministersk\u00e9 rozhodnut\u00ed zru\u0161il?&nbsp;A co v\u00edc, sv\u016fj v\u00fdrok&nbsp;soud&nbsp;doprovodil koment\u00e1\u0159em, podle kter\u00e9ho je praxe sb\u00edr\u00e1n\u00ed podpis\u016f nepr\u016fhledn\u00e1, obt\u00ed\u017en\u011b verifikovateln\u00e1, zneu\u017eiteln\u00e1 a nespravedliv\u00e1. T\u00edm nabil ostr\u00fdmi vy\u0159azen\u00fdm kandid\u00e1t\u016fm.<\/p>\n<p class=\"s3\">\u200bTakov\u00fd Karel Divi\u0161 se m\u016f\u017ee pr\u00e1vem c\u00edtit okraden\u00fd o rozhoduj\u00edc\u00ed t\u00fddny kampan\u011b (o V\u00e1noc\u00edch to t\u011b\u017eko do\u017eene), zat\u00edmco Karel Jane\u010dek rovnou \u0159\u00edk\u00e1, \u017ee volebn\u00ed z\u00e1kon pro prezidentsk\u00e9 volby je proti\u00fastavn\u00ed. Jak bude \u00dastavn\u00ed osud tyhle n\u00e1mitky \u0159e\u0161it? Jedny \u0159\u00e1dn\u011b vyhl\u00e1\u0161en\u00e9 volby u\u017e sv\u00e9voln\u011b zru\u0161il, nyn\u00ed m\u00e1 k&nbsp;posunu term\u00ednu argumenty tuze relevantn\u00ed. &nbsp;Tak\u017ee znovu: za t\u0159i t\u00fddny budou u n\u00e1s volby prezidenta republiky. Opravdu?<\/p>\n<p class=\"s3\">\u200bMezit\u00edm se nam\u00edsto prezidenta ujala vl\u00e1dy kr\u00e1lovna Zima. T\u00fdden mrzlo a sn\u011b\u017eilo, te\u010f zas pr\u0161\u00ed, kr\u00e1lovna m\u00e1 vrtochy.&nbsp;A to by se j\u00ed nem\u011blo trp\u011bt. Chyb\u00ed n\u00e1m \u00fa\u0159ad pro spr\u00e1vn\u00e9 po\u010das\u00ed. I kdy\u017e \u2013 on u\u017e d\u00e1vno existuje. A vlastn\u011b jich existuj\u00ed stovky. Stovky instituc\u00ed za stovky miliard bojuj\u00ed s&nbsp;podneb\u00edm za to spr\u00e1vn\u00e9 po\u010das\u00ed. Tak snad sv\u00edt\u00e1 nad\u011bje, \u017ee kone\u010dn\u011b bude po\u010das\u00ed, jak m\u00e1 b\u00fdt.&nbsp;Bez vrtoch\u016f.&nbsp;M\u00e1 se o to postarat i \u010desk\u00fdm p\u0159edsednictv\u00edm prosazen\u00fd syst\u00e9m emisn\u00edch povolenek&nbsp;u\u017e tak\u00e9&nbsp;pro individu\u00e1ln\u00ed spot\u0159ebitele tepla. Spr\u00e1vn\u011b! Energie je&nbsp;p\u0159ece&nbsp;nezdrav\u011b levn\u00e1, dosavadn\u00ed&nbsp;dodate\u010dn\u00e9 dan\u011bn\u00edzk\u00e9, odpustky pod n\u00e1zvem povolenky&nbsp;pro pr\u016fmysl&nbsp;zdra\u017eily jen osmkr\u00e1t, bylo na\u010dase s&nbsp;t\u00edm n\u011bco d\u011blat.<\/p>\n<p class=\"s3\">\u200bA a\u017e&nbsp;si&nbsp;budeme doma bez l\u00e9k\u016f zvy\u0161ovat imunitu klep\u00e1n\u00edm kosy, budeme si moci \u0159\u00edkat, \u017ee to d\u011bl\u00e1me pro zaveden\u00ed spr\u00e1vn\u00e9ho podneb\u00ed pro p\u0159\u00ed\u0161t\u00ed generace. No, mo\u017en\u00e1 by to cht\u011blo n\u011bjak\u00e9 l\u00e9ky&nbsp;i&nbsp;pro pomaten\u00e9 klimatick\u00e9 fanatiky. &nbsp;<\/p>\n<p>Ladislav Jakl, 22. prosince 2022<\/p>\n<p><a href=\"https:\/\/www.institutvk.cz\/clanky\/2201.html\">Zdroj<\/a><\/p>\n","protected":false},"excerpt":{"rendered":"<p>\u0158ekni, kde ty l\u00e9ky jsou. Co se s&nbsp;nima&nbsp;mohlo st\u00e1t? Vyho\u0159ela Zentiva? Nebo n\u011bjak\u00e9 sklady? Nebo n\u011bkdo zak\u00e1zal dovoz l\u00e9k\u016f ze zahrani\u010d\u00ed? Nic z&nbsp;toho. P\u0159esto l\u00e9ky nejsou. Kdo to kdy pochop\u00ed.<\/p>\n","protected":false},"author":9,"featured_media":0,"comment_status":"open","ping_status":"open","sticky":false,"template":"","format":"standard","meta":{"ngg_post_thumbnail":0,"footnotes":""},"categories":[1],"tags":[],"class_list":["post-13113","post","type-post","status-publish","format-standard","hentry","category-publikovane-clanky"],"_links":{"self":[{"href":"https:\/\/www.ladislavjakl.cz\/index.php?rest_route=\/wp\/v2\/posts\/13113","targetHints":{"allow":["GET"]}}],"collection":[{"href":"https:\/\/www.ladislavjakl.cz\/index.php?rest_route=\/wp\/v2\/posts"}],"about":[{"href":"https:\/\/www.ladislavjakl.cz\/index.php?rest_route=\/wp\/v2\/types\/post"}],"author":[{"embeddable":true,"href":"https:\/\/www.ladislavjakl.cz\/index.php?rest_route=\/wp\/v2\/users\/9"}],"replies":[{"embeddable":true,"href":"https:\/\/www.ladislavjakl.cz\/index.php?rest_route=%2Fwp%2Fv2%2Fcomments&post=13113"}],"version-history":[{"count":1,"href":"https:\/\/www.ladislavjakl.cz\/index.php?rest_route=\/wp\/v2\/posts\/13113\/revisions"}],"predecessor-version":[{"id":13114,"href":"https:\/\/www.ladislavjakl.cz\/index.php?rest_route=\/wp\/v2\/posts\/13113\/revisions\/13114"}],"wp:attachment":[{"href":"https:\/\/www.ladislavjakl.cz\/index.php?rest_route=%2Fwp%2Fv2%2Fmedia&parent=13113"}],"wp:term":[{"taxonomy":"category","embeddable":true,"href":"https:\/\/www.ladislavjakl.cz\/index.php?rest_route=%2Fwp%2Fv2%2Fcategories&post=13113"},{"taxonomy":"post_tag","embeddable":true,"href":"https:\/\/www.ladislavjakl.cz\/index.php?rest_route=%2Fwp%2Fv2%2Ftags&post=13113"}],"curies":[{"name":"wp","href":"https:\/\/api.w.org\/{rel}","templated":true}]}}