{"id":13118,"date":"2022-12-29T20:04:07","date_gmt":"2022-12-29T19:04:07","guid":{"rendered":"https:\/\/www.ladislavjakl.cz\/?p=13118"},"modified":"2022-12-29T20:04:07","modified_gmt":"2022-12-29T19:04:07","slug":"inflace-zpomaluje-je-to-duvod-k-jasotu","status":"publish","type":"post","link":"https:\/\/www.ladislavjakl.cz\/?p=13118","title":{"rendered":"Inflace zpomaluje. Je to d\u016fvod k j\u00e1sotu?"},"content":{"rendered":"<p>Skv\u011bl\u00e1 zpr\u00e1va! Inflace splaskne! To radostn\u011b hl\u00e1saj\u00ed titulky dne\u0161n\u00edch novin. \u017de pr\u00fd to p\u0159edpov\u00eddaj\u00ed ekonomov\u00e9 pro p\u0159\u00ed\u0161t\u00ed rok. Tak zaprv\u00e9, k&nbsp;tomu nen\u00ed nutno b\u00fdt n\u011bjak\u00fd velk\u00fd ekonom, to se d\u00e1 \u010dekat. A zadruh\u00e9: je to opravdu d\u016fvod k&nbsp;j\u00e1s\u00e1n\u00ed?<\/p>\n<p><!--more--><\/p>\n<p>Inflace p\u0159edev\u0161\u00edm u\u017e sv\u00e9 zl\u00e9 d\u00edlo vykonala. D\u00edlo, kter\u00e9 nelze vz\u00edt zp\u011bt, i kdyby inflace z\u00edtra spadla na nulu. Okradla lidi o p\u011btinu celo\u017eivotn\u00edch \u00faspor za jedin\u00fd rok. Kdo si \u0161et\u0159il na st\u00e1\u0159\u00ed, prod\u011blal nejv\u00edc. A nikdo mu to u\u017e nevr\u00e1t\u00ed. Jestli\u017ee si \u0161et\u0159il 40 let, pak osm let z&nbsp;toho m\u016f\u017ee \u0161krtnout.<\/p>\n<p>Je\u0161t\u011b v\u00e1\u017en\u011bj\u0161\u00ed je ale jin\u00e1 v\u011bc. Co je p\u0159\u00ed\u010dinou sou\u010dasn\u00e9 po celou generaci nev\u00eddan\u00e9 m\u00edry inflace? Je to p\u0159ebytek pen\u011bz v&nbsp;ekonomice. Pen\u011bz je v\u00edce ne\u017e vytvo\u0159en\u00fdch hodnot. Pou\u0161t\u011bly se do ob\u011bhu dlouh\u00e9 roky, aby bylo \u010d\u00edm financovat trval\u00e9 rozpo\u010dtov\u00e9 schodky ve\u0159ejn\u00fdch financ\u00ed. Tenhle proces se \u0161\u00edlen\u011b urychlil za tragick\u00fdch restrikc\u00ed, kter\u00e9 zablokovaly celou ekonomiku ve v\u00ed\u0159e, \u017ee se t\u00edm zastav\u00ed n\u00e1kaza plicn\u00edm onemocn\u011bn\u00edm. Hospod\u00e1\u0159stv\u00ed neprodukovalo, ale \u010d\u00e1st lid\u00ed pen\u00edze dost\u00e1vala d\u00e1l. Co se stane, kdy\u017e je moc pen\u011bz a m\u00e1lo zbo\u017e\u00ed? Ceny let\u00ed nahoru. Inflace. Na to \u010dlov\u011bk nemus\u00ed b\u00fdt g\u00e9nius.<\/p>\n<p>Restrikce a lokdauny letos opadly, rozpo\u010dtov\u00fd schodek ale nikoli. Bojujeme u\u017e ne s&nbsp;virem, ale s&nbsp;podneb\u00edm, s&nbsp;Ruskem a s&nbsp;reces\u00ed. Tak\u017ee dal\u0161\u00ed pumpov\u00e1n\u00ed pen\u011bz a dal\u0161\u00ed dluhy. A inflace se spla\u0161ila. Vysok\u00e9 ceny jsou jedin\u00fdm zp\u016fsobem, jak navr\u00e1tit rovnov\u00e1hu mezi p\u0159ebytem pen\u011bz a nedostatkem vytvo\u0159en\u00fdch hodnot. T\u00edm, \u017ee vysok\u00e9 ceny pen\u00edze lidem od\u010derp\u00e1vaj\u00ed.<\/p>\n<p>A kdy tedy inflace polev\u00ed? Jsou v&nbsp;z\u00e1sad\u011b dv\u011b cesty. Nastane po\u0159\u00e1dek ve ve\u0159ejn\u00fdch financ\u00edch, vl\u00e1da p\u0159estane \u017e\u00edt na dluh a drasticky sn\u00ed\u017e\u00ed sv\u00e9 v\u00fddaje a t\u00edm i deficit. Nebo lidem prost\u011b za\u010dnou doch\u00e1zet pen\u00edze, p\u0159estanou tak ochotn\u011b utr\u00e1cet a obchodn\u00edci u\u017e si vysok\u00e9 ceny nebudou moci tak snadno dovolit. A te\u010f sami h\u00e1dejte. D\u011bje se to prvn\u00ed, nebo to druh\u00e9?<\/p>\n<p>To prvn\u00ed ani n\u00e1hodou. Bohu\u017eel. I na rok 2023 je nachyst\u00e1n rozpo\u010det s&nbsp;gigantick\u00fdm schodkem. Tak\u017ee se d\u011bje to druh\u00e9. No samoz\u0159ejm\u011b. Lid\u00e9 se vydali z&nbsp;posledn\u00edho. Sice bylo draho, ale tak\u00e9 byly V\u00e1noce. A nav\u00edc se lid\u00e9 b\u00e1li, \u017ee zdra\u017eov\u00e1n\u00ed bude pokra\u010dovat, tak kupovali i to, co mohli koupit a\u017e za rok. A najednou voln\u00e9 pen\u00edze chyb\u00ed. A chyb\u011bt budou. Lid\u00e9 omez\u00ed n\u00e1kupy. Obchodn\u00edci p\u0159estanou objedn\u00e1vat u v\u00fdrobc\u016f. V\u00fdrobci omez\u00ed v\u00fdrobu a budou propou\u0161t\u011bt. A m\u00edsto p\u016fl milion\u016f da\u0148ov\u00fdch poplatn\u00edk\u016f tu bude p\u016fl milion\u016f lid\u00ed s&nbsp;nata\u017eenou dlan\u00ed po soci\u00e1ln\u00edch d\u00e1vk\u00e1ch. A to \u017ee je dobr\u00e1 zpr\u00e1va? Ano, inflace se logicky sn\u00ed\u017e\u00ed. Ale jen kv\u016fli omezen\u00ed koup\u011bschopnosti lid\u00ed.<\/p>\n<p>Tenhle v\u00fdvoj \u0161lo \u010dekat u\u017e od l\u00e9ta. Inflace tu nebude na v\u011bky. Sn\u00ed\u017e\u00ed se. Ale jen proto, \u017ee m\u00edsto n\u00ed p\u0159ijde cosi je\u0161t\u011b hor\u0161\u00edho. Recese. Krize. Mo\u017en\u00e1 by to cht\u011blo titulky m\u00e9n\u011b j\u00e1sav\u00e9, proto\u017ee u\u017e to za\u010dalo. Prod\u00e1v\u00e1te byt nebo nemovitost? Tak u\u017e o tom asi n\u011bco v\u00edte. Ne, u\u017e to nen\u00ed zlat\u00fd d\u016fl. Lid\u00e9 na to nemaj\u00ed. A nebudou m\u00edt. Ceny p\u016fjdou dol\u016f, ale nebude to dobr\u00e1 zpr\u00e1va. &nbsp;&nbsp;<\/p>\n<p><a href=\"https:\/\/www.institutvk.cz\/clanky\/2205.html\">Zdroj<\/a><\/p>\n","protected":false},"excerpt":{"rendered":"<p>Skv\u011bl\u00e1 zpr\u00e1va! Inflace splaskne! To radostn\u011b hl\u00e1saj\u00ed titulky dne\u0161n\u00edch novin. \u017de pr\u00fd to p\u0159edpov\u00eddaj\u00ed ekonomov\u00e9 pro p\u0159\u00ed\u0161t\u00ed rok. Tak zaprv\u00e9, k&nbsp;tomu nen\u00ed nutno b\u00fdt n\u011bjak\u00fd velk\u00fd ekonom, to se d\u00e1 \u010dekat. A zadruh\u00e9: je to opravdu d\u016fvod k&nbsp;j\u00e1s\u00e1n\u00ed?<\/p>\n","protected":false},"author":9,"featured_media":0,"comment_status":"open","ping_status":"open","sticky":false,"template":"","format":"standard","meta":{"ngg_post_thumbnail":0,"footnotes":""},"categories":[1],"tags":[],"class_list":["post-13118","post","type-post","status-publish","format-standard","hentry","category-publikovane-clanky"],"_links":{"self":[{"href":"https:\/\/www.ladislavjakl.cz\/index.php?rest_route=\/wp\/v2\/posts\/13118","targetHints":{"allow":["GET"]}}],"collection":[{"href":"https:\/\/www.ladislavjakl.cz\/index.php?rest_route=\/wp\/v2\/posts"}],"about":[{"href":"https:\/\/www.ladislavjakl.cz\/index.php?rest_route=\/wp\/v2\/types\/post"}],"author":[{"embeddable":true,"href":"https:\/\/www.ladislavjakl.cz\/index.php?rest_route=\/wp\/v2\/users\/9"}],"replies":[{"embeddable":true,"href":"https:\/\/www.ladislavjakl.cz\/index.php?rest_route=%2Fwp%2Fv2%2Fcomments&post=13118"}],"version-history":[{"count":1,"href":"https:\/\/www.ladislavjakl.cz\/index.php?rest_route=\/wp\/v2\/posts\/13118\/revisions"}],"predecessor-version":[{"id":13119,"href":"https:\/\/www.ladislavjakl.cz\/index.php?rest_route=\/wp\/v2\/posts\/13118\/revisions\/13119"}],"wp:attachment":[{"href":"https:\/\/www.ladislavjakl.cz\/index.php?rest_route=%2Fwp%2Fv2%2Fmedia&parent=13118"}],"wp:term":[{"taxonomy":"category","embeddable":true,"href":"https:\/\/www.ladislavjakl.cz\/index.php?rest_route=%2Fwp%2Fv2%2Fcategories&post=13118"},{"taxonomy":"post_tag","embeddable":true,"href":"https:\/\/www.ladislavjakl.cz\/index.php?rest_route=%2Fwp%2Fv2%2Ftags&post=13118"}],"curies":[{"name":"wp","href":"https:\/\/api.w.org\/{rel}","templated":true}]}}