{"id":13134,"date":"2023-01-06T13:30:54","date_gmt":"2023-01-06T12:30:54","guid":{"rendered":"https:\/\/www.ladislavjakl.cz\/?p=13134"},"modified":"2023-01-06T13:30:54","modified_gmt":"2023-01-06T12:30:54","slug":"kdyz-cekat-tak-poradne","status":"publish","type":"post","link":"https:\/\/www.ladislavjakl.cz\/?p=13134","title":{"rendered":"Kdy\u017e \u010dekat, tak po\u0159\u00e1dn\u011b"},"content":{"rendered":"<p>Za t\u00fdden se odehraje prvn\u00ed kolo prezidentsk\u00fdch voleb. Dopadne podle toho, jak n\u00e1m nalinkovala m\u00e9dia a pr\u016fzkumy? Nebo je to jejich omyl a vyklube se n\u011bjak\u00e9 p\u0159ekvapen\u00ed? Po\u010dk\u00e1me si.<\/p>\n<p><!--more--><\/p>\n<p>\u0160\u00e9f ukrajinsk\u00e9 rozv\u011bdky na dne\u0161ek p\u0159edpov\u011bd\u011bl dal\u0161\u00ed velkou mobilizaci v&nbsp;Rusku. Byl to od n\u011bj omyl? Prob\u011bhne ta mobilizace? Neprob\u011bhne? Po\u010dk\u00e1me si.<\/p>\n<p>Z\u00edtra hraj\u00ed na\u0161i mlad\u00ed hokejist\u00e9 fin\u00e1le juniorsk\u00e9ho mistrovstv\u00ed sv\u011bta. Soupe\u0159em jim je Kanada, kterou v&nbsp;prvn\u00edm z\u00e1pase ne\u010dekan\u011b porazili. Poda\u0159\u00ed se jim to i v&nbsp;z\u00e1pase posledn\u00edm? Nebo Kanada uk\u00e1\u017ee, \u017ee se jim takov\u00fd omyl stane jen v\u00fdjime\u010dn\u011b, a op\u011bt si dojde pro zlato? Po\u010dk\u00e1me si.<\/p>\n<p>Americk\u00fdm kongresman\u016fm se neda\u0159\u00ed zvolit si p\u0159edsedu Sn\u011bmovny reprezentant\u016f. Ve volb\u00e1ch jasn\u011b zv\u00edt\u011bzili \u201eopozi\u010dn\u00ed\u201c republik\u00e1ni, jen\u017ee ti maj\u00ed opozici i uvnit\u0159 vlastn\u00edch \u0159ad, co\u017e znemo\u017e\u0148uje spole\u010dn\u00fd postup. Levicov\u00ed liber\u00e1lov\u00e9 se jim posm\u00edvaj\u00ed, ale ono dilema zas tak trivi\u00e1ln\u00ed nen\u00ed. Pro velkou \u010d\u00e1st americk\u00e9 ve\u0159ejnosti je v\u011bt\u0161ina republik\u00e1nsk\u00fdch papal\u00e1\u0161\u016f jedna ruka s&nbsp;vl\u00e1dnouc\u00edmi elitami, jsou pr\u00fd ocho\u010den\u00ed a sv\u00e9 voli\u010de zrazuj\u00ed, zat\u00edmco rebelov\u00e9 jsou ti v\u011brn\u00ed, co se nedaj\u00ed koupit ani zastra\u0161it. Jen\u017ee i tahle v\u00e1lka neskon\u010d\u00ed kapitulac\u00ed jedn\u00e9 strany. Nakonec budou muset ustoupit v\u0161ichni. Nebo se m\u00fdl\u00edm? Po\u010dk\u00e1me si.&nbsp;<\/p>\n<p>A je\u0161t\u011b jedna p\u0159edpov\u011b\u010f \u0161\u00e9fa ukrajinsk\u00e9 rozv\u011bdky: rusk\u00fd prezident Vladim\u00edr Putin je pr\u00fd smrteln\u011b nemocn\u00fd a brzy um\u0159e. Potvrd\u00ed se rozv\u011bd\u010d\u00edkova p\u0159edpov\u011b\u010f? Nebo se \u0161\u00e9f kyjevsk\u00fdch \u0161pion\u016f m\u00fdl\u00ed? Po\u010dk\u00e1me si.<\/p>\n<p>\u010cesk\u00fd prezident Milo\u0161 Zeman odm\u00edtl jmenovat premi\u00e9rova nominanta ministrem prost\u0159ed\u00ed pro \u017eivot. Je to trochu \u0161prajc na posledn\u00ed chv\u00edli, je ale jasn\u00e9, \u017ee kdyby bylo c\u00edlem \u00fastavy vl\u00e1dn\u00ed samoplozen\u00ed a nikoli shoda prezidenta s&nbsp;premi\u00e9rem, bylo by v&nbsp;n\u00ed naps\u00e1no, \u017ee ministry si jmenuje premi\u00e9r s\u00e1m. Premi\u00e9r av\u00edzuje, \u017ee si po\u010dk\u00e1. Asi na nov\u00e9ho, vl\u00e1d\u011b vst\u0159\u00edcn\u011bj\u0161\u00edho prezidenta. Tak si po\u010dk\u00e1me tak\u00e9.<\/p>\n<p>Pr\u00fd bude nad\u00e1le teplo. P\u0159edpov\u00eddaj\u00ed to meteorologov\u00e9. Kart\u00e1\u0159ka Er\u017eika zase \u0159\u00edk\u00e1, \u017ee p\u0159ijdou tuze mraziv\u00e9 t\u00fddny. Kdo z&nbsp;nich se m\u00fdl\u00ed? V&nbsp;ka\u017ed\u00e9m p\u0159\u00edpad\u011b n\u011bjak bude. Jak? Po\u010dk\u00e1me si.<\/p>\n<p>Na kart\u00e1\u0159ky ale pozor. I na astrology, v\u011b\u0161t\u00edrny, senzibily, numerology a jin\u00e9 \u0161amany. Jsou to toti\u017e \u0161i\u0159itel\u00e9 dezinformac\u00ed, nebo\u0165 sv\u00e1 tvrzen\u00ed neum\u011bj\u00ed p\u0159esv\u011bd\u010div\u011b a nezvratn\u011b dolo\u017eit. Do\u0161l\u00e1pne si na n\u011b vl\u00e1da sv\u00fdm pokrokov\u00fdm opat\u0159en\u00edm, d\u00edky kter\u00e9mu se bude ve\u0159ejn\u00fdm prostorem \u0161\u00ed\u0159it jen sam\u00e1 pravda? Uvid\u00edme. Po\u010dk\u00e1me si.<\/p>\n<p>A nebylo toho \u010dek\u00e1n\u00ed u\u017e n\u011bjak moc? Nebylo. Dnes by se to bez hezk\u00e9ho stylov\u00e9ho \u010dek\u00e1n\u00ed neobe\u0161lo. Je to toti\u017e p\u0159esn\u011b 70 let, co byla v&nbsp;Pa\u0159\u00ed\u017ei ve sv\u00e9 sv\u011btov\u00e9 premi\u00e9\u0159e poprv\u00e9 uvedena hra Samuela Becketta \u010cek\u00e1n\u00ed na Godota. Jak bude sv\u011bt vypadat p\u0159i osmdes\u00e1t\u00e9m v\u00fdro\u010d\u00ed hry? Po\u010dk\u00e1me si.<\/p>\n<p><a href=\"https:\/\/www.institutvk.cz\/clanky\/2214.html\">Zdroj<\/a><\/p>\n","protected":false},"excerpt":{"rendered":"<p>Za t\u00fdden se odehraje prvn\u00ed kolo prezidentsk\u00fdch voleb. Dopadne podle toho, jak n\u00e1m nalinkovala m\u00e9dia a pr\u016fzkumy? Nebo je to jejich omyl a vyklube se n\u011bjak\u00e9 p\u0159ekvapen\u00ed? Po\u010dk\u00e1me si.<\/p>\n","protected":false},"author":9,"featured_media":0,"comment_status":"open","ping_status":"open","sticky":false,"template":"","format":"standard","meta":{"ngg_post_thumbnail":0,"footnotes":""},"categories":[1,10],"tags":[],"class_list":["post-13134","post","type-post","status-publish","format-standard","hentry","category-publikovane-clanky","category-zlehka"],"_links":{"self":[{"href":"https:\/\/www.ladislavjakl.cz\/index.php?rest_route=\/wp\/v2\/posts\/13134","targetHints":{"allow":["GET"]}}],"collection":[{"href":"https:\/\/www.ladislavjakl.cz\/index.php?rest_route=\/wp\/v2\/posts"}],"about":[{"href":"https:\/\/www.ladislavjakl.cz\/index.php?rest_route=\/wp\/v2\/types\/post"}],"author":[{"embeddable":true,"href":"https:\/\/www.ladislavjakl.cz\/index.php?rest_route=\/wp\/v2\/users\/9"}],"replies":[{"embeddable":true,"href":"https:\/\/www.ladislavjakl.cz\/index.php?rest_route=%2Fwp%2Fv2%2Fcomments&post=13134"}],"version-history":[{"count":1,"href":"https:\/\/www.ladislavjakl.cz\/index.php?rest_route=\/wp\/v2\/posts\/13134\/revisions"}],"predecessor-version":[{"id":13135,"href":"https:\/\/www.ladislavjakl.cz\/index.php?rest_route=\/wp\/v2\/posts\/13134\/revisions\/13135"}],"wp:attachment":[{"href":"https:\/\/www.ladislavjakl.cz\/index.php?rest_route=%2Fwp%2Fv2%2Fmedia&parent=13134"}],"wp:term":[{"taxonomy":"category","embeddable":true,"href":"https:\/\/www.ladislavjakl.cz\/index.php?rest_route=%2Fwp%2Fv2%2Fcategories&post=13134"},{"taxonomy":"post_tag","embeddable":true,"href":"https:\/\/www.ladislavjakl.cz\/index.php?rest_route=%2Fwp%2Fv2%2Ftags&post=13134"}],"curies":[{"name":"wp","href":"https:\/\/api.w.org\/{rel}","templated":true}]}}