{"id":13136,"date":"2023-01-06T13:44:19","date_gmt":"2023-01-06T12:44:19","guid":{"rendered":"https:\/\/www.ladislavjakl.cz\/?p=13136"},"modified":"2023-01-06T13:44:19","modified_gmt":"2023-01-06T12:44:19","slug":"ne-nemusi-nemusi-ho-jmenovat","status":"publish","type":"post","link":"https:\/\/www.ladislavjakl.cz\/?p=13136","title":{"rendered":"Ne. Nemus\u00ed. Nemus\u00ed ho jmenovat."},"content":{"rendered":"<p class=\"-wm-MsoNormal\">Ne, n\u011bkte\u0159\u00ed pr\u00e1vn\u00edci se prost\u011b m\u00fdl\u00ed. Oni jen cht\u011bj\u00ed, aby to tak bylo. A tak v&nbsp;\u00fastav\u011b \u010dtou i to, co tam nen\u00ed.<\/p>\n<p><!--more--><\/p>\n<p class=\"-wm-MsoNormal\">Prezident republiky ministra jmenovat nemus\u00ed. A abych se neopakoval, zde je argumentace:<\/p>\n<p class=\"-wm-MsoNormal\"><a href=\"https:\/\/neviditelnypes.lidovky.cz\/politika\/politika-k-tangu-je-treba-dvou.A211125_154123_p_politika_wag\" target=\"_blank\" rel=\"noopener\">https:\/\/neviditelnypes.lidovky.cz\/politika\/politika-k-tangu-je-treba-dvou.A211125_154123_p_politika_wag<\/a><\/p>\n<p class=\"-wm-MsoNormal\">&nbsp;<\/p>\n","protected":false},"excerpt":{"rendered":"<p>Ne, n\u011bkte\u0159\u00ed pr\u00e1vn\u00edci se prost\u011b m\u00fdl\u00ed. Oni jen cht\u011bj\u00ed, aby to tak bylo. A tak v&nbsp;\u00fastav\u011b \u010dtou i to, co tam nen\u00ed.<\/p>\n","protected":false},"author":9,"featured_media":0,"comment_status":"open","ping_status":"open","sticky":false,"template":"","format":"standard","meta":{"ngg_post_thumbnail":0,"footnotes":""},"categories":[19],"tags":[],"class_list":["post-13136","post","type-post","status-publish","format-standard","hentry","category-jakl-leaks"],"_links":{"self":[{"href":"https:\/\/www.ladislavjakl.cz\/index.php?rest_route=\/wp\/v2\/posts\/13136","targetHints":{"allow":["GET"]}}],"collection":[{"href":"https:\/\/www.ladislavjakl.cz\/index.php?rest_route=\/wp\/v2\/posts"}],"about":[{"href":"https:\/\/www.ladislavjakl.cz\/index.php?rest_route=\/wp\/v2\/types\/post"}],"author":[{"embeddable":true,"href":"https:\/\/www.ladislavjakl.cz\/index.php?rest_route=\/wp\/v2\/users\/9"}],"replies":[{"embeddable":true,"href":"https:\/\/www.ladislavjakl.cz\/index.php?rest_route=%2Fwp%2Fv2%2Fcomments&post=13136"}],"version-history":[{"count":1,"href":"https:\/\/www.ladislavjakl.cz\/index.php?rest_route=\/wp\/v2\/posts\/13136\/revisions"}],"predecessor-version":[{"id":13137,"href":"https:\/\/www.ladislavjakl.cz\/index.php?rest_route=\/wp\/v2\/posts\/13136\/revisions\/13137"}],"wp:attachment":[{"href":"https:\/\/www.ladislavjakl.cz\/index.php?rest_route=%2Fwp%2Fv2%2Fmedia&parent=13136"}],"wp:term":[{"taxonomy":"category","embeddable":true,"href":"https:\/\/www.ladislavjakl.cz\/index.php?rest_route=%2Fwp%2Fv2%2Fcategories&post=13136"},{"taxonomy":"post_tag","embeddable":true,"href":"https:\/\/www.ladislavjakl.cz\/index.php?rest_route=%2Fwp%2Fv2%2Ftags&post=13136"}],"curies":[{"name":"wp","href":"https:\/\/api.w.org\/{rel}","templated":true}]}}