{"id":13149,"date":"2023-01-08T12:44:11","date_gmt":"2023-01-08T11:44:11","guid":{"rendered":"https:\/\/www.ladislavjakl.cz\/?p=13149"},"modified":"2023-01-08T12:44:11","modified_gmt":"2023-01-08T11:44:11","slug":"jsem-precitlively-na-obrat-spravny-nazor-rika-ladislav-jakl","status":"publish","type":"post","link":"https:\/\/www.ladislavjakl.cz\/?p=13149","title":{"rendered":"Jsem p\u0159ecitliv\u011bl\u00fd na obrat \u201espr\u00e1vn\u00fd n\u00e1zor\u201c, \u0159\u00edk\u00e1 Ladislav Jakl"},"content":{"rendered":"<p>P\u0159edvolebn\u00ed boj i nespokojenost lid\u00ed nar\u016fst\u00e1. Nen\u00e1padn\u011b se bl\u00ed\u017e\u00ed i omezen\u00ed svobody slova. Co v\u0161echno tato nestabilita p\u0159in\u00e1\u0161\u00ed, jak se s n\u00ed spole\u010dnost vyrovn\u00e1, kdy vznikne popt\u00e1vka po jak\u00e9mkoli \u201eosvoboditeli\u201c ? Nejen o t\u011bchto t\u00e9matech v exkluzivn\u00edm rozhovoru s Ladislavem Jaklem.<\/p>\n<p><!--more--><br \/>\nPane Jakle,&nbsp; jste vystudovan\u00fd \u017eurnalista, zast\u00e1n\u00e1ce svobody, tedy i slova. Jak vn\u00edm\u00e1te pl\u00e1n na boj s dezinformacemi a t\u00edm tak omezen\u00ed a kontroly n\u011bkter\u00fdch m\u00e9di\u00ed? N\u00e1vrh, kter\u00fd le\u017e\u00ed aktu\u00e1ln\u011b na stole\u2026<\/p>\n<p>Podle mne nejde pouze o d\u00edl\u010d\u00ed omezen\u00ed svobody, a to nejen svobody slova. Pokud n\u00e1vrh projde a bude uveden v \u017eivot, bude to znamenat p\u0159elomovou zm\u011bnu podstaty polistopadov\u00e9ho re\u017eimu. Staneme se autorit\u00e1\u0159sk\u00fdm st\u00e1tem, ve kter\u00e9m budou svoboda a z\u00e1jem ka\u017ed\u00e9ho \u010dlov\u011bka ob\u011btov\u00e1ny z\u00e1jm\u016fm dr\u017eitel\u016f moci.<\/p>\n<p><strong>C\u00edlem m\u00e9di\u00ed je lidi m\u00e1st, p\u0159edkl\u00e1dat protich\u016fdn\u00e9 n\u00e1zory, informace. Jak, podle \u010deho by se&nbsp; m\u011bli orientovat, aby do\u0161li ke spr\u00e1vn\u00e9mu n\u00e1zoru?<\/strong><\/p>\n<div dir=\"ltr\">\n<div class=\"gmail_quote\">\n<div class=\"WordSection1\">\n<p>Jsem p\u0159ecitliv\u011bl\u00fd na obrat \u201espr\u00e1vn\u00fd n\u00e1zor\u201c. Spr\u00e1vn\u00fd z jak\u00e9ho hlediska? Ka\u017ed\u00fd m\u00e1 sv\u00e9 vlastn\u00ed z\u00e1jmy, odli\u0161n\u00e9 od jin\u00fdch. Ka\u017ed\u00fd m\u00e1 svou vlastn\u00ed individu\u00e1ln\u00ed zku\u0161enostn\u00ed pro\u017eitkovou historii, odli\u0161nou od ostatn\u00edch. Proto je naprosto p\u0159irozen\u00e9, \u017ee m\u00e1me na mnoho v\u011bc\u00ed odli\u0161n\u00e9 n\u00e1zory a ka\u017ed\u00fd z nich je v jist\u00e9m ohledu t\u00edm spr\u00e1vn\u00fdm. To pochopiteln\u011b plat\u00ed jen o hodnotov\u00fdch normativn\u00edch soudech, o postoj\u00edch, o v\u00fdkladech a ch\u00e1p\u00e1n\u00ed spole\u010densk\u00fdch d\u011bj\u016f. O m\u011b\u0159iteln\u00fdch a empiricky prov\u011b\u0159iteln\u00fdch tvrzen\u00edch to neplat\u00ed, tam jejich spr\u00e1vnost nebo nespr\u00e1vnost potvrd\u00ed nebo vyvr\u00e1t\u00ed experiment, v\u00fdpo\u010det, exaktn\u00ed pozorov\u00e1n\u00ed. Ale dob\u0159e c\u00edt\u00edme, \u017ee ve spole\u010densk\u00fdch t\u00e9matech je subjektivn\u00ed p\u0159\u00edstup nejen norm\u00e1ln\u00ed, ospravedlniteln\u00fd, pochopiteln\u00fd, povolen\u00fd a obhajiteln\u00fd, ale vlastn\u011b jedin\u00fd mo\u017en\u00fd.<\/p>\n<\/div>\n<\/div>\n<\/div>\n<div class=\"elementor-element elementor-element-c352d3a elementor-widget elementor-widget-text-editor\" data-id=\"c352d3a\" data-element_type=\"widget\" data-widget_type=\"text-editor.default\">\n<div class=\"elementor-widget-container\">\n<div class=\"elementor-text-editor elementor-clearfix\">\n<div dir=\"ltr\">\n<div class=\"gmail_quote\">\n<div class=\"WordSection1\">\n<p><strong>Vy podporujete jako prezidenta pana Ba\u0161tu, jeho\u017e prioritou je, jak s\u00e1m \u0159ekl, v p\u0159\u00edpad\u011b, \u017ee usp\u011bje, odvol\u00e1n\u00ed vl\u00e1dy. Lid\u00e9 neznaj\u00ed ve\u0161ker\u00e9 postupy a jeho prohl\u00e1\u0161en\u00ed je matouc\u00ed, proto\u017ee prezident odvolat vl\u00e1du nem\u016f\u017ee. Vl\u00e1du m\u016f\u017ee odvolat Sn\u011bmovna\u2026 Nepova\u017eujete to za z\u00e1sadn\u00ed p\u0159e\u0161lap, kter\u00fd by m\u011bl kandid\u00e1t na prezidenta zn\u00e1t?<\/strong><\/p>\n<p>No, ono je to je\u0161t\u011b trochu jinak. Sn\u011bmovna vl\u00e1du odvolat nem\u016f\u017ee. M\u016f\u017ee j\u00ed jen vyj\u00e1d\u0159it ned\u016fv\u011bru. Vl\u00e1du opravu odvol\u00e1v\u00e1 jen prezident republiky. Ale nem\u016f\u017ee tak u\u010dinit jen na z\u00e1klad\u011b sv\u00e9 libov\u016fle. Tak na\u0161e \u00fastavn\u00ed architektura koncipov\u00e1na nen\u00ed. Od pana Ba\u0161ty to ch\u00e1pu jako jistou zkratku a nads\u00e1zku. A jako vzkaz voli\u010d\u016fm i vl\u00e1dnouc\u00ed koalici: se mnou to vl\u00e1da m\u00edt snadn\u00e9 nebude, nehodl\u00e1m j\u00ed ustupovat ani o krok.<\/p>\n<p><strong>Lid\u00e9 v t\u00e9to velmi nelehk\u00e9 dob\u011b hledaj\u00ed n\u00e1vod, mesi\u00e1\u0161e, jak z probl\u00e9m\u016f ven. \u010clov\u011bka, kter\u00fd je spas\u00ed, pom\u016f\u017ee vy\u0159e\u0161it velmi nep\u0159\u00edjemn\u00e9 existen\u010dn\u00ed probl\u00e9my, spory, kter\u00e9 \u010dasto kon\u010d\u00ed i tragicky. Existuje n\u011bkdo takov\u00ed?<\/strong><\/p>\n<div dir=\"ltr\">\n<div class=\"gmail_quote\">\n<div class=\"WordSection1\">\n<p>Ano. V t\u00e9hle f\u00e1zi je\u0161t\u011b nejsme. Ale je\u0161t\u011b p\u00e1r m\u011bs\u00edc\u016f zhor\u0161ov\u00e1n\u00ed soci\u00e1ln\u00ed a spole\u010densk\u00e9 situace u n\u00e1s a popt\u00e1vka po jak\u00e9mkoli \u201eosvoboditeli\u201c neodvratn\u011b vznikne. To, co nastane potom, bude f\u00e1ze bo\u0159en\u00ed, ni\u010den\u00ed, k\u0159ivdy, pomsty, vyl\u00e9v\u00e1n\u00ed vzteku, uvoln\u011bn\u00ed frustrac\u00ed, hled\u00e1n\u00ed nesmysln\u00fdch samosp\u00e1sn\u00fdch \u0159e\u0161en\u00ed, zm\u00edt\u00e1n\u00ed se v je\u0161t\u011b hlub\u0161\u00edch kriz\u00edch, rozv\u00ed\u0159en\u00ed spole\u010densk\u00e9ho kalu, boj\u016f v\u0161ech proti v\u0161em, hled\u00e1n\u00ed vin\u00edk\u016f a jejich \u201elyn\u010dov\u00e1n\u00ed\u201c. A\u017e prach usedne, v\u0161em dojde, \u017ee je t\u0159eba za\u010d\u00edt znovu. A jinak. Ale kdy se kone\u010dn\u011b vyd\u00e1me cestou zp\u00e1tky k individu\u00e1ln\u00ed svobod\u011b, to tedy nev\u00edm. Asi se toho nedo\u017eiju.<\/p>\n<\/div>\n<\/div>\n<\/div>\n<p><strong>V \u010dase p\u0159edvolebn\u00ed kampan\u011b jdou t\u00e9mata jako v\u00e1lka, ceny elekt\u0159iny, pohonn\u00fdch hmot atd do \u00fastran\u00ed. Co je tedy opravdovou a d\u016fle\u017eitou prioritou?<\/strong><\/p>\n<\/div>\n<\/div>\n<\/div>\n<\/div>\n<\/div>\n<\/div>\n<div class=\"elementor-element elementor-element-500900bf elementor-widget elementor-widget-text-editor\" data-id=\"500900bf\" data-element_type=\"widget\" data-widget_type=\"text-editor.default\">\n<div class=\"elementor-widget-container\">\n<div class=\"elementor-text-editor elementor-clearfix\">\n<div dir=\"ltr\">\n<div class=\"gmail_quote\">\n<div class=\"WordSection1\">\n<p>Jak napsal jeden koment\u00e1tor, v\u017edy\u0165 jde vlastn\u011b jen o to, aby budouc\u00ed prezident um\u011bl j\u00edst p\u0159\u00edborem a dodr\u017eoval hygienu. No, to nen\u00ed pravda. Podle v\u0161eho budeme m\u00edt \u0161patn\u00e9ho a slab\u00e9ho prezidenta a v lidech to pos\u00edl\u00ed pocit, \u017ee jsou v pasti, \u017ee nemaj\u00ed v r\u00e1mci syst\u00e9mu zast\u00e1n\u00ed a \u017ee to musej\u00ed vz\u00edt do ruky. A n\u00e1sledn\u00e9 d\u011bje jsem v\u00e1m zrovna \u0159ekl.<\/p>\n<p><a href=\"https:\/\/viposobnosti.cz\/clanky\/jsem-precitlively-na-obrat-spravny-nazor-rika-ladislav-jakl\/\">Zdroj<\/a><\/p>\n<\/div>\n<\/div>\n<\/div>\n<\/div>\n<\/div>\n<\/div>\n","protected":false},"excerpt":{"rendered":"<p>P\u0159edvolebn\u00ed boj i nespokojenost lid\u00ed nar\u016fst\u00e1. Nen\u00e1padn\u011b se bl\u00ed\u017e\u00ed i omezen\u00ed svobody slova. Co v\u0161echno tato nestabilita p\u0159in\u00e1\u0161\u00ed, jak se s n\u00ed spole\u010dnost vyrovn\u00e1, kdy vznikne popt\u00e1vka po jak\u00e9mkoli \u201eosvoboditeli\u201c ? Nejen o t\u011bchto t\u00e9matech v exkluzivn\u00edm rozhovoru s Ladislavem Jaklem.<\/p>\n","protected":false},"author":9,"featured_media":0,"comment_status":"open","ping_status":"open","sticky":false,"template":"","format":"standard","meta":{"ngg_post_thumbnail":0,"footnotes":""},"categories":[13],"tags":[],"class_list":["post-13149","post","type-post","status-publish","format-standard","hentry","category-rozhovory"],"_links":{"self":[{"href":"https:\/\/www.ladislavjakl.cz\/index.php?rest_route=\/wp\/v2\/posts\/13149","targetHints":{"allow":["GET"]}}],"collection":[{"href":"https:\/\/www.ladislavjakl.cz\/index.php?rest_route=\/wp\/v2\/posts"}],"about":[{"href":"https:\/\/www.ladislavjakl.cz\/index.php?rest_route=\/wp\/v2\/types\/post"}],"author":[{"embeddable":true,"href":"https:\/\/www.ladislavjakl.cz\/index.php?rest_route=\/wp\/v2\/users\/9"}],"replies":[{"embeddable":true,"href":"https:\/\/www.ladislavjakl.cz\/index.php?rest_route=%2Fwp%2Fv2%2Fcomments&post=13149"}],"version-history":[{"count":1,"href":"https:\/\/www.ladislavjakl.cz\/index.php?rest_route=\/wp\/v2\/posts\/13149\/revisions"}],"predecessor-version":[{"id":13150,"href":"https:\/\/www.ladislavjakl.cz\/index.php?rest_route=\/wp\/v2\/posts\/13149\/revisions\/13150"}],"wp:attachment":[{"href":"https:\/\/www.ladislavjakl.cz\/index.php?rest_route=%2Fwp%2Fv2%2Fmedia&parent=13149"}],"wp:term":[{"taxonomy":"category","embeddable":true,"href":"https:\/\/www.ladislavjakl.cz\/index.php?rest_route=%2Fwp%2Fv2%2Fcategories&post=13149"},{"taxonomy":"post_tag","embeddable":true,"href":"https:\/\/www.ladislavjakl.cz\/index.php?rest_route=%2Fwp%2Fv2%2Ftags&post=13149"}],"curies":[{"name":"wp","href":"https:\/\/api.w.org\/{rel}","templated":true}]}}