{"id":13170,"date":"2023-01-12T19:20:38","date_gmt":"2023-01-12T18:20:38","guid":{"rendered":"https:\/\/www.ladislavjakl.cz\/?p=13170"},"modified":"2023-01-12T19:20:38","modified_gmt":"2023-01-12T18:20:38","slug":"vice-pohlavi-vice-vi","status":"publish","type":"post","link":"https:\/\/www.ladislavjakl.cz\/?p=13170","title":{"rendered":"V\u00edce pohlav\u00ed v\u00edce v\u00ed"},"content":{"rendered":"<p>Budou prezidentsk\u00e9 volby. U n\u00e1s. Z\u00edtra. Ur\u010dit\u011b jste o tom u\u017e sly\u0161eli. \u010clov\u011bk by \u0159ekl, \u017ee se v&nbsp;takov\u00fdch volb\u00e1ch utkaj\u00ed p\u0159edstavitel\u00e9 z\u00e1kladn\u00edch ideov\u00fdch, my\u0161lenkov\u00fdch a sv\u011bton\u00e1zorov\u00fdch proud\u016f. M\u00edsto toho se utk\u00e1vaj\u00ed sponzo\u0159i marketingov\u00fdch model\u016f. U\u017e to, \u017ee ani jedna z&nbsp;p\u011bti vl\u00e1dn\u00edch stran nepostavila sv\u00e9ho kandid\u00e1ta, je charakteristick\u00e9. O politiku tu tedy nejde. Sp\u00ed\u0161 o n\u011bjakou televizn\u00ed sout\u011b\u017e ve stylu Superstar.<\/p>\n<p><!--more--><\/p>\n<p>Ale zaj\u00edmav\u00e1 t\u00e9mata lze naj\u00edt v&nbsp;kampani i tak. V&nbsp;tisku se dnes objevila anketa, jej\u00ed\u017e sou\u010d\u00e1st\u00ed je ot\u00e1zka, kolik \u017ee to existuje pohlav\u00ed. U\u017e to, \u017ee takovou ot\u00e1zku je t\u0159eba kl\u00e1st dosp\u011bl\u00fdm lidem, je nejlep\u0161\u00ed uk\u00e1zkou hloubky progresivn\u00ed ba\u017einy, do kter\u00e9 se no\u0159\u00edme.<\/p>\n<p>Jeden z&nbsp;kandid\u00e1t\u016f mudruje o tom, \u017ee u n\u011bkter\u00fdch jedinc\u016f biologicky nelze jasn\u011b ur\u010dit, jak\u00e9ho je pohlav\u00ed. No, existuj\u00ed r\u016fzn\u00e9 rarity. N\u011bkte\u0159\u00ed jedinci v&nbsp;sob\u011b nos\u00ed poz\u016fstatky sv\u00e9ho nevyvinut\u00e9ho dvoj\u010dete. T\u00e9m\u011b\u0159 v\u0161ichni ostatn\u00ed kandid\u00e1ti p\u0159edpisov\u011b korektn\u011b odpov\u00eddaj\u00ed, \u017ee pohlav\u00ed jsou sice dv\u011b, ale \u017ee gender je n\u011bco jin\u00e9ho, \u017ee gender je to, \u010d\u00edm se \u010dlov\u011bk c\u00edt\u00ed. A \u010d\u00edm se c\u00edt\u00ed, za to m\u00e1 b\u00fdt pova\u017eov\u00e1n. No, leckter\u00fd norm\u00e1ln\u00ed \u010dlov\u011bk by si asi \u0159ekl, \u017ee pokud se n\u011bkdo c\u00edt\u00ed b\u00fdt kon\u011bm nebo leti\u0161t\u011bm, jist\u011b zasluhuje pomoc a soucit, ale ur\u010dit\u011b ho kv\u016fli tomu nebudeme pova\u017eovat za kon\u011b nebo leti\u0161t\u011b.<\/p>\n<p>Bez rukavic. Tak tedy bez rukavic. Takzvan\u00ed klimati\u010dt\u00ed aktivist\u00e9, kte\u0159\u00ed cht\u011bj\u00ed zav\u00e9st celosv\u011btov\u00fd polpotovsk\u00fd komunismus, \u0159\u00edzen\u00e9 hospod\u00e1\u0159stv\u00ed, omezen\u00e9 vlastnictv\u00ed, regulovanou spot\u0159ebu i zp\u016fsob \u017eivota, vyvodili logick\u00fd z\u00e1v\u011br z&nbsp;dosavadn\u00edch zku\u0161enost\u00ed, kdy jim pro\u0161lo skoro v\u0161e, za co by jin\u00ed \u0161li sed\u011bt. Bojuj\u00ed p\u0159ece za planetu (nev\u00edte za kterou?). A tak se rozhodli p\u0159itvrdit a j\u00edt do boje s&nbsp;na\u0161\u00ed svobodou bez rukavic. U\u017e neni\u010d\u00ed jen um\u011bleck\u00e1 d\u00edla, u\u017e ohro\u017euj\u00ed i \u017eivoty, t\u0159eba sv\u00fdmi blok\u00e1dami dopravn\u00edch cest.<\/p>\n<p>Zem\u011b, kter\u00e1 byla v\u017edy tou nejpokrokov\u011bj\u0161\u00ed zem\u00ed na sv\u011bt\u011b (tedy N\u011bmecko) je podneb\u00ed\u010dk\u00e1\u0159sk\u00fdm fanatik\u016fm zcela odd\u00e1na. Ale co je moc, to je moc i tam. Sal\u00e1movou metodou nebo tak\u00e9 metodou va\u0159en\u00e9 \u017e\u00e1by zat\u00edm alarmist\u00e9 v\u00edt\u011bzili na cel\u00e9 \u010d\u00e1\u0159e. Ale te\u010f u\u017e zav\u011bt\u0159ili kone\u010dn\u00e9 v\u00edt\u011bzstv\u00ed a ztratili z\u00e1brany. Tak si holt mus\u00ed sundat rukavice i fackovan\u00e1 spole\u010dnost.<\/p>\n<p>V&nbsp;n\u011bmeck\u00e9m L\u00fctzerathu ekoterorist\u00e9 za\u00fato\u010dili na uheln\u00fd d\u016fl pyrotechnikou, z\u00e1paln\u00fdmi lahvemi, kameny a kovov\u00fdmi ty\u010demi. Jen\u017ee tentokr\u00e1t se tam dostavilo i patn\u00e1ct stovek t\u011b\u017ece ozbrojen\u00fdch \u010dlen\u016f pohotovostn\u00edch jednotek \u2013 a bylo po boji. I u n\u00e1s by to cht\u011blo s\u00e1hnout po uhl\u00ed jako po jedin\u00e9m dostupn\u00e9m a vyu\u017eiteln\u00e9m dom\u00e1c\u00edm zdroji energie, pokud chceme pos\u00edlit energetickou bezpe\u010dnost, sn\u00ed\u017eit z\u00e1vislost na dovozech a zastavit energetickou chudobu.<\/p>\n<p>Docela by m\u011b zaj\u00edmalo, na kterou stranu ho\u0159\u00edc\u00edch barik\u00e1d v&nbsp;L\u00fctzerathu by se p\u0159idali na\u0161i jednotliv\u00ed prezident\u0161t\u00ed uchaze\u010di. I kdy\u017e \u2013 ono to jde asi snadno uhodnout. Je ot\u00e1zkou, jestli zrovna tohle bude v&nbsp;p\u0159\u00ed\u0161t\u00edch hodin\u00e1ch voli\u010de zaj\u00edmat.<\/p>\n<p><em>Ladislav Jakl, 12. ledna 2023<\/em><\/p>\n","protected":false},"excerpt":{"rendered":"<p>Budou prezidentsk\u00e9 volby. U n\u00e1s. Z\u00edtra. Ur\u010dit\u011b jste o tom u\u017e sly\u0161eli. \u010clov\u011bk by \u0159ekl, \u017ee se v&nbsp;takov\u00fdch volb\u00e1ch utkaj\u00ed p\u0159edstavitel\u00e9 z\u00e1kladn\u00edch ideov\u00fdch, my\u0161lenkov\u00fdch a sv\u011bton\u00e1zorov\u00fdch proud\u016f. M\u00edsto toho se utk\u00e1vaj\u00ed sponzo\u0159i marketingov\u00fdch model\u016f. U\u017e to, \u017ee ani jedna z&nbsp;p\u011bti vl\u00e1dn\u00edch stran nepostavila sv\u00e9ho kandid\u00e1ta, je charakteristick\u00e9. O politiku tu tedy nejde. Sp\u00ed\u0161 o n\u011bjakou [&hellip;]<\/p>\n","protected":false},"author":9,"featured_media":0,"comment_status":"open","ping_status":"open","sticky":false,"template":"","format":"standard","meta":{"ngg_post_thumbnail":0,"footnotes":""},"categories":[1],"tags":[],"class_list":["post-13170","post","type-post","status-publish","format-standard","hentry","category-publikovane-clanky"],"_links":{"self":[{"href":"https:\/\/www.ladislavjakl.cz\/index.php?rest_route=\/wp\/v2\/posts\/13170","targetHints":{"allow":["GET"]}}],"collection":[{"href":"https:\/\/www.ladislavjakl.cz\/index.php?rest_route=\/wp\/v2\/posts"}],"about":[{"href":"https:\/\/www.ladislavjakl.cz\/index.php?rest_route=\/wp\/v2\/types\/post"}],"author":[{"embeddable":true,"href":"https:\/\/www.ladislavjakl.cz\/index.php?rest_route=\/wp\/v2\/users\/9"}],"replies":[{"embeddable":true,"href":"https:\/\/www.ladislavjakl.cz\/index.php?rest_route=%2Fwp%2Fv2%2Fcomments&post=13170"}],"version-history":[{"count":1,"href":"https:\/\/www.ladislavjakl.cz\/index.php?rest_route=\/wp\/v2\/posts\/13170\/revisions"}],"predecessor-version":[{"id":13171,"href":"https:\/\/www.ladislavjakl.cz\/index.php?rest_route=\/wp\/v2\/posts\/13170\/revisions\/13171"}],"wp:attachment":[{"href":"https:\/\/www.ladislavjakl.cz\/index.php?rest_route=%2Fwp%2Fv2%2Fmedia&parent=13170"}],"wp:term":[{"taxonomy":"category","embeddable":true,"href":"https:\/\/www.ladislavjakl.cz\/index.php?rest_route=%2Fwp%2Fv2%2Fcategories&post=13170"},{"taxonomy":"post_tag","embeddable":true,"href":"https:\/\/www.ladislavjakl.cz\/index.php?rest_route=%2Fwp%2Fv2%2Ftags&post=13170"}],"curies":[{"name":"wp","href":"https:\/\/api.w.org\/{rel}","templated":true}]}}