{"id":1318,"date":"2011-10-17T11:16:44","date_gmt":"2011-10-17T10:16:44","guid":{"rendered":"http:\/\/www.ladislavjakl.cz\/?p=1318"},"modified":"2011-10-17T11:16:44","modified_gmt":"2011-10-17T10:16:44","slug":"jaklova-hospoda-naleva-slovenskemu-rebelovi-sulikovi-zdarma","status":"publish","type":"post","link":"https:\/\/www.ladislavjakl.cz\/?p=1318","title":{"rendered":"&#8222;Jaklova&#8220; hospoda nal\u00e9v\u00e1 slovensk\u00e9mu rebelovi Sul\u00edkovi zdarma"},"content":{"rendered":"<p><strong>Majitel\u00e9  Alchymistick\u00e9 a pivn\u00ed d\u00edlny Magister Kelley se rozhodli podpo\u0159it \u0161\u00e9fa  b\u00fdval\u00e9ho \u0161\u00e9fa slovensk\u00e9ho parlamentu Richarda Sul\u00edka v jeho boji proti  bruselsk\u00fdm \u00fa\u0159edn\u00edk\u016fm a nab\u00edzej\u00ed mu ob\u010derstven\u00ed zdarma. Do t\u00e9to hospody  chod\u00ed pravideln\u011b i prezident\u016fv tajemn\u00edk Ladislav Jakl.<\/strong><\/p>\n<p><!--more--><\/p>\n<p>\u201ePan Sul\u00edk je n\u00e1m sympatick\u00fd z\u00e1sadov\u00fdm postojem,  srozumitelnou argumentac\u00ed a hlavn\u011b bojem proti bruselsk\u00fdm \u00fa\u0159edn\u00edk\u016fm,  kte\u0159\u00ed i n\u00e1m \u0159adou sv\u00fdch norem znep\u0159\u00edjem\u0148uj\u00ed \u017eivot. Z\u00edskat pot\u0159ebn\u00e1  povolen\u00ed na rekonstrukci na\u0161eho baru n\u00e1m trvalo bezm\u00e1la t\u0159in\u00e1ct m\u011bs\u00edc\u016f a  za v\u011bt\u0161inou nesmysln\u00fdch po\u017eadavk\u016f stoj\u00ed pr\u00e1v\u011b snaha nik\u00fdm nevolen\u00fdch  \u00fa\u0159edn\u00edk\u016f Evropsk\u00e9 unie n\u00e1s ochr\u00e1nit. Ch\u00e1peme proto, \u017ee pan Sul\u00edk trv\u00e1 na  dodr\u017een\u00ed \u00fastavn\u00edch postup\u016f p\u0159i hlasov\u00e1n\u00ed proti z\u00e1chrann\u00fdm eurobond\u016fm.  Sv\u016fj boj m\u016f\u017ee \u0159\u00eddit z na\u0161eho baru a nezaplat\u00ed ani korunu \u00fatraty,&#8220;  prohl\u00e1sil spolumajitel baru Magister Kelley Ji\u0159\u00ed Chvojka.<\/p>\n<p>Slovensk\u00fd parlament v \u00fater\u00fd odm\u00edtl nav\u00fd\u0161en\u00ed do\u010dasn\u00e9ho eurovalu EFSF,  av\u0161ak socialistick\u00fd Smer Roberta Fica v dal\u0161\u00edm hlasov\u00e1n\u00ed podpo\u0159il, aby  Slovensko garantovalo ze sv\u00e9ho rozpo\u010dtu n\u011bkolik miliard eur a takzvan\u00fd  euroval ve \u010dtvrtek pro\u0161el. Sul\u00edk hlasoval v\u00a0obou p\u0159\u00edpadech proti  eurovalu. Nyn\u00ed se chyst\u00e1 kv\u016fli dvoj\u00edmu hlasov\u00e1n\u00ed, kter\u00e9 je podle n\u011bho  proti\u00fastavn\u00ed, podat st\u00ed\u017enost k\u00a0slovensk\u00e9mu \u00fastavn\u00edmu soudu.<\/p>\n<p>Podle Sul\u00edka nyn\u00ed vznik\u00e1 unie dluhov\u00e1 a transferov\u00e1, kdy chud\u0161\u00ed st\u00e1ty  jako Slovensko jsou \u017e\u00e1d\u00e1ny, aby sanovaly ty bohat\u0161\u00ed, jako jsou It\u00e1lie \u010di  \u0158ecko.<\/p>\n<p>\u201e\u010c\u00e1st pen\u011bz tak jde p\u0159\u00edmo francouzsk\u00fdm a n\u011bmeck\u00fdm bank\u00e1m, kter\u00e9 \u0158ecku  nap\u016fj\u010dovaly nejv\u00edc a my bychom nyn\u00ed m\u011bli platit za jejich hazard, a\u010dkoli  oni z\u00a0toho m\u011bly p\u0159ed t\u00edm velmi slu\u0161n\u00e9 zisky. Je to zvr\u00e1cen\u00e1, perverzn\u00ed  solidarita. V\u00a0roce 2010 byl pr\u016fm\u011brn\u00fd slovensk\u00fd d\u016fchod 378 eur, ale \u0159eck\u00fd  1365 eur. \u010cili solidarita spo\u010d\u00edv\u00e1 v\u00a0tom, \u017ee slovensk\u00fd ob\u010dan bude ze  sv\u00e9ho platit francouzsk\u00e9 a \u0159eck\u00e9 banky a vysok\u00e9 \u0159eck\u00e9 d\u016fchody. To je  \u0161\u00edlen\u00e9. A n\u011bkte\u0159\u00ed sloven\u0161t\u00ed politici to nav\u00edc podporuj\u00ed,&#8220; \u0159ekl Sul\u00edk  Parlamentn\u00edmList\u016fm.cz.<\/p>\n<p>Alchymistick\u00e1 a pivn\u00ed d\u00edlna Magister Kelley byla otev\u0159ena v m\u00edstech  hospody Folimanka v devades\u00e1t\u00fdch letech minul\u00e9ho stolet\u00ed a pro\u0161la  n\u00e1ro\u010dnou rekonstrukc\u00ed v lo\u0148sk\u00e9m a leto\u0161n\u00edm roce. Afterparty po sv\u00fdch  pades\u00e1tin\u00e1ch zde slavil i prezident\u016fv tajemn\u00edk a piva\u0159 Jakl.<\/p>\n<p><a href=\"http:\/\/www.parlamentnilisty.cz\/zpravy\/211065.aspx\" target=\"_blank\">Zdroj<\/a><\/p>\n","protected":false},"excerpt":{"rendered":"<p>Majitel\u00e9 Alchymistick\u00e9 a pivn\u00ed d\u00edlny Magister Kelley se rozhodli podpo\u0159it \u0161\u00e9fa b\u00fdval\u00e9ho \u0161\u00e9fa slovensk\u00e9ho parlamentu Richarda Sul\u00edka v jeho boji proti bruselsk\u00fdm \u00fa\u0159edn\u00edk\u016fm a nab\u00edzej\u00ed mu ob\u010derstven\u00ed zdarma. Do t\u00e9to hospody chod\u00ed pravideln\u011b i prezident\u016fv tajemn\u00edk Ladislav Jakl.<\/p>\n","protected":false},"author":1,"featured_media":0,"comment_status":"open","ping_status":"open","sticky":false,"template":"","format":"standard","meta":{"ngg_post_thumbnail":0,"footnotes":""},"categories":[11],"tags":[],"class_list":["post-1318","post","type-post","status-publish","format-standard","hentry","category-ozvena"],"_links":{"self":[{"href":"https:\/\/www.ladislavjakl.cz\/index.php?rest_route=\/wp\/v2\/posts\/1318","targetHints":{"allow":["GET"]}}],"collection":[{"href":"https:\/\/www.ladislavjakl.cz\/index.php?rest_route=\/wp\/v2\/posts"}],"about":[{"href":"https:\/\/www.ladislavjakl.cz\/index.php?rest_route=\/wp\/v2\/types\/post"}],"author":[{"embeddable":true,"href":"https:\/\/www.ladislavjakl.cz\/index.php?rest_route=\/wp\/v2\/users\/1"}],"replies":[{"embeddable":true,"href":"https:\/\/www.ladislavjakl.cz\/index.php?rest_route=%2Fwp%2Fv2%2Fcomments&post=1318"}],"version-history":[{"count":1,"href":"https:\/\/www.ladislavjakl.cz\/index.php?rest_route=\/wp\/v2\/posts\/1318\/revisions"}],"predecessor-version":[{"id":1319,"href":"https:\/\/www.ladislavjakl.cz\/index.php?rest_route=\/wp\/v2\/posts\/1318\/revisions\/1319"}],"wp:attachment":[{"href":"https:\/\/www.ladislavjakl.cz\/index.php?rest_route=%2Fwp%2Fv2%2Fmedia&parent=1318"}],"wp:term":[{"taxonomy":"category","embeddable":true,"href":"https:\/\/www.ladislavjakl.cz\/index.php?rest_route=%2Fwp%2Fv2%2Fcategories&post=1318"},{"taxonomy":"post_tag","embeddable":true,"href":"https:\/\/www.ladislavjakl.cz\/index.php?rest_route=%2Fwp%2Fv2%2Ftags&post=1318"}],"curies":[{"name":"wp","href":"https:\/\/api.w.org\/{rel}","templated":true}]}}