{"id":13184,"date":"2023-01-20T13:29:08","date_gmt":"2023-01-20T12:29:08","guid":{"rendered":"https:\/\/www.ladislavjakl.cz\/?p=13184"},"modified":"2023-01-20T13:29:08","modified_gmt":"2023-01-20T12:29:08","slug":"jakl-ke-druhemu-kolu-vypichnout-si-oko-musi-kazdy-sam-za-sebe","status":"publish","type":"post","link":"https:\/\/www.ladislavjakl.cz\/?p=13184","title":{"rendered":"Jakl ke druh\u00e9mu kolu: vyp\u00edchnout si oko mus\u00ed ka\u017ed\u00fd s\u00e1m za sebe"},"content":{"rendered":"<p>Dobr\u00e9 odpoledne,<\/p>\n<p>p\u0159ipravuji pro iDNES.cz \u010dl\u00e1nek o tom, koho ve druh\u00e9m kole voleb podpo\u0159\u00ed p\u0159\u00edznivci ne\u00fasp\u011b\u0161n\u00fdch kandid\u00e1t\u016f.<\/p>\n<p>Cht\u011bla bych V\u00e1s proto jako podporovatele pana Ba\u0161ty poprosit o kr\u00e1tk\u00e9 vyj\u00e1d\u0159en\u00ed.<\/p>\n<p>Kl\u00e1ra Fo\u0159tov\u00e1<\/p>\n<p>redaktorka iDNES.cz<\/p>\n<p><!--more--><\/p>\n<p><strong>Je mezi postupuj\u00edc\u00edmi kandid\u00e1ty n\u011bkdo, kdo z\u00edsk\u00e1 Va\u0161i podporu?<\/strong><\/p>\n<p><em>Ne. Dilema, jestli si vyp\u00edchnu oko, pop\u0159\u00edpad\u011b zda to bude lev\u00e9, \u010di prav\u00e9, si budu za sebe muset rozhodnout s\u00e1m, ale nikomu bych se v tom neodv\u00e1\u017eil radit.<\/em><\/p>\n<p><strong>Pro\u010d podle V\u00e1s neusp\u011bl pan Ba\u0161ta?<\/strong><\/p>\n<p><em>Neusp\u011bl, proto\u017ee mu dalo hlas m\u00e1lo voli\u010d\u016f.<\/em><\/p>\n<p><strong>Vid\u00edte n\u011bjak\u00e9 chyby v jeho kampani?<\/strong><\/p>\n<p><em>Chyby v kampani nevid\u00edm, ale zd\u00e1la se mi m\u00e1lo intenz\u00edvn\u00ed.<\/em><\/p>\n<p><strong>Byl podle V\u00e1s dobr\u00fdm kandid\u00e1tem?<\/strong><\/p>\n<p><em>V m\u00fdch o\u010d\u00edch byl ur\u010dit\u011b nejlep\u0161\u00edm z on\u00e9 osmi\u010dky, kter\u00e1 byla k dispozici.<\/em><\/p>\n","protected":false},"excerpt":{"rendered":"<p>Dobr\u00e9 odpoledne, p\u0159ipravuji pro iDNES.cz \u010dl\u00e1nek o tom, koho ve druh\u00e9m kole voleb podpo\u0159\u00ed p\u0159\u00edznivci ne\u00fasp\u011b\u0161n\u00fdch kandid\u00e1t\u016f. Cht\u011bla bych V\u00e1s proto jako podporovatele pana Ba\u0161ty poprosit o kr\u00e1tk\u00e9 vyj\u00e1d\u0159en\u00ed. Kl\u00e1ra Fo\u0159tov\u00e1 redaktorka iDNES.cz<\/p>\n","protected":false},"author":9,"featured_media":0,"comment_status":"open","ping_status":"open","sticky":false,"template":"","format":"standard","meta":{"ngg_post_thumbnail":0,"footnotes":""},"categories":[19,13],"tags":[],"class_list":["post-13184","post","type-post","status-publish","format-standard","hentry","category-jakl-leaks","category-rozhovory"],"_links":{"self":[{"href":"https:\/\/www.ladislavjakl.cz\/index.php?rest_route=\/wp\/v2\/posts\/13184","targetHints":{"allow":["GET"]}}],"collection":[{"href":"https:\/\/www.ladislavjakl.cz\/index.php?rest_route=\/wp\/v2\/posts"}],"about":[{"href":"https:\/\/www.ladislavjakl.cz\/index.php?rest_route=\/wp\/v2\/types\/post"}],"author":[{"embeddable":true,"href":"https:\/\/www.ladislavjakl.cz\/index.php?rest_route=\/wp\/v2\/users\/9"}],"replies":[{"embeddable":true,"href":"https:\/\/www.ladislavjakl.cz\/index.php?rest_route=%2Fwp%2Fv2%2Fcomments&post=13184"}],"version-history":[{"count":1,"href":"https:\/\/www.ladislavjakl.cz\/index.php?rest_route=\/wp\/v2\/posts\/13184\/revisions"}],"predecessor-version":[{"id":13185,"href":"https:\/\/www.ladislavjakl.cz\/index.php?rest_route=\/wp\/v2\/posts\/13184\/revisions\/13185"}],"wp:attachment":[{"href":"https:\/\/www.ladislavjakl.cz\/index.php?rest_route=%2Fwp%2Fv2%2Fmedia&parent=13184"}],"wp:term":[{"taxonomy":"category","embeddable":true,"href":"https:\/\/www.ladislavjakl.cz\/index.php?rest_route=%2Fwp%2Fv2%2Fcategories&post=13184"},{"taxonomy":"post_tag","embeddable":true,"href":"https:\/\/www.ladislavjakl.cz\/index.php?rest_route=%2Fwp%2Fv2%2Ftags&post=13184"}],"curies":[{"name":"wp","href":"https:\/\/api.w.org\/{rel}","templated":true}]}}