{"id":13211,"date":"2023-01-26T16:47:05","date_gmt":"2023-01-26T15:47:05","guid":{"rendered":"https:\/\/www.ladislavjakl.cz\/?p=13211"},"modified":"2023-01-26T16:47:05","modified_gmt":"2023-01-26T15:47:05","slug":"ladislav-jakl-maly-lokalni-jandourkuv-podvod","status":"publish","type":"post","link":"https:\/\/www.ladislavjakl.cz\/?p=13211","title":{"rendered":"Ladislav Jakl: Mal\u00fd lok\u00e1ln\u00ed Jandourk\u016fv podvod"},"content":{"rendered":"<div id=\"prednaska\">\n<h3><span style=\"font-size: 16px;\">Ve filmu britsk\u00e9ho re\u017eis\u00e9ra Martina Durkina Velk\u00fd podvod s glob\u00e1ln\u00edm oteplov\u00e1n\u00edm zazn\u011bla jedna z\u00e1sadn\u00ed my\u0161lenka. Teorie o \u00fadajn\u00e9m glob\u00e1ln\u00edm oteplov\u00e1n\u00ed je nov\u00e9 n\u00e1bo\u017eenstv\u00ed a kdo o n\u00ed pochybuje, je ozna\u010den za kac\u00ed\u0159e. Kdo se neveze s hlavn\u00edm obl\u00edben\u00fdm proudem a odv\u00e1\u017e\u00ed se pop\u0159\u00edt z\u00e1kladn\u00ed postul\u00e1ty t\u00e9to teorie, bude hned srovn\u00e1n s pop\u00edra\u010dem holocaustu. A jeden ze zpov\u00eddan\u00fdch v tomto filmu rovnou \u0159ekne, \u017ee tak budou ozna\u010deni i sami auto\u0159i dokumentu a v\u016fbec v\u0161ichni, kdo v n\u011bm promluvili.<\/span><\/h3>\n<p><!--more--><\/p>\n<p>M\u011bl pravdu. Tuny pap\u00edru od bulv\u00e1rn\u00edch novin po politick\u00e9 dokumenty byly pops\u00e1ny jedn\u00edm jedin\u00fdm pohledem na v\u00fdvoj klimatu a na opat\u0159en\u00ed, kter\u00e1 by pr\u00fd m\u011bl \u010dlov\u011bk v t\u00e9to souvislosti p\u0159ijmout. Kilometry film\u016f a zvukov\u00fdch z\u00e1znam\u016f, tis\u00edce hodin televizn\u00edho zpravodajstv\u00ed zn\u011bj\u00ed stejn\u00fdm hlasem. A do toho se odv\u00e1\u017e\u00ed jeden dokumentarista ozvat se se sv\u00fdmi pochybnostmi. Do\u010dk\u00e1 se v\u011bcn\u00e9 kritiky? Do\u010dk\u00e1 se polemiky, do\u010dk\u00e1 se oponuj\u00edc\u00edch argument\u016f? Nic takov\u00e9ho. Do\u010dk\u00e1 se uml\u010dov\u00e1n\u00ed, osobn\u00edch \u00fatok\u016f a zesm\u011b\u0161\u0148ov\u00e1n\u00ed.<\/p>\n<p>P\u0159esn\u011b takto lacin\u011b pojal sv\u016fj postoj Jan Jandourek v MFD (Up\u0159\u00edmn\u00fd strach o pana prezidenta v dob\u011b oteplen\u00ed, 29. 6.). Film zcela ur\u010dit\u011b nevid\u011bl, ostatn\u011b pro\u010d taky. Sta\u010d\u00ed mu napsat, \u017ee autor m\u011bl v ml\u00e1d\u00ed &#8222;vazby&#8220; na marxistick\u00fd \u010dasopis, \u017ee p\u0159ed lety nato\u010dil po\u0159ad o prsn\u00edch implant\u00e1tech a \u017ee se n\u011bkte\u0159\u00ed j\u00edm zpov\u00eddan\u00ed v\u011bdci po uveden\u00ed filmu zalekli sv\u00fdch vlastn\u00edch slov a cht\u011bli je vz\u00edt zp\u011bt. To Jandourkovi sta\u010d\u00ed k tomu, aby cel\u00fd hodinov\u00fd dokument pln\u00fd z\u00e1sadn\u00edch otazn\u00edk\u016f spl\u00e1chl jedin\u00fdm pohrdav\u00fdm odsudkem, do n\u011bho\u017e stihl p\u0159im\u00edchat i prezidenta Klause, kter\u00fd si dovolil tento film uv\u00e9st. &#8222;Bojme se, bojme o pana prezidenta\u2026 Nepou\u0161t\u00ed se prezident na k\u0159ehk\u00fd led?,&#8220; t\u00e1\u017ee se dramaticky Jandourek. Podv\u00e1d\u00ed p\u0159i tom vlastn\u00ed \u010dten\u00e1\u0159e, proto\u017ee o obsahu filmu jim ne\u0159ekl ani slovo.<\/p>\n<p>Je to pro na\u0161i spole\u010denskou debatu charakteristick\u00e9. Kdy\u017e byl uveden propagandistick\u00fd Goreo\u016fv film na toto t\u00e9ma, byl v\u00edt\u00e1n s j\u00e1sotem, byl doporu\u010dov\u00e1n do \u0161kol, nebo byl alespo\u0148 neutr\u00e1ln\u011b prezentov\u00e1n. Durkin\u016fv film byl u\u017e o po\u010d\u00e1tku na\u0161imi novin\u00e1\u0159i inzerov\u00e1n jako &#8222;diskutabiln\u00ed&#8220;, &#8222;kontroverzn\u00ed&#8220;, &#8222;sporn\u00fd&#8220;, k informaci o jeho uveden\u00ed byly hned pro jistotu dop\u0159edu p\u0159ipojeny odsudky na\u0161ich zelen\u00fdch radik\u00e1l\u016f. N\u011bco v \u010desk\u00e9 spole\u010densk\u00e9 debat\u011b nen\u00ed v po\u0159\u00e1dku.<\/p>\n<p>Zbab\u011blost novin\u00e1\u0159\u016f, kte\u0159\u00ed si tak snadno plivnou proti zat\u00edm men\u0161inov\u00e9mu a potla\u010dovan\u00e9mu n\u00e1zoru, je ale u\u017e n\u00e1padn\u00e1 a\u017e legra\u010dn\u00ed. Kdo z nich prvn\u00ed zastav\u00ed a nahlas \u0159ekne: nechte u\u017e toho blbnut\u00ed? Jandourek to asi nebude.<\/p>\n<p><a href=\"http:\/\/cepin.cz\/cze\/clanek.php?ID=753\">Zdroj<\/a><\/p>\n<\/div>\n","protected":false},"excerpt":{"rendered":"<p>Ve filmu britsk\u00e9ho re\u017eis\u00e9ra Martina Durkina Velk\u00fd podvod s glob\u00e1ln\u00edm oteplov\u00e1n\u00edm zazn\u011bla jedna z\u00e1sadn\u00ed my\u0161lenka. Teorie o \u00fadajn\u00e9m glob\u00e1ln\u00edm oteplov\u00e1n\u00ed je nov\u00e9 n\u00e1bo\u017eenstv\u00ed a kdo o n\u00ed pochybuje, je ozna\u010den za kac\u00ed\u0159e. Kdo se neveze s hlavn\u00edm obl\u00edben\u00fdm proudem a odv\u00e1\u017e\u00ed se pop\u0159\u00edt z\u00e1kladn\u00ed postul\u00e1ty t\u00e9to teorie, bude hned srovn\u00e1n s pop\u00edra\u010dem holocaustu. A jeden [&hellip;]<\/p>\n","protected":false},"author":9,"featured_media":0,"comment_status":"open","ping_status":"open","sticky":false,"template":"","format":"standard","meta":{"ngg_post_thumbnail":0,"footnotes":""},"categories":[1],"tags":[],"class_list":["post-13211","post","type-post","status-publish","format-standard","hentry","category-publikovane-clanky"],"_links":{"self":[{"href":"https:\/\/www.ladislavjakl.cz\/index.php?rest_route=\/wp\/v2\/posts\/13211","targetHints":{"allow":["GET"]}}],"collection":[{"href":"https:\/\/www.ladislavjakl.cz\/index.php?rest_route=\/wp\/v2\/posts"}],"about":[{"href":"https:\/\/www.ladislavjakl.cz\/index.php?rest_route=\/wp\/v2\/types\/post"}],"author":[{"embeddable":true,"href":"https:\/\/www.ladislavjakl.cz\/index.php?rest_route=\/wp\/v2\/users\/9"}],"replies":[{"embeddable":true,"href":"https:\/\/www.ladislavjakl.cz\/index.php?rest_route=%2Fwp%2Fv2%2Fcomments&post=13211"}],"version-history":[{"count":1,"href":"https:\/\/www.ladislavjakl.cz\/index.php?rest_route=\/wp\/v2\/posts\/13211\/revisions"}],"predecessor-version":[{"id":13212,"href":"https:\/\/www.ladislavjakl.cz\/index.php?rest_route=\/wp\/v2\/posts\/13211\/revisions\/13212"}],"wp:attachment":[{"href":"https:\/\/www.ladislavjakl.cz\/index.php?rest_route=%2Fwp%2Fv2%2Fmedia&parent=13211"}],"wp:term":[{"taxonomy":"category","embeddable":true,"href":"https:\/\/www.ladislavjakl.cz\/index.php?rest_route=%2Fwp%2Fv2%2Fcategories&post=13211"},{"taxonomy":"post_tag","embeddable":true,"href":"https:\/\/www.ladislavjakl.cz\/index.php?rest_route=%2Fwp%2Fv2%2Ftags&post=13211"}],"curies":[{"name":"wp","href":"https:\/\/api.w.org\/{rel}","templated":true}]}}