{"id":13213,"date":"2023-01-26T17:21:41","date_gmt":"2023-01-26T16:21:41","guid":{"rendered":"https:\/\/www.ladislavjakl.cz\/?p=13213"},"modified":"2023-01-26T17:21:41","modified_gmt":"2023-01-26T16:21:41","slug":"vyhraje-muz-nebo-nuz","status":"publish","type":"post","link":"https:\/\/www.ladislavjakl.cz\/?p=13213","title":{"rendered":"Vyhraje mu\u017e, nebo n\u016f\u017e?"},"content":{"rendered":"<p>Dobr\u00e1. Vypadalo by to asi jako alibistick\u00e9 vyh\u00fdb\u00e1n\u00ed se kardin\u00e1ln\u00edmu t\u00e9matu, tak k&nbsp;t\u011bm prezidentsk\u00fdm volb\u00e1m teda je\u0161t\u011b n\u011bco nap\u00ed\u0161u. Ale \u017ee by se do toho \u010dlov\u011bku cht\u011blo\u2026<\/p>\n<p><!--more--><\/p>\n<p>Ve fin\u00e1le se utkaj\u00ed dv\u011b velmi sporn\u00e9 a problematick\u00e9 figury. Nejen sv\u00fdm ukotven\u00edm v&nbsp;komunistick\u00e9m re\u017eimu, ale tak\u00e9 kv\u016fli sv\u00e9 ochot\u011b hr\u00e1t i dnes podle ciz\u00edch not. M\u00e9dia n\u00e1m ale jejich st\u0159et popisuj\u00ed jako souboj dobra se zlem, pravdy se l\u017e\u00ed, kr\u00e1sy s&nbsp;hnusem. Pokud by to bylo takhle, pak by to s&nbsp;tou na\u0161\u00ed demokraci\u00ed bylo opravdu \u0161patn\u00e9.<\/p>\n<p>V&nbsp;demokracii maj\u00ed spolu sout\u011b\u017eit r\u016fzn\u00e9 politick\u00e9 koncepce, r\u016fzn\u00e9 legitimn\u00ed z\u00e1jmy, r\u016fzn\u00e9 mo\u017en\u00e9 p\u0159\u00edstupy ke vztahu mezi jednotlivcem a st\u00e1tem. V&nbsp;demokracii spolu nesout\u011b\u017e\u00ed zlo\u010dinec a dobrotivec. Zlo\u010dinec v\u016fbec nem\u00e1 co kandidovat a dobrotivec by nem\u011bl chodit do politiky ale rad\u011bji slou\u017eit n\u011bkde u Arm\u00e1dy sp\u00e1sy.<\/p>\n<p>T\u00edm, \u017ee se voli\u010d\u016fm vsugerovalo dilema, podle kter\u00e9ho nade\u0161el souboj o toho sympati\u010dt\u011bj\u0161\u00edho, byl zcela vytla\u010den politick\u00fd rozm\u011br demokratick\u00e9 sout\u011b\u017ee, sama podstata voleb. Na z\u00e1kladn\u00ed t\u00e9mata se skoro nikdo nept\u00e1, a pokud je p\u0159eci jen n\u011bkdo nastol\u00ed, b\u00fdv\u00e1 p\u0159ehlu\u0161en rykem fanou\u0161kovsk\u00fdch \u00faderek.<\/p>\n<p>V&nbsp;tomto smyslu volby u\u017e d\u00e1vno skon\u010dily. Por\u00e1\u017ekou politiky. Por\u00e1\u017ekou obsahov\u00e9ho, ideov\u00e9ho, postojov\u00e9ho st\u0159etu, kter\u00fd by m\u011bl b\u00fdt z\u00e1kladem demokratick\u00e9 sout\u011b\u017ee. Pokud si n\u011bkter\u00fd voli\u010d mysl\u00ed tot\u00e9\u017e, nem\u011bl by z&nbsp;toho vyvodit z\u00e1v\u011br, \u017ee k&nbsp;volb\u00e1m nem\u00e1 cenu j\u00edt. Takov\u00fd p\u0159\u00edstup bude ur\u010dit\u011b mnoh\u00fdmi vykl\u00e1d\u00e1n \u00fapln\u011b jinak a bude mu podsouv\u00e1na \u00fapln\u011b jin\u00e1 motivace. Zato kdy\u017e k&nbsp;volb\u00e1m p\u016fjde a do urny vhod\u00ed pr\u00e1zdnou ob\u00e1lku, p\u016fjde o jednozna\u010dn\u00fd vzkaz.<\/p>\n<p>Pokud se n\u011bkomu takov\u00fd p\u0159\u00edstup zd\u00e1 \u00fanikov\u00fdm, m\u016f\u017ee jako krit\u00e9rium pro sv\u00e9 rozhodov\u00e1n\u00ed pou\u017e\u00edt n\u00e1hradn\u00ed parametr (kdy\u017e ten politick\u00fd se mu bude hledat tuze t\u011b\u017eko). A\u0165 si ka\u017ed\u00fd p\u0159edstav\u00ed ob\u011b mo\u017en\u00e9 situace, oba mo\u017en\u00e9 v\u00fdsledky. A a\u0165 si s\u00e1m odpov\u00ed na ot\u00e1zku: jak bude reagovat na v\u00edt\u011bzstv\u00ed sv\u00e9ho favorita t\u00e1bor kandid\u00e1ta prvn\u00edho a kandid\u00e1ta druh\u00e9ho? Kter\u00fd t\u00e1bor bude h\u00fdkat opojen\u00edm a strkat v\u00fdsledn\u00e1 procenta pod nos kdekomu a kter\u00fd si jen zatlesk\u00e1 a p\u016fjde d\u00e1l po sv\u00e9 cest\u011b? A jak bude reagovat na prohru sv\u00e9ho favorita t\u00e1bor kandid\u00e1ta prvn\u00edho a kandid\u00e1ta druh\u00e9ho? Kter\u00fd t\u00e1bor si jen povzdychne, za\u0161kleb\u00ed se a znechucen\u011b m\u00e1vne rukou, a kter\u00fd naopak vtrhne do ulic a za\u010dne vyv\u00e1d\u011bt krav\u00e1ly, organizovat blok\u00e1dy a br\u00e1nit Hrad p\u0159ed necht\u011bn\u00fdm n\u00e1jemn\u00edkem?<\/p>\n<p>Jist\u011b\u017ee si na tyhle ot\u00e1zky ka\u017ed\u00fd odpov\u00ed dle sv\u00e9ho a ka\u017ed\u00fd jinak. Ale pokud p\u016fjde volit pr\u00e1v\u011b podle t\u011bchto sv\u00fdch odpov\u011bd\u00ed, bude na sebe snad p\u0159eci jen trochu m\u00e9n\u011b na\u0161tvan\u00fd. A to nen\u00ed tak m\u00e1lo. Ostatn\u011b \u2013 \u017eivot p\u016fjde nakonec d\u00e1l v&nbsp;obou p\u0159\u00edpadech. A v&nbsp;obou si m\u016f\u017eeme \u0159\u00edci, \u017ee dokud se n\u00e1m po vlac\u00edch nebudou vyskytovat no\u017ei ozbrojen\u00ed Arabov\u00e9, nadopovan\u00ed vra\u017eednou zu\u0159ivost\u00ed v\u016f\u010di domorodc\u016fm, nen\u00ed to tak hrozn\u00e9. To se u n\u00e1s p\u0159ece ned\u011bje.<\/p>\n<p>Zat\u00edm?<\/p>\n<p><a href=\"https:\/\/www.institutvk.cz\/clanky\/2234.html\">Zdroj<\/a><\/p>\n","protected":false},"excerpt":{"rendered":"<p>Dobr\u00e1. Vypadalo by to asi jako alibistick\u00e9 vyh\u00fdb\u00e1n\u00ed se kardin\u00e1ln\u00edmu t\u00e9matu, tak k&nbsp;t\u011bm prezidentsk\u00fdm volb\u00e1m teda je\u0161t\u011b n\u011bco nap\u00ed\u0161u. Ale \u017ee by se do toho \u010dlov\u011bku cht\u011blo\u2026<\/p>\n","protected":false},"author":9,"featured_media":0,"comment_status":"open","ping_status":"open","sticky":false,"template":"","format":"standard","meta":{"ngg_post_thumbnail":0,"footnotes":""},"categories":[1],"tags":[],"class_list":["post-13213","post","type-post","status-publish","format-standard","hentry","category-publikovane-clanky"],"_links":{"self":[{"href":"https:\/\/www.ladislavjakl.cz\/index.php?rest_route=\/wp\/v2\/posts\/13213","targetHints":{"allow":["GET"]}}],"collection":[{"href":"https:\/\/www.ladislavjakl.cz\/index.php?rest_route=\/wp\/v2\/posts"}],"about":[{"href":"https:\/\/www.ladislavjakl.cz\/index.php?rest_route=\/wp\/v2\/types\/post"}],"author":[{"embeddable":true,"href":"https:\/\/www.ladislavjakl.cz\/index.php?rest_route=\/wp\/v2\/users\/9"}],"replies":[{"embeddable":true,"href":"https:\/\/www.ladislavjakl.cz\/index.php?rest_route=%2Fwp%2Fv2%2Fcomments&post=13213"}],"version-history":[{"count":1,"href":"https:\/\/www.ladislavjakl.cz\/index.php?rest_route=\/wp\/v2\/posts\/13213\/revisions"}],"predecessor-version":[{"id":13214,"href":"https:\/\/www.ladislavjakl.cz\/index.php?rest_route=\/wp\/v2\/posts\/13213\/revisions\/13214"}],"wp:attachment":[{"href":"https:\/\/www.ladislavjakl.cz\/index.php?rest_route=%2Fwp%2Fv2%2Fmedia&parent=13213"}],"wp:term":[{"taxonomy":"category","embeddable":true,"href":"https:\/\/www.ladislavjakl.cz\/index.php?rest_route=%2Fwp%2Fv2%2Fcategories&post=13213"},{"taxonomy":"post_tag","embeddable":true,"href":"https:\/\/www.ladislavjakl.cz\/index.php?rest_route=%2Fwp%2Fv2%2Ftags&post=13213"}],"curies":[{"name":"wp","href":"https:\/\/api.w.org\/{rel}","templated":true}]}}