{"id":13216,"date":"2023-01-27T18:51:30","date_gmt":"2023-01-27T17:51:30","guid":{"rendered":"https:\/\/www.ladislavjakl.cz\/?p=13216"},"modified":"2023-01-27T18:51:47","modified_gmt":"2023-01-27T17:51:47","slug":"tiskova-zprava-z-1-zasedani-rady-konaneho-dne-24-1-2023","status":"publish","type":"post","link":"https:\/\/www.ladislavjakl.cz\/?p=13216","title":{"rendered":"Tiskov\u00e1 zpr\u00e1va z 1. zased\u00e1n\u00ed Rady, konan\u00e9ho dne 24. 1. 2023"},"content":{"rendered":"<p>Rada pro rozhlasov\u00e9 a televizn\u00ed vys\u00edl\u00e1n\u00ed (d\u00e1le jen &#8222;Rada&#8220;) na sv\u00e9m 1. zased\u00e1n\u00ed projednala 73 bod\u016f<br \/>\nprogramu. Vyhodnotila 60 st\u00ed\u017enost\u00ed div\u00e1k\u016f a poslucha\u010d\u016f, vydala 31 upozorn\u011bn\u00ed na poru\u0161en\u00ed<br \/>\nz\u00e1kona. Rozhodla o zah\u00e1jen\u00ed t\u0159\u00ed \u0159\u00edzen\u00ed o p\u0159estupku.<\/p>\n<p><!--more--><br \/>\nRada na sv\u00e9m 1. zased\u00e1n\u00ed ulo\u017eila dv\u011b pokuty. Provozovateli TV Nova s.r.o. pokutu ve v\u00fd\u0161i<br \/>\n20 000,- K\u010d za poru\u0161en\u00ed ustanoven\u00ed \u00a7 53a odst. 1 p\u00edsm. c) z\u00e1kona \u010d. 231\/2001 Sb., kter\u00e9ho se<br \/>\ndopustil odvys\u00edl\u00e1n\u00edm po\u0159adu Tescoma s chut\u00ed ve dnech 28. \u010dervence 2022 od 12:27 hodin a<br \/>\n11. srpna 2022 od 12:29 hodin na programu NOVA. V p\u0159edm\u011btn\u00fdch vyd\u00e1n\u00edch po\u0159adu do\u0161lo k<br \/>\nnepat\u0159i\u010dn\u00e9mu zd\u016frazn\u011bn\u00ed um\u00edst\u011bn\u00fdch produkt\u016f, loupa\u010de a kr\u00e1je\u010de jablek zna\u010dky Tescoma (vyd\u00e1n\u00ed<br \/>\nz 28. \u010dervence) a titanov\u00e9 p\u00e1nve zna\u010dky Tescoma (vyd\u00e1n\u00ed z 11. srpna), a to jak slovn\u00edm<br \/>\np\u0159edstaven\u00edm jejich vlastnost\u00ed, tak vizu\u00e1ln\u00ed prezentac\u00ed pou\u017eit\u00ed produkt\u016f, v\u010detn\u011b vyzdvi\u017een\u00ed jejich<br \/>\nkvalit a p\u0159ednost\u00ed [konkr\u00e9tn\u011b ve vyd\u00e1n\u00ed dne 28. \u010dervence: \u201eM\u016f\u017ee\u0161 si nastavit, jak chce\u0161 tu \u0161lupku<br \/>\nsilnou jako loupat (&#8230;)Vid\u00ed\u0161 tu \u0161lupku kr\u00e1sn\u011b tenkou, jo? M\u016f\u017ee\u0161 ud\u011blat i hrub\u0161\u00ed (&#8230;) odstran\u00ed se n\u00e1m<br \/>\ni ten jad\u0159inec. (&#8230;) D\u011bkuju, \u017ees mi uk\u00e1zal tu vychyt\u00e1vku. Kr\u00e1je\u010d a loupa\u010d jablek (&#8230;) kdy\u017e ho m\u00e1\u0161,<br \/>\ntak z toho ud\u011bl\u00e1\u0161 takovejhle skv\u011blej a zdravej kol\u00e1\u010d\u201c; ve vyd\u00e1n\u00ed dne 11. srpna 2022 pak: \u201eJsou to<br \/>\ncelokovov\u00e9 p\u00e1nve s titanem a antiadhezn\u00edm povlakem naho\u0159e, aby se jako nep\u0159ipalovaly ty steaky<br \/>\nz toho me\u010douna. Samoz\u0159ejm\u011b ve\u0161ker\u00fd informace o t\u00fd p\u00e1nvi najdete na na\u0161ich str\u00e1nk\u00e1ch<br \/>\nwww.tescomaschuti.cz. A pozor, m\u016f\u017ee\u0161 na plyn, na indukci, na sklokeramiku, m\u016f\u017ee\u0161 do trouby,<br \/>\nprost\u011b je to p\u00e1nev takovou, kterou my kucha\u0159i hled\u00e1me, jo? Je to supr, perfektn\u00ed masivn\u00ed p\u00e1nev<br \/>\n(&#8230;) Tak to je vychyt\u00e1vka. To je par\u00e1di\u010dka (&#8230;) Je to vychyt\u00e1vka. Ano, je to vychyt\u00e1vka. A jak se to<br \/>\nnelep\u00ed, par\u00e1da. To se pozn\u00e1 kvalitn\u00ed dobr\u00e1 p\u00e1nev. (&#8230;) Vid\u00ed\u0161, par\u00e1dn\u011b, vid\u00ed\u0161 to, jak se to nelep\u00ed?<br \/>\nCh\u00e1pe\u0161 funkci t\u00fd p\u00e1nve? Jak je dokonal\u00e1?\u201c], a to ve spojen\u00ed s n\u00e1zvem po\u0159adu obsahuj\u00edc\u00edm jm\u00e9no<br \/>\nzna\u010dky Tescoma se shodnou grafikou, jako m\u00e1 logo subjektu, na kter\u00fd odkazuje i vizu\u00e1ln\u00ed slo\u017eka<br \/>\npo\u0159adu. Um\u00edst\u011bn\u00e9 produkty byly verb\u00e1ln\u00edmi i obrazov\u00fdmi prost\u0159edky nepat\u0159i\u010dn\u011b zmi\u0148ov\u00e1ny nad<br \/>\nr\u00e1mec obsahu po\u0159adu, a byly do p\u0159edm\u011btn\u00fdch vyd\u00e1n\u00ed za\u0159azeny s c\u00edlem propagace, k \u010demu\u017e bylo<br \/>\nu\u017eito prost\u0159edk\u016f p\u0159ipom\u00ednaj\u00edc\u00edch reklamn\u00ed nab\u00eddku.<br \/>\nSpole\u010dnosti Libereck\u00e1 TV s.r.o. Rada ulo\u017eila pokutu ve v\u00fd\u0161i 50 000,- K\u010d pro poru\u0161en\u00ed ustanoven\u00ed<br \/>\n\u00a7 32 odst. 1 p\u00edsm. a) z\u00e1kona \u010d. 231\/2001 Sb., tedy povinnosti provozovatele vys\u00edl\u00e1n\u00ed provozovat<br \/>\nvys\u00edl\u00e1n\u00ed vlastn\u00edm jm\u00e9nem, na vlastn\u00ed \u00fa\u010det a na vlastn\u00ed odpov\u011bdnost a n\u00e9st odpov\u011bdnost za obsah<br \/>\nvys\u00edl\u00e1n\u00ed, a to t\u00edm, \u017ee dne 20. prosince 2021 uzav\u0159ela jako zhotovitel smlouvu s Libereck\u00fdm krajem<br \/>\njako objednatelem Smlouvu o d\u00edlo \u010d. OLP\/3774\/2021 VZMR\/0174\/21 s n\u00e1zvem &#8222;Krajsk\u00fd magaz\u00edn<br \/>\na dal\u0161\u00ed zpravodajsko-publicistick\u00e9 po\u0159ady\u201c, kdy dle jej\u00edho \u010dl. II. odst. 6 p\u00edsm. a) je zhotovitel povinen<br \/>\nvyrobit obsah po\u0159adu Krajsk\u00fd magaz\u00edn a dal\u0161\u00edch zpravodajsko-publicistick\u00fdch po\u0159ad\u016f podle<br \/>\npo\u017eadavk\u016f a pokyn\u016f objednatele, a dle \u010dl. VIII. odst. 1 t\u00e9to smlouvy kontaktn\u00ed osoba objednatele<br \/>\nud\u00edl\u00ed po\u017eadavky a pokyny na obsah po\u0159ad\u016f, p\u0159ipom\u00ednkuje koncepty po\u0159ad\u016f a schvaluje je p\u0159ed<br \/>\njejich vys\u00edl\u00e1n\u00edm. T\u00edmto jedn\u00e1n\u00edm mohla b\u00fdt ohro\u017eena, respektive naru\u0161ena redak\u010dn\u00ed nez\u00e1vislost<br \/>\nprovozovatele televizn\u00edho vys\u00edl\u00e1n\u00ed.<br \/>\nRada na sv\u00e9m 1. zased\u00e1n\u00ed ud\u011blila spole\u010dnosti AMC Networks Central Europe, s.r.o. licenci<br \/>\nk provozov\u00e1n\u00ed televizn\u00edho vys\u00edl\u00e1n\u00ed programu SPEKTRUM HOME, \u0161\u00ed\u0159en\u00e9ho prost\u0159ednictv\u00edm<br \/>\nvys\u00edla\u010d\u016f.<br \/>\nRada konstatovala, \u017ee skutkov\u00fd stav ve v\u011bci podez\u0159en\u00ed na st\u0159et z\u00e1jm\u016f \u010dlena Rady Mgr. Daniela<br \/>\nK\u00f6ppla nasv\u011bd\u010duje tomu, \u017ee mohlo doj\u00edt k poru\u0161en\u00ed ustanoven\u00ed \u00a7 7 odst. 12 a 14 z\u00e1kona<br \/>\n\u010d. 231\/2001 Sb., o provozov\u00e1n\u00ed rozhlasov\u00e9ho a televizn\u00edho vys\u00edl\u00e1n\u00ed a o zm\u011bn\u011b dal\u0161\u00edch z\u00e1kon\u016f, v<br \/>\n2<br \/>\naktu\u00e1ln\u00edm zn\u011bn\u00ed, \u010d\u00edm\u017e mohla b\u00fdt naru\u0161ena jeho nestrannost a nez\u00e1vislost jako \u010dlena Rady,<br \/>\npop\u0159\u00edpad\u011b i zpochybn\u011bna d\u016fv\u011bra v nez\u00e1vislost a nestrannost Rady jako celku. Rada proto<br \/>\npostupuje doru\u010den\u00e9 podn\u011bty Poslaneck\u00e9 sn\u011bmovn\u011b Parlamentu \u010cesk\u00e9 republiky, kter\u00e1 je podle<br \/>\nustanoven\u00ed \u00a7 7 odst. 1 z\u00e1kona \u010d. 231\/2001 Sb., opr\u00e1vn\u011bna v t\u00e9to v\u011bci jednat. Rada o tomto zp\u016fsobu<br \/>\nvy\u0159\u00edzen\u00ed podn\u011bt\u016f vyrozum\u00ed st\u011b\u017eovatele.<br \/>\nPodrobn\u011bj\u0161\u00ed informace naleznete v p\u0159episech usnesen\u00ed Rady:<br \/>\nROZHLASOV\u00c9 VYS\u00cdL\u00c1N\u00cd<br \/>\n&#8211; Rada se sezn\u00e1mila s p\u0159edb\u011b\u017enou koordinac\u00ed spo\u010d\u00edvaj\u00edc\u00ed ve stanoven\u00ed po\u010dtu obyvatel \u010cR<br \/>\npokryt\u00fdch sign\u00e1lem a \u00fazemn\u00edm rozsahem vys\u00edl\u00e1n\u00ed p\u0159ed zm\u011bnou a po zm\u011bn\u011b stanovi\u0161t\u011b a v\u00fdkonu<br \/>\nkmito\u010dtu \u010ce\u0161novice 95,5 MHz \/ 400 W na stanovi\u0161t\u011b \u010cesk\u00e9 Bud\u011bjovice 95,5 MHz \/ 125 W<br \/>\nsou\u0159adnice WGS 84: 14 28 08 \/ 48 58 05 a zm\u011bnou stanovi\u0161t\u011b \u010cesk\u00e9 Bud\u011bjovice 96,8 MHz \/ 200<br \/>\nW na stanovi\u0161t\u011b Hamr-Kosky 96,8 MHz \/ 200 W, sou\u0159adnice WGS 84: 14 53 06 \/ 48 57 04 \u017eadatele<br \/>\nRadioPraha s.r.o., I\u010c: 28939875, se s\u00eddlem Raisova 1262, 250 82 \u00davaly a souhlas\u00ed s dokon\u010den\u00edm<br \/>\np\u0159edm\u011btn\u00fdch koordinac\u00ed.<br \/>\n&#8211; Rada podle ustanoven\u00ed \u00a7 5 p\u00edsm. b) z\u00e1kona \u010d. 231\/2001 Sb., o provozov\u00e1n\u00ed rozhlasov\u00e9ho a<br \/>\ntelevizn\u00edho vys\u00edl\u00e1n\u00ed (d\u00e1le jen \u201ez\u00e1kon \u010d. 231\/2001 Sb.\u201c) a v souladu s ustanoven\u00edm \u00a7 67 a n\u00e1sl.<br \/>\nz\u00e1kona \u010d. 500\/2004 Sb. spr\u00e1vn\u00edho \u0159\u00e1du, vyd\u00e1v\u00e1 toto rozhodnut\u00ed: Rada podle ustanoven\u00ed \u00a7 12 odst.<br \/>\n8 z\u00e1kona \u010d. 231\/2001 Sb. prodlu\u017euje provozovateli Rajmont s.r.o., I\u010c: 27472116, se s\u00eddlem Ivana<br \/>\nOlbrachta 506\/6, PS\u010c 500 02 Hradec Kr\u00e1lov\u00e9, dobu platnosti licence ud\u011blen\u00e9 rozhodnut\u00edm Rady<br \/>\nsp.zn. 2020\/776\/zab, \u010d.j. RRTV\/4568\/2021-str ze dne 23. b\u0159ezna 2021 k rozhlasov\u00e9mu vys\u00edl\u00e1n\u00ed<br \/>\nprogramu R\u00e1dio Dechovka prost\u0159ednictv\u00edm vys\u00edla\u010d\u016f na kmito\u010dtech L\u00edbeznice 1260 kHz \/ 10 kW a<br \/>\nHradec Kr\u00e1lov\u00e9 792 kHz \/ 10 kW o standardn\u00ed z\u00e1konnou dobu osmi let podle ustanoven\u00ed \u00a7 12 odst.<br \/>\n8 p\u00edsm. z\u00e1kona \u010d. 231\/2001 Sb., tedy do 19. \u010dervna 2033, av\u0161ak s mo\u017en\u00fdm zkr\u00e1cen\u00edm doby jej\u00ed<br \/>\nplatnosti v n\u00e1vaznosti na postup vl\u00e1dy podle ustanoven\u00ed \u010d\u00e1sti prvn\u00ed, \u010dl\u00e1nku II, odst. 9 a 10 z\u00e1kona<br \/>\n\u010d\u00eds. 196\/2009 Sb., kter\u00fdm se m\u011bn\u00ed z\u00e1kon \u010d\u00eds. 231\/2001 Sb.<br \/>\n&#8211; Rada podle ustanoven\u00ed \u00a7 5 p\u00edsm. b) z\u00e1kona \u010d. 231\/2001 Sb., o provozov\u00e1n\u00ed rozhlasov\u00e9ho a<br \/>\ntelevizn\u00edho vys\u00edl\u00e1n\u00ed (d\u00e1le jen \u201ez\u00e1kon \u010d. 231\/2001 Sb.\u201c) a v souladu s ustanoven\u00edm \u00a7 67 a n\u00e1sl.<br \/>\nz\u00e1kona \u010d. 500\/2004 Sb. spr\u00e1vn\u00edho \u0159\u00e1du, vyd\u00e1v\u00e1 toto rozhodnut\u00ed: Rada podle ustanoven\u00ed \u00a7 12 odst.<br \/>\n8 z\u00e1kona \u010d. 231\/2001 Sb. prodlu\u017euje provozovateli MEDIA BOHEMIA a.s., I\u010c: 267 65 586, se<br \/>\ns\u00eddlem B\u011blehradsk\u00e1 299\/132, PS\u010c 120 00 Praha, dobu platnosti licence ud\u011blen\u00e9 rozhodnut\u00edm<br \/>\nRady sp. zn. RRTV\/2016\/915\/zab, \u010d.j. RRTV\/8041\/2017-blu ze dne 25.4.2017 k rozhlasov\u00e9mu<br \/>\nvys\u00edl\u00e1n\u00ed programu R\u00e1dio BLAN\u00cdK \u0161\u00ed\u0159en\u00e9ho prost\u0159ednictv\u00edm vys\u00edla\u010d\u016f na kmito\u010dtu Uhersk\u00e9 Hradi\u0161t\u011b<br \/>\n101,4 MHz \/ 0,1 kW o standardn\u00ed z\u00e1konnou dobu osmi let podle ustanoven\u00ed \u00a7 12 odst. 8 p\u00edsm.<br \/>\nz\u00e1kona \u010d. 231\/2001 Sb., tedy do 29. kv\u011btna 2033, av\u0161ak s mo\u017en\u00fdm zkr\u00e1cen\u00edm doby jej\u00ed platnosti v<br \/>\nn\u00e1vaznosti na postup vl\u00e1dy podle ustanoven\u00ed \u010d\u00e1sti prvn\u00ed, \u010dl\u00e1nku II, odst. 9 a 10 z\u00e1kona \u010d. 196\/2009<br \/>\nSb., kter\u00fdm se m\u011bn\u00ed z\u00e1kon \u010d. 231\/2001 Sb.<br \/>\n&#8211; Rada podle ustanoven\u00ed \u00a7 5 p\u00edsm. b) z\u00e1kona \u010d. 231\/2001 Sb., o provozov\u00e1n\u00ed rozhlasov\u00e9ho a<br \/>\ntelevizn\u00edho vys\u00edl\u00e1n\u00ed (d\u00e1le jen \u201ez\u00e1kon \u010d. 231\/2001 Sb.\u201c) a v souladu s ustanoven\u00edm \u00a7 67 a n\u00e1sl.<br \/>\nz\u00e1kona \u010d. 500\/2004 Sb. spr\u00e1vn\u00edho \u0159\u00e1du, vyd\u00e1v\u00e1 toto rozhodnut\u00ed: Rada podle ustanoven\u00ed \u00a7 12 odst.<br \/>\n8 z\u00e1kona \u010d. 231\/2001 Sb. prodlu\u017euje provozovateli MEDIA BOHEMIA a.s., I\u010c: 267 65 586, se<br \/>\ns\u00eddlem B\u011blehradsk\u00e1 299\/132, PS\u010c 120 00 Praha, dobu platnosti licence ud\u011blen\u00e9 rozhodnut\u00edm<br \/>\nRady sp. zn. RRTV2016\/1027\/str, \u010d.j. RRTV\/10320\/2017-str ze dne 6.6.2017 k rozhlasov\u00e9mu<br \/>\nvys\u00edl\u00e1n\u00ed programu R\u00e1dio BLAN\u00cdK \u0161\u00ed\u0159en\u00e9ho prost\u0159ednictv\u00edm vys\u00edla\u010d\u016f na kmito\u010dtu B\u0159eclav 97,4 MHz<br \/>\n\/ 0,1 kW o standardn\u00ed z\u00e1konnou dobu osmi let podle ustanoven\u00ed \u00a7 12 odst. 8 p\u00edsm. z\u00e1kona<br \/>\n\u010d. 231\/2001 Sb., tedy do 10. \u010dervence 2033, av\u0161ak s mo\u017en\u00fdm zkr\u00e1cen\u00edm doby jej\u00ed platnosti v<br \/>\nn\u00e1vaznosti na postup vl\u00e1dy podle ustanoven\u00ed \u010d\u00e1sti prvn\u00ed, \u010dl\u00e1nku II, odst. 9 a 10 z\u00e1kona \u010d. 196\/2009<br \/>\nSb., kter\u00fdm se m\u011bn\u00ed z\u00e1kon \u010d. 231\/2001 Sb<\/p>\n<p>&#8211; Rada se sezn\u00e1mila s anal\u00fdzou programu Rock Zone 105.9 provozovatele LONDA, spol. s r. o.<br \/>\nz 1. 12. 2022 od 00:00 do 24:00 hodin a shledala, \u017ee vys\u00edl\u00e1n\u00ed bylo v souladu se z\u00e1konem o<br \/>\nrozhlasov\u00e9m a televizn\u00edm vys\u00edl\u00e1n\u00ed a v souladu s platn\u00fdmi licen\u010dn\u00edmi podm\u00ednkami.<br \/>\n&#8211; Rada se sezn\u00e1mila se srovn\u00e1vac\u00ed anal\u00fdzou program\u016f &#8211; COUNTRY RADIO na frekvenc\u00edch 89.5<br \/>\nMHz Praha, 92.7 MHz Zl\u00edn a 94.7 MHz \u010cesk\u00e9 Bud\u011bjovice, provozovatele RADIO UNITED<br \/>\nBROADCASTING s.r.o. z \u00fater\u00fd 3.1.2023 v \u010dasech od 08:00 do 09:00 hodin, od 13:00 do 14:00<br \/>\nhodin a od 18:00 do 19:00 hodin.<br \/>\n&#8211; Rada se sezn\u00e1mila s anal\u00fdzami obchodn\u00edch sd\u011blen\u00ed odvys\u00edlan\u00fdch provozovateli MEDIA<br \/>\nBOHEMIA a.s. (program Hitr\u00e1dio \u010cern\u00e1 Hora, Trutnov 105,3 MHz) dne 9. ledna 2023, RKR s.r.o.<br \/>\n(program CLASSIC PRAHA; Praha 98,7 MHz) dne 9. ledna 2023, HAMCO, s.r.o. (program RADIO<br \/>\nHAN\u00c1; Olomouc 92,3 MHz) dne 9. ledna 2023, RADIO UNITED BROADCASTING s.r.o. (program<br \/>\nRadio Beat; Ostrava 90,4 MHz) dne 9. ledna 2023, R\u00e1dio Student, s.r.o. (program Free R\u00e1dio;<br \/>\nBrno-Kohoutovice 107,0 MHz) dne 9. ledna 2023 a MEDIA BOHEMIA a.s. (program Hitr\u00e1dio Zl\u00edn,<br \/>\nZl\u00edn 91,7 MHz) dne 9. ledna 2023.<br \/>\n&#8211; Rada se sezn\u00e1mila s odpov\u011bd\u00ed provozovatele \u010cesk\u00fd rozhlas, I\u010c: 45245053, se s\u00eddlem<br \/>\nVinohradsk\u00e1 12, 120 99 Praha 2, doru\u010denou Rad\u011b dne 20. prosince 2022 pod \u010d.j.<br \/>\nRRTV\/15135\/2022-vra, na \u017e\u00e1dost o pod\u00e1n\u00ed vysv\u011btlen\u00ed sp.zn. 2022\/1277\/pot, \u010d.j. RRTV\/13901\/blu<br \/>\nze dne 1. listopadu 2022.<br \/>\n&#8211; Rada coby \u00fast\u0159edn\u00ed spr\u00e1vn\u00ed \u00fa\u0159ad v r\u00e1mci sv\u00e9 kompetence dan\u00e9 ustanoven\u00edm \u00a7 5 p\u00edsm. a)<br \/>\nz\u00e1kona \u010d. 231\/2001 Sb., o provozov\u00e1n\u00ed rozhlasov\u00e9ho a televizn\u00edho vys\u00edl\u00e1n\u00ed a o zm\u011bn\u011b dal\u0161\u00edch<br \/>\nz\u00e1kon\u016f (d\u00e1le jen z\u00e1kon \u010d. 231\/2001 Sb.), rozhodla v souladu s ustanoven\u00edm \u00a7 76 odst. 1 p\u00edsm. a)<br \/>\nz\u00e1kona \u010d. 250\/2016 Sb., o odpov\u011bdnosti za p\u0159estupky a \u0159\u00edzen\u00ed o nich, v platn\u00e9m zn\u011bn\u00ed, u pod\u00e1n\u00ed<br \/>\n\u010d.j. RRTV\/11956\/2022-vra ze dne 1. z\u00e1\u0159\u00ed 2022 ve v\u011bci p\u0159\u00edpadn\u00e9ho poru\u0161en\u00ed ustanoven\u00ed \u00a7 48 odst.<br \/>\n1 p\u00edsm. h) z\u00e1kona \u010d. 231\/2001 Sb. tak, \u017ee v\u011bc odkl\u00e1d\u00e1.<br \/>\n&#8211; Rada se sezn\u00e1mila s odpov\u011bd\u00ed provozovatele \u010cesk\u00fd rozhlas, I\u010c: 45245053, se s\u00eddlem<br \/>\nVinohradsk\u00e1 12, 120 99 Praha 2, doru\u010denou Rad\u011b dne 15. prosince 2022 pod \u010d.j.<br \/>\nRRTV\/15014\/2022-vra, na upozorn\u011bn\u00ed na poru\u0161en\u00ed z\u00e1kona sp.zn. 2022\/1277\/pot, \u010d.j.<br \/>\nRRTV\/13336\/2022- pot ze dne 1. listopadu 2022.<br \/>\n&#8211; Rada se sezn\u00e1mila s ozn\u00e1men\u00edm provozovatele \u010cesk\u00fd rozhlas, I\u010c: 45245053, doru\u010den\u00fdm Rad\u011b<br \/>\ndne 15. prosince 2022 pod \u010d.j. RRTV\/15005\/2022-vra, \u017ee s \u00fa\u010dinnost\u00ed od 2. ledna 2023 zm\u011bnil<br \/>\nprovozovatel n\u00e1zev region\u00e1ln\u00edho rozhlasov\u00e9ho programu \u010cesk\u00fd rozhlas R\u00e1dio DAB Praha na nov\u00fd<br \/>\nn\u00e1zev \u010cesk\u00fd rozhlas R\u00e1dio Praha \/ \u010cRo R\u00e1dio Praha. Rada se sezn\u00e1mila s ozn\u00e1men\u00edm<br \/>\nprovozovatele R\u00c1DIO UKRAJINA s.r.o., I\u010c: 17059054, doru\u010den\u00fdm Rad\u011b dne 3. ledna 2022 pod<br \/>\n\u010d.j. RRTV\/46\/2023-vra, spo\u010d\u00edvaj\u00edc\u00edm v tom, \u017ee v souladu s osv\u011bd\u010den\u00edm Rady \u010d. j.<br \/>\nRRTV\/14902\/2022-blu, sp. zn. 2022\/1503\/blu, ze dne 20. 12. 2022 ukon\u010dila dne 31. 12. 2022<br \/>\ndigit\u00e1ln\u00ed rozhlasov\u00e9 vys\u00edl\u00e1n\u00ed programu R\u00c1DIO UKRAJINA \u0161\u00ed\u0159en\u00e9ho prost\u0159ednictv\u00edm vys\u00edla\u010d\u016f. Rada<br \/>\nse sezn\u00e1mila s ozn\u00e1men\u00edm provozovatele Ture\u010dek Media s.r.o., I\u010c: 17499771, doru\u010den\u00fdm Rad\u011b<br \/>\ndne 13. ledna 2023 pod \u010d.j. RRTV\/777\/2023-blu, spo\u010d\u00edvaj\u00edc\u00edm v informaci o tom, \u017ee dne<br \/>\n24. prosince 2023 zah\u00e1jil na kmito\u010dtu Ostrava Karol\u00edna 103,6 MHz \/ 50 W rozhlasov\u00e9 vys\u00edl\u00e1n\u00ed<br \/>\nprogramu Fresh r\u00e1dio \u0161\u00ed\u0159en\u00e9ho prost\u0159ednictv\u00edm vys\u00edla\u010d\u016f na z\u00e1klad\u011b rozhodnut\u00ed Rady sp.zn.<br \/>\nRRTV\/2022\/144\/zab, \u010d.j. RRTV\/14972\/2022-blu ze dne 6. prosince 2022.<br \/>\n&#8211; Rada se sezn\u00e1mila se st\u00ed\u017enost\u00ed (\u010d. j. RRTV\/14533\/2022-vra) na epizodu po\u0159adu Rap ateli\u00e9r,<br \/>\nkter\u00e1 byla na programu Evropa 2 odvys\u00edl\u00e1na 17. prosince 2022. Rada se sezn\u00e1mila se st\u00ed\u017enost\u00ed<br \/>\n(\u010d. j. RRTV\/15273\/2022-vra) na \u00fadajn\u011b l\u017eiv\u011b uv\u00e1d\u011bn\u00e9 \u010dasy konce vys\u00edlan\u00fdch skladeb v<br \/>\nElektronick\u00e9m programov\u00e9m pr\u016fvodci programu \u010cesk\u00fd rozhlas D-dur. Rada se sezn\u00e1mila se<br \/>\nst\u00ed\u017enost\u00ed (\u010d. j. RRTV\/59\/2023-vra) na \u00fadajnou reklamu na hudebn\u00ed skupinu No Name v po\u0159adu,<br \/>\nkter\u00fd byl vys\u00edl\u00e1n na programu \u010cesk\u00fd rozhlas Radio\u017eurn\u00e1l. Rada se sezn\u00e1mila se st\u00ed\u017enost\u00ed (\u010d. j.<br \/>\nRRTV\/455\/2023-vra) na \u00fadajn\u011b ur\u00e1\u017eliv\u00e9 a nen\u00e1vistn\u00e9 koment\u00e1\u0159e moder\u00e1tora ve vys\u00edl\u00e1n\u00ed programu<br \/>\nRadio COLOR<\/p>\n<p>&#8211; Rada v r\u00e1mci sv\u00e9 p\u016fsobnosti dan\u00e9 ustanoven\u00edm \u00a7 5 p\u00edsm. a) a f) a \u00a7 59 odst. 1-3 z\u00e1kona<br \/>\n\u010d. 231\/2001 Sb., o provozov\u00e1n\u00ed rozhlasov\u00e9ho a televizn\u00edho vys\u00edl\u00e1n\u00ed a o zm\u011bn\u011b dal\u0161\u00edch z\u00e1kon\u016f (d\u00e1le<br \/>\njen \u201ez\u00e1kon \u010d. 231\/2001Sb.\u201c), v platn\u00e9m zn\u011bn\u00ed, upozor\u0148uje provozovatele ULTRAVOX s.r.o., I\u010c:<br \/>\n49702785, s\u00eddlem: Ra\u0161\u00ednovo n\u00e1b\u0159e\u017e\u00ed 409\/34, Praha 2, PS\u010c 128 00, na poru\u0161en\u00ed ustanoven\u00ed \u00a7 32<br \/>\nodst. 1 p\u00edsm. j) z\u00e1kona \u010d. 231\/2001 Sb., kter\u00e9ho se dopustil t\u00edm, \u017ee dne 3. 1. 2023 od 7:00 hodin<br \/>\nna programu Radio COLOR odvys\u00edlal po\u0159ad, kter\u00fd obsahoval vulgarismy a nad\u00e1vky, \u010d\u00edm\u017e poru\u0161il<br \/>\npovinnost neza\u0159azovat do program\u016f po\u0159ady a reklamy, kter\u00e9 obsahuj\u00ed vulgarismy a nad\u00e1vky, krom\u011b<br \/>\num\u011bleck\u00fdch d\u011bl, v nich\u017e je to z hlediska l\u00ed\u010den\u00e9ho kontextu nutn\u00e9; takov\u00e1 d\u00edla je v\u0161ak mo\u017en\u00e9 vys\u00edlat<br \/>\npouze v dob\u011b od 22:00 do 06:00 hodin druh\u00e9ho dne. Rada stanovuje lh\u016ftu k n\u00e1prav\u011b 7 dn\u00ed ode<br \/>\ndne doru\u010den\u00ed upozorn\u011bn\u00ed.<br \/>\nTELEVIZN\u00cd VYS\u00cdL\u00c1N\u00cd<br \/>\n&#8211; Rada ud\u011bluje spole\u010dnosti AMC Networks Central Europe, s.r.o., I\u010c 271 12 501, se s\u00eddlem<br \/>\nPob\u0159e\u017en\u00ed 620\/3, Karl\u00edn, 186 00 Praha 8, podle \u00a7 25 z\u00e1kona \u010d. 231\/2001 Sb., licenci k provozov\u00e1n\u00ed<br \/>\nceloplo\u0161n\u00e9ho zemsk\u00e9ho digit\u00e1ln\u00edho televizn\u00edho vys\u00edl\u00e1n\u00ed \u0161\u00ed\u0159en\u00e9ho prost\u0159ednictv\u00edm vys\u00edla\u010d\u016f na 12<br \/>\nlet; ozna\u010den\u00ed (n\u00e1zev) programu: SPEKTRUM HOME; z\u00e1kladn\u00ed programov\u00e1 specifikace: Program<br \/>\nse zam\u011b\u0159en\u00edm na z\u00e1bavn\u00ed po\u0159ady vyroben\u00e9 zejm\u00e9na v Kanad\u011b a Austr\u00e1lii, ale i v Evrop\u011b; \u00fazemn\u00ed<br \/>\nrozsah vys\u00edl\u00e1n\u00ed: \u010cesk\u00e1 republika; hlavn\u00ed jazyk vys\u00edl\u00e1n\u00ed: \u010desk\u00fd jazyk; \u010dasov\u00fd rozsah vys\u00edl\u00e1n\u00ed: 24<br \/>\nhodin denn\u011b; v rozsahu \u017e\u00e1dosti doru\u010den\u00e9 Rad\u011b dne 22. prosince 2022, pod \u010d.j. RRTV\/15262\/2022-<br \/>\nvra, ve zn\u011bn\u00ed up\u0159esn\u011bn\u00ed ze dne 4. ledna 2023, \u010d.j. RRTV\/442\/2023-vra.<br \/>\n&#8211; Rada ud\u011bluje provozovateli AMC Networks Central Europe s.r.o., I\u010c: 27112501, se s\u00eddlem<br \/>\nPob\u0159e\u017en\u00ed 620\/3, Praha 8, 186 00, souhlas se zm\u011bnou skute\u010dnost\u00ed uveden\u00fdch v \u017e\u00e1dosti o licenci,<br \/>\n\u010d.j. Ru\/55\/04\/805, ze dne 23. b\u0159ezna 2004, podle \u00a7 21 odst. 1 p\u00edsm. d) z\u00e1kona \u010d. 231\/2001 Sb.,<br \/>\nspo\u010d\u00edvaj\u00edc\u00ed ve zm\u011bn\u011b dal\u0161\u00edch programov\u00fdch podm\u00ednek programu Minimax s \u00fa\u010dinnost\u00ed od 1. \u00fanora<br \/>\n2023, dle \u017e\u00e1dosti ze dne 22. prosince 2022, \u010d. j. RRTV\/15261\/2022-vra.<br \/>\n&#8211; Rada se sezn\u00e1mila s ozn\u00e1men\u00edm provozovatele AMC Networks Central Europe s.r.o., I\u010c:<br \/>\n27112501, se s\u00eddlem Pob\u0159e\u017en\u00ed 620\/3, Praha 8, 186 00, o zm\u011bn\u011b ostatn\u00edch skute\u010dnost\u00ed uveden\u00fdch<br \/>\nv \u017e\u00e1dosti o licenci \u010d.j. Ru\/55\/04\/805, ze dne 23. b\u0159ezna 2004, podle \u00a7 21 odst. 2 z\u00e1kona \u010d. 231\/2001<br \/>\nSb., spo\u010d\u00edvaj\u00edc\u00ed v nov\u00e9 specifikaci dru\u017eice pro \u00fazem\u00ed \u010cesk\u00e9 a Slovensk\u00e9 republiky, dle ozn\u00e1men\u00ed<br \/>\nze dne 22. prosince 2022, \u010d.j. RRTV\/15261\/2022-vra.<br \/>\n&#8211; Rada ud\u011bluje provozovateli AMC Networks Central Europe s.r.o., I\u010c: 27112501, se s\u00eddlem<br \/>\nPob\u0159e\u017en\u00ed 620\/3, Praha 8, 186 00, souhlas se zm\u011bnou skute\u010dnost\u00ed uveden\u00fdch v \u017e\u00e1dosti o licenci,<br \/>\n\u010d.j. FIA\/621\/2013, sp. zn.: 2013\/91\/FIA\/Che ze dne 5. \u00fanora 2013, podle \u00a7 21 odst. 1 p\u00edsm. d)<br \/>\nz\u00e1kona \u010d. 231\/2001 Sb., spo\u010d\u00edvaj\u00edc\u00ed ve zm\u011bn\u011b st\u00e1vaj\u00edc\u00edho zn\u011bn\u00ed dal\u0161\u00edch programov\u00fdch podm\u00ednek<br \/>\ns \u00fa\u010dinnost\u00ed od 1. \u00fanora 2023, dle \u017e\u00e1dosti ze dne 22. prosince 2022, \u010d. j.: RRTV\/15261\/2022-vra.<br \/>\n&#8211; Rada se sezn\u00e1mila s ozn\u00e1men\u00edm provozovatele AMC Networks Central Europe s.r.o., I\u010c:<br \/>\n27112501, se s\u00eddlem Pob\u0159e\u017en\u00ed 620\/3, Praha 8, 186 00, o zm\u011bn\u011b ostatn\u00edch skute\u010dnost\u00ed uveden\u00fdch<br \/>\nv \u017e\u00e1dosti o licenci \u010d.j. FIA\/621\/2013, sp. zn.: 2013\/91\/FIA\/Che ze dne 5. \u00fanora 2013, podle \u00a7 21<br \/>\nodst. 2 z\u00e1kona \u010d. 231\/2001 Sb., spo\u010d\u00edvaj\u00edc\u00ed v nov\u00e9 specifikaci dru\u017eice pro \u00fazem\u00ed \u010cesk\u00e9 a<br \/>\nSlovensk\u00e9 republiky, dle ozn\u00e1men\u00ed ze dne 22. prosince 2022, \u010d.j. RRTV\/15259\/2022-vra.<br \/>\n&#8211; Rada ud\u011bluje provozovateli ViacomCBS Networks International Czech s.r.o., I\u010c: 289 70 438, se<br \/>\ns\u00eddlem Perlov\u00e1 371\/5, Star\u00e9 M\u011bsto, 110 00 Praha 1, souhlas se zm\u011bnou skute\u010dnost\u00ed uveden\u00fdch v<br \/>\n\u017e\u00e1dosti o licenci, \u010d. j.: RRTV\/2850\/2016-FIA, sp. zn.: 2016\/786\/FIA\/MTV, ze dne 20. z\u00e1\u0159\u00ed 2016,<br \/>\npodle \u00a7 21 odst. 1 p\u00edsm. a) z\u00e1kona \u010d. 231\/2001 Sb., spo\u010d\u00edvaj\u00edc\u00ed ve zm\u011bn\u011b ozna\u010den\u00ed n\u00e1zvu<br \/>\nprogramu z Paramount Comedy na Comedy Central od 1. \u00fanora 2023, dle \u017e\u00e1dosti ze dne<br \/>\n22. prosince 2022, \u010d.j.: RRTV\/15213\/2022-vra.<br \/>\n&#8211; Rada vyd\u00e1v\u00e1 provozovateli p\u0159evzat\u00e9ho rozhlasov\u00e9ho a televizn\u00ed vys\u00edl\u00e1n\u00ed \u0161\u00ed\u0159en\u00e9ho<br \/>\nprost\u0159ednictv\u00edm dru\u017eice (registrace, \u010d.j.: RRTV\/2876\/2019-zem, sp. zn.: RRTV\/2019\/55\/zem, ze<br \/>\ndne 19. \u00fanora 2019), ViacomCBS Networks International Czech s.r.o., I\u010c.: 289 70 438, se s\u00eddlem<\/p>\n<p>Perlov\u00e1 371\/5, Star\u00e9 M\u011bsto, 110 00 Praha 1, potvrzen\u00ed dle \u00a7 28 odst. 3 z\u00e1kona \u010d. 231\/2001 Sb.,<br \/>\n\u017ee dne 24. ledna 2023 je provozovateli registrov\u00e1na zm\u011bna \u00fazemn\u00edho rozsahu vys\u00edl\u00e1n\u00ed, dle \u00a7 29<br \/>\nodst. 1 p\u00edsm. d) z\u00e1kona \u010d. 231\/2001 Sb., a to roz\u0161\u00ed\u0159en\u00ed \u00fazemn\u00edho rozsahu vys\u00edl\u00e1n\u00ed o Arm\u00e9nii, Gruzii,<br \/>\nKazachst\u00e1n a Moldavsko, dle \u017e\u00e1dosti ze dne 22. prosince 2022, \u010d.j.: RRTV\/15218\/2022-vra.<br \/>\n&#8211; Rada ud\u011bluje p\u0159edchoz\u00ed souhlas provozovateli televizn\u00edho vys\u00edl\u00e1n\u00ed TV MORAVA, s.r.o., I\u010c:<br \/>\n25826841, se s\u00eddlem: 8. kv\u011btna 497\/37, 779 00 Olomouc, podle ustanoven\u00ed \u00a7 21 odst.1, p\u00edsm. e)<br \/>\na \u00a7 21 odst. 7 z\u00e1kona \u010d. 231\/2001 Sb. se zm\u011bnou skute\u010dnost\u00ed uveden\u00fdch v \u017e\u00e1dosti o licenci sp.<br \/>\nzn. 2014\/499\/FIA\/TV, \u010d.j. FIA\/2223\/2014 ze dne 17. \u010dervna 2014, a to s p\u0159evodem obchodn\u00edho<br \/>\npod\u00edlu ve v\u00fd\u0161i 50 % (slovy: pades\u00e1t procent) odpov\u00eddaj\u00edc\u00edho pen\u011b\u017eit\u00e9mu vkladu 125 000,- K\u010d (slovy:<br \/>\nsto dvacet p\u011bt tis\u00edc korun \u010desk\u00fdch) z p. Martina Berky, bytem: Olomouc &#8211; Ne\u0159ed\u00edn, Pilot\u016f 936\/1,<br \/>\n779 00, a pod\u00edlu ve v\u00fd\u0161i 50 % (slovy: pades\u00e1t procent) odpov\u00eddaj\u00edc\u00edho pen\u011b\u017eit\u00e9mu vkladu 125 000,-<br \/>\nK\u010d (slovy: sto dvacet p\u011bt tis\u00edc korun \u010desk\u00fdch) z p. V\u00edta \u010c\u00edhala, bytem: Olomouc &#8211; Ne\u0159ed\u00edn, Pilot\u016f<br \/>\n923\/1, 779 00, na t\u0159et\u00ed osobu, a to na spole\u010dnost RK INVESTI\u010cN\u00cd s.r.o., I\u010c: 09765051, se s\u00eddlem<br \/>\nNa Rynku 352, 686 04 Kunovice, kter\u00e1 se tak stane jedin\u00fdm spole\u010dn\u00edkem provozovatele TV<br \/>\nMORAVA s.r.o. s obchodn\u00edm pod\u00edlem ve v\u00fd\u0161i 250 000,- K\u010d, dle \u017e\u00e1dosti doru\u010den\u00e9 dne 6. ledna 2023<br \/>\npod \u010d.j. RRTV\/522\/2023-vra.<br \/>\n&#8211; Rada vrac\u00ed provozovateli TV MORAVA, s.r.o., I\u010c: 25826841, se s\u00eddlem: 8. kv\u011btna 497\/37,<br \/>\n779 00 Olomouc, v souladu s ustanoven\u00edm \u00a7 7 odst. 1 p\u00edsm. a) z\u00e1kona \u010d. 634\/2004 Sb., spr\u00e1vn\u00ed<br \/>\npoplatek ve v\u00fd\u0161i 20 000,- (slovy: dvacettis\u00edckorun\u010desk\u00fdch), uhrazen\u00fd na \u00fa\u010det Rady dne 6. ledna<br \/>\n2023, VS 10230002 za \u017e\u00e1dost, kter\u00e1 v\u0161ak uhrazen\u00ed spr\u00e1vn\u00edho poplatku nepodl\u00e9h\u00e1, na \u00fa\u010det<br \/>\nprovozovatele \u010d.175722574\/0300, dle \u017e\u00e1dosti doru\u010den\u00e9 dne 9. ledna 2023 pod \u010d.j.<br \/>\nRRTV\/588\/2023-vra.<br \/>\n&#8211; Rada ud\u011bluje provozovateli, spole\u010dnosti Meridi s.r.o., I\u010c 281 47 324, se s\u00eddlem Senov\u00e1\u017en\u00e9 n\u00e1m.<br \/>\n248\/2, \u010cesk\u00e9 Bud\u011bjovice 6, 370 01 \u010cesk\u00e9 Bud\u011bjovice, souhlas podle \u00a7 21 odst. 1 p\u00edsm. a), b)<br \/>\nz\u00e1kona \u010d. 231\/2001 Sb., se zm\u011bnou skute\u010dnost\u00ed uveden\u00fdch v \u017e\u00e1dosti o licenci, \u010d.j.: FIA\/1254\/2014,<br \/>\nsp. zn.: 2014\/167\/FIA\/Mer, ze dne 1. dubna 2014, k provozov\u00e1n\u00ed region\u00e1ln\u00edho zemsk\u00e9ho digit\u00e1ln\u00edho<br \/>\ntelevizn\u00edho vys\u00edl\u00e1n\u00ed \u0161\u00ed\u0159en\u00e9ho prost\u0159ednictv\u00edm vys\u00edla\u010d\u016f, a to se zm\u011bnou:1) ozna\u010den\u00ed (n\u00e1zvu)<br \/>\nprogramu z J\u010c 2 na Kur\u00fdr TV; 2) \u00fazemn\u00edho rozsahu vys\u00edl\u00e1n\u00ed podle \u00a7 2 odst. 1 p\u00edsm. y) z\u00e1kona<br \/>\n\u010d. 231\/2001 Sb., roz\u0161\u00ed\u0159en\u00edm o \u00fazem\u00ed Kaplice, 47 kan\u00e1l a Lipno &#8211; V\u00edtk\u016fv Hr\u00e1dek, 29 kan\u00e1l v souladu<br \/>\nse stanoviskem \u010cesk\u00e9ho telekomunika\u010dn\u00edho \u00fa\u0159adu \u010d.j. \u010cT\u00da-50 572\/2022-613 ze dne 30. listopadu<br \/>\n2022 a diagramem vyu\u017eit\u00ed r\u00e1diov\u00fdch kmito\u010dt\u016f, dle \u017e\u00e1dosti ze dne 1. listopadu 2022, \u010d.j.:<br \/>\nRRTV\/12990\/2022-vra.<br \/>\n&#8211; Rada v r\u00e1mci sv\u00e9 kompetence dan\u00e9 ustanoven\u00edm \u00a7 5 p\u00edsm. a) a f), \u00a7 59 odst. 1 &#8211; 3 z\u00e1kona<br \/>\n\u010d. 231\/2001 Sb., upozor\u0148uje provozovatele region\u00e1ln\u00edho zemsk\u00e9ho digit\u00e1ln\u00edho televizn\u00edho vys\u00edl\u00e1n\u00ed<br \/>\n\u0161\u00ed\u0159en\u00e9ho prost\u0159ednictv\u00edm vys\u00edla\u010d\u016f, licence \u010d.j.: FIA\/1254\/2014, sp. zn.: 2014\/167\/FIA\/Mer, ze dne<br \/>\n1. dubna 2014, spole\u010dnost Meridi s.r.o., I\u010c 281 47 324, se s\u00eddlem Senov\u00e1\u017en\u00e9 n\u00e1m. 248\/2, \u010cesk\u00e9<br \/>\nBud\u011bjovice 6, 370 01 \u010cesk\u00e9 Bud\u011bjovice, na poru\u0161en\u00ed ustanoven\u00ed \u00a7 21 odst. 1 p\u00edsm. a) z\u00e1kona<br \/>\n\u010d. 231\/2001 Sb., kter\u00e9ho se dopustil t\u00edm, \u017ee p\u0159edem nepo\u017e\u00e1dal Radu o p\u00edsemn\u00fd souhlas se<br \/>\nzm\u011bnou ozna\u010den\u00ed n\u00e1zvu programu z J\u010c 2 na Kur\u00fdr TV. Rada stanov\u00ed provozovateli lh\u016ftu k n\u00e1prav\u011b<br \/>\n30 dn\u016f ode dne doru\u010den\u00ed tohoto upozorn\u011bn\u00ed.<br \/>\n&#8211; Rada v r\u00e1mci sv\u00e9 kompetence dan\u00e9 ustanoven\u00edm \u00a7 5 p\u00edsm. a) a f), \u00a7 59 odst. 1 &#8211; 3 z\u00e1kona<br \/>\n\u010d. 231\/2001 Sb., upozor\u0148uje provozovatele p\u0159evzat\u00e9ho vys\u00edl\u00e1n\u00ed Ivo Brabce, I\u010c 113 55 123, bytem<br \/>\nHradce 32, 370 01 \u010cesk\u00e9 Bud\u011bjovice 1, registrace \u010d.j. sve\/1127\/2012, spis. zn.: 2012\/89\/sve\/Bra,<br \/>\nze dne 13. b\u0159ezna 2012, na poru\u0161en\u00ed 1) ustanoven\u00ed \u00a7 29 odst. 1 p\u00edsm. d) z\u00e1kona \u010d. 231\/2001 Sb.,<br \/>\nkter\u00e9ho se dopustil t\u00edm, \u017ee p\u0159edem Rad\u011b neozn\u00e1mil zm\u011bnu skute\u010dnost\u00ed uveden\u00fdch v p\u0159ihl\u00e1\u0161ce k<br \/>\nregistraci, a to zm\u011bnu \u00fazemn\u00edho rozsahu vys\u00edl\u00e1n\u00ed; 2) ustanoven\u00ed \u00a7 29 odst. 3 z\u00e1kona \u010d. 231\/2001<br \/>\nSb., t\u00edm, \u017ee Rad\u011b v z\u00e1konn\u00e9 lh\u016ft\u011b neozn\u00e1mil zm\u011bnu ostatn\u00edch skute\u010dnost\u00ed uveden\u00fdch v p\u0159ihl\u00e1\u0161ce<br \/>\nk registraci, a to zm\u011bnu programov\u00e9 nab\u00eddky spo\u010d\u00edvaj\u00edc\u00ed v za\u0159azen\u00ed nov\u00fdch p\u0159evzat\u00fdch program\u016f<\/p>\n<p>Kur\u00fdr TV a J\u010c 1. Rada stanovuje provozovateli lh\u016ftu k n\u00e1prav\u011b 30 dn\u016f ode dne doru\u010den\u00ed tohoto<br \/>\nupozorn\u011bn\u00ed.<br \/>\n&#8211; Rada se sezn\u00e1mila s ozn\u00e1men\u00edm provozovatele Libereck\u00e1 TV s.r.o., I\u010c 02168987, s\u00eddlem<br \/>\nMr\u0161t\u00edkova 399\/2a, Liberec, PS\u010c 110 00, ze dne 2. ledna 2023, \u010d. j. RRTV\/50\/2023-vra, podle \u00a7 32<br \/>\nodst. 1 p\u00edsm. s) z\u00e1kona \u010d. 231\/2001 Sb., o ukon\u010den\u00ed vys\u00edl\u00e1n\u00ed programu rtm plus Liberecko \u0161\u00ed\u0159en\u00e9ho<br \/>\nprost\u0159ednictv\u00edm vys\u00edla\u010d\u016f, \u010d.j. RRTV\/137\/2016-SMU, sp.zn. 2015\/1036\/SMU\/Mod ze dne 7. ledna<br \/>\n2022 a programu rtm plus Liberecko \u0161\u00ed\u0159en\u00e9ho prost\u0159ednictv\u00edm zvl\u00e1\u0161tn\u00edch p\u0159enosov\u00fdch syst\u00e9m\u016f na<br \/>\nz\u00e1klad\u011b licence \u010d.j. RRTV\/5242\/2018-smu, sp.zn. RRTV\/2018\/67\/smu, ze dne 23. ledna 2018, a<br \/>\nto ke dni 2. ledna 2023.<br \/>\n&#8211; Rada vzala na v\u011bdom\u00ed, \u017ee provozovateli Libereck\u00e1 TV s.r.o., I\u010c 02168987, s\u00eddlem Mr\u0161t\u00edkova<br \/>\n399\/2a, Liberec, PS\u010c 110 00, zanikla dne 2. ledna 2023 podle \u00a7 24 p\u00edsm. f) z\u00e1kona \u010d. 231\/2001<br \/>\nSb. licence k provozov\u00e1n\u00ed televizn\u00edho vys\u00edl\u00e1n\u00ed programu rtm plus Liberecko \u0161\u00ed\u0159en\u00e9ho<br \/>\nprost\u0159ednictv\u00edm vys\u00edla\u010d\u016f, \u010d.j. RRTV\/137\/2016-SMU, sp.zn. 2015\/1036\/SMU\/Mod ze dne 7. ledna<br \/>\n2022 a programu rtm plus Liberecko \u0161\u00ed\u0159en\u00e9ho prost\u0159ednictv\u00edm zvl\u00e1\u0161tn\u00edch p\u0159enosov\u00fdch syst\u00e9m\u016f na<br \/>\nz\u00e1klad\u011b licence \u010d.j. RRTV\/5242\/2018-smu, sp.zn. RRTV\/2018\/67\/smu, ze dne 23. ledna 2018, v<br \/>\nrozsahu dle \u017e\u00e1dosti doru\u010den\u00e9 dne 3. ledna 2023 pod \u010d. j. RRTV\/50\/2023-vra. O t\u00e9to skute\u010dnosti<br \/>\nvyd\u00e1v\u00e1 Rada osv\u011bd\u010den\u00ed dle \u00a7 154 a n\u00e1sl. z\u00e1kona \u010d. 500\/2004 Sb.<br \/>\n&#8211; Rada v r\u00e1mci sv\u00e9 p\u016fsobnosti dan\u00e9 ustanoven\u00edm \u00a7 5 p\u00edsm. a) a f) a \u00a7 59 odst. 1-3 z\u00e1kona<br \/>\n\u010d. 231\/2001 Sb., o provozov\u00e1n\u00ed rozhlasov\u00e9ho a televizn\u00edho vys\u00edl\u00e1n\u00ed a o zm\u011bn\u011b dal\u0161\u00edch z\u00e1kon\u016f (d\u00e1le<br \/>\njen \u201ez\u00e1kon \u010d. 231\/2001Sb.\u201c), v platn\u00e9m zn\u011bn\u00ed, upozor\u0148uje provozovatele Libereck\u00e1 TV s.r.o., I\u010c<br \/>\n02168987, s\u00eddlem Mr\u0161t\u00edkova 399\/2a, Liberec, PS\u010c 110 00, na poru\u0161en\u00ed ustanoven\u00ed \u00a7 32 odst. 1<br \/>\np\u00edsm. s) z\u00e1kona \u010d. 231\/2001 Sb., kter\u00e9ho se dopustil t\u00edm, \u017ee neozn\u00e1mil ukon\u010den\u00ed vys\u00edl\u00e1n\u00ed programu<br \/>\nrtm plus Liberecko \u0161\u00ed\u0159en\u00e9ho prost\u0159ednictv\u00edm vys\u00edla\u010d\u016f, \u010d.j. RRTV\/137\/2016-SMU, sp.zn.<br \/>\n2015\/1036\/SMU\/Mod ze dne 7. ledna 2022 a programu rtm plus Liberecko \u0161\u00ed\u0159en\u00e9ho<br \/>\nprost\u0159ednictv\u00edm zvl\u00e1\u0161tn\u00edch p\u0159enosov\u00fdch syst\u00e9m\u016f na z\u00e1klad\u011b licence \u010d.j. RRTV\/5242\/2018-smu,<br \/>\nsp.zn. RRTV\/2018\/67\/smu, ze dne 23. ledna 2018, v \u0159\u00e1dn\u00e9m term\u00ednu, a to nejpozd\u011bji v den, kdy<br \/>\nukon\u010dil vys\u00edl\u00e1n\u00ed. Rada stanovuje lh\u016ftu k n\u00e1prav\u011b 7 dn\u00ed ode dne doru\u010den\u00ed tohoto upozorn\u011bn\u00ed.<br \/>\n&#8211; Rada se sezn\u00e1mila s ozn\u00e1men\u00edm provozovatele \u010cesk\u00e1 televize o ukon\u010den\u00ed vys\u00edl\u00e1n\u00ed programu<br \/>\n\u010cT3 ke dni 31. 12. 2022.<br \/>\n&#8211; Rada se dle ustanoven\u00ed \u00a7 29 odst. 3 z\u00e1kona \u010d. 231\/2001 Sb. sezn\u00e1mila s ozn\u00e1men\u00edm<br \/>\nprovozovatele p\u0159evzat\u00e9ho vys\u00edl\u00e1n\u00ed \u0161\u00ed\u0159en\u00e9ho prost\u0159ednictv\u00edm kabelov\u00fdch syst\u00e9m\u016f, Vodafone Czech<br \/>\nRepublic a.s., I\u010c: 25788001, se s\u00eddlem: n\u00e1m\u011bst\u00ed Junkov\u00fdch 2802\/2, Stod\u016flky, 155 00 Praha 5, o<br \/>\nzm\u011bn\u011b ostatn\u00edch skute\u010dnost\u00ed uveden\u00fdch v p\u0159ihl\u00e1\u0161ce k registraci sp. zn.: RRTV\/2019\/395\/smu, \u010d. j.:<br \/>\nRRTV\/8190\/2019-smu ze dne 24. \u010dervna 2019, spo\u010d\u00edvaj\u00edc\u00edm v z\u00fa\u017een\u00ed programov\u00e9 nab\u00eddky o<br \/>\nve\u0159ejnopr\u00e1vn\u00ed \u010desk\u00fd televizn\u00ed program \u010cT3 a zahrani\u010dn\u00ed televizn\u00ed program Chuck TV; d\u00e1le v<br \/>\nrozsahu dal\u0161\u00edch informac\u00ed, uveden\u00fdch v pod\u00e1n\u00ed \u010d. j.: RRTV\/540\/2023-vra doru\u010den\u00e9m dne 9. ledna<br \/>\n2023.<br \/>\n&#8211; Rada se dle ustanoven\u00ed \u00a7 29 odst. 3 z\u00e1kona \u010d. 231\/2001 Sb. sezn\u00e1mila s ozn\u00e1men\u00edm<br \/>\nprovozovatele p\u0159evzat\u00e9ho vys\u00edl\u00e1n\u00ed \u0161\u00ed\u0159en\u00e9ho prost\u0159ednictv\u00edm DVB-T, Digital Broadcasting s.r.o., I\u010c:<br \/>\n26839407, se s\u00eddlem: Ostrava, Stavebn\u00ed 992\/1, PS\u010c 708 00, o zm\u011bn\u011b ostatn\u00edch skute\u010dnost\u00ed<br \/>\nuveden\u00fdch v p\u0159ihl\u00e1\u0161ce k registraci sp. zn.: 2012\/503\/zem\/Dig, \u010d. j.: zem\/2623\/2012, ze dne v 31.<br \/>\n\u010dervence 2012, spo\u010d\u00edvaj\u00edc\u00ed v roz\u0161\u00ed\u0159en\u00ed programov\u00e9 nab\u00eddky o \u010desk\u00fd televizn\u00ed program \u00d3\u010cKO<br \/>\nBLACK a v z\u00fa\u017een\u00ed programov\u00e9 nab\u00eddky o \u010desk\u00fd televizn\u00ed program \u0160L\u00c1GR TV; d\u00e1le v rozsahu<br \/>\ndal\u0161\u00edch informac\u00ed, uveden\u00fdch v pod\u00e1n\u00ed \u010d.j.: RRTV\/13796\/2022-vra a pod\u00e1n\u00ed \u010d.j.: RRTV\/829\/2023-<br \/>\nvra ze dne 16. ledna 2023.<br \/>\n&#8211; Rada se sezn\u00e1mila s ozn\u00e1men\u00edm spole\u010dnosti RTM plus Liberecko, s.r.o., I\u010c: 17445663,<br \/>\ndoru\u010den\u00e9m dne 3. ledna 2023 pod \u010d.j. RRTV\/49\/2023-vra, spo\u010d\u00edvaj\u00edc\u00edm v zah\u00e1jen\u00ed vys\u00edl\u00e1n\u00ed<br \/>\nprogramu: rtm plus (sp. zn. RRTV\/2022\/911\/fia), \u0161\u00ed\u0159en\u00e9ho prost\u0159ednictv\u00edm zemsk\u00e9ho digit\u00e1ln\u00edho<br \/>\ntelevizn\u00edho vys\u00edl\u00e1n\u00ed \u0161\u00ed\u0159en\u00e9ho prost\u0159ednictv\u00ed vys\u00edla\u010d\u016f, ke dni 2. ledna 2023.<\/p>\n<p>&#8211; Rada se sezn\u00e1mila s ozn\u00e1men\u00edm spole\u010dnosti TELEPACE, s.r.o., I\u010c: 26849755, doru\u010den\u00e9m dne<br \/>\n6. ledna 2023 pod \u010d.j. RRTV\/527\/2023-vra, spo\u010d\u00edvaj\u00edc\u00edm v zah\u00e1jen\u00ed vys\u00edl\u00e1n\u00ed programu: Noe+ (sp.<br \/>\nzn. RRTV\/2022\/1441\/zem a RRTV\/2022\/1475\/zem), \u0161\u00ed\u0159en\u00e9ho prost\u0159ednictv\u00edm zemsk\u00e9ho<br \/>\ndigit\u00e1ln\u00edho televizn\u00edho vys\u00edl\u00e1n\u00ed \u0161\u00ed\u0159en\u00e9ho prost\u0159ednictv\u00ed vys\u00edla\u010d\u016f a prost\u0159ednictv\u00edm zvl\u00e1\u0161tn\u00edch<br \/>\np\u0159enosov\u00fdch syst\u00e9m\u016f &#8211; internetu, ke dni 24. prosince 2022.<br \/>\n&#8211; Rada se sezn\u00e1mila s n\u00e1sleduj\u00edc\u00edmi pod\u00e1n\u00edmi k obsahu televizn\u00edch program\u016f a audiovizu\u00e1ln\u00edch<br \/>\nmedi\u00e1ln\u00edch slu\u017eeb na vy\u017e\u00e1d\u00e1n\u00ed doru\u010den\u00fdmi od 9. prosince 2022 do 4. ledna 2023 (celkem 32<br \/>\npod\u00e1n\u00ed): HBO Europe s.r.o. \/ HBO Max Hungary &#8211; DC Szuper\u00e1llatok Lig\u00e1ja, mo\u017en\u00e9 naru\u0161en\u00ed v\u00fdvoje<br \/>\nnezletil\u00fdch osob; \u010cesk\u00e1 televize \/ \u010cT1 &#8211; Report\u00e9\u0159i \u010cT, t\u00e9ma Pomoz si s\u00e1m, 10. 10. 2022 od 21:25<br \/>\nhodin; ViacomCBS Networks International Czech s.r.o. \/ Nickelodeon &#8211; Henry Danger, 2. 9. 2022<br \/>\nod 19:50 hodin, mo\u017en\u00e9 naru\u0161en\u00ed v\u00fdvoje nezletil\u00fdch osob; FTV Prima, spol. s r.o. \/ CNN Prima News<br \/>\n&#8211; Interview PLUS, 5. 12. 2022 od 14:42 hodin a Interview PLUS, 6. 12. 2022 od 14:21 hodin,<br \/>\nozna\u010den\u00ed PP; TV Nova s.r.o. \/ Nova Action, 5. 12. 2022 od 19:11 hodin, chyb\u011bj\u00edc\u00ed logo; \u010cesk\u00e1<br \/>\ntelevize \/ \u010cT1 a TV Nova s.r.o. \/ Nova Cinema, Nova a Seznam.cz TV, s.r.o. \/ Seznam.cz TV a<br \/>\nFTV Prima, spol. s r.o. \/ Prima Max, Prima &#8211; r\u016fzn\u00e9 po\u0159ady, vulgarismy; FTV Prima, spol. s r.o. \/<br \/>\nPrima a CNN Prima News &#8211; Partie Terezie Tom\u00e1nkov\u00e9, 11. 12. 2022 od 11:00 hodin, objektivita a<br \/>\nvyv\u00e1\u017eenost; Magical roof s.r.o. \/ JOJ Family &#8211; Nahota na prodej, 11. 12. 2022 od 14:45 hodin,<br \/>\nvhodnost vys\u00edl\u00e1n\u00ed; \u010cesk\u00e1 televize \/ \u010cT1 &#8211; M\u00e1te slovo s M. J\u00edlkovou, 8. 12. 2022 od 22:00 hodin,<br \/>\nobjektivita a vyv\u00e1\u017eenost; \u00dadajn\u011b klamav\u00e9 obchodn\u00ed sd\u011blen\u00ed na vejce &#8211; Billa; FTV Prima, spol. s r.o.<br \/>\n\/ Prima &#8211; K tabuli, \u00fadajn\u00e1 politick\u00e1 agitace; FTV Prima, spol. s r.o. \/ CNN Prima News &#8211; Krypta,<br \/>\n8. 12. 2022 od 14:43 hodin, ozna\u010den\u00ed sponzora po\u0159adu; \u010cesk\u00e1 televize \/ \u010cT2, \u010cT3 &#8211; Dobr\u00e9 r\u00e1no,<br \/>\n13. 12. 2022 od 05:59 hodin, ozna\u010den\u00ed PP; ViacomCBS Networks International Czech s.r.o. \/<br \/>\nParamount Network a TV Nova s.r.o. \/ Nova &#8211; r\u016fzn\u00e9 po\u0159ady, 9. &#8211; 11. 12. 2022, vulgarismy; Obchodn\u00ed<br \/>\nsd\u011blen\u00ed &#8211; luckybet.cz; Obchodn\u00ed sd\u011blen\u00ed &#8211; ALENSA MEDICAL s.r.o; \u010cesk\u00e1 televize \/ \u010cT1 a \u010cT24 &#8211;<br \/>\nV\u00e1no\u010dn\u00ed poselstv\u00ed prezidenta republiky Milo\u0161e Zemana, 26.12.2022 od 13:00 hodin, nevhodn\u00e9<br \/>\nukon\u010den\u00ed po\u0159adu; FTV Prima, spol. s r.o. \/ Prima &#8211; Pro bal\u00edk prach\u016f, Pan Dokonal\u00fd, 26. 12. 2022<br \/>\nod 11:00 hodin, n\u00e1sil\u00ed v upout\u00e1vce; \u010cesk\u00e1 televize \/ \u010cT2 &#8211; P\u00e9\u010de o du\u0161i, 16. 10. 2022 od 21:55<br \/>\nhodin, objektivita a vyv\u00e1\u017eenost; FTV Prima, spol. s r.o. \/ Prima &#8211; Mu\u017e s cejchem smrti a Pro bal\u00edk<br \/>\nprach\u016f, 28.12.2022 od 12:55 hodin, n\u00e1sil\u00ed v upout\u00e1vce; TV Nova s.r.o. \/ Nova &#8211; Televizn\u00ed noviny,<br \/>\n1. 12. 2022 od 19:30 hodin, pr\u00e1vo na odpov\u011b\u010f a objektivita a vyv\u00e1\u017eenost; TV Nova s.r.o. \/ Nova &#8211;<br \/>\nSlunce, seno, erotika, 1. 1. 2023 od 16:20 hodin, vhodnost vys\u00edl\u00e1n\u00ed; TV Nova s.r.o. \/ Nova a \u010cESK\u00c1<br \/>\nTELEVIZE \/ \u010cT sport &#8211; r\u016fzn\u00e9 po\u0159ady, sponzor programu; Barrandov Televizn\u00ed Studio a.s. \/<br \/>\nBarrandov Krimi &#8211; \u010cesk\u00e1 tajenka, 29. 12. 2022 od 6:05 hodin, nadm\u011brn\u00e1 propagace produktu;<br \/>\nBarrandov Televizn\u00ed Studio a.s. \/ Televize Barrandov &#8211; VIP Silvester 2022, 31. 12. 2022 od 20:56<br \/>\nhodin, ozna\u010den\u00ed sponzora po\u0159adu; Barrandov Televizn\u00ed Studio a.s. \/ Barrandov, r\u016fzn\u00e9 po\u0159ady &#8211;<br \/>\nozna\u010den\u00ed PP; FTV Prima, spol. s r.o. \/ Prima Cool &#8211; Smrtonosn\u00e1 past 3, 25. 12. 2022 od 20:15<br \/>\nhodin, vhodnost vys\u00edl\u00e1n\u00ed a vulgarismy; Vys\u00edl\u00e1n\u00ed rusk\u00fdch film\u016f; \u010cesk\u00e1 televize \/ \u010cT1, \u010cT24 &#8211;<br \/>\nzpravodajstv\u00ed \u010cT a Ot\u00e1zky V\u00e1clava Moravce, objektivita a vyv\u00e1\u017eenost; \u010cesk\u00e1 televize \/ \u010cT1, \u010cT24<br \/>\n&#8211; Ot\u00e1zky V\u00e1clava Moravce, 4. 12. 2022, pr\u00e1vo na odpov\u011b\u010f; St\u00ed\u017enost na vys\u00edl\u00e1n\u00ed \u0160l\u00e1gru kv\u016fli Andreji<br \/>\nBabi\u0161ovi; Barrandov Televizn\u00ed Studio a.s. \/ Televize Barrandov &#8211; Klenot.TV, 28. 12. a 29. 12. 2022<br \/>\nod 09:05 hodin, n\u00e1tlak ke koupi produktu;<br \/>\n&#8211; Rada coby \u00fast\u0159edn\u00ed spr\u00e1vn\u00ed \u00fa\u0159ad v r\u00e1mci sv\u00e9 p\u016fsobnosti dan\u00e9 ustanoven\u00edm \u00a7 5 p\u00edsm. a) a f)<br \/>\nz\u00e1kona \u010d. 231\/2001 Sb., o provozov\u00e1n\u00ed rozhlasov\u00e9ho a televizn\u00edho vys\u00edl\u00e1n\u00ed a o zm\u011bn\u011b dal\u0161\u00edch<br \/>\nz\u00e1kon\u016f, v platn\u00e9m zn\u011bn\u00ed (d\u00e1le jen z\u00e1kon \u010d. 231\/2001 Sb.), v souladu s ustanoven\u00edm \u00a7 78 odst. 1<br \/>\nz\u00e1kona \u010d. 250\/2016 Sb., z\u00e1kona o p\u0159estupc\u00edch a \u0159\u00edzen\u00edch o nich (d\u00e1le jen z\u00e1kon \u010d. 250\/2016 Sb.)<br \/>\nrozhodla zah\u00e1jit s provozovatelem vys\u00edl\u00e1n\u00ed \u010cesk\u00e1 televize, I\u010c: 00027383, s\u00eddlem: Kav\u010d\u00ed hory,<br \/>\nPraha 4, PS\u010c 140 70, (d\u00e1le \u201eobvin\u011bn\u00fd\u201c), \u0159\u00edzen\u00ed o p\u0159estupku z moci \u00fa\u0159edn\u00ed pro mo\u017en\u00e9 poru\u0161en\u00ed \u00a7 31<br \/>\nodst. 2 z\u00e1kona \u010d. 231\/2001 Sb., kter\u00e9ho se mohl dopustit odvys\u00edl\u00e1n\u00edm po\u0159adu Report\u00e9\u0159i \u010cT dne<br \/>\n10. \u0159\u00edjna 2022 od 21:25 hodin na programu \u010cT1, respektive report\u00e1\u017ee na t\u00e9ma Pomoz si s\u00e1m v<br \/>\ntomto po\u0159adu v\u010detn\u011b jeho moder\u00e1torsk\u00e9ho uveden\u00ed, kde v moder\u00e1torsk\u00e9m uveden\u00ed t\u00e9matu pou\u017eil<\/p>\n<p>skutkov\u00e9 tvrzen\u00ed z redak\u010dn\u00ed pozice o nominantech prezidenta republiky na z\u00e1stupce ve\u0159ejn\u00e9ho<br \/>\nochr\u00e1nce pr\u00e1v, \u017ee \u201ePrezident navrhuje lidi s n\u00e1klonnost\u00ed k agresivn\u00edmu Rusku.\u201c a \u201ePrezidentovi<br \/>\nnominanti vynikaj\u00ed t\u00edm, \u017ee jsou jim bl\u00edzk\u00e9 extr\u00e9mn\u00ed a prorusk\u00e9 postoje, od nich\u017e se na rozd\u00edl od<br \/>\nprezidenta nedistancovali ani v dob\u011b st\u00e1le agresivn\u011bj\u0161\u00ed rusk\u00e9 v\u00e1lky na Ukrajin\u011b.\u201c, kdy\u017e report\u00e1\u017en\u00ed<br \/>\nzpracov\u00e1n\u00ed t\u00e9matu se nezab\u00fdvalo vztahem p\u0159\u00edmo t\u011bchto nominant\u016f k Rusku ani projeven\u00edm jejich<br \/>\nvlastn\u00edho postoje k rusk\u00e9mu \u00fatoku na Ukrajinu; kde d\u00e1le v pas\u00e1\u017ei report\u00e1\u017ee v\u011bnovan\u00e9 fenom\u00e9nu<br \/>\nkritiky ve\u0159ejn\u00e9ho ochr\u00e1nce pr\u00e1v za\u0159adil kritick\u00e1 vyj\u00e1d\u0159en\u00ed dev\u00edti respondent\u016f k p\u016fsoben\u00ed ve\u0159ejn\u00e9ho<br \/>\nochr\u00e1nce pr\u00e1v, ale jen vyj\u00e1d\u0159en\u00ed samotn\u00e9ho ve\u0159ejn\u00e9ho ochr\u00e1nce pr\u00e1v na opa\u010dn\u00e9 n\u00e1zorov\u00e9 stran\u011b;<br \/>\nkde d\u00e1le v pas\u00e1\u017ei report\u00e1\u017ee v\u011bnovan\u00e9 kandid\u00e1t\u016fm na z\u00e1stupce ve\u0159ejn\u00e9ho ochr\u00e1nce pr\u00e1v bylo u<br \/>\nkandid\u00e1ta ze Sen\u00e1tu pouk\u00e1z\u00e1no na jeho vazbu s organizac\u00ed, o kter\u00e9 report\u00e1\u017e informovala v\u00fdb\u011brem<br \/>\nd\u00edl\u010d\u00edch jednostrann\u00fdch informac\u00ed vytr\u017een\u00fdch z kontextu a nijak bl\u00ed\u017ee nevysv\u011btlen\u00fdch a<br \/>\nnedolo\u017een\u00fdch, bez snahy o vysti\u017een\u00ed podstaty zam\u011b\u0159en\u00ed a fungov\u00e1n\u00ed dan\u00e9 organizace, a rovn\u011b\u017e<br \/>\nbez informov\u00e1n\u00ed o tom, jak konkr\u00e9tn\u011b s danou organizac\u00ed spolupracuje, nebo prezentace jin\u00fdch<br \/>\ninformac\u00ed o osob\u011b tohoto kandid\u00e1ta. Div\u00e1k tak nemusel dostat objektivn\u00ed a vyv\u00e1\u017een\u00e9 informace o<br \/>\nzpracovan\u00e9 t\u00e9matice, na z\u00e1klad\u011b kter\u00fdch by si na ni mohl svobodn\u011b vytvo\u0159it vlastn\u00ed n\u00e1zor<br \/>\nkoresponduj\u00edc\u00ed s realitou.<br \/>\n&#8211; Rada v r\u00e1mci sv\u00e9 p\u016fsobnosti dan\u00e9 ustanoven\u00edm \u00a7 5 odst. 1 p\u00edsm. a) a f) a \u00a7 59 odst. 1-3 z\u00e1kona<br \/>\n\u010d. 231\/2001 Sb., o provozov\u00e1n\u00ed rozhlasov\u00e9ho a televizn\u00edho vys\u00edl\u00e1n\u00ed a o zm\u011bn\u011b dal\u0161\u00edch z\u00e1kon\u016f (d\u00e1le<br \/>\njen z\u00e1kon \u010d. 231\/2001 Sb.), v platn\u00e9m zn\u011bn\u00ed, upozor\u0148uje provozovatele FTV Prima, spol. s r.o., I\u010c:<br \/>\n481 15 908, Vinohradsk\u00e1 3217\/167, Stra\u0161nice, 100 00, Praha 10, na poru\u0161en\u00ed ustanoven\u00ed \u00a7 53a<br \/>\nodst. 3 z\u00e1kona \u010d. 231\/2001 Sb., kter\u00e9ho se dopustil t\u00edm, \u017ee dne 5. 12. 2022 od 14:42 hodin a dne<br \/>\n6. 12. 2022 od 14:21 hodin na programu CNN Prima News odvys\u00edlal po\u0159ad Interview PLUS, kter\u00fd<br \/>\nje po\u0159adem s um\u00edst\u011bn\u00edm produktu, p\u0159i\u010dem\u017e po\u0159ad byl jako\u017eto po\u0159ad obsahuj\u00edc\u00ed um\u00edst\u011bn\u00ed produktu<br \/>\nozna\u010den pouze na sv\u00e9m za\u010d\u00e1tku, nikoli na konci. Po\u0159ady obsahuj\u00edc\u00ed um\u00edst\u011bn\u00ed produktu musej\u00ed b\u00fdt<br \/>\nna za\u010d\u00e1tku, na konci a v p\u0159\u00edpad\u011b p\u0159eru\u0161en\u00ed reklamou nebo teleshoppingov\u00fdmi \u0161oty rovn\u011b\u017e po tomto<br \/>\np\u0159eru\u0161en\u00ed z\u0159eteln\u011b ozna\u010deny jako po\u0159ady obsahuj\u00edc\u00ed um\u00edst\u011bn\u00ed produktu, aby div\u00e1ci nemohli b\u00fdt<br \/>\n\u017e\u00e1dn\u00fdm zp\u016fsobem uvedeni v omyl o povaze t\u011bchto po\u0159ad\u016f. Rada stanovuje lh\u016ftu k n\u00e1prav\u011b 7 dn\u016f<br \/>\nod doru\u010den\u00ed upozorn\u011bn\u00ed.<br \/>\n&#8211; Rada v r\u00e1mci sv\u00e9 p\u016fsobnosti dan\u00e9 ustanoven\u00edm \u00a7 5 odst. 1 p\u00edsm. a) a f) a \u00a7 59 odst. 1-3 z\u00e1kona<br \/>\n\u010d. 231\/2001 Sb., o provozov\u00e1n\u00ed rozhlasov\u00e9ho a televizn\u00edho vys\u00edl\u00e1n\u00ed a o zm\u011bn\u011b dal\u0161\u00edch z\u00e1kon\u016f (d\u00e1le<br \/>\njen z\u00e1kon \u010d. 231\/2001 Sb.), v platn\u00e9m zn\u011bn\u00ed, upozor\u0148uje provozovatele TV Nova s.r.o., I\u010c:<br \/>\n45800456, K\u0159\u00ed\u017eeneck\u00e9ho n\u00e1m\u011bst\u00ed 1078\/5, 152 00, Praha 5, na poru\u0161en\u00ed ustanoven\u00ed \u00a7 32 odst. 1<br \/>\np\u00edsm. n) z\u00e1kona \u010d. 231\/2001 Sb., kter\u00e9ho se dopustil t\u00edm, \u017ee dne 5. 12. 2022 od 19:11 hodin na<br \/>\nprogramu Nova Action nebylo v pr\u016fb\u011bhu vys\u00edl\u00e1n\u00ed ozna\u010den\u00ed sponzora, Muzea fantastick\u00fdch iluz\u00ed,<br \/>\nsou\u010d\u00e1st\u00ed vys\u00edl\u00e1n\u00ed logo programu. Provozovatel vys\u00edl\u00e1n\u00ed je povinen uv\u00e1d\u011bt ozna\u010den\u00ed televizn\u00edho<br \/>\nprogramu (logo) v televizn\u00edm vys\u00edl\u00e1n\u00ed, s v\u00fdjimkou vys\u00edl\u00e1n\u00ed reklamy a teleshoppingu. Rada stanovuje<br \/>\nlh\u016ftu k n\u00e1prav\u011b 7 dn\u016f od doru\u010den\u00ed upozorn\u011bn\u00ed.<br \/>\n&#8211; Rada v r\u00e1mci sv\u00e9 p\u016fsobnosti dan\u00e9 ustanoven\u00edm \u00a7 5 odst. 1 p\u00edsm. a) a f) a \u00a7 59 odst. 1-3 z\u00e1kona<br \/>\n\u010d. 231\/2001 Sb., o provozov\u00e1n\u00ed rozhlasov\u00e9ho a televizn\u00edho vys\u00edl\u00e1n\u00ed a o zm\u011bn\u011b dal\u0161\u00edch z\u00e1kon\u016f (d\u00e1le<br \/>\njen z\u00e1kon \u010d. 231\/2001 Sb.), v platn\u00e9m zn\u011bn\u00ed, upozor\u0148uje provozovatele Magical roof s.r.o., I\u010c:<br \/>\n4899784, se s\u00eddlem Pob\u0159e\u017en\u00ed 297\/14, 186 00 Praha, na poru\u0161en\u00ed ustanoven\u00ed \u00a7 32 odst. 1 p\u00edsm. g)<br \/>\nz\u00e1kona \u010d. 231\/2001 Sb., kter\u00e9ho se dopustil t\u00edm, \u017ee dne 11. 12. 2022 od 14:45 hodin na programu<br \/>\nJOJ Family odvys\u00edlal po\u0159ad Nahota na prodej, kter\u00fd obsahoval n\u00e1siln\u00e9 sc\u00e9ny, kter\u00e9 mohou v\u00e9st u<br \/>\nnezletil\u00fdch osob ke vzniku \u00fazkostn\u00fdch a traumatizuj\u00edc\u00edch stav\u016f, a erotick\u00e9 a sexu\u00e1ln\u00ed sc\u00e9ny,<br \/>\nobsahuj\u00edc\u00ed explicitn\u00ed sexu\u00e1ln\u00ed chov\u00e1n\u00ed ve form\u011b simulace sexu \u010di BDSM praktik, kter\u00e9 mohou m\u00edt<br \/>\nnegativn\u00ed vliv na zdrav\u00fd psychosexu\u00e1ln\u00ed v\u00fdvoj nezletil\u00fdch osob, \u010d\u00edm\u017e poru\u0161il povinnost neza\u0159azovat<br \/>\nv dob\u011b od 06.00 hodin do 22.00 hodin do vys\u00edl\u00e1n\u00ed po\u0159ady, kter\u00e9 by mohly naru\u0161it fyzick\u00fd, psychick\u00fd<br \/>\nnebo mravn\u00ed v\u00fdvoj nezletil\u00fdch osob. Rada stanovuje lh\u016ftu k n\u00e1prav\u011b 7 dn\u016f od doru\u010den\u00ed upozorn\u011bn\u00ed.<br \/>\n&#8211; Rada v r\u00e1mci sv\u00e9 p\u016fsobnosti dan\u00e9 ustanoven\u00edm \u00a7 5 odst. 1 p\u00edsm. a) a f) a \u00a7 59 odst. 1-3 z\u00e1kona<br \/>\n\u010d. 231\/2001 Sb., o provozov\u00e1n\u00ed rozhlasov\u00e9ho a televizn\u00edho vys\u00edl\u00e1n\u00ed a o zm\u011bn\u011b dal\u0161\u00edch z\u00e1kon\u016f (d\u00e1le<\/p>\n<p>jen z\u00e1kon \u010d. 231\/2001 Sb.), v platn\u00e9m zn\u011bn\u00ed, upozor\u0148uje provozovatele \u010cesk\u00e1 televize, I\u010c<br \/>\n00027383, s\u00eddlem Na h\u0159ebenech II 1132\/4, Praha 4, PS\u010c 14700, na poru\u0161en\u00ed ustanoven\u00ed \u00a7 53a<br \/>\nodst. 3 z\u00e1kona \u010d. 231\/2001 Sb., kter\u00e9ho se dopustil t\u00edm, \u017ee dne 13. 12. 2022 od 05:59 hodin na<br \/>\nprogramu \u010cT2 a \u010cT3 odvys\u00edlal po\u0159ad Dobr\u00e9 r\u00e1no, kter\u00fd je po\u0159adem s um\u00edst\u011bn\u00edm produktu, p\u0159i\u010dem\u017e<br \/>\npo\u0159ad byl jako\u017eto po\u0159ad obsahuj\u00edc\u00ed um\u00edst\u011bn\u00ed produktu ozna\u010den pouze na sv\u00e9m konci, nikoli na<br \/>\nza\u010d\u00e1tku. Po\u0159ady obsahuj\u00edc\u00ed um\u00edst\u011bn\u00ed produktu musej\u00ed b\u00fdt na za\u010d\u00e1tku, na konci a v p\u0159\u00edpad\u011b<br \/>\np\u0159eru\u0161en\u00ed reklamou nebo teleshoppingov\u00fdmi \u0161oty rovn\u011b\u017e po tomto p\u0159eru\u0161en\u00ed z\u0159eteln\u011b ozna\u010deny<br \/>\njako po\u0159ady obsahuj\u00edc\u00ed um\u00edst\u011bn\u00ed produktu, aby div\u00e1ci nemohli b\u00fdt \u017e\u00e1dn\u00fdm zp\u016fsobem uvedeni v<br \/>\nomyl o povaze t\u011bchto po\u0159ad\u016f. Rada stanovuje lh\u016ftu k n\u00e1prav\u011b 7 dn\u016f od doru\u010den\u00ed upozorn\u011bn\u00ed.<br \/>\n&#8211; Rada \u017e\u00e1d\u00e1 St\u00e1tn\u00ed \u00fastav pro kontrolu l\u00e9\u010div o stanovisko ve v\u011bci reklamy na zdravotnick\u00e9<br \/>\nprost\u0159edky, resp. ve v\u011bci podpory pou\u017e\u00edv\u00e1n\u00ed zdravotnick\u00e9ho prost\u0159edku ze strany odborn\u00edk\u016f \u010di<br \/>\ncelebrit v souvislosti s propagac\u00ed br\u00fdlov\u00fdch obrou\u010dek.<br \/>\n&#8211; Rada v r\u00e1mci sv\u00e9 p\u016fsobnosti dan\u00e9 ustanoven\u00edm \u00a7 5 odst. 1 p\u00edsm. a) a f) a \u00a7 59 odst. 1-3 z\u00e1kona<br \/>\n\u010d. 231\/2001 Sb., o provozov\u00e1n\u00ed rozhlasov\u00e9ho a televizn\u00edho vys\u00edl\u00e1n\u00ed a o zm\u011bn\u011b dal\u0161\u00edch z\u00e1kon\u016f (d\u00e1le<br \/>\njen z\u00e1kon \u010d. 231\/2001 Sb.), v platn\u00e9m zn\u011bn\u00ed, upozor\u0148uje provozovatele TV Nova s.r.o., I\u010c:<br \/>\n45800456, K\u0159\u00ed\u017eeneck\u00e9ho n\u00e1m\u011bst\u00ed 1078\/5, 152 00, Praha 5, na poru\u0161en\u00ed ustanoven\u00ed \u00a7 53 odst. 5<br \/>\nz\u00e1kona \u010d. 231\/2001 Sb., kter\u00e9ho se dopustil t\u00edm, \u017ee dne 22. 12. 2022 od 20:25 hod. odvys\u00edlal na<br \/>\nprogramu Nova ozna\u010den\u00ed sponzora programu Mixit s.r.o, kter\u00e9 nebylo odd\u011bleno od vys\u00edl\u00e1n\u00ed<br \/>\nn\u00e1sleduj\u00edc\u00edho po\u0159adu. Rada stanovuje lh\u016ftu k n\u00e1prav\u011b 7 dn\u016f od doru\u010den\u00ed upozorn\u011bn\u00ed.<br \/>\n&#8211; Rada v r\u00e1mci sv\u00e9 p\u016fsobnosti dan\u00e9 ustanoven\u00edm \u00a7 5 odst. 1 p\u00edsm. a) a f) a \u00a7 59 odst. 1-3 z\u00e1kona<br \/>\n\u010d. 231\/2001 Sb., o provozov\u00e1n\u00ed rozhlasov\u00e9ho a televizn\u00edho vys\u00edl\u00e1n\u00ed a o zm\u011bn\u011b dal\u0161\u00edch z\u00e1kon\u016f (d\u00e1le<br \/>\njen z\u00e1kon \u010d. 231\/2001 Sb.), v platn\u00e9m zn\u011bn\u00ed, upozor\u0148uje provozovatele \u010cesk\u00e1 televize, I\u010c<br \/>\n00027383, s\u00eddlem Na h\u0159ebenech II 1132\/4, Praha 4, PS\u010c 14700, na poru\u0161en\u00ed ustanoven\u00ed \u00a7 53<br \/>\nodst. 5 z\u00e1kona \u010d. 231\/2001 Sb., kter\u00e9ho se dopustil t\u00edm, \u017ee dne 29. 12. 2022 od 01:45 hodin<br \/>\nodvys\u00edlal na programu \u010cT sport ozna\u010den\u00ed sponzora programu Pragosport, a.s., kter\u00e9 nebylo<br \/>\nodd\u011bleno od vys\u00edl\u00e1n\u00ed n\u00e1sleduj\u00edc\u00edho po\u0159adu.. Rada stanovuje lh\u016ftu k n\u00e1prav\u011b 7 dn\u016f od doru\u010den\u00ed<br \/>\nupozorn\u011bn\u00ed.<br \/>\n&#8211; Rada v r\u00e1mci sv\u00e9 p\u016fsobnosti dan\u00e9 ustanoven\u00edm \u00a7 5 odst. 1 p\u00edsm. a) a f) a \u00a7 59 odst. 1-3 z\u00e1kona<br \/>\n\u010d. 231\/2001 Sb., o provozov\u00e1n\u00ed rozhlasov\u00e9ho a televizn\u00edho vys\u00edl\u00e1n\u00ed a o zm\u011bn\u011b dal\u0161\u00edch z\u00e1kon\u016f (d\u00e1le<br \/>\njen z\u00e1kon \u010d. 231\/2001 Sb.), v platn\u00e9m zn\u011bn\u00ed, upozor\u0148uje provozovatele Barrandov Televizn\u00ed Studio<br \/>\na.s., I\u010c 416 93 311, Praha 5, K\u0159\u00ed\u017eeneck\u00e9ho n\u00e1m. 322, 15200, na poru\u0161en\u00ed ustanoven\u00ed \u00a7 53a odst.<br \/>\n2 p\u00edsm. c) z\u00e1kona \u010d. 231\/2001 Sb., kter\u00e9ho se dopustil t\u00edm, \u017ee dne 29. 12. 2022 od 06:03 hodin na<br \/>\nprogramu Barrandov Krimi odvys\u00edlal po\u0159ad \u010cesk\u00e1 tajenka, kter\u00fd je po\u0159adem s um\u00edst\u011bn\u00edm produktu,<br \/>\nv n\u011bm\u017e byl nepat\u0159i\u010dn\u011b zd\u016frazn\u011bn produkt od spole\u010dnosti Kab\u00e1t spol. s r.o. (v\u00e1no\u010dka a poukaz v<br \/>\nhodnot\u011b 400 K\u010d na n\u00e1kup v prodejn\u00e1ch pek\u00e1ren Kab\u00e1t) slovn\u00edm koment\u00e1\u0159em, kter\u00fd byl ve srovn\u00e1n\u00ed<br \/>\ns ostatn\u00edmi dv\u011bma um\u00edst\u011bn\u00fdmi produkty v\u00fdrazn\u011b del\u0161\u00ed a z\u00e1rove\u0148 nepopisoval pouze produkt jako<br \/>\ntakov\u00fd, ale vykresloval v pozitivn\u00edm sv\u011btle samotnou spole\u010dnost Kab\u00e1t spol. s r.o. Podle ustanoven\u00ed<br \/>\n\u00a7 53a odst. 2 p\u00edsm. c) z\u00e1kona \u010d. 231\/2001 Sb. po\u0159ady obsahuj\u00edc\u00ed um\u00edst\u011bn\u00ed produktu nesm\u011bj\u00ed<br \/>\nnepat\u0159i\u010dn\u011b zd\u016fraz\u0148ovat um\u00edst\u011bn\u00fd produkt. Rada stanovuje lh\u016ftu k n\u00e1prav\u011b 7 dn\u016f od doru\u010den\u00ed<br \/>\nupozorn\u011bn\u00ed.<br \/>\n&#8211; Rada v r\u00e1mci sv\u00e9 p\u016fsobnosti dan\u00e9 ustanoven\u00edm \u00a7 5 odst. 1 p\u00edsm. a) a f) a \u00a7 59 odst. 1-3 z\u00e1kona<br \/>\n\u010d. 231\/2001 Sb., o provozov\u00e1n\u00ed rozhlasov\u00e9ho a televizn\u00edho vys\u00edl\u00e1n\u00ed a o zm\u011bn\u011b dal\u0161\u00edch z\u00e1kon\u016f (d\u00e1le<br \/>\njen z\u00e1kon \u010d. 231\/2001 Sb.), v platn\u00e9m zn\u011bn\u00ed, upozor\u0148uje provozovatele Barrandov Televizn\u00ed Studio<br \/>\na.s., I\u010c 416 93 311, Praha 5, K\u0159\u00ed\u017eeneck\u00e9ho n\u00e1m. 322, 15200, na poru\u0161en\u00ed ustanoven\u00ed \u00a7 53a odst.<br \/>\n3 z\u00e1kona \u010d. 231\/2001 Sb., kter\u00e9ho se dopustil t\u00edm, \u017ee na programu Televize Barrandov odvys\u00edlal<br \/>\nn\u00e1sleduj\u00edc\u00ed po\u0159ady &#8211; dne 23. 12. 2022 od 13:43 hodin po\u0159ad V\u00e1no\u010dn\u00ed Sejdeme se na Cibulce, dne<br \/>\n23. 12. 2022, od 16:20 hodin po\u0159ad M\u016f\u017eu d\u00e1l?, dne 27. 12. 2022 od 20:13 hodin po\u0159ad<br \/>\nBarrandovsk\u00fd Silvestr 2015, dne 31. 12. 2022 od 19:58 hodin po\u0159ad T\u00fdden podle Jarom\u00edra<br \/>\nSoukupa speci\u00e1l a dne 1. 1. 2023, od 23:18 hodin po\u0159ad T\u00fdden podle Jarom\u00edra Soukupa speci\u00e1l,<\/p>\n<p>kter\u00e9 jsou po\u0159ady s um\u00edst\u011bn\u00edm produktu, p\u0159i\u010dem\u017e tyto po\u0159ady byly jako\u017eto po\u0159ady obsahuj\u00edc\u00ed<br \/>\num\u00edst\u011bn\u00ed produktu ozna\u010deny pouze na sv\u00e9m za\u010d\u00e1tku a konci, ale nikoliv p\u0159i skon\u010den\u00ed p\u0159eru\u0161en\u00ed<br \/>\nreklamn\u00edm blokem. Po\u0159ady obsahuj\u00edc\u00ed um\u00edst\u011bn\u00ed produktu musej\u00ed b\u00fdt na za\u010d\u00e1tku, na konci a v<br \/>\np\u0159\u00edpad\u011b p\u0159eru\u0161en\u00ed reklamou nebo teleshoppingov\u00fdmi \u0161oty rovn\u011b\u017e po tomto p\u0159eru\u0161en\u00ed z\u0159eteln\u011b<br \/>\nozna\u010deny jako po\u0159ady obsahuj\u00edc\u00ed um\u00edst\u011bn\u00ed produktu, aby div\u00e1ci nemohli b\u00fdt \u017e\u00e1dn\u00fdm zp\u016fsobem<br \/>\nuvedeni v omyl o povaze t\u011bchto po\u0159ad\u016f. Rada stanovuje lh\u016ftu k n\u00e1prav\u011b 7 dn\u016f od doru\u010den\u00ed<br \/>\nupozorn\u011bn\u00ed.<br \/>\n&#8211; Rada v r\u00e1mci sv\u00e9 p\u016fsobnosti dan\u00e9 ustanoven\u00edm \u00a7 5 odst. 1 p\u00edsm. a) a f) a \u00a7 59 odst. 1-3 z\u00e1kona<br \/>\n\u010d. 231\/2001 Sb., o provozov\u00e1n\u00ed rozhlasov\u00e9ho a televizn\u00edho vys\u00edl\u00e1n\u00ed a o zm\u011bn\u011b dal\u0161\u00edch z\u00e1kon\u016f (d\u00e1le<br \/>\njen z\u00e1kon \u010d. 231\/2001 Sb.), v platn\u00e9m zn\u011bn\u00ed, upozor\u0148uje provozovatele Barrandov Televizn\u00ed Studio<br \/>\na.s., I\u010c 416 93 311, Praha 5, K\u0159\u00ed\u017eeneck\u00e9ho n\u00e1m. 322, 15200, na poru\u0161en\u00ed ustanoven\u00ed \u00a7 53a odst.<br \/>\n3 z\u00e1kona \u010d. 231\/2001 Sb., kter\u00e9ho se dopustil t\u00edm, \u017ee dne 28. 12. 2022 od 20:15 hodin odvys\u00edlal<br \/>\npo\u0159ad Barrandovsk\u00fd Silvestr 2014 na programu Televize Barrandov, kter\u00fd je po\u0159adem s um\u00edst\u011bn\u00edm<br \/>\nproduktu, p\u0159i\u010dem\u017e po\u0159ad nebyl jako\u017eto po\u0159ad obsahuj\u00edc\u00ed um\u00edst\u011bn\u00ed produktu ozna\u010den symbolem PP.<br \/>\nPo\u0159ady obsahuj\u00edc\u00ed um\u00edst\u011bn\u00ed produktu musej\u00ed b\u00fdt na za\u010d\u00e1tku, na konci a v p\u0159\u00edpad\u011b p\u0159eru\u0161en\u00ed<br \/>\nreklamou nebo teleshoppingov\u00fdmi \u0161oty rovn\u011b\u017e po tomto p\u0159eru\u0161en\u00ed z\u0159eteln\u011b ozna\u010deny jako po\u0159ady<br \/>\nobsahuj\u00edc\u00ed um\u00edst\u011bn\u00ed produktu, aby div\u00e1ci nemohli b\u00fdt \u017e\u00e1dn\u00fdm zp\u016fsobem uvedeni v omyl o povaze<br \/>\nt\u011bchto po\u0159ad\u016f. Rada stanovuje lh\u016ftu k n\u00e1prav\u011b 7 dn\u016f od doru\u010den\u00ed upozorn\u011bn\u00ed.<br \/>\n&#8211; Rada se sezn\u00e1mila s n\u00e1sleduj\u00edc\u00edmi pod\u00e1n\u00edmi k obsahu televizn\u00edch program\u016f doru\u010den\u00fdmi od<br \/>\n5. do 17. ledna 2023: Seznam.cz TV, s.r.o. \/ Seznam.cz TV &#8211; podm\u00ednky licence; TV Nova s.r.o. \/<br \/>\nNova Action &#8211; PP v po\u0159adu DAKAR 2023, 4. 1. 2023 od 21:46 hod; FTV Prima, spol. s r.o. \/ Prima<br \/>\nZOOM &#8211; PP v po\u0159adu Prima SV\u011aT, 11. 1. 2023 od 12:27 hod; FTV Prima, spol. s r.o. \/ CNN Prima<br \/>\nNews &#8211; Zpr\u00e1vy &#8211; Hled\u00e1 se prezident, 7. 1. 2023 od 18:00 hod (2 pod\u00e1n\u00ed); Televizn\u00ed reklama na<br \/>\nIKEA; TV Nova s.r.o. \/ NOVA &#8211; Televizn\u00ed noviny &#8211; V Pa\u0159\u00ed\u017ei zadr\u017eeli \u00fato\u010dn\u00edka, kter\u00fd pobodal \u0161est lid\u00ed,<br \/>\n11. 1. 2023 od 20:04 hod; FTV Prima, spol. s r.o. \/ CNN Prima News &#8211; PP v po\u0159adu Showtime, 8. 1.<br \/>\n2023 od 20:00 hod; \u010cesk\u00e1 televize \/ \u010cT1, \u010cT24 &#8211; Superdebata, 8. 1. 2023 od 20:00 hod<br \/>\n(16 pod\u00e1n\u00ed).<br \/>\n&#8211; Rada v r\u00e1mci sv\u00e9 kompetence dan\u00e9 \u00a7 5 p\u00edsm. a) a f) z\u00e1kona \u010d. 231\/2001 Sb., o provozov\u00e1n\u00ed<br \/>\nrozhlasov\u00e9ho a televizn\u00edho vys\u00edl\u00e1n\u00ed a o zm\u011bn\u011b dal\u0161\u00edch z\u00e1kon\u016f, v platn\u00e9m zn\u011bn\u00ed (d\u00e1le jen \u201ez\u00e1kon<br \/>\n\u010d. 231\/2001 Sb.\u201c) a v souladu s ustanoven\u00edm \u00a7 137 odst. 1 z\u00e1kona \u010d. 500\/2004 Sb., spr\u00e1vn\u00ed \u0159\u00e1d,<br \/>\n(d\u00e1le jen \u201ez\u00e1kon \u010d. 500\/2004 Sb.\u201c) \u017e\u00e1d\u00e1 provozovatele Seznam.cz TV, s.r.o., I\u010c 06387233, s\u00eddlem<br \/>\nRadlick\u00e1 3294\/10, Praha, 150 00, o pod\u00e1n\u00ed vysv\u011btlen\u00ed, jak\u00fdmi zpravodajsk\u00fdmi po\u0159ady na programu<br \/>\nSeznam.cz TV napl\u0148uje od za\u010d\u00e1tku roku 2023 dal\u0161\u00ed programov\u00e9 podm\u00ednky licence, kter\u00e9 hovo\u0159\u00ed o<br \/>\nzam\u011b\u0159en\u00ed programu na informace a z\u00e1bavu, zejm\u00e9na \u201ena dramatickou tvorbu, dokumenty, z\u00e1bavu,<br \/>\nzpravodajstv\u00ed \u010di publicistiku\u201c. Rada stanovuje lh\u016ftu k pod\u00e1n\u00ed vysv\u011btlen\u00ed 30 dn\u00ed ode dne doru\u010den\u00ed<br \/>\nt\u00e9to v\u00fdzvy.<br \/>\n&#8211; Rada v r\u00e1mci sv\u00e9 p\u016fsobnosti dan\u00e9 ustanoven\u00edm \u00a7 5 p\u00edsm. a) a f) a \u00a7 59 odst. 1-3 z\u00e1kona<br \/>\n\u010d. 231\/2001 Sb., o provozov\u00e1n\u00ed rozhlasov\u00e9ho a televizn\u00edho vys\u00edl\u00e1n\u00ed a o zm\u011bn\u011b dal\u0161\u00edch z\u00e1kon\u016f (d\u00e1le<br \/>\njen \u201ez\u00e1kon \u010d. 231\/2001 Sb.\u201c), v platn\u00e9m zn\u011bn\u00ed, upozor\u0148uje provozovatele TV Nova s.r.o., I\u010c:<br \/>\n45800456, s\u00eddlem: K\u0159\u00ed\u017eeneck\u00e9ho n\u00e1m. 1078\/5, Praha 5, PS\u010c 152 00, na poru\u0161en\u00ed ustanoven\u00ed<br \/>\n\u00a7 53a odst. 3 z\u00e1kona \u010d. 231\/2001 Sb., kter\u00e9ho se dopustil odvys\u00edl\u00e1n\u00edm po\u0159adu DAKAR 2023 dne<br \/>\n4. ledna 2023 od 21:46 hodin na programu Nova Action. Po\u0159ad byl jako\u017eto po\u0159ad obsahuj\u00edc\u00ed<br \/>\num\u00edst\u011bn\u00ed produktu ozna\u010den pouze na sv\u00e9m za\u010d\u00e1tku. Po p\u0159eru\u0161en\u00ed reklamou, v \u010dasech 0:30:26 hod<br \/>\na 1:00:00 hod od za\u010d\u00e1tku z\u00e1znamu, a na konci po\u0159adu ozna\u010den\u00ed chyb\u011blo. Div\u00e1ci tak mohli b\u00fdt o<br \/>\npovaze po\u0159adu uvedeni v omyl. Rada stanovuje lh\u016ftu k n\u00e1prav\u011b 7 dn\u00ed ode dne doru\u010den\u00ed<br \/>\nupozorn\u011bn\u00ed.<br \/>\n&#8211; Rada v r\u00e1mci sv\u00e9 p\u016fsobnosti dan\u00e9 ustanoven\u00edm \u00a7 5 p\u00edsm. a) a f) a \u00a7 59 odst. 1-3 z\u00e1kona<br \/>\n\u010d. 231\/2001 Sb., o provozov\u00e1n\u00ed rozhlasov\u00e9ho a televizn\u00edho vys\u00edl\u00e1n\u00ed a o zm\u011bn\u011b dal\u0161\u00edch z\u00e1kon\u016f (d\u00e1le<br \/>\njen \u201ez\u00e1kon \u010d. 231\/2001 Sb.\u201c), v platn\u00e9m zn\u011bn\u00ed, upozor\u0148uje provozovatele FTV Prima, spol. s r.o.,<\/p>\n<p>I\u010c 48115908, s\u00eddlem: Vinohradsk\u00e1 3217\/167, Praha 10, PS\u010c 100 00, na poru\u0161en\u00ed ustanoven\u00ed<br \/>\n\u00a7 53a odst. 3 z\u00e1kona \u010d. 231\/2001 Sb., jeho\u017e se dopustil odvys\u00edl\u00e1n\u00edm po\u0159adu Prima SV\u011aT dne<br \/>\n11. ledna 2023 od 12:27 hodin na programu Prima ZOOM. Po\u0159ad byl jako\u017eto po\u0159ad obsahuj\u00edc\u00ed<br \/>\num\u00edst\u011bn\u00ed produktu ozna\u010den jen na za\u010d\u00e1tku a na konci report\u00e1\u017ee o ostr\u016fvku pobl\u00ed\u017e Madagaskaru ve<br \/>\nst\u0159edn\u00ed \u010d\u00e1sti po\u0159adu, nikoliv na za\u010d\u00e1tku a na konci po\u0159adu, jak stanovuje z\u00e1kon. Div\u00e1ci tak mohli<br \/>\nb\u00fdt uvedeni v omyl o povaze tohoto po\u0159adu. Rada stanovuje lh\u016ftu k n\u00e1prav\u011b 7 dn\u016f od doru\u010den\u00ed<br \/>\nupozorn\u011bn\u00ed.<br \/>\n&#8211; Rada se sezn\u00e1mila s anal\u00fdzou vys\u00edl\u00e1n\u00ed programu KTK provozovatele Kabelov\u00e1 televize<br \/>\nKop\u0159ivnice, s.r.o. p\u0159ed volbami do obecn\u00edch zastupitelstev a t\u0159etiny Sen\u00e1tu P\u010cR za obdob\u00ed 10. &#8211;<br \/>\n23. z\u00e1\u0159\u00ed 2022.<br \/>\n&#8211; Rada se sezn\u00e1mila s anal\u00fdzou vys\u00edl\u00e1n\u00ed programu TV FOCUS provozovatele Jaroslav Heindl<br \/>\np\u0159ed volbami do obecn\u00edch zastupitelstev a t\u0159etiny Sen\u00e1tu P\u010cR za obdob\u00ed 10. &#8211; 23. z\u00e1\u0159\u00ed 2022.<br \/>\n&#8211; Rada se sezn\u00e1mila s anal\u00fdzou vys\u00edl\u00e1n\u00ed programu IFK provozovatele FIBERA s.r.o. p\u0159ed volbami<br \/>\ndo obecn\u00edch zastupitelstev a t\u0159etiny Sen\u00e1tu P\u010cR za obdob\u00ed 10. &#8211; 23. z\u00e1\u0159\u00ed 2022.<br \/>\n&#8211; Rada v r\u00e1mci sv\u00e9 p\u016fsobnosti dan\u00e9 ustanoven\u00edm \u00a7 5 p\u00edsm. a) z\u00e1kona \u010d. 231\/2001 Sb., o<br \/>\nprovozov\u00e1n\u00ed rozhlasov\u00e9ho a televizn\u00edho vys\u00edl\u00e1n\u00ed a o zm\u011bn\u011b dal\u0161\u00edch z\u00e1kon\u016f (d\u00e1le jen z\u00e1kon<br \/>\n\u010d. 231\/2001 Sb.), v platn\u00e9m zn\u011bn\u00ed, a v souladu s ustanoven\u00edm \u00a7 137 odst. 1 z\u00e1kona \u010d. 500\/2004<br \/>\nSb., spr\u00e1vn\u00ed \u0159\u00e1d (d\u00e1le jen \u201ez\u00e1kon \u010d. 500\/2004 Sb.\u201c) \u017e\u00e1d\u00e1 provozovatele FIBERA, s.r.o., I\u010c<br \/>\n28509463, se s\u00eddlem N\u00e1m\u011bst\u00ed svobody 526, T\u0159inec, PS\u010c 739 61, o pod\u00e1n\u00ed vysv\u011btlen\u00ed, jak\u00e9 povahy<br \/>\njsou ozn\u00e1men\u00ed vys\u00edlan\u00e1 na programu IFK ve videotextov\u00e9 smy\u010dce a zda jsou tato ozn\u00e1men\u00ed<br \/>\nvys\u00edl\u00e1na za \u00faplatu \u010di obdobnou protihodnotu. Dotaz se t\u00fdk\u00e1 zejm\u00e9na ozn\u00e1men\u00ed o sjezdu absolvent\u016f<br \/>\nPSP T\u0159inec a o komunitn\u00edm pl\u00e1nov\u00e1n\u00ed statut\u00e1rn\u00edho m\u011bsta T\u0159ince, kter\u00e1 byla vys\u00edl\u00e1na ve<br \/>\nvideotextov\u00e9 smy\u010dce programu IFK (ozn\u00e1men\u00ed o sjezdu absolvent\u016f bylo zaznamen\u00e1no 10. z\u00e1\u0159\u00ed<br \/>\n2022 v \u010dase 0:34:56 a d\u00e1le pak v pravideln\u00fdch intervalech v cel\u00e9m sledovan\u00e9m \u00faseku do 23. z\u00e1\u0159\u00ed<br \/>\n2022; ozn\u00e1men\u00ed o komunitn\u00edm pl\u00e1nov\u00e1n\u00ed bylo vys\u00edl\u00e1no od 16. z\u00e1\u0159\u00ed 2022, 13:15:00 a d\u00e1le pak v<br \/>\npravideln\u00fdch intervalech v cel\u00e9m sledovan\u00e9m \u00faseku do 23. z\u00e1\u0159\u00ed 2022), ale z\u00e1rove\u0148 tak\u00e9 mezi<br \/>\nreklamami (reklama na sjezd absolvent\u016f byla ve smy\u010dce zaznamen\u00e1na 10. z\u00e1\u0159\u00ed 2022 v \u010dase<br \/>\n1:15:59 a d\u00e1le pak v pravideln\u00fdch intervalech v cel\u00e9m sledovan\u00e9m \u00faseku do 23. z\u00e1\u0159\u00ed 2022; reklama<br \/>\nna komunitn\u00ed pl\u00e1nov\u00e1n\u00ed byla ve smy\u010dce vys\u00edl\u00e1na od 16. z\u00e1\u0159\u00ed 2022 v \u010dase 13:00:25 a d\u00e1le pak v<br \/>\npravideln\u00fdch intervalech v cel\u00e9m sledovan\u00e9m \u00faseku do 23. z\u00e1\u0159\u00ed 2022). Rada stanovuje lh\u016ftu k<br \/>\npod\u00e1n\u00ed vysv\u011btlen\u00ed 30 dn\u00ed ode dne doru\u010den\u00ed t\u00e9to v\u00fdzvy.<br \/>\n&#8211; Rada se sezn\u00e1mila s anal\u00fdzou vys\u00edl\u00e1n\u00ed program\u016f Region\u00e1ln\u00ed informa\u010dn\u00ed kan\u00e1l a Televize<br \/>\nIvan\u010dice provozovatele Jaroslav Voborn\u00fd p\u0159ed volbami do obecn\u00edch zastupitelstev a t\u0159etiny Sen\u00e1tu<br \/>\nP\u010cR za obdob\u00ed 10. &#8211; 23. z\u00e1\u0159\u00ed 2022.<br \/>\n&#8211; Rada se sezn\u00e1mila s anal\u00fdzou vys\u00edl\u00e1n\u00ed programu rtm plus Liberecko provozovatele Libereck\u00e1<br \/>\nTV s.r.o. p\u0159ed volbami do obecn\u00edch zastupitelstev a t\u0159etiny Sen\u00e1tu P\u010cR za obdob\u00ed 10. &#8211; 23. z\u00e1\u0159\u00ed<br \/>\n2022.<br \/>\n&#8211; Rada v r\u00e1mci sv\u00e9 kompetence dan\u00e9 \u00a7 5 p\u00edsm. a) a f) z\u00e1kona \u010d. 231\/2001 Sb., o provozov\u00e1n\u00ed<br \/>\nrozhlasov\u00e9ho a televizn\u00edho vys\u00edl\u00e1n\u00ed a o zm\u011bn\u011b dal\u0161\u00edch z\u00e1kon\u016f, v platn\u00e9m zn\u011bn\u00ed (d\u00e1le jen \u201ez\u00e1kon \u010d.<br \/>\n231\/2001 Sb.\u201c) a v souladu s ustanoven\u00edm \u00a7 137 odst. 1 z\u00e1kona \u010d. 500\/2004 Sb., spr\u00e1vn\u00ed \u0159\u00e1d, (d\u00e1le<br \/>\njen \u201ez\u00e1kon \u010d. 500\/2004 Sb.\u201c) \u017e\u00e1d\u00e1 provozovatele Libereck\u00e1 TV s.r.o., I\u010c 02168987, s\u00eddlem<br \/>\nMr\u0161t\u00edkova 399\/2a, Liberec III-Je\u0159\u00e1b, PS\u010c 460 07, o pod\u00e1n\u00ed vysv\u011btlen\u00ed, z jak\u00e9ho d\u016fvodu v r\u00e1mci<br \/>\nzpravodajsk\u00e9ho po\u0159adu M\u011bsta a obce Libereck\u00e9ho kraje, odvys\u00edlan\u00e9ho v premi\u00e9\u0159e dne 12. z\u00e1\u0159\u00ed<br \/>\n2022 v 17:44 hodin na programu rtm plus Liberecko, nezprost\u0159edkoval div\u00e1k\u016fm v souvislosti s<br \/>\ninformov\u00e1n\u00edm o pl\u00e1novan\u00fdch investi\u010dn\u00edch akc\u00edch (v\u00fdstavba obecn\u00edho centra) v obci Je\u0159manice<br \/>\nargumenty politick\u00e9 opozice, kter\u00e1 odm\u00edtala \u0159e\u0161en\u00ed navr\u017een\u00e1 veden\u00edm obce, a d\u00e1le, z jak\u00e9ho<br \/>\nd\u016fvodu p\u0159edm\u011btn\u00e9 vyd\u00e1n\u00ed po\u0159adu za\u0159adil mezi p\u0159edvolebn\u00ed speci\u00e1ly vys\u00edlan\u00e9 v obdob\u00ed p\u0159ed<br \/>\nvolbami do obecn\u00edch zastupitelstev, p\u0159esto\u017ee v po\u0159adu nep\u0159edstavil v\u0161echny politick\u00e9 subjekty<br \/>\nkandiduj\u00edc\u00ed do zastupitelstva obce Je\u0159manice tak, aby si div\u00e1ci m\u011bli mo\u017enost vytvo\u0159it vlastn\u00ed<\/p>\n<p>nez\u00e1visl\u00fd n\u00e1zor na nab\u00eddku kandid\u00e1tn\u00edch listin v Je\u0159manic\u00edch, co\u017e mohlo v\u00e9st k naru\u0161en\u00ed svobodn\u00e9<br \/>\npolitick\u00e9 sout\u011b\u017ee v p\u0159edvolebn\u00edm obdob\u00ed. Rada stanovuje lh\u016ftu k pod\u00e1n\u00ed vysv\u011btlen\u00ed 30 dn\u00ed ode dne<br \/>\ndoru\u010den\u00ed t\u00e9to v\u00fdzvy.<br \/>\n&#8211; Rada v r\u00e1mci sv\u00e9 kompetence dan\u00e9 \u00a7 5 p\u00edsm. a) a f) z\u00e1kona \u010d. 231\/2001 Sb., o provozov\u00e1n\u00ed<br \/>\nrozhlasov\u00e9ho a televizn\u00edho vys\u00edl\u00e1n\u00ed a o zm\u011bn\u011b dal\u0161\u00edch z\u00e1kon\u016f, v platn\u00e9m zn\u011bn\u00ed (d\u00e1le jen \u201ez\u00e1kon \u010d.<br \/>\n231\/2001 Sb.\u201c) a v souladu s ustanoven\u00edm \u00a7 137 odst. 1 z\u00e1kona \u010d. 500\/2004 Sb., spr\u00e1vn\u00ed \u0159\u00e1d, (d\u00e1le<br \/>\njen \u201ez\u00e1kon \u010d. 500\/2004 Sb.\u201c) \u017e\u00e1d\u00e1 provozovatele Libereck\u00e1 TV s.r.o., I\u010c 02168987, s\u00eddlem<br \/>\nMr\u0161t\u00edkova 399\/2a, Liberec III-Je\u0159\u00e1b, PS\u010c 460 07, o pod\u00e1n\u00ed vysv\u011btlen\u00ed, kdo je zadavatelem reklamy<br \/>\npropaguj\u00edc\u00ed M\u011bstsk\u00e9 divadlo Jablonec nad Nisou, za\u0159azovan\u00e9 pravideln\u011b do vys\u00edl\u00e1n\u00ed programov\u00fdch<br \/>\nsmy\u010dek programu rtm plus Liberecko v obdob\u00ed od 10. z\u00e1\u0159\u00ed do 23. z\u00e1\u0159\u00ed 2022 (nap\u0159. dne 10. z\u00e1\u0159\u00ed 2022<br \/>\nv 17:21 hodin), a d\u00e1le, zda p\u0159i za\u0159azov\u00e1n\u00ed reklamy do vys\u00edl\u00e1n\u00ed zohlednil skute\u010dnost, \u017ee v reklam\u011b,<br \/>\nvys\u00edlan\u00e9 v obdob\u00ed p\u0159ed volbami do obecn\u00edch zastupitelstev, vystupoval \u0159editel M\u011bstsk\u00e9ho divadla<br \/>\nJablonec nad Nisou, kter\u00fd byl z\u00e1rove\u0148 l\u00eddrem kandid\u00e1tky uskupen\u00ed Pro Jablonec, kter\u00e9 se uch\u00e1zelo<br \/>\no m\u00edsta v zastupitelstvu m\u011bsta Jablonce nad Nisou. Rada stanovuje lh\u016ftu k pod\u00e1n\u00ed vysv\u011btlen\u00ed 30<br \/>\ndn\u00ed ode dne doru\u010den\u00ed t\u00e9to v\u00fdzvy.<br \/>\n&#8211; Rada v r\u00e1mci sv\u00e9 p\u016fsobnosti dan\u00e9 ustanoven\u00edm \u00a7 5 p\u00edsm. a) a f) a \u00a7 59 odst. 1-3 z\u00e1kona<br \/>\n\u010d. 231\/2001 Sb., o provozov\u00e1n\u00ed rozhlasov\u00e9ho a televizn\u00edho vys\u00edl\u00e1n\u00ed a o zm\u011bn\u011b dal\u0161\u00edch z\u00e1kon\u016f (d\u00e1le<br \/>\njen z\u00e1kon \u010d. 231\/2001 Sb.), v platn\u00e9m zn\u011bn\u00ed, upozor\u0148uje provozovatele Libereck\u00e1 TV s.r.o., I\u010c<br \/>\n02168987, s\u00eddlem Mr\u0161t\u00edkova 399\/2a, Liberec III-Je\u0159\u00e1b, PS\u010c 460 07, na poru\u0161en\u00ed ustanoven\u00ed \u00a7 48<br \/>\nodst. 1 p\u00edsm. c) z\u00e1kona \u010d. 231\/2011 Sb., kter\u00e9ho se dopustil t\u00edm, \u017ee dne 19. z\u00e1\u0159\u00ed 2022 v 17:12 a<br \/>\n17:41 hodin za\u0159adil do vys\u00edl\u00e1n\u00ed programu rtm plus Liberecko reklamu propaguj\u00edc\u00ed baz\u00e9n v Liberci<br \/>\n(sout\u011b\u017e Hupsni do baz\u00e9nu i v z\u00e1\u0159\u00ed), ve kter\u00e9 \u00fa\u010dinkovala moder\u00e1torka Martina \u0160krab\u00e1lkov\u00e1, a poru\u0161il<br \/>\ntak povinnost neza\u0159azovat do vys\u00edl\u00e1n\u00ed obchodn\u00ed sd\u011blen\u00ed, v nich\u017e \u00fa\u010dinkuj\u00ed hlasatel\u00e9, moder\u00e1to\u0159i a<br \/>\nredakto\u0159i zpravodajsk\u00fdch a politicko-publicistick\u00fdch po\u0159ad\u016f, jeliko\u017e Martina \u0160krab\u00e1lkov\u00e1 je<br \/>\nmoder\u00e1torkou zpravodajsk\u00fdch po\u0159ad\u016f. Rada stanovuje lh\u016ftu k n\u00e1prav\u011b 7 dn\u016f ode dne doru\u010den\u00ed<br \/>\ntohoto upozorn\u011bn\u00ed.<br \/>\n&#8211; Rada se sezn\u00e1mila s anal\u00fdzou vys\u00edl\u00e1n\u00ed programu i-Vyso\u010dina.cz provozovatele VIA PRESS s.r.o.<br \/>\np\u0159ed volbami do obecn\u00edch zastupitelstev a t\u0159etiny Sen\u00e1tu P\u010cR za obdob\u00ed 10. &#8211; 23. z\u00e1\u0159\u00ed 2022.<br \/>\n&#8211; Rada v r\u00e1mci sv\u00e9 kompetence dan\u00e9 \u00a7 5 p\u00edsm. a) a f) z\u00e1kona \u010d. 231\/2001 Sb., o provozov\u00e1n\u00ed<br \/>\nrozhlasov\u00e9ho a televizn\u00edho vys\u00edl\u00e1n\u00ed a o zm\u011bn\u011b dal\u0161\u00edch z\u00e1kon\u016f, v platn\u00e9m zn\u011bn\u00ed (d\u00e1le jen \u201ez\u00e1kon<br \/>\n\u010d. 231\/2001 Sb.\u201c) a v souladu s ustanoven\u00edm \u00a7 137 odst. 1 z\u00e1kona \u010d. 500\/2004 Sb., spr\u00e1vn\u00ed \u0159\u00e1d,<br \/>\n(d\u00e1le jen \u201ez\u00e1kon \u010d. 500\/2004 Sb.\u201c) \u017e\u00e1d\u00e1 provozovatele VIA PRESS s.r.o., I\u010c: 24778362, s\u00eddlem<br \/>\nChudenick\u00e1 1059\/30, 102 00 Praha 15 &#8211; Hostiva\u0159 o pod\u00e1n\u00ed vysv\u011btlen\u00ed, jak\u00fdm konkr\u00e9tn\u00edm zp\u016fsobem<br \/>\ndiv\u00e1k\u016fm programu i-Vyso\u010dina.cz umo\u017e\u0148uje snadn\u00fd, p\u0159\u00edm\u00fd a trval\u00fd p\u0159\u00edstup ke kompletn\u00edm \u00fadaj\u016fm<br \/>\na informac\u00edm dle \u00a7 32 odst. 9 p\u00edsm. a) &#8211; c) z\u00e1kona \u010d. 231\/2001 Sb. Rada stanovuje lh\u016ftu k pod\u00e1n\u00ed<br \/>\nvysv\u011btlen\u00ed 30 dn\u00ed ode dne doru\u010den\u00ed t\u00e9to v\u00fdzvy.<br \/>\n&#8211; Rada v r\u00e1mci sv\u00e9 kompetence dan\u00e9 \u00a7 5 p\u00edsm. a) a f) z\u00e1kona \u010d. 231\/2001 Sb., o provozov\u00e1n\u00ed<br \/>\nrozhlasov\u00e9ho a televizn\u00edho vys\u00edl\u00e1n\u00ed a o zm\u011bn\u011b dal\u0161\u00edch z\u00e1kon\u016f, v platn\u00e9m zn\u011bn\u00ed (d\u00e1le jen \u201ez\u00e1kon<br \/>\n\u010d. 231\/2001 Sb.\u201c) a v souladu s ustanoven\u00edm \u00a7 137 odst. 1 z\u00e1kona \u010d. 500\/2004 Sb., spr\u00e1vn\u00ed \u0159\u00e1d,<br \/>\n(d\u00e1le jen \u201ez\u00e1kon \u010d. 500\/2004 Sb.\u201c) \u017e\u00e1d\u00e1 provozovatele VIA PRESS s.r.o., I\u010c: 24778362, s\u00eddlem<br \/>\nChudenick\u00e1 1059\/30, 102 00 Praha 15 &#8211; Hostiva\u0159 o pod\u00e1n\u00ed vysv\u011btlen\u00ed k obsahu z\u00e1znam\u016f vys\u00edl\u00e1n\u00ed<br \/>\ntelevizn\u00edho programu i-Vyso\u010dina.cz ze dn\u016f 10.-23. z\u00e1\u0159\u00ed 2022, kter\u00e9 zap\u016fj\u010dil Rad\u011b na jej\u00ed p\u00edsemnou<br \/>\nv\u00fdzvu, z jak\u00e9ho d\u016fvodu osmn\u00e1ct soubor\u016f, kter\u00e9 by m\u011bly obsahovat po jedn\u00e9 hodin\u011b z\u00e1znamu,<br \/>\nMonitoring 2022-09-11-06-00-00.ts, Monitoring 2022-09-11-07-00-00.ts, Monitoring 2022-09-12-<br \/>\n14-00-00.ts, Monitoring 2022-09-12-15-00-00.ts, Monitoring 2022-09-14-01-00-00.ts, Monitoring<br \/>\n2022-09-15-06-00-00.ts, Monitoring 2022-09-15-11-00-00.ts, Monitoring 2022-09-16-16-00-00.ts,<br \/>\nMonitoring 2022-09-16-21-00-00.ts, Monitoring 2022-09-18-08-00-00.ts, Monitoring 2022-09-19-<br \/>\n05-00-00.ts, Monitoring 2022-09-19-16-00-00.ts, Monitoring 2022-09-20-14-00-00.ts, Monitoring<br \/>\n2022-09-20-23-00-00.ts, Monitoring 2022-09-21-21-00-01.ts, Monitoring 2022-09-22-07-00-00.ts,<\/p>\n<p>Monitoring 2022-09-23-04-00-00.ts a Monitoring 2022-09-23-15-00-00.ts neobsahuje \u017e\u00e1dn\u00fd<br \/>\nz\u00e1znam a soubor Monitoring 2022-09-17-17-00-00.ts obsahuje jen 31:53 minut z\u00e1znamu nam\u00edsto<br \/>\n60 minut. Rada stanovuje lh\u016ftu k pod\u00e1n\u00ed vysv\u011btlen\u00ed 30 dn\u00ed ode dne doru\u010den\u00ed t\u00e9to v\u00fdzvy.<br \/>\n&#8211; Rada se sezn\u00e1mila s anal\u00fdzou vys\u00edl\u00e1n\u00ed programu Televize P\u0159erov provozovatele Televize P\u0159erov<br \/>\ns.r.o. p\u0159ed volbami do obecn\u00edch zastupitelstev a t\u0159etiny Sen\u00e1tu P\u010cR za obdob\u00ed 10. &#8211; 23. z\u00e1\u0159\u00ed 2022.<br \/>\n&#8211; Rada v r\u00e1mci sv\u00e9 p\u016fsobnosti dan\u00e9 ustanoven\u00edm \u00a7 5 p\u00edsm. a) a f) a \u00a7 59 odst. 1-3 z\u00e1kona<br \/>\n\u010d. 231\/2001 Sb., o provozov\u00e1n\u00ed rozhlasov\u00e9ho a televizn\u00edho vys\u00edl\u00e1n\u00ed a o zm\u011bn\u011b dal\u0161\u00edch z\u00e1kon\u016f (d\u00e1le<br \/>\njen z\u00e1kon \u010d. 231\/2001 Sb.), v platn\u00e9m zn\u011bn\u00ed, upozor\u0148uje provozovatele Televize P\u0159erov s.r.o., I\u010c<br \/>\n28624882, se s\u00eddlem U Be\u010dvy 2883\/2, P\u0159erov, PS\u010c: 75002, na poru\u0161en\u00ed ustanoven\u00ed \u00a7 32 odst. 1<br \/>\np\u00edsm. n) z\u00e1kona \u010d. 231\/2001 Sb., tedy povinnosti provozovatele uv\u00e1d\u011bt ozna\u010den\u00ed televizn\u00edho<br \/>\nprogramu (loga) v televizn\u00edm vys\u00edl\u00e1n\u00ed, s v\u00fdjimkou vys\u00edl\u00e1n\u00ed reklamy a teleshoppingu. Ve vys\u00edl\u00e1n\u00ed dne<br \/>\n20. z\u00e1\u0159\u00ed 2022 nebylo v programu Televize P\u0159erov p\u0159\u00edtomno ozna\u010den\u00ed programu (logo) nap\u0159\u00edklad v<br \/>\n\u010dasech 16:00-16:26, 18:00-18:26 a 19:00-20:25 hodin. Rada stanovuje lh\u016ftu k n\u00e1prav\u011b 30 dn\u00ed ode<br \/>\ndne doru\u010den\u00ed tohoto upozorn\u011bn\u00ed.<br \/>\n&#8211; Rada se sezn\u00e1mila s anal\u00fdzou vys\u00edl\u00e1n\u00ed programu Adamovsk\u00fd infokan\u00e1l provozovatele M\u011bsto<br \/>\nAdamov p\u0159ed volbami do obecn\u00edch zastupitelstev a t\u0159etiny Sen\u00e1tu P\u010cR za obdob\u00ed 10.-23. z\u00e1\u0159\u00ed<br \/>\n2022.<br \/>\n&#8211; Rada v r\u00e1mci sv\u00e9 kompetence dan\u00e9 \u00a7 5 p\u00edsm. a) a f) z\u00e1kona \u010d. 231\/2001 Sb., o provozov\u00e1n\u00ed<br \/>\nrozhlasov\u00e9ho a televizn\u00edho vys\u00edl\u00e1n\u00ed a o zm\u011bn\u011b dal\u0161\u00edch z\u00e1kon\u016f, v platn\u00e9m zn\u011bn\u00ed (d\u00e1le jen \u201ez\u00e1kon<br \/>\n\u010d. 231\/2001 Sb.\u201c) a v souladu s ustanoven\u00edm \u00a7 137 odst. 1 z\u00e1kona \u010d. 500\/2004 Sb., spr\u00e1vn\u00ed \u0159\u00e1d,<br \/>\n(d\u00e1le jen \u201ez\u00e1kon \u010d. 500\/2004 Sb.\u201c) \u017e\u00e1d\u00e1 provozovatele M\u011bsto Adamov, I\u010c 00279889, se s\u00eddlem<br \/>\nPod Horkou 2, Adamov, PS\u010c 679 04, o pod\u00e1n\u00ed vysv\u011btlen\u00ed, jak\u00fdm zp\u016fsobem v obdob\u00ed 10.-23. z\u00e1\u0159\u00ed<br \/>\n2022 ve vys\u00edl\u00e1n\u00ed programu Adamovsk\u00fd infokan\u00e1l zohlednil bl\u00ed\u017e\u00edc\u00ed se volby do obecn\u00edch<br \/>\nzastupitelstev tak, aby v celku vys\u00edl\u00e1n\u00ed nedo\u0161lo k zv\u00fdhodn\u011bn\u00ed nebo naopak znev\u00fdhodn\u011bn\u00ed<br \/>\nn\u011bkter\u00fdch politick\u00fdch stran a hnut\u00ed \u010di konkr\u00e9tn\u00edch kandid\u00e1t\u016f. Rada stanovuje lh\u016ftu k pod\u00e1n\u00ed<br \/>\nvysv\u011btlen\u00ed 30 dn\u00ed ode dne doru\u010den\u00ed t\u00e9to v\u00fdzvy.<br \/>\n&#8211; Rada se sezn\u00e1mila s anal\u00fdzou vys\u00edl\u00e1n\u00ed programu ZD\u011aCHOV INFO provozovatele Obec<br \/>\nZd\u011bchov p\u0159ed volbami do obecn\u00edch zastupitelstev a t\u0159etiny Sen\u00e1tu P\u010cR za obdob\u00ed 10.-23. z\u00e1\u0159\u00ed<br \/>\n2022.<br \/>\n&#8211; Rada se sezn\u00e1mila s anal\u00fdzou vys\u00edl\u00e1n\u00ed programu Infokan\u00e1l provozovatele NOEL, s.r.o. p\u0159ed<br \/>\nvolbami do obecn\u00edch zastupitelstev a t\u0159etiny Sen\u00e1tu P\u010cR za obdob\u00ed 10. &#8211; 23. z\u00e1\u0159\u00ed 2022.<br \/>\n&#8211; Rada v r\u00e1mci sv\u00e9 p\u016fsobnosti dan\u00e9 \u00a7 5 p\u00edsm. a) z\u00e1kona \u010d. 231\/2001 Sb., o provozov\u00e1n\u00ed<br \/>\nrozhlasov\u00e9ho a televizn\u00edho vys\u00edl\u00e1n\u00ed a o zm\u011bn\u011b dal\u0161\u00edch z\u00e1kon\u016f, v platn\u00e9m zn\u011bn\u00ed (d\u00e1le jen \u201ez\u00e1kon<br \/>\n\u010d. 231\/2001 Sb.\u201c) a v souladu s ustanoven\u00edm \u00a7 137 odst. 1 z\u00e1kona \u010d. 500\/2004 Sb., spr\u00e1vn\u00ed \u0159\u00e1d,<br \/>\n(d\u00e1le jen \u201ez\u00e1kon \u010d. 500\/2004 Sb.\u201c) \u017e\u00e1d\u00e1 provozovatele vys\u00edl\u00e1n\u00ed NOEL, s.r.o., I\u010c: 48908991, s\u00eddlem:<br \/>\nNa P\u00edsk\u00e1ch 3275\/3, Hodon\u00edn, PS\u010c 695 01, o pod\u00e1n\u00ed vysv\u011btlen\u00ed, 1) z jak\u00e9ho d\u016fvodu se ve vys\u00edl\u00e1n\u00ed<br \/>\nprogramu Infokan\u00e1l \u017deravice dne 12. z\u00e1\u0159\u00ed 2022 opakovaly pouh\u00e9 dva slidy o celkov\u00e9 d\u00e9lce 32<br \/>\nvte\u0159in, p\u0159i\u010dem\u017e d\u00e9lka bloku m\u00e1 b\u00fdt dle podm\u00ednek licence od 3 do 180 minut, 2) z jak\u00e9ho d\u016fvodu<br \/>\nbylo dne 12. z\u00e1\u0159\u00ed 2022 vys\u00edl\u00e1n\u00ed Infokan\u00e1lu Starovice doprov\u00e1zeno vys\u00edl\u00e1n\u00edm rozhlasov\u00e9ho<br \/>\nprogramu Radio \u010cas, vys\u00edl\u00e1n\u00ed Infokan\u00e1lu \u017deravice doprov\u00e1zeno vys\u00edl\u00e1n\u00edm rozhlasov\u00e9ho programu<br \/>\nR\u00c1DIO IMPULS a vys\u00edl\u00e1n\u00ed Infokan\u00e1l\u016f Doman\u00edn, Je\u017eov, Milotice, Moutnice, Ostrova\u010dice, Rohatec,<br \/>\nSyrov\u00edn, T\u011bmice a Velk\u00e9 N\u011bm\u010dice neobsahovalo \u017e\u00e1dn\u00fd zvukov\u00fd doprovod, kdy\u017e dle podm\u00ednek<br \/>\nlicence m\u00e1 b\u00fdt zvukov\u00fdm doprovodem origin\u00e1ln\u00ed zvuk souvisej\u00edc\u00ed s po\u0159\u00edzen\u00fdm z\u00e1znamem anebo<br \/>\npo\u010d\u00edta\u010dov\u00e1 neautorsk\u00e1 hudba, 3) jak\u00fdm zp\u016fsobem prob\u00edh\u00e1 vys\u00edl\u00e1n\u00ed Infokan\u00e1l\u016f Ostro\u017esk\u00e1 Lhota 2,<br \/>\n\u0160itbo\u0159ice 2 a T\u011bmice u Hodon\u00edna 2, kdy\u017e licen\u010dn\u00ed podm\u00ednky k programu Infokan\u00e1l uv\u00e1d\u011bj\u00ed, \u017ee<br \/>\n\u010dasov\u00fd rozsah vys\u00edl\u00e1n\u00ed je 24 hodin denn\u011b, p\u0159i\u010dem\u017e vys\u00edl\u00e1n\u00ed je tvo\u0159eno programovou smy\u010dkou s<br \/>\naktualizac\u00ed minim\u00e1ln\u011b jednou t\u00fddn\u011b, ale provozovatel v korespondenci doprov\u00e1zej\u00edc\u00ed poskytnut\u00ed<br \/>\nz\u00e1znam\u016f uvedl, \u017ee tyto kan\u00e1ly slou\u017e\u00ed pro p\u0159enos spole\u010densk\u00fdch \u010di sportovn\u00edch akc\u00ed a v<br \/>\npo\u017eadovan\u00e9m obdob\u00ed tedy \u201enebyly vyu\u017eity\u201c, 4) z jak\u00e9ho d\u016fvodu provozovatel v obdob\u00ed 10. a\u017e 23.<\/p>\n<p>z\u00e1\u0159\u00ed 2022 nevys\u00edlal programy Infokan\u00e1l Ostro\u017esk\u00e1 Lhota, Infokan\u00e1l Rat\u00ed\u0161kovice a Infokan\u00e1l<br \/>\n\u0160itbo\u0159ice a pro\u010d p\u0159\u00edpadn\u00e9 technick\u00e9 p\u0159ek\u00e1\u017eky neozn\u00e1mil Rad\u011b dle \u00a7 32 odst. 1 p\u00edsm. p) z\u00e1kona<br \/>\n\u010d. 231\/2001 Sb., 5) z jak\u00e9ho d\u016fvodu nebylo dne 12. z\u00e1\u0159\u00ed 2022 na Infokan\u00e1lech Doman\u00edn, T\u011bmice,<br \/>\nJe\u017eov, Moutnice a Velk\u00e9 N\u011bm\u010dice uvedeno konstantn\u00ed ozna\u010den\u00ed (logo) programu. Rada stanovuje<br \/>\nlh\u016ftu k pod\u00e1n\u00ed vysv\u011btlen\u00ed 30 dn\u016f ode dne doru\u010den\u00ed t\u00e9to v\u00fdzvy.<br \/>\n&#8211; Rada v r\u00e1mci sv\u00e9 p\u016fsobnosti dan\u00e9 ustanoven\u00edm \u00a7 5 p\u00edsm. a) a f) a \u00a7 59 odst. 1-3 z\u00e1kona<br \/>\n\u010d. 231\/2001 Sb., o provozov\u00e1n\u00ed rozhlasov\u00e9ho a televizn\u00edho vys\u00edl\u00e1n\u00ed a o zm\u011bn\u011b dal\u0161\u00edch z\u00e1kon\u016f (d\u00e1le<br \/>\njen \u201ez\u00e1kon \u010d. 231\/2001 Sb.\u201c), v platn\u00e9m zn\u011bn\u00ed, upozor\u0148uje provozovatele NOEL, s.r.o., I\u010c:<br \/>\n48908991, s\u00eddlem: Na P\u00edsk\u00e1ch 3275\/3, Hodon\u00edn, PS\u010c 695 01, na poru\u0161en\u00ed ustanoven\u00ed \u00a7 49 odst.<br \/>\n1 p\u00edsm. a) z\u00e1kona \u010d. 231\/2001 Sb., kter\u00e9ho se dopustil t\u00edm, \u017ee dne 12. z\u00e1\u0159\u00ed 2022 v r\u00e1mci<br \/>\nvideotextov\u00fdch smy\u010dek programu Infokan\u00e1l prezentoval sd\u011blen\u00ed, kter\u00e1 m\u011bla rysy reklamy, ale<br \/>\nnebyla jako reklama ozna\u010dena. Jednalo se o sd\u011blen\u00ed propaguj\u00edc\u00ed restauraci Nebe u \u010derta v Krumv\u00ed\u0159i<br \/>\nna Infokan\u00e1lu Moutnice, prodejnu Elektro KVART Bzenec na Infokan\u00e1lu T\u011bmice, \u010di\u0161t\u011bn\u00ed a revize<br \/>\nplynov\u00fdch spot\u0159ebi\u010d\u016f Vojt\u00ed\u0161ek, st\u0159\u00edh\u00e1n\u00ed ps\u016f Hun\u010dov\u00e1, Stola\u0159stv\u00ed \u0160ev\u010d\u00edk, firmu AHORN a p\u00e1lenici<br \/>\nSudom\u011b\u0159ice na Infokan\u00e1lu Rohatec, a NOEL green energy na Infokan\u00e1lech Je\u017eov, Milotice,<br \/>\nRohatec, T\u011bmice a Syrov\u00edn. Uveden\u00e1 obchodn\u00ed sd\u011blen\u00ed nebyla rozeznateln\u00e1 a z\u0159eteln\u011b odd\u011blen\u00e1<br \/>\nod ostatn\u00edch \u010d\u00e1st\u00ed vys\u00edl\u00e1n\u00ed, jak na\u0159izuje v\u00fd\u0161e uveden\u00e9 ustaven\u00ed. Rada stanovuje lh\u016ftu k n\u00e1prav\u011b 30<br \/>\ndn\u00ed ode dne doru\u010den\u00ed upozorn\u011bn\u00ed.<br \/>\n&#8211; Rada se sezn\u00e1mila s anal\u00fdzou vys\u00edl\u00e1n\u00ed programu ZKTV provozovatele Z\u00e1pado\u010desk\u00e1 kabelov\u00e1<br \/>\ntelevize s.r.o. p\u0159ed volbami do obecn\u00edch zastupitelstev a t\u0159etiny Sen\u00e1tu P\u010cR za obdob\u00ed 10. &#8211; 23.<br \/>\nz\u00e1\u0159\u00ed 2022.<br \/>\n&#8211; Rada se sezn\u00e1mila s anal\u00fdzou kontinu\u00e1ln\u00edho \u00faseku vys\u00edl\u00e1n\u00ed programu M\u0148au TV provozovatele<br \/>\nS&amp;P Broadcasting a.s. ze dne 21. z\u00e1\u0159\u00ed 2022 v \u010dasov\u00e9m \u00faseku od 10:00 do 22:00 hodin.<br \/>\n&#8211; Rada v r\u00e1mci sv\u00e9 kompetence dan\u00e9 \u00a7 5 p\u00edsm. a) a f) z\u00e1kona \u010d. 231\/2001 Sb., o provozov\u00e1n\u00ed<br \/>\nrozhlasov\u00e9ho a televizn\u00edho vys\u00edl\u00e1n\u00ed a o zm\u011bn\u011b dal\u0161\u00edch z\u00e1kon\u016f, v platn\u00e9m zn\u011bn\u00ed (d\u00e1le jen \u201ez\u00e1kon<br \/>\n\u010d. 231\/2001 Sb.\u201c) a v souladu s ustanoven\u00edm \u00a7 137 odst. 1 z\u00e1kona \u010d. 500\/2004 Sb., spr\u00e1vn\u00ed \u0159\u00e1d,<br \/>\n(d\u00e1le jen \u201ez\u00e1kon \u010d. 500\/2004 Sb.\u201c) \u017e\u00e1d\u00e1 provozovatele S&amp;P Broadcasting a.s., I\u010c 04117310,<br \/>\ns\u00eddlem Dukelsk\u00fdch hrdin\u016f 976\/12, Praha 7, PS\u010c 17000, o pod\u00e1n\u00ed vysv\u011btlen\u00ed, z jak\u00e9ho d\u016fvodu na<br \/>\ninternetov\u00fdch str\u00e1nk\u00e1ch programu M\u0148au TV (imnau.cz) uv\u00e1d\u00ed jako\u017eto provozovatele televizn\u00edho<br \/>\nvys\u00edl\u00e1n\u00ed programu M\u0148au TV spole\u010dnost S&amp;P Sales House s.r.o., a d\u00e1le, zda za vys\u00edl\u00e1n\u00ed programu<br \/>\nM\u0148au TV nese redak\u010dn\u00ed odpov\u011bdnost spole\u010dnost S&amp;P Broadcasting a.s. nebo spole\u010dnost S&amp;P<br \/>\nSales House s.r.o. Rada stanovuje lh\u016ftu k pod\u00e1n\u00ed vysv\u011btlen\u00ed 30 dn\u00ed ode dne doru\u010den\u00ed t\u00e9to v\u00fdzvy.<br \/>\n&#8211; Rada v r\u00e1mci sv\u00e9 kompetence dan\u00e9 \u00a7 5 p\u00edsm. a) a f) z\u00e1kona \u010d. 231\/2001 Sb., o provozov\u00e1n\u00ed<br \/>\nrozhlasov\u00e9ho a televizn\u00edho vys\u00edl\u00e1n\u00ed a o zm\u011bn\u011b dal\u0161\u00edch z\u00e1kon\u016f, v platn\u00e9m zn\u011bn\u00ed (d\u00e1le jen \u201ez\u00e1kon<br \/>\n\u010d. 231\/2001 Sb.\u201c) a v souladu s ustanoven\u00edm \u00a7 137 odst. 1 z\u00e1kona \u010d. 500\/2004 Sb., spr\u00e1vn\u00ed \u0159\u00e1d,<br \/>\n(d\u00e1le jen \u201ez\u00e1kon \u010d. 500\/2004 Sb.\u201c) \u017e\u00e1d\u00e1 provozovatele S&amp;P Broadcasting a.s., I\u010c 04117310,<br \/>\ns\u00eddlem Dukelsk\u00fdch hrdin\u016f 976\/12, Praha 7, PS\u010c 17000, o pod\u00e1n\u00ed vysv\u011btlen\u00ed, zda se v p\u0159\u00edpad\u011b<br \/>\nobchodn\u00edho sd\u011blen\u00ed spole\u010dnosti AG-FOIL BOHEMIA s.r.o., odvys\u00edlan\u00e9ho dne 21. z\u00e1\u0159\u00ed 2022 v<br \/>\n18:50, 19:22, 20:23, 20:51, 21:21 a 21:50 hodin na programu M\u0148au TV, jednalo o ozn\u00e1men\u00ed<br \/>\nsponzora po\u0159adu nebo o ozn\u00e1men\u00ed sponzora programu. Rada stanovuje lh\u016ftu k pod\u00e1n\u00ed vysv\u011btlen\u00ed<br \/>\n30 dn\u00ed ode dne doru\u010den\u00ed t\u00e9to v\u00fdzvy.<br \/>\n&#8211; Rada se sezn\u00e1mila s anal\u00fdzou z\u00e1znamu vys\u00edl\u00e1n\u00ed programu AMC CHANNEL CENTRAL AND<br \/>\nEASTERN EUROPE provozovatele AMC Networks Central Europe, s.r.o. ze dne 12. z\u00e1\u0159\u00ed 2022 od<br \/>\n10:00 do 22:00 hod.<br \/>\n&#8211; Rada v r\u00e1mci sv\u00e9 kompetence dan\u00e9 \u00a7 7 p\u00edsm. a) z\u00e1kona \u010d. 40\/1995 Sb., o regulaci reklamy a<br \/>\no zm\u011bn\u011b a dopln\u011bn\u00ed z\u00e1kona \u010d. 468\/1991 Sb., o provozov\u00e1n\u00ed rozhlasov\u00e9ho a televizn\u00edho vys\u00edl\u00e1n\u00ed,<br \/>\nve zn\u011bn\u00ed platn\u00fdch p\u0159edpis\u016f (d\u00e1le jen \u201ez\u00e1kon \u010d. 40\/1995 Sb.\u201c), v souladu s ustanoven\u00edm \u00a7 78 odst.<br \/>\n1 z\u00e1kona \u010d. 250\/2016 Sb., z\u00e1kona o p\u0159estupc\u00edch a \u0159\u00edzen\u00edch o nich (d\u00e1le jen \u201ez\u00e1kon \u010d. 250\/2016<br \/>\nSb.\u201c) rozhodla zah\u00e1jit se zpracovatelem reklamy, spole\u010dnost\u00ed Krajsk\u00e1 nemocnice Liberec, a.s. (d\u00e1le<\/p>\n<p>\u201eobvin\u011bn\u00fd\u201c), \u0159\u00edzen\u00ed o p\u0159estupku z moci \u00fa\u0159edn\u00ed pro mo\u017en\u00e9 poru\u0161en\u00ed \u00a7 5a odst. 5 p\u00edsm. a) a c) z\u00e1kona<br \/>\n\u010d. 40\/1995 Sb., \u00a7 5d odst. 3 z\u00e1kona \u010d. 40\/1995 Sb. a \u00a7 5l odst. 3 p\u00edsm. a) a c) z\u00e1kona \u010d. 40\/1995<br \/>\nSb., o regulaci reklamy, nebo\u0165 zpracov\u00e1n\u00edm reklamy na l\u00e9k\u00e1rny KNL, kter\u00e1 byla odvys\u00edl\u00e1na dne<br \/>\n14. srpna 2022 od 0:17 hodin na programu KNL TV, mohlo doj\u00edt k poru\u0161en\u00ed povinnosti, aby reklama<br \/>\nprost\u0159ednictv\u00edm kter\u00e9 byly propagov\u00e1ny hum\u00e1nn\u00ed l\u00e9\u010div\u00e9 p\u0159\u00edpravky Devenal, Niquitin mini, Analergin,<br \/>\nEndiaron, Valetol, Gaspan, Allergodil nosn\u00ed sprej, byla formulov\u00e1na tak, aby bylo z\u0159ejm\u00e9, \u017ee<br \/>\npropagovan\u00e9 v\u00fdrobky jsou hum\u00e1nn\u00edm l\u00e9\u010div\u00fdm p\u0159\u00edpravkem a obsahovala informace nezbytn\u00e9 pro<br \/>\nspr\u00e1vn\u00e9 pou\u017eit\u00ed hum\u00e1nn\u00edho l\u00e9\u010div\u00e9ho p\u0159\u00edpravku. D\u00e1le p\u0159edm\u011btn\u00e1 reklama, prost\u0159ednictv\u00edm kter\u00e9<br \/>\nbyly propagov\u00e1ny dopl\u0148ky stravy, GS Condro Diamant a C-numin neobsahovala z\u0159eteln\u00fd text<br \/>\n&#8222;dopln\u011bk stravy&#8220;. V dan\u00e9m obchodn\u00edm sd\u011blen\u00ed tato kategorizace absentuje jak ve slo\u017ece zvukov\u00e9,<br \/>\ntak ve form\u011b z\u0159eteln\u00e9ho textu i ve slo\u017ece obrazov\u00e9. D\u00e1le p\u0159edm\u011btn\u00e1 reklama, prost\u0159ednictv\u00edm kter\u00e9<br \/>\nbyly propagov\u00e1ny zdravotnick\u00e9 prost\u0159edky Hydro pastilky, Kl\u00ed\u0161\u0165\u00e1k, Compeed n\u00e1plasti a Otic<br \/>\nSolution, mohla poru\u0161it povinnost, aby reklama na zdravotnick\u00fd prost\u0159edek a diagnostick\u00fd<br \/>\nzdravotnick\u00fd prost\u0159edek in vitro ur\u010den\u00e1 \u0161irok\u00e9 ve\u0159ejnosti byla formulov\u00e1na tak, aby bylo z\u0159ejm\u00e9, \u017ee<br \/>\nv\u00fdrobek je zdravotnick\u00fdm prost\u0159edkem nebo diagnostick\u00fdm zdravotnick\u00fdm prost\u0159edkem in vitro, a<br \/>\nobsahovala ur\u010den\u00fd \u00fa\u010del zdravotnick\u00e9ho prost\u0159edku a diagnostick\u00e9ho zdravotnick\u00e9ho prost\u0159edku in<br \/>\nvitro.<br \/>\n&#8211; Rada na z\u00e1klad\u011b ustanoven\u00ed \u00a7 5 p\u00edsm. b) z\u00e1kona \u010d. 231\/2001 Sb., o provozov\u00e1n\u00ed rozhlasov\u00e9ho<br \/>\na televizn\u00edho vys\u00edl\u00e1n\u00ed a o zm\u011bn\u011b dal\u0161\u00edch z\u00e1kon\u016f, v platn\u00e9m zn\u011bn\u00ed (d\u00e1le jen \u201ez\u00e1kon \u010d. 231\/2001<br \/>\nSb.\u201c) a podle ustanoven\u00ed \u00a7 66 odst. 1 p\u00edsm. d) a ustanoven\u00ed \u00a7 76 z\u00e1kona \u010d. 500\/2004 Sb., spr\u00e1vn\u00edho<br \/>\n\u0159\u00e1du, v platn\u00e9m zn\u011bn\u00ed (d\u00e1le jen \u201ez\u00e1kon \u010d. 500\/2004 Sb.\u201c), vydala toto usnesen\u00ed: Rada zastavuje<br \/>\nspr\u00e1vn\u00ed \u0159\u00edzen\u00ed ve v\u011bci \u017e\u00e1dosti provozovatele ENECOS, s.r.o., I\u010c 60702745, se s\u00eddlem Dukovany<br \/>\n227, PS\u010c 67556, o ud\u011blen\u00ed souhlasu se zm\u011bnou licen\u010dn\u00edch podm\u00ednek pro vys\u00edl\u00e1n\u00ed televizn\u00edho<br \/>\nprogramu KTV Dukovany \u0161\u00ed\u0159en\u00e9ho prost\u0159ednictv\u00edm kabelov\u00fdch syst\u00e9m\u016f na z\u00e1klad\u011b rozhodnut\u00ed o<br \/>\nud\u011blen\u00ed licence sp.zn.: 2015\/301\/zem\/ENE , \u010d.j. RRTV\/1711\/2015-zem, nebo\u0165 nedo\u0161lo k<br \/>\nodstran\u011bn\u00ed vad \u0159\u00edzen\u00ed.<br \/>\n&#8211; Rada jako\u017eto \u00fast\u0159edn\u00ed spr\u00e1vn\u00ed \u00fa\u0159ad v r\u00e1mci sv\u00e9 kompetence dan\u00e9 ustanoven\u00edm \u00a7 5 p\u00edsm. f)<br \/>\nz\u00e1kona \u010d. 231\/2001 Sb., o provozov\u00e1n\u00ed rozhlasov\u00e9ho a televizn\u00edho vys\u00edl\u00e1n\u00ed a o zm\u011bn\u011b dal\u0161\u00edch<br \/>\nz\u00e1kon\u016f (d\u00e1le jen z\u00e1kon \u010d. 231\/2001 Sb.), dle ustanoven\u00ed \u00a7 60 odst. 1 p\u00edsm. k) a ustanoven\u00ed \u00a7 60<br \/>\nodst. 7 p\u00edsm. a) z\u00e1kona \u010d. 231\/2001 Sb., rozhodla v \u0159\u00edzen\u00ed o p\u0159estupku veden\u00e9m podle z\u00e1kona<br \/>\n\u010d. 250\/2016 Sb., o odpov\u011bdnosti za p\u0159estupky a \u0159\u00edzen\u00ed o nich (d\u00e1le jen z\u00e1kon \u010d. 250\/2016 Sb.), dne<br \/>\n24. ledna 2022 takto: Obvin\u011bn\u00fd provozovatel televizn\u00edho vys\u00edl\u00e1n\u00ed, TV Nova s.r.o., I\u010c 45800456,<br \/>\ns\u00eddlem K\u0159\u00ed\u017eeneck\u00e9ho n\u00e1m. 1078\/5, 152 00 Praha 5, se uzn\u00e1v\u00e1 vinn\u00fdm ze sp\u00e1ch\u00e1n\u00ed p\u0159estupku dle<br \/>\nustanoven\u00ed \u00a7 60 odst. 1 p\u00edsm. k) z\u00e1kona \u010d. 231\/2001 Sb., kter\u00e9ho se dopustil poru\u0161en\u00edm ustanoven\u00ed<br \/>\n\u00a7 53a odst. 1 p\u00edsm. c) z\u00e1kona \u010d. 231\/2001 Sb., a to odvys\u00edl\u00e1n\u00edm po\u0159adu Tescoma s chut\u00ed ve dnech<br \/>\n28. \u010dervence 2022 od 12:27 hodin a 11. srpna 2022 od 12:29 hodin na programu NOVA. V<br \/>\np\u0159edm\u011btn\u00fdch vyd\u00e1n\u00edch po\u0159adu do\u0161lo k nepat\u0159i\u010dn\u00e9mu zd\u016frazn\u011bn\u00ed um\u00edst\u011bn\u00fdch produkt\u016f, loupa\u010de a<br \/>\nkr\u00e1je\u010de jablek zna\u010dky Tescoma (vyd\u00e1n\u00ed z 28. \u010dervence) a titanov\u00e9 p\u00e1nve zna\u010dky Tescoma (vyd\u00e1n\u00ed<br \/>\nz 11. srpna), a to jak slovn\u00edm p\u0159edstaven\u00edm jejich vlastnost\u00ed, tak vizu\u00e1ln\u00ed prezentac\u00ed pou\u017eit\u00ed<br \/>\nprodukt\u016f, v\u010detn\u011b vyzdvi\u017een\u00ed jejich kvalit a p\u0159ednost\u00ed [konkr\u00e9tn\u011b ve vyd\u00e1n\u00ed dne 28. \u010dervence: \u201eM\u016f\u017ee\u0161<br \/>\nsi nastavit, jak chce\u0161 tu \u0161lupku silnou jako loupat (&#8230;)Vid\u00ed\u0161 tu \u0161lupku kr\u00e1sn\u011b tenkou, jo? M\u016f\u017ee\u0161<br \/>\nud\u011blat i hrub\u0161\u00ed (&#8230;) odstran\u00ed se n\u00e1m i ten jad\u0159inec. (&#8230;) D\u011bkuju, \u017ees mi uk\u00e1zal tu vychyt\u00e1vku. Kr\u00e1je\u010d<br \/>\na loupa\u010d jablek (&#8230;) kdy\u017e ho m\u00e1\u0161, tak z toho ud\u011bl\u00e1\u0161 takovejhle skv\u011blej a zdravej kol\u00e1\u010d\u201c; ve vyd\u00e1n\u00ed<br \/>\ndne 11. srpna 2022 pak: \u201eJsou to celokovov\u00e9 p\u00e1nve s titanem a antiadhezn\u00edm povlakem naho\u0159e,<br \/>\naby se jako nep\u0159ipalovaly ty steaky z toho me\u010douna. Samoz\u0159ejm\u011b ve\u0161ker\u00fd informace o t\u00fd p\u00e1nvi<br \/>\nnajdete na na\u0161ich str\u00e1nk\u00e1ch www.tescomaschuti.cz. A pozor, m\u016f\u017ee\u0161 na plyn, na indukci, na<br \/>\nsklokeramiku, m\u016f\u017ee\u0161 do trouby, prost\u011b je to p\u00e1nev takovou, kterou my kucha\u0159i hled\u00e1me, jo? Je to<br \/>\nsupr, perfektn\u00ed masivn\u00ed p\u00e1nev (&#8230;) Tak to je vychyt\u00e1vka. To je par\u00e1di\u010dka (&#8230;) Je to vychyt\u00e1vka. Ano,<br \/>\nje to vychyt\u00e1vka. A jak se to nelep\u00ed, par\u00e1da. To se pozn\u00e1 kvalitn\u00ed dobr\u00e1 p\u00e1nev. (&#8230;) Vid\u00ed\u0161, par\u00e1dn\u011b,<br \/>\nvid\u00ed\u0161 to, jak se to nelep\u00ed? Ch\u00e1pe\u0161 funkci t\u00fd p\u00e1nve? Jak je dokonal\u00e1?\u201c], a to ve spojen\u00ed s n\u00e1zvem<\/p>\n<p>po\u0159adu obsahuj\u00edc\u00edm jm\u00e9no zna\u010dky Tescoma se shodnou grafikou, jako m\u00e1 logo subjektu, na kter\u00fd<br \/>\nodkazuje i vizu\u00e1ln\u00ed slo\u017eka po\u0159adu. Um\u00edst\u011bn\u00e9 produkty byly verb\u00e1ln\u00edmi i obrazov\u00fdmi prost\u0159edky<br \/>\nnepat\u0159i\u010dn\u011b zmi\u0148ov\u00e1ny nad r\u00e1mec obsahu po\u0159adu, a byly do p\u0159edm\u011btn\u00fdch vyd\u00e1n\u00ed za\u0159azeny s c\u00edlem<br \/>\npropagace, k \u010demu\u017e bylo u\u017eito prost\u0159edk\u016f p\u0159ipom\u00ednaj\u00edc\u00edch reklamn\u00ed nab\u00eddku. Za p\u0159estupek se<br \/>\npachateli v souladu s ustanoven\u00edm \u00a7 60 odst. 7 p\u00edsm. a) z\u00e1kona \u010d. 231\/2001 Sb., ustanoven\u00edm<br \/>\n\u00a7 35 p\u00edsm. b) a \u00a7 46 odst. 1 z\u00e1kona \u010d. 250\/2016 Sb., ukl\u00e1d\u00e1 pokuta ve v\u00fd\u0161i 20 000,- K\u010d. Pokuta je<br \/>\nsplatn\u00e1 ve lh\u016ft\u011b 30 dn\u016f ode dne pr\u00e1vn\u00ed moci tohoto rozhodnut\u00ed na \u00fa\u010det 3754-19223001\/0710,<br \/>\nvariabiln\u00ed symbol 2022945. V souladu s ustanoven\u00edm \u00a7 95 odst. 1 z\u00e1kona \u010d. 250\/2016 Sb. a<br \/>\nustanoven\u00edm \u00a7 6 vyhl\u00e1\u0161ky \u010d. 520\/2005 Sb., o rozsahu hotov\u00fdch v\u00fddaj\u016f a u\u0161l\u00e9ho v\u00fdd\u011blku, kter\u00e9<br \/>\nspr\u00e1vn\u00ed org\u00e1n hrad\u00ed jin\u00fdm osob\u00e1m, a o v\u00fd\u0161i pau\u0161\u00e1ln\u00ed \u010d\u00e1stky n\u00e1klad\u016f \u0159\u00edzen\u00ed, ukl\u00e1d\u00e1 Rada pachateli<br \/>\npovinnost uhradit pau\u0161\u00e1ln\u00ed \u010d\u00e1stku n\u00e1klad\u016f \u0159\u00edzen\u00ed ve v\u00fd\u0161i 1 000 K\u010d. \u00dahrada n\u00e1klad\u016f \u0159\u00edzen\u00ed je splatn\u00e1<br \/>\ndo p\u011bti pracovn\u00edch dn\u016f ode dne doru\u010den\u00ed tohoto rozhodnut\u00ed na \u00fa\u010det \u010d. 3711-19223001\/0710,<br \/>\nvariabiln\u00ed symbol 2022945.<br \/>\n&#8211; Rada jako\u017eto \u00fast\u0159edn\u00ed spr\u00e1vn\u00ed \u00fa\u0159ad v r\u00e1mci sv\u00e9 kompetence dan\u00e9 ustanoven\u00edm \u00a7 5 p\u00edsm. f)<br \/>\nz\u00e1kona \u010d. 231\/2001 Sb., o provozov\u00e1n\u00ed rozhlasov\u00e9ho a televizn\u00edho vys\u00edl\u00e1n\u00ed a o zm\u011bn\u011b dal\u0161\u00edch<br \/>\nz\u00e1kon\u016f, v platn\u00e9m zn\u011bn\u00ed (d\u00e1le jen z\u00e1kon \u010d. 231\/2001 Sb.), dle ustanoven\u00ed \u00a7 60 odst. 3 p\u00edsm. e) a<br \/>\ndle ustanoven\u00ed \u00a7 60 odst. 7 p\u00edsm. c) z\u00e1kona \u010d. 231\/2001 Sb., rozhodla v \u0159\u00edzen\u00ed o p\u0159estupku<br \/>\nveden\u00e9m podle z\u00e1kona \u010d. 250\/2016 Sb., o odpov\u011bdnosti za p\u0159estupky a \u0159\u00edzen\u00ed o nich (d\u00e1le jen<br \/>\nz\u00e1kon \u010d. 250\/2016 Sb.), dne 24. ledna 2023 takto: Obvin\u011bn\u00e1 spole\u010dnost Libereck\u00e1 TV s.r.o., s\u00eddlem<br \/>\nMr\u0161t\u00edkova 399\/2a, 460 02 Liberec III-Je\u0159\u00e1b, I\u010c: 02168987, se uzn\u00e1v\u00e1 vinnou ze sp\u00e1ch\u00e1n\u00ed p\u0159estupku<br \/>\ndle ustanoven\u00ed \u00a7 60 odst. 3 p\u00edsm. e) z\u00e1kona \u010d. 231\/2001 Sb., kter\u00e9ho se jako\u017eto provozovatel<br \/>\ntelevizn\u00edho vys\u00edl\u00e1n\u00ed programu rtm plus Liberecko dopustila poru\u0161en\u00edm ustanoven\u00ed \u00a7 32 odst. 1<br \/>\np\u00edsm. a) z\u00e1kona \u010d. 231\/2001 Sb., tedy povinnosti provozovatele vys\u00edl\u00e1n\u00ed provozovat vys\u00edl\u00e1n\u00ed<br \/>\nvlastn\u00edm jm\u00e9nem, na vlastn\u00ed \u00fa\u010det a na vlastn\u00ed odpov\u011bdnost a n\u00e9st odpov\u011bdnost za obsah vys\u00edl\u00e1n\u00ed,<br \/>\na to t\u00edm, \u017ee dne 20. prosince 2021 uzav\u0159ela jako zhotovitel smlouvu s Libereck\u00fdm krajem jako<br \/>\nobjednatelem Smlouvu o d\u00edlo \u010d. OLP\/3774\/2021 VZMR\/0174\/21 s n\u00e1zvem &#8222;Krajsk\u00fd magaz\u00edn a<br \/>\ndal\u0161\u00ed zpravodajsko-publicistick\u00e9 po\u0159ady\u201c, kdy dle jej\u00edho \u010dl. II. odst. 6 p\u00edsm. a) je zhotovitel povinen<br \/>\nvyrobit obsah po\u0159adu Krajsk\u00fd magaz\u00edn a dal\u0161\u00edch zpravodajsko-publicistick\u00fdch po\u0159ad\u016f podle<br \/>\npo\u017eadavk\u016f a pokyn\u016f objednatele, a dle \u010dl. VIII. odst. 1 t\u00e9to smlouvy kontaktn\u00ed osoba objednatele<br \/>\nud\u00edl\u00ed po\u017eadavky a pokyny na obsah po\u0159ad\u016f, p\u0159ipom\u00ednkuje koncepty po\u0159ad\u016f a schvaluje je p\u0159ed<br \/>\njejich vys\u00edl\u00e1n\u00edm. T\u00edmto jedn\u00e1n\u00edm mohla b\u00fdt ohro\u017eena, respektive naru\u0161ena redak\u010dn\u00ed nez\u00e1vislost<br \/>\nprovozovatele televizn\u00edho vys\u00edl\u00e1n\u00ed. Za p\u0159estupek se pachateli v souladu s ustanoven\u00edm \u00a7 60 odst.<br \/>\n7 p\u00edsm. c) z\u00e1kona \u010d. 231\/2001 Sb., ustanoven\u00edm \u00a7 35 p\u00edsm. b) a \u00a7 46 odst. 1 z\u00e1kona \u010d. 250\/2016<br \/>\nSb., ukl\u00e1d\u00e1 pokuta ve v\u00fd\u0161i 50 000,-K\u010d. Pokuta je splatn\u00e1 ve lh\u016ft\u011b 30 dn\u016f ode dne pr\u00e1vn\u00ed moci<br \/>\ntohoto rozhodnut\u00ed na \u00fa\u010det 3754-19223001\/0710, variabiln\u00ed symbol 2022798. V souladu s<br \/>\nustanoven\u00edm \u00a7 95 odst. 1 z\u00e1kona \u010d. 250\/2016 Sb. a ustanoven\u00edm \u00a7 6 vyhl\u00e1\u0161ky \u010d. 520\/2005 Sb., o<br \/>\nrozsahu hotov\u00fdch v\u00fddaj\u016f a u\u0161l\u00e9ho v\u00fdd\u011blku, kter\u00e9 spr\u00e1vn\u00ed org\u00e1n hrad\u00ed jin\u00fdm osob\u00e1m, a o v\u00fd\u0161i<br \/>\npau\u0161\u00e1ln\u00ed \u010d\u00e1stky n\u00e1klad\u016f \u0159\u00edzen\u00ed, ukl\u00e1d\u00e1 Rada pachateli povinnost uhradit pau\u0161\u00e1ln\u00ed \u010d\u00e1stku n\u00e1klad\u016f<br \/>\n\u0159\u00edzen\u00ed ve v\u00fd\u0161i 1 000 K\u010d. \u00dahrada n\u00e1klad\u016f \u0159\u00edzen\u00ed je splatn\u00e1 do p\u011bti pracovn\u00edch dn\u016f ode dne doru\u010den\u00ed<br \/>\ntohoto rozhodnut\u00ed na \u00fa\u010det \u010d. 3711-19223001\/0710, variabiln\u00ed symbol 2022798.<br \/>\n&#8211; Rada coby \u00fast\u0159edn\u00ed spr\u00e1vn\u00ed \u00fa\u0159ad v r\u00e1mci sv\u00e9 p\u016fsobnosti dan\u00e9 \u00a7 5 p\u00edsm. f) z\u00e1kona \u010d. 231\/2001<br \/>\nSb., o provozov\u00e1n\u00ed rozhlasov\u00e9ho a televizn\u00edho vys\u00edl\u00e1n\u00ed a o zm\u011bn\u011b dal\u0161\u00edch z\u00e1kon\u016f, v platn\u00e9m zn\u011bn\u00ed<br \/>\n(d\u00e1le jen z\u00e1kon \u010d. 231\/2001 Sb.), a podle ustanoven\u00ed \u00a7 86 odst. 1 p\u00edsm. h) z\u00e1kona \u010d. 250\/2016 Sb.,<br \/>\no odpov\u011bdnosti za p\u0159estupky a \u0159\u00edzen\u00ed o nich, vydala toto usnesen\u00ed: Rada zastavuje s<br \/>\nprovozovatelem TV Nova s.r.o., I\u010c 45800456, s\u00eddlem K\u0159\u00ed\u017eeneck\u00e9ho n\u00e1m\u011bst\u00ed 1078\/5a, Praha 5,<br \/>\nPS\u010c 15200 \u0159\u00edzen\u00ed o p\u0159estupku veden\u00e9 pro mo\u017en\u00e9 poru\u0161en\u00ed ustanoven\u00ed \u00a7 32 odst. 1 p\u00edsm. g) z\u00e1kona<br \/>\n\u010d. 231\/2001 Sb., ve zn\u011bn\u00ed \u00fa\u010dinn\u00e9m v dob\u011b odvys\u00edl\u00e1n\u00ed po\u0159adu, kter\u00e9ho se mohl dopustit odvys\u00edl\u00e1n\u00edm<br \/>\npo\u0159adu Krimin\u00e1lka Las Vegas IV (2) na programu NOVA dne 9. kv\u011btna 2022 od 15:00 hodin, nebo\u0165<br \/>\nnebyla spln\u011bna podm\u00ednka p\u0159edchoz\u00edho typov\u011b shodn\u00e9ho upozorn\u011bn\u00ed na poru\u0161en\u00ed z\u00e1kona dle<br \/>\nustanoven\u00ed \u00a7 59 odst. 1 z\u00e1kona \u010d. 231\/2001 Sb.<\/p>\n<p>&#8211; Rada v r\u00e1mci sv\u00e9 p\u016fsobnosti dan\u00e9 ustanoven\u00edm \u00a7 5 p\u00edsm. a) a f) a \u00a7 59 odst. 1-3 z\u00e1kona<br \/>\n\u010d. 231\/2001 Sb., o provozov\u00e1n\u00ed rozhlasov\u00e9ho a televizn\u00edho vys\u00edl\u00e1n\u00ed a o zm\u011bn\u011b dal\u0161\u00edch z\u00e1kon\u016f (d\u00e1le<br \/>\njen z\u00e1kon \u010d. 231\/2001 Sb.), v platn\u00e9m zn\u011bn\u00ed, upozor\u0148uje provozovatele TV Nova s.r.o., I\u010c<br \/>\n45800456, s\u00eddlem K\u0159\u00ed\u017eeneck\u00e9ho n\u00e1m\u011bst\u00ed 1078\/5a, Praha 5, PS\u010c 15200, na poru\u0161en\u00ed ustanoven\u00ed<br \/>\n\u00a7 32 odst. 1 p\u00edsm. g) z\u00e1kona \u010d. 231\/2001 Sb., ve zn\u011bn\u00ed \u00fa\u010dinn\u00e9m v dob\u011b odvys\u00edl\u00e1n\u00ed po\u0159adu,<br \/>\nodvys\u00edl\u00e1n\u00edm po\u0159adu Krimin\u00e1lka Las Vegas IV (2) na programu NOVA dne 9. kv\u011btna 2022 od 15:00<br \/>\nhodin, nebo\u0165 se dopustil poru\u0161en\u00ed povinnosti neza\u0159azovat v dob\u011b od 6:00 hodin do 22:00 hodin<br \/>\npo\u0159ady a upout\u00e1vky, kter\u00e9 by mohly ohrozit fyzick\u00fd, psychick\u00fd nebo mravn\u00ed v\u00fdvoj d\u011bt\u00ed a<br \/>\nmladistv\u00fdch, konkr\u00e9tn\u011b t\u00edm, \u017ee uveden\u00e1 epizoda krimin\u00e1ln\u00edho seri\u00e1lu obsahovala opakovan\u00e9,<br \/>\nexplicitn\u00ed a naturalistick\u00e9 z\u00e1b\u011bry t\u011bla ob\u011bti ve vysok\u00e9m st\u00e1diu rozkladu, na m\u00edst\u011b \u010dinu (08:15 &#8211; 09:50<br \/>\nminut od za\u010d\u00e1tku po\u0159adu) a na pitevn\u00edm stole (31:10 &#8211; 32:28 minut od za\u010d\u00e1tku po\u0159adu), a to v\u010detn\u011b<br \/>\nmorbidn\u00edch detail\u016f, jak\u00fdmi je nap\u0159. lidsk\u00e1 tk\u00e1\u0148 rozpu\u0161t\u011bn\u00e1 ve vod\u011b nebo neobvykle zbarven\u00fd mozek<br \/>\nob\u011bti. Po\u0159ad byl do vys\u00edl\u00e1n\u00ed za\u0159azen v odpoledn\u00edch hodin\u00e1ch, kdy mohou b\u00fdt u televizn\u00edch<br \/>\nobrazovek d\u011bti i bez p\u0159\u00edm\u00e9ho dohledu rodi\u010d\u016f. Zhl\u00e9dnut\u00ed po\u0159adu mohlo v d\u011btsk\u00fdch div\u00e1c\u00edch vyvolat<br \/>\npsychick\u00fd ot\u0159es a zp\u016fsobit i trvalej\u0161\u00ed pocity \u00fazkosti \u010di poruchy sp\u00e1nku, p\u0159\u00edpadn\u011b sn\u00ed\u017eit citlivost<br \/>\nd\u011btsk\u00fdch div\u00e1k\u016f k projev\u016fm n\u00e1sil\u00ed a jeho d\u016fsledk\u016fm. Rada stanovuje lh\u016ftu k n\u00e1prav\u011b 7 dn\u00ed ode<br \/>\ndne doru\u010den\u00ed upozorn\u011bn\u00ed.<br \/>\n&#8211; Rada se sezn\u00e1mila s podan\u00fdm vysv\u011btlen\u00edm provozovatele POLAR televize Ostrava, s.r.o., I\u010c<br \/>\n258 59 838, se s\u00eddlem Boleslavova 710\/19, Mari\u00e1nsk\u00e9 Hory, 709 00 Ostrava, kter\u00fdm m\u011bl dolo\u017eit,<br \/>\n\u017ee v p\u0159edvolebn\u00edm obdob\u00ed v r\u00e1mci zpravodajsk\u00fdch po\u0159ad\u016f nezv\u00fdhodnil n\u011bkter\u00e9 kandiduj\u00edc\u00ed subjekty<br \/>\na kandid\u00e1ty, a to v souvislosti s odvys\u00edlanou report\u00e1\u017e\u00ed V Orlov\u00e9 vzniklo nov\u00e9 politick\u00e9 hnut\u00ed<br \/>\nBezpe\u010dn\u00e1 zem\u011b (nap\u0159\u00edklad dne 25. srpna 2022 v 16.00 hod. na programu Polar).<br \/>\n&#8211; Rada v r\u00e1mci sv\u00e9 p\u016fsobnosti dan\u00e9 ustanoven\u00edm \u00a7 5 p\u00edsm. a) a f) a \u00a7 59 odst. 1-3 z\u00e1kona<br \/>\n\u010d. 231\/2001 Sb., o provozov\u00e1n\u00ed rozhlasov\u00e9ho a televizn\u00edho vys\u00edl\u00e1n\u00ed a o zm\u011bn\u011b dal\u0161\u00edch z\u00e1kon\u016f (d\u00e1le<br \/>\njen \u201ez\u00e1kon \u010d. 231\/2001 Sb.\u201c), v platn\u00e9m zn\u011bn\u00ed, upozor\u0148uje provozovatele vys\u00edl\u00e1n\u00ed POLAR televize<br \/>\nOstrava, s.r.o., I\u010c 258 59 838, se s\u00eddlem Boleslavova 710\/19, Mari\u00e1nsk\u00e9 Hory, 709 00 Ostrava, na<br \/>\nporu\u0161en\u00ed ustanoven\u00ed \u00a7 31 odst. 3 z\u00e1kona \u010d. 231\/2001 Sb., kter\u00e9ho se dopustil t\u00edm, \u017ee ve vys\u00edl\u00e1n\u00ed<br \/>\nprogramu Polar v obdob\u00ed od 1. srpna 2022 do 23. z\u00e1\u0159\u00ed 2022, tj. v obdob\u00ed p\u0159ed volbami do<br \/>\nzastupitelstev obc\u00ed konan\u00fdch ve dnech 23. a 24. z\u00e1\u0159\u00ed 2022, dostalo hnut\u00ed Bezpe\u010dn\u00e1 zem\u011b,<br \/>\nkandiduj\u00edc\u00ed v obci Orlov\u00e1, zna\u010dn\u00fd prostor k sebeprezentaci, a bylo tak v\u00fdrazn\u011b zv\u00fdhodn\u011bno oproti<br \/>\nostatn\u00edm kandiduj\u00edc\u00edm stran\u00e1m \u010di hnut\u00edm, a to bez objektivn\u011b dan\u00e9ho d\u016fvodu. Uveden\u00fdm jedn\u00e1n\u00edm<br \/>\nse provozovatel dopustil poru\u0161en\u00ed povinnosti zajistit, aby ve zpravodajsk\u00fdch a politickopublicistick\u00fdch po\u0159adech bylo db\u00e1no z\u00e1sad objektivity a vyv\u00e1\u017eenosti a zejm\u00e9na nebyla v celku<br \/>\nvys\u00edlan\u00e9ho programu jednostrann\u011b zv\u00fdhod\u0148ov\u00e1na \u017e\u00e1dn\u00e1 politick\u00e1 strana nebo hnut\u00ed, pop\u0159\u00edpad\u011b<br \/>\njejich n\u00e1zory nebo n\u00e1zory jednotliv\u00fdch skupin ve\u0159ejnosti, a to s p\u0159ihl\u00e9dnut\u00edm k jejich re\u00e1ln\u00e9mu<br \/>\npostaven\u00ed v politick\u00e9m a spole\u010densk\u00e9m \u017eivot\u011b. Rada stanovuje lh\u016ftu k n\u00e1prav\u011b 7 dn\u00ed ode dne<br \/>\ndoru\u010den\u00ed tohoto upozorn\u011bn\u00ed.<br \/>\n&#8211; Rada se sezn\u00e1mila s podan\u00fdm vysv\u011btlen\u00edm provozovatele POLAR televize Ostrava, s.r.o., I\u010c:<br \/>\n25859838, s\u00eddlem: Boleslavova 710\/19, Ostrava, PS\u010c 709 00, k po\u0159adu Volebn\u00ed studio 2022, kter\u00fd<br \/>\nbyl vys\u00edl\u00e1n na programu POLAR od 14. do 22. z\u00e1\u0159\u00ed 2022, tj. z jak\u00e9ho d\u016fvodu se po\u0159adu \u00fa\u010dastnil<br \/>\nomezen\u00fd po\u010det subjekt\u016f kandiduj\u00edc\u00edch v komun\u00e1ln\u00edch volb\u00e1ch, konkr\u00e9tn\u011b v T\u0159inci pouze \u010dty\u0159i ze<br \/>\nsedmi subjekt\u016f, v Karvin\u00e9 pouze p\u011bt ze sedmi subjekt\u016f, a jak byly stanoveny podm\u00ednky pro jejich<br \/>\n\u00fa\u010dast, a jak\u00e9 byly z\u00e1kladn\u00ed parametry v\u00fdzkumu volebn\u00edch preferenc\u00ed ve m\u011bstech, ze kter\u00fdch byl<br \/>\npo\u0159ad vys\u00edl\u00e1n, a jeho\u017e autorem je agentura Datamar International.<br \/>\n&#8211; Rada v r\u00e1mci sv\u00e9 kompetence dan\u00e9 ustanoven\u00edm \u00a7 5 p\u00edsm. a) z\u00e1kona \u010d. 231\/2001 Sb., o<br \/>\nprovozov\u00e1n\u00ed rozhlasov\u00e9ho a televizn\u00edho vys\u00edl\u00e1n\u00ed a o zm\u011bn\u011b dal\u0161\u00edch z\u00e1kon\u016f, v platn\u00e9m zn\u011bn\u00ed (d\u00e1le<br \/>\njen \u201ez\u00e1kon \u010d. 231\/2001 Sb.\u201c) a v souladu s ustanoven\u00edm \u00a7 137 odst. 1 z\u00e1kona \u010d. 500\/2004 Sb.,<br \/>\nspr\u00e1vn\u00ed \u0159\u00e1d, (d\u00e1le jen \u201ez\u00e1kon \u010d. 500\/2004 Sb.\u201c) \u017e\u00e1d\u00e1 provozovatele vys\u00edl\u00e1n\u00ed POLAR televize<br \/>\nOstrava, s.r.o., I\u010c: 25859838, s\u00eddlem: Boleslavova 710\/19, Ostrava, PS\u010c 709 00, o pod\u00e1n\u00ed<br \/>\nvysv\u011btlen\u00ed k po\u0159adu Volebn\u00ed studio 2022, kter\u00fd byl vys\u00edl\u00e1n na programu POLAR od 14. do 22. z\u00e1\u0159\u00ed<\/p>\n<p>2022, respektive \u017e\u00e1d\u00e1 o p\u0159edlo\u017een\u00ed kompletn\u00edch v\u00fdstup\u016f v\u00fdzkumu volebn\u00edch preferenc\u00ed ve<br \/>\nm\u011bstech, ze kter\u00fdch byl po\u0159ad vys\u00edl\u00e1n, a jeho\u017e autorem je agentura Datamar International; a d\u00e1le<br \/>\n\u017e\u00e1d\u00e1 o vysv\u011btlen\u00ed, z jak\u00e9ho d\u016fvodu provozovatel pot\u00e9, co jeden z pozvan\u00fdch kandid\u00e1t\u016f v T\u0159inci<br \/>\nodm\u00edtl svou \u00fa\u010dast v po\u0159adu, nenab\u00eddl uvoln\u011bn\u00e9 m\u00edsto jednomu z dal\u0161\u00edch z kandid\u00e1t\u016f podle v\u00fdsledk\u016f<br \/>\np\u0159edvolebn\u00edho pr\u016fzkumu tak, aby mohl b\u00fdt zaji\u0161t\u011bn p\u0159edem avizovan\u00fd po\u010det p\u011bti pozvan\u00fdch<br \/>\nsubjekt\u016f. Rada stanovuje lh\u016ftu k pod\u00e1n\u00ed vysv\u011btlen\u00ed 30 dn\u00ed ode dne doru\u010den\u00ed t\u00e9to v\u00fdzvy.<br \/>\n&#8211; Rada se sezn\u00e1mila s podan\u00fdm vysv\u011btlen\u00edm provozovatele vys\u00edl\u00e1n\u00ed \u010cesk\u00e1 televize, I\u010c 00027383,<br \/>\ns\u00eddlem Na h\u0159ebenech II 1132\/4, Praha 4, PS\u010c 14700, k obsahu vys\u00edl\u00e1n\u00ed programu \u010cT24 v<br \/>\npoledn\u00edch a odpoledn\u00edch hodin\u00e1ch dne 11. \u0159\u00edjna 2022, respektive s vysv\u011btlen\u00edm, z jak\u00e9ho d\u016fvodu<br \/>\nbyla odvys\u00edl\u00e1na tiskov\u00e1 konference hnut\u00ed SPD ve zkr\u00e1cen\u00e9 podob\u011b, jestli\u017ee tiskov\u00e9 konference<br \/>\nv\u0161ech ostatn\u00edch stran a hnut\u00ed byly odvys\u00edl\u00e1ny v pln\u00e9 d\u00e9lce a v kompletn\u00ed podob\u011b, a\u0165 u\u017e v p\u0159\u00edm\u00e9m<br \/>\np\u0159enosu, nebo ze z\u00e1znamu.<br \/>\n&#8211; Rada v r\u00e1mci sv\u00e9 p\u016fsobnosti dan\u00e9 ustanoven\u00edm \u00a7 5 p\u00edsm. a) a f) a \u00a7 59 odst. 1-3 z\u00e1kona<br \/>\n\u010d. 231\/2001 Sb., o provozov\u00e1n\u00ed rozhlasov\u00e9ho a televizn\u00edho vys\u00edl\u00e1n\u00ed a o zm\u011bn\u011b dal\u0161\u00edch z\u00e1kon\u016f (d\u00e1le<br \/>\njen \u201ez\u00e1kon \u010d. 231\/2001 Sb.\u201c), v platn\u00e9m zn\u011bn\u00ed, upozor\u0148uje provozovatele vys\u00edl\u00e1n\u00ed \u010cesk\u00e1 televize,<br \/>\nI\u010c: 00027383, s\u00eddlem: Kav\u010d\u00ed hory, Praha 4, PS\u010c 140 70, na poru\u0161en\u00ed ustanoven\u00ed \u00a7 31 odst. 3<br \/>\nz\u00e1kona \u010d. 231\/2001 Sb., kter\u00e9ho se dopustil t\u00edm, \u017ee dne 11. \u0159\u00edjna 2022 v poledn\u00edch a odpoledn\u00edch<br \/>\nhodin\u00e1ch vys\u00edl\u00e1n\u00ed programu \u010cT24, zab\u00fdvaj\u00edc\u00edm se jedn\u00e1n\u00edm 41. sch\u016fze Poslaneck\u00e9 sn\u011bmovny<br \/>\nt\u00e9ho\u017e dne, odvys\u00edlal tiskovou konferenci hnut\u00ed SPD v siln\u011b zkr\u00e1cen\u00e9 podob\u011b (z celkov\u00e9 stop\u00e1\u017ee 29<br \/>\nminut bylo odvys\u00edl\u00e1no pouze 8 minut z\u00e1znamu), zat\u00edmco tiskov\u00e9 konference v\u0161ech ostatn\u00edch<br \/>\npolitick\u00fdch stran \u010di hnut\u00ed zastoupen\u00fdch v Poslaneck\u00e9 sn\u011bmovn\u011b byly odvys\u00edl\u00e1ny v pln\u00e9 d\u00e9lce a v<br \/>\nkompletn\u00ed podob\u011b, a\u0165 u\u017e v p\u0159\u00edm\u00e9m p\u0159enosu, nebo ze z\u00e1znamu, p\u0159i\u010dem\u017e jednotliv\u00e1 vystoupen\u00ed m\u011bla<br \/>\ni n\u00e1sobn\u011b del\u0161\u00ed stop\u00e1\u017e ne\u017e tomu bylo v p\u0159\u00edpad\u011b SPD (v p\u0159\u00edpad\u011b hnut\u00ed STAN 16 minut, PIR\u00c1TI 18<br \/>\nminut, koalice SPOLU 19 minut a hnut\u00ed ANO 15 minut). Uveden\u00fdm jedn\u00e1n\u00edm se tak provozovatel<br \/>\ndopustil poru\u0161en\u00ed povinnosti zajistit, aby ve zpravodajsk\u00fdch a politicko-publicistick\u00fdch po\u0159adech<br \/>\nbylo db\u00e1no z\u00e1sad objektivity a vyv\u00e1\u017eenosti a zejm\u00e9na nebyla v celku vys\u00edlan\u00e9ho programu<br \/>\njednostrann\u011b zv\u00fdhod\u0148ov\u00e1na \u017e\u00e1dn\u00e1 politick\u00e1 strana nebo hnut\u00ed, pop\u0159\u00edpad\u011b jejich n\u00e1zory nebo<br \/>\nn\u00e1zory jednotliv\u00fdch skupin ve\u0159ejnosti, a to s p\u0159ihl\u00e9dnut\u00edm k jejich re\u00e1ln\u00e9mu postaven\u00ed v politick\u00e9m<br \/>\na spole\u010densk\u00e9m \u017eivot\u011b. Rada stanovuje lh\u016ftu k n\u00e1prav\u011b 7 dn\u00ed ode dne doru\u010den\u00ed tohoto upozorn\u011bn\u00ed.<br \/>\n&#8211; Rada se sezn\u00e1mila s podan\u00fdm vysv\u011btlen\u00edm provozovatele vys\u00edl\u00e1n\u00ed \u010cesk\u00e1 televize, I\u010c 00027383,<br \/>\ns\u00eddlem Na h\u0159ebenech II 1132\/4, Praha 4, PS\u010c 14700, k obsahu po\u0159adu Nedej se!, odvys\u00edlan\u00e9mu<br \/>\ndne 2. \u0159\u00edjna 2022 od 11:25 hod. na programu \u010cT2, respektive rubrice Ob\u010dansk\u00e9 noviny s n\u00e1zvem<br \/>\nOtr\u00e1ven\u00fd vzduch v \u017delezn\u00fdch hor\u00e1ch, za\u0159azen\u00e9 od 11:47 hodin.<br \/>\n&#8211; Rada v r\u00e1mci sv\u00e9 p\u016fsobnosti dan\u00e9 ustanoven\u00edm \u00a7 5 p\u00edsm. a) a f) a \u00a7 59 odst. 1-3 z\u00e1kona<br \/>\n\u010d. 231\/2001 Sb., o provozov\u00e1n\u00ed rozhlasov\u00e9ho a televizn\u00edho vys\u00edl\u00e1n\u00ed a o zm\u011bn\u011b dal\u0161\u00edch z\u00e1kon\u016f (d\u00e1le<br \/>\njen \u201ez\u00e1kon \u010d. 231\/2001 Sb.\u201c), v platn\u00e9m zn\u011bn\u00ed, upozor\u0148uje provozovatele vys\u00edl\u00e1n\u00ed \u010cesk\u00e1 televize,<br \/>\nI\u010c: 00027383, s\u00eddlem: Kav\u010d\u00ed hory, Praha 4, PS\u010c 140 70, na poru\u0161en\u00ed ustanoven\u00ed \u00a7 31 odst. 2<br \/>\nz\u00e1kona \u010d. 231\/2001 Sb., jeho\u017e se dopustil odvys\u00edl\u00e1n\u00edm po\u0159adu Nedej se!, dne 2. \u0159\u00edjna 2022 od<br \/>\n11:25 hodin na programu \u010cT2, respektive rubriky Ob\u010dansk\u00e9 noviny s n\u00e1zvem Otr\u00e1ven\u00fd vzduch v<br \/>\n\u017delezn\u00fdch hor\u00e1ch, za\u0159azen\u00e9 do po\u0159adu od 11:47 hodin, kdy v dot\u010den\u00e9 report\u00e1\u017ei dostali prostor k<br \/>\nvyj\u00e1d\u0159en\u00ed v\u00fdhradn\u011b kritici \u010dinnosti m\u00edstn\u00ed cement\u00e1rny, p\u0159i\u010dem\u017e zcela absentovalo jak\u00e9koli vyj\u00e1d\u0159en\u00ed<br \/>\nprotistrany, jej\u00ed\u017e z\u00e1stupci nebyli ani osloveni, a ani nebyl jejich postoj \u017e\u00e1dn\u00fdm zp\u016fsobem autory<br \/>\nreport\u00e1\u017ee prezentov\u00e1n ani zm\u00edn\u011bn. Po\u0159ad tak prezentoval jasn\u00fd, p\u0159edem stanoven\u00fd postoj, kter\u00fd<br \/>\nneposkytl div\u00e1k\u016fm objektivn\u00ed a vyv\u00e1\u017een\u00e9 informace nezbytn\u00e9 pro svobodn\u00e9 vytvo\u0159en\u00ed n\u00e1zoru na<br \/>\nprezentovanou v\u011bc. Rada stanovuje lh\u016ftu k n\u00e1prav\u011b 7 dn\u00ed ode dne doru\u010den\u00ed tohoto upozorn\u011bn\u00ed.<br \/>\n&#8211; Rada se sezn\u00e1mila s odep\u0159en\u00edm pod\u00e1n\u00ed vysv\u011btlen\u00ed provozovatele Barrandov Televizn\u00ed Studio<br \/>\na.s., I\u010c: 41693311, s\u00eddlem K\u0159\u00ed\u017eeneck\u00e9ho n\u00e1m. 322, 15200 Praha 5, jak\u00fdmi konkr\u00e9tn\u00edmi po\u0159ady<br \/>\nnaplnil v t\u00fddnu od 26. 9. do 2. 10. 2022 ve vys\u00edl\u00e1n\u00ed programu KINO BARRANDOV licen\u010dn\u00ed<br \/>\npodm\u00ednky.<\/p>\n<p>&#8211; Rada coby \u00fast\u0159edn\u00ed spr\u00e1vn\u00ed \u00fa\u0159ad v r\u00e1mci sv\u00e9 p\u016fsobnosti dan\u00e9 \u00a7 5 p\u00edsm. a) a f) z\u00e1kona<br \/>\n\u010d. 231\/2001 Sb., o provozov\u00e1n\u00ed rozhlasov\u00e9ho a televizn\u00edho vys\u00edl\u00e1n\u00ed a o zm\u011bn\u011b dal\u0161\u00edch z\u00e1kon\u016f, v<br \/>\nplatn\u00e9m zn\u011bn\u00ed (d\u00e1le jen z\u00e1kon \u010d. 231\/2001 Sb.), v souladu s ustanoven\u00edm \u00a7 78 odst. 1 z\u00e1kona<br \/>\n\u010d. 250\/2016 Sb., z\u00e1kona o p\u0159estupc\u00edch a \u0159\u00edzen\u00ed o nich (d\u00e1le jen z\u00e1kon \u010d. 250\/2016 Sb.), rozhodla<br \/>\nzah\u00e1jit s provozovatelem Barrandov Televizn\u00ed Studio a.s., I\u010c 41693311, s\u00eddlem Praha 5,<br \/>\nK\u0159\u00ed\u017eeneck\u00e9ho n\u00e1m\u011bst\u00ed 322\/5, PS\u010c 15200, \u0159\u00edzen\u00ed o p\u0159estupku z moci \u00fa\u0159edn\u00ed pro mo\u017en\u00e9 poru\u0161en\u00ed<br \/>\nz\u00e1kladn\u00ed programov\u00e9 specifikace a licen\u010dn\u00edch podm\u00ednek programu KINO BARRANDOV (licence<br \/>\n\u010d.j. RRTV\/852\/2015-SMU, sp.zn. 2015\/105\/SMU\/Bar a licence \u010d.j. RRTV\/854\/2015-SMU, sp.zn.<br \/>\n2015\/106\/SMU\/Bar), kdy dle z\u00e1kladn\u00ed programov\u00e9 specifikace m\u00e1 b\u00fdt KINO BARRANDOV<br \/>\nprogramem tematicky zam\u011b\u0159en\u00fdm p\u0159ev\u00e1\u017en\u011b na akvizi\u010dn\u00ed filmovou a seri\u00e1lovou tvorbu, a kdy dle<br \/>\nlicen\u010dn\u00edch podm\u00ednek m\u00e1 vys\u00edl\u00e1n\u00ed programu obsahovat premi\u00e9ry a repr\u00edzy p\u0159ev\u00e1\u017en\u011b film\u016f a seri\u00e1l\u016f,<br \/>\nzejm\u00e9na zahrani\u010dn\u00ed provenience r\u016fzn\u00e9ho \u017e\u00e1nrov\u00e9ho zam\u011b\u0159en\u00ed, nap\u0159. romantick\u00fdch, historick\u00fdch,<br \/>\nrodinn\u00fdch, d\u00e1le i thriller\u016f a krimifilm\u016f se skute\u010dn\u00fdmi p\u0159\u00edb\u011bhy, sci-fi, filmy katastrofick\u00e9, westerny a<br \/>\nv\u00e1le\u010dn\u00e9, komedie a dramata a v no\u010dn\u00edch hodin\u00e1ch maj\u00ed b\u00fdt za\u0159azov\u00e1ny erotick\u00e9 po\u0159ady a horory;<br \/>\nkdy tohoto poru\u0161en\u00ed se provozovatel mohl dopustit ve vys\u00edl\u00e1n\u00ed programu KINO BARRANDOV<br \/>\nminim\u00e1ln\u011b v t\u00fddnu od 2. do 8. ledna 2023, kde absentovala jak\u00e1koli akvizi\u010dn\u00ed filmov\u00e1 \u010di seri\u00e1lov\u00e1<br \/>\ntvorba, stejn\u011b tak jako premi\u00e9ry a repr\u00edzy film\u016f a seri\u00e1l\u016f r\u016fzn\u00e9ho \u017e\u00e1nrov\u00e9ho zam\u011b\u0159en\u00ed.<br \/>\n&#8211; Rada se sezn\u00e1mila s podan\u00fdm vysv\u011btlen\u00edm provozovatele POLAR televize Ostrava, s.r.o. k<br \/>\nobsahu vys\u00edl\u00e1n\u00ed programu POLAR 2 ve dnech 1. a 2. \u010dervence 2022, z jak\u00e9ho d\u016fvodu obsah<br \/>\nvys\u00edl\u00e1n\u00ed nebyl \u201esestaven z jednoho bloku po\u0159ad\u016f o celkov\u00e9 d\u00e9lce 30-180 minut, kter\u00fd bude<br \/>\nnep\u0159etr\u017eit\u011b vys\u00edl\u00e1n ve smy\u010dce\u201c, jak je to stanoveno v programov\u00fdch podm\u00ednk\u00e1ch licence, ale z<br \/>\nbloku po\u0159ad\u016f krat\u0161\u00edho, nepo\u010d\u00edtaje po\u0159ady, jejich\u017e vys\u00edl\u00e1n\u00ed odpov\u00eddalo ustanoven\u00ed licence, \u017ee \u201emimo<br \/>\ntento blok nebo mezi n\u011bj m\u016f\u017ee b\u00fdt do vys\u00edl\u00e1n\u00ed za\u0159azen aktu\u00e1ln\u011b jin\u00fd po\u0159ad\u201c.<br \/>\n&#8211; Rada se sezn\u00e1mila s podan\u00fdm vysv\u011btlen\u00edm provozovatele Krajsk\u00e1 nemocnice Liberec, a.s., z<br \/>\njak\u00e9ho d\u016fvodu ve vys\u00edl\u00e1n\u00ed programu KNL TV ve dnech 14.- 15. srpna 2022 1) nebyly p\u0159\u00edtomny<br \/>\npremi\u00e9ry a repr\u00edzy Magaz\u00ednu KNL TV, kter\u00e9 maj\u00ed b\u00fdt dle licence za\u0159azeny v\u017edy v 8:00 a 20:00<br \/>\nhodin, 2) kamerov\u00e9 z\u00e1b\u011bry WEBOKO nebyly podlo\u017een\u00e9 hudbou, jak uv\u00e1d\u00ed licence.<br \/>\n&#8211; Rada se sezn\u00e1mila s podan\u00fdm vysv\u011btlen\u00edm zadavatele reklamy Lidl \u010cesk\u00e1 republika v.o.s. k<br \/>\nobsahu st\u00ed\u017enosti na reklamu Lidl \u010cesk\u00e1 republika odvys\u00edlanou dne 21. srpna 2022 v 20:11 hod. na<br \/>\nprogramu Nova, v jej\u00edm\u017e r\u00e1mci bylo propagov\u00e1no Jiho\u010desk\u00e9 m\u00e1slo za ak\u010dn\u00ed cenu 54,90 K\u010d.<br \/>\n&#8211; Rada coby \u00fast\u0159edn\u00ed spr\u00e1vn\u00ed \u00fa\u0159ad v r\u00e1mci sv\u00e9 kompetence dan\u00e9 ustanoven\u00edm \u00a7 5 p\u00edsm. a)<br \/>\nz\u00e1kona \u010d. 231\/2001 Sb., o provozov\u00e1n\u00ed rozhlasov\u00e9ho a televizn\u00edho vys\u00edl\u00e1n\u00ed a o zm\u011bn\u011b dal\u0161\u00edch<br \/>\nz\u00e1kon\u016f (d\u00e1le jen \u201ez\u00e1kon \u010d. 231\/2001 Sb.\u201c), rozhodla v souladu s ustanoven\u00edm \u00a7 76 odst. 1 p\u00edsm.<br \/>\na) z\u00e1kona \u010d. 250\/2016 Sb., o odpov\u011bdnosti za p\u0159estupky a \u0159\u00edzen\u00ed o nich, v platn\u00e9m zn\u011bn\u00ed, ve v\u011bci<br \/>\nmo\u017en\u00e9ho p\u0159estupku sp\u00e1chan\u00e9ho odvys\u00edl\u00e1n\u00edm reklamy Lidl \u010cesk\u00e1 republika dne 21. srpna 2022 v<br \/>\n20:11 hod. na programu Nova, v jej\u00edm\u017e r\u00e1mci bylo propagov\u00e1no Jiho\u010desk\u00e9 m\u00e1slo za ak\u010dn\u00ed cenu,<br \/>\n\u017ee v\u011bc odkl\u00e1d\u00e1.<br \/>\n&#8211; Rada se sezn\u00e1mila s podan\u00fdm vysv\u011btlen\u00edm provozovatele FTV Prima, spol. s r.o., z jak\u00e9ho<br \/>\nd\u016fvodu dne 18. z\u00e1\u0159\u00ed 2022 na programu CNN Prima News odvys\u00edlal ozn\u00e1men\u00ed sponzora programu<br \/>\nDen Braven bezprost\u0159edn\u011b p\u0159ed (v 7:26 hodin) a po skon\u010den\u00ed (v 7:51 hodin) po\u0159adu Prima SV\u011aT.<br \/>\n&#8211; Rada coby \u00fast\u0159edn\u00ed spr\u00e1vn\u00ed \u00fa\u0159ad v r\u00e1mci sv\u00e9 kompetence dan\u00e9 ustanoven\u00edm \u00a7 5 p\u00edsm. a)<br \/>\nz\u00e1kona \u010d. 231\/2001 Sb., o provozov\u00e1n\u00ed rozhlasov\u00e9ho a televizn\u00edho vys\u00edl\u00e1n\u00ed a o zm\u011bn\u011b dal\u0161\u00edch<br \/>\nz\u00e1kon\u016f (d\u00e1le jen \u201ez\u00e1kon \u010d. 231\/2001 Sb.\u201c), rozhodla v souladu s ustanoven\u00edm \u00a7 76 odst. 1 p\u00edsm.<br \/>\na) z\u00e1kona \u010d. 250\/2016 Sb., o odpov\u011bdnosti za p\u0159estupky a \u0159\u00edzen\u00ed o nich, v platn\u00e9m zn\u011bn\u00ed, ve v\u011bci<br \/>\nmo\u017en\u00e9ho p\u0159estupku sp\u00e1chan\u00e9ho odvys\u00edl\u00e1n\u00edm ozn\u00e1men\u00ed sponzora programu Den Braven<br \/>\nbezprost\u0159edn\u011b p\u0159ed (v 7:26 hodin) a po skon\u010den\u00ed (v 7:51 hodin) po\u0159adu Prima SV\u011aT, \u017ee v\u011bc<br \/>\nodkl\u00e1d\u00e1.<br \/>\n&#8211; Rada se sezn\u00e1mila s podan\u00fdm vysv\u011btlen\u00edm provozovatele S&amp;P Broadcasting a.s., na z\u00e1klad\u011b<br \/>\njak\u00e9ho smluvn\u00edho ujedn\u00e1n\u00ed byly v po\u0159adu Dobrou chu\u0165 aneb s kucha\u0159i na cest\u00e1ch odvys\u00edlan\u00e9ho dne 21. z\u00e1\u0159\u00ed 2022 v \u010dase od 20:30:02 hodin na programu M\u0148am TV prezentov\u00e1ny produkty<br \/>\ninternetov\u00e9ho obchodu ZGastro.cz.<br \/>\n&#8211; Rada coby \u00fast\u0159edn\u00ed spr\u00e1vn\u00ed \u00fa\u0159ad v r\u00e1mci sv\u00e9 kompetence dan\u00e9 ustanoven\u00edm \u00a7 5 p\u00edsm. a) a f) a<br \/>\n\u00a7 59 odst. 1-3 z\u00e1kona \u010d. 231\/2001 Sb., o provozov\u00e1n\u00ed rozhlasov\u00e9ho a televizn\u00edho vys\u00edl\u00e1n\u00ed a o<br \/>\nzm\u011bn\u011b dal\u0161\u00edch z\u00e1kon\u016f (d\u00e1le jen z\u00e1kon \u010d. 231\/2001 Sb.), v platn\u00e9m zn\u011bn\u00ed, upozor\u0148uje<br \/>\nprovozovatele S&amp;P Broadcasting a.s., I\u010c: 04117310, se s\u00eddlem Dukelsk\u00fdch hrdin\u016f 976\/12,<br \/>\nHole\u0161ovice, 170 00 Praha 7, na poru\u0161en\u00ed ustanoven\u00ed \u00a7 53 odst. 1 p\u00edsm. b) z\u00e1kona \u010d. 231\/2001 Sb.,<br \/>\njeho\u017e se dopustil odvys\u00edl\u00e1n\u00edm po\u0159adu Dobrou chu\u0165 aneb s kucha\u0159i na cest\u00e1ch dne 21. z\u00e1\u0159\u00ed 2022 v<br \/>\n\u010dase od 20:30:02 hodin na programu M\u0148am TV, jeliko\u017e v po\u0159adu byly propagov\u00e1ny produkty<br \/>\nsponzora &#8211; internetov\u00e9ho obchodu ZGastro.cz, kdy jeden z moder\u00e1tor\u016f druh\u00e9mu moder\u00e1torovi<br \/>\nopakovan\u011b doporu\u010doval a vychvaloval produkty tohoto sponzora a dvakr\u00e1t odkazoval na jeho<br \/>\ninternetov\u00e9 str\u00e1nky, kde je mo\u017en\u00e9 produkty zakoupit. Provozovatel se tak dopustil poru\u0161en\u00ed<br \/>\nz\u00e1konn\u00e9ho z\u00e1kazu, aby po\u0159ady, kter\u00e9 jsou sponzorov\u00e1ny, p\u0159\u00edmo nab\u00e1daly k n\u00e1kupu nebo n\u00e1jmu<br \/>\nzbo\u017e\u00ed nebo slu\u017eeb, zejm\u00e9na zvl\u00e1\u0161tn\u00edm zmi\u0148ov\u00e1n\u00edm zbo\u017e\u00ed nebo slu\u017eeb za \u00fa\u010delem propagace. Rada<br \/>\nstanovuje lh\u016ftu k n\u00e1prav\u011b 7 dn\u00ed ode dne doru\u010den\u00ed tohoto upozorn\u011bn\u00ed.<br \/>\n&#8211; Rada se sezn\u00e1mila s podan\u00fdm vysv\u011btlen\u00edm provozovatele S&amp;P Broadcasting a.s., zda sponzory<br \/>\npo\u0159adu Dobrou chu\u0165 aneb s kucha\u0159i na cest\u00e1ch odvys\u00edlan\u00e9ho na programu M\u0148am TV dne 21. z\u00e1\u0159\u00ed<br \/>\n2022 v \u010dase od 20:30:02 hodin byli ve smyslu definice z\u00e1kona n\u00e1sleduj\u00edc\u00ed spole\u010dnosti: Vintimex.cz,<br \/>\nEden n\u00e1kupn\u00ed centrum, W\u00fcsthof a ZGastro.cz, a pokud ano, z jak\u00e9ho d\u016fvodu nebyli v\u0161ichni tito<br \/>\n\u0159\u00e1dn\u011b ozna\u010deni jako sponzo\u0159i po\u0159adu tak, jak stanovuje \u00a7 53 odst. 4 z\u00e1kona \u010d. 231\/2001 Sb., dle<br \/>\nkter\u00e9ho je provozovatel vys\u00edl\u00e1n\u00ed povinen zajistit, aby byl ka\u017ed\u00fd zcela nebo z\u010d\u00e1sti sponzorovan\u00fd<br \/>\npo\u0159ad v\u017edy na za\u010d\u00e1tku a d\u00e1le v pr\u016fb\u011bhu nebo na konci z\u0159eteln\u011b ozna\u010den jm\u00e9nem nebo n\u00e1zvem,<br \/>\nobrazov\u00fdm symbolem (logem) nebo jinou zna\u010dkou sponzora, kterou se rozum\u00ed zejm\u00e9na odkaz na<br \/>\njeho v\u00fdrobky, slu\u017eby nebo na jejich charakteristick\u00fd znak.<br \/>\n&#8211; Rada coby \u00fast\u0159edn\u00ed spr\u00e1vn\u00ed \u00fa\u0159ad v r\u00e1mci sv\u00e9 kompetence dan\u00e9 ustanoven\u00edm \u00a7 5 p\u00edsm. a) a f) a<br \/>\n\u00a7 59 odst. 1-3 z\u00e1kona \u010d. 231\/2001 Sb., o provozov\u00e1n\u00ed rozhlasov\u00e9ho a televizn\u00edho vys\u00edl\u00e1n\u00ed a o<br \/>\nzm\u011bn\u011b dal\u0161\u00edch z\u00e1kon\u016f (d\u00e1le jen z\u00e1kon \u010d. 231\/2001 Sb.), v platn\u00e9m zn\u011bn\u00ed, upozor\u0148uje<br \/>\nprovozovatele S&amp;P Broadcasting a.s., I\u010c: 04117310, se s\u00eddlem Dukelsk\u00fdch hrdin\u016f 976\/12,<br \/>\nHole\u0161ovice, 170 00 Praha 7, na poru\u0161en\u00ed ustanoven\u00ed \u00a7 53 odst. 4 z\u00e1kona \u010d. 231\/2001 Sb., jeho\u017e<br \/>\nse dopustil t\u00edm, \u017ee po\u0159ad Dobrou chu\u0165 aneb s kucha\u0159i na cest\u00e1ch odvys\u00edlan\u00fd dne 21. z\u00e1\u0159\u00ed 2022 v<br \/>\n\u010dase od 20:30:02 hodin na programu M\u0148am TV nebyl \u0159\u00e1dn\u011b ozna\u010den identifikac\u00ed v\u0161ech sponzor\u016f<br \/>\nv rozsahu a formou, kterou vy\u017eaduje z\u00e1kon. Rada stanovuje lh\u016ftu k n\u00e1prav\u011b 7 dn\u00ed ode dne doru\u010den\u00ed<br \/>\ntohoto upozorn\u011bn\u00ed.<br \/>\n&#8211; Rada se sezn\u00e1mila s podan\u00fdm vysv\u011btlen\u00edm provozovatele S&amp;P Broadcasting a.s., na z\u00e1klad\u011b<br \/>\njak\u00e9ho smluvn\u00edho ujedn\u00e1n\u00ed byla v po\u0159adu Dobrou chu\u0165 aneb s kucha\u0159i na cest\u00e1ch odvys\u00edlan\u00e9ho<br \/>\ndne 21. z\u00e1\u0159\u00ed 2022 v \u010dase od 20:30:02 hodin na programu M\u0148am TV prezentov\u00e1na spole\u010dnost<br \/>\nTesco, resp. Tesco Eden.<br \/>\n&#8211; Rada se sezn\u00e1mila s podan\u00fdm vysv\u011btlen\u00edm provozovatele S&amp;P Broadcasting a.s., o jak\u00fd typ<br \/>\nobchodn\u00edho sd\u011blen\u00ed se jednalo v p\u0159\u00edpad\u011b sponzorsk\u00e9ho ozn\u00e1men\u00ed za\u0159azen\u00e9ho do upout\u00e1vky na<br \/>\npo\u0159ad KryptoTime s Kryptovl\u00e1\u010fou, kter\u00e1 byla odvys\u00edlan\u00e1 na programu M\u0148am TV dne 21. z\u00e1\u0159\u00ed v<br \/>\n\u010dasech 11:45:26, 12:15:37, 12:45:05, 13:35:23, 16:14:58, 16:26:54, 18:58:39, 20:41:23 hodin.<br \/>\n&#8211; Rada se sezn\u00e1mila s reakc\u00ed provozovatele Krajsk\u00e1 nemocnice Liberec, a.s. na upozorn\u011bn\u00ed na<br \/>\nporu\u0161en\u00ed z\u00e1kona, kter\u00e9ho se dopustil t\u00edm, \u017ee ve dnech 14.-15. srpna 2022 na programu KNL TV<br \/>\nvys\u00edlal reklamn\u00ed spoty na l\u00e9k\u00e1rny KNL, kter\u00e9 byly od ostatn\u00edch \u010d\u00e1st\u00ed vys\u00edl\u00e1n\u00ed odd\u011bleny zn\u011blkou<br \/>\npouze p\u0159ed jejich za\u010d\u00e1tkem, nikoliv po jejich skon\u010den\u00ed. Reklamy tak nebyly snadno rozeznateln\u00e9 a<br \/>\nz\u0159eteln\u011b odd\u011blen\u00e9.<br \/>\n&#8211; Rada se sezn\u00e1mila s reakc\u00ed provozovatele AMC Networks Central Europe s.r.o., na upozorn\u011bn\u00ed<br \/>\nna poru\u0161en\u00ed z\u00e1kona, kter\u00e9ho se dopustil t\u00edm, \u017ee 9. \u0159\u00edjna 2022 odvys\u00edlal od 18:05 hodin na programu<br \/>\nAMC Channel Central and Eastern Europe po\u0159ad Sedm let v Tibetu, kter\u00fd obsahoval vulgarismy \u010di&nbsp;<\/p>\n<p>nad\u00e1vky \u201eidiot\u201c (v \u010dase 00:04:03 od za\u010d\u00e1tku po\u0159adu), \u201esvin\u011b\u201c (00:17:56), \u201esvin\u011b z\u00e1ke\u0159n\u00fd\u201c (00:17:58),<br \/>\n\u201ehajzlov\u00e9\u201c (00:22:40), \u201ehajzle\u201c (00:22:43), \u201esvin\u011b mizern\u00fd\u201c (00:22:46), \u010d\u00edm\u017e poru\u0161il povinnost<br \/>\nneza\u0159azovat do program\u016f po\u0159ady a reklamy, kter\u00e9 obsahuj\u00ed vulgarismy a nad\u00e1vky, krom\u011b<br \/>\num\u011bleck\u00fdch d\u011bl, v nich\u017e je to z hlediska l\u00ed\u010den\u00e9ho kontextu nutn\u00e9; takov\u00e1 d\u00edla je v\u0161ak mo\u017en\u00e9 vys\u00edlat<br \/>\npouze v dob\u011b od 22:00 do 06:00 hodin druh\u00e9ho dne.<br \/>\n&#8211; Rada se sezn\u00e1mila s reakc\u00ed provozovatele S&amp;P Broadcasting a.s. na upozorn\u011bn\u00ed na poru\u0161en\u00ed<br \/>\nustanoven\u00ed \u00a7 53a odst. 2 p\u00edsm. c) z\u00e1kona \u010d. 231\/2001 Sb., kter\u00e9ho se dopustil odvys\u00edl\u00e1n\u00edm po\u0159adu<br \/>\nDobrou chu\u0165 aneb s kucha\u0159i na cest\u00e1ch dne 21. z\u00e1\u0159\u00ed 2022 v \u010dase od 20:30:02 hodin na programu<br \/>\nM\u0148am TV. V p\u0159edm\u011btn\u00e9m vyd\u00e1n\u00ed do\u0161lo k nepat\u0159i\u010dn\u00e9mu zd\u016fraz\u0148ov\u00e1n\u00ed um\u00edst\u011bn\u00e9ho produktu &#8211;<br \/>\ndatlov\u00e9ho sirupu zna\u010dky Country Life.<br \/>\n&#8211; Rada se sezn\u00e1mila s reakc\u00ed provozovatele \u00dasteck\u00e1 m\u00e9dia s. r. o. na upozorn\u011bn\u00ed \u010d.j.<br \/>\nRRTV\/13005\/2022-loj, kter\u00fdm byl upozorn\u011bn na poru\u0161en\u00ed ustanoven\u00ed \u00a7 32 odst. 1 p\u00edsm. s) z\u00e1kona<br \/>\n\u010d. 231\/2001Sb., kter\u00e9ho se dopustil t\u00edm, \u017ee Rad\u011b neozn\u00e1mil zah\u00e1jen\u00ed vys\u00edl\u00e1n\u00ed programu \u00dasteck\u00e1<br \/>\nTV.<br \/>\n&#8211; Rada se sezn\u00e1mila se zpr\u00e1vou ve\u0159ejn\u00e9ho ochr\u00e1nce pr\u00e1v o ukon\u010den\u00ed \u0161et\u0159en\u00ed ve v\u011bci po\u0159adu<br \/>\nInfiltrace: Obchod s nad\u011bj\u00ed odvys\u00edlan\u00e9ho dne 12. dubna 2021 na programu \u010cT1.<br \/>\n&#8211; Rada se sezn\u00e1mila s rozsudkem Nejvy\u0161\u0161\u00edho spr\u00e1vn\u00edho soudu ze dne 13. prosince 2022, \u010dj. 2<br \/>\nAs 119\/2022-33, kter\u00fdm zam\u00edtl kasa\u010dn\u00ed st\u00ed\u017enost Rady proti rozsudku M\u011bstsk\u00e9ho soudu v Praze ze<br \/>\ndne 11. 4. 2022, \u010d. j. 5 A 112\/2018-108, j\u00edm\u017e bylo zru\u0161eno rozhodnut\u00ed Rady ze dne 27. 2. 2018,<br \/>\n\u010d. j. RRTV\/6852\/2018-had o ulo\u017een\u00ed pokuty 50 000 K\u010d spole\u010dnosti Loterie Korunka a.s. pro<br \/>\nporu\u0161en\u00ed povinnosti stanoven\u00e9 \u00a7 2 odst. 3 z\u00e1kona \u010d. 40\/1995 Sb., zad\u00e1n\u00edm reklamy s motivem<br \/>\n\u201eloterie Korunka\u201c, odvys\u00edlan\u00e9 dne 20. 3. 2017 v \u010dase 7:20:28 hodin na programu O (\u00d3\u010dko).<br \/>\n&#8211; Rada coby \u00fast\u0159edn\u00ed spr\u00e1vn\u00ed \u00fa\u0159ad v r\u00e1mci sv\u00e9 p\u016fsobnosti dan\u00e9 \u00a7 5 p\u00edsm. a) a f) z\u00e1kona<br \/>\n\u010d. 231\/2001 Sb., o provozov\u00e1n\u00ed rozhlasov\u00e9ho a televizn\u00edho vys\u00edl\u00e1n\u00ed a o zm\u011bn\u011b dal\u0161\u00edch z\u00e1kon\u016f a<br \/>\npodle ustanoven\u00ed \u00a7 86 odst. 1 p\u00edsm. a) z\u00e1kona \u010d. 250\/2016 Sb., o odpov\u011bdnosti za p\u0159estupky a<br \/>\n\u0159\u00edzen\u00ed o nich, vydala dne 24. ledna 2023 toto usnesen\u00ed: Rada v\u00e1z\u00e1na rozsudkem Nejvy\u0161\u0161\u00edho<br \/>\nspr\u00e1vn\u00edho soudu ze dne 13. prosince 2022, \u010dj. 2 As 119\/2022-33; zastavuje se zadavatelem<br \/>\nreklamy, spole\u010dnost\u00ed Loterie Korunka s.r.o., I\u010cO: 27172813, se s\u00eddlem Politick\u00fdch v\u011bz\u0148\u016f 156,<br \/>\nBeroun, \u0159\u00edzen\u00ed o p\u0159estupku veden\u00e9 pro mo\u017en\u00e9 poru\u0161en\u00ed povinnosti stanoven\u00e9 \u00a7 2 odst. 3 z\u00e1kona<br \/>\n\u010d. 40\/1995 Sb., ke kter\u00e9mu m\u011blo doj\u00edt zad\u00e1n\u00edm reklamy s motivem \u201eloterie Korunka\u201c, odvys\u00edlan\u00e9<br \/>\ndne 20. 3. 2017 v \u010dase 7:20:28 hodin na programu O (\u00d3\u010dko), nebo\u0165 skutek, o n\u011bm\u017e se vede \u0159\u00edzen\u00ed,<br \/>\nnen\u00ed p\u0159estupkem.<br \/>\n&#8211; Rada se sezn\u00e1mila s rozsudkem M\u011bstsk\u00e9ho soudu v Praze ze dne 21. listopadu 2022, \u010d.j. 17 A<br \/>\n12\/2022, kter\u00fdm byla zam\u00edtnuta \u017ealoba provozovatele vys\u00edl\u00e1n\u00ed Barrandov Televizn\u00ed Studio a.s.,<br \/>\nproti rozhodnut\u00ed Rady ze dne 9. listopadu 2021, \u010d.j. RRTV\/14564\/2021\/beh, j\u00edm\u017e mu byla ulo\u017eena<br \/>\npokuta ve v\u00fd\u0161i 75 000 K\u010d pro poru\u0161en\u00ed ustanoven\u00ed \u00a7 48 odst. 1 p\u00edsm. c) z\u00e1kona \u010d. 231\/2001 Sb.,<br \/>\nkter\u00e9ho se dopustil t\u00edm, \u017ee dne 5. kv\u011btna 2021 od 14:15 hodin na programu Televize Barrandov<br \/>\nodvys\u00edlal obchodn\u00ed sd\u011blen\u00ed, resp. teleshopping \u201eSoukup shop\u201c, v n\u011bm\u017e \u00fa\u010dinkoval moder\u00e1tor<br \/>\nzpravodajsk\u00fdch a politicko-publicistick\u00fdch po\u0159ad\u016f vys\u00edlan\u00fdch na programu Televize Barrandov<br \/>\nJarom\u00edr Soukup, \u010d\u00edm\u017e se provozovatel dopustil poru\u0161en\u00ed povinnosti neza\u0159azovat do vys\u00edl\u00e1n\u00ed<br \/>\nobchodn\u00ed sd\u011blen\u00ed, v nich\u017e \u00fa\u010dinkuj\u00ed hlasatel\u00e9, moder\u00e1to\u0159i a redakto\u0159i zpravodajsk\u00fdch a politickopublicistick\u00fdch po\u0159ad\u016f.<br \/>\nAUDIOVIZU\u00c1LN\u00cd MEDI\u00c1LN\u00cd SLU\u017dBY NA VY\u017d\u00c1D\u00c1N\u00cd<br \/>\n&#8211; Rada se sezn\u00e1mila se zpr\u00e1vou o kontrole audiovizu\u00e1ln\u00edch medi\u00e1ln\u00edch slu\u017eeb na vy\u017e\u00e1d\u00e1n\u00ed<br \/>\nprost\u0159ednictv\u00edm screeningu za obdob\u00ed z\u00e1\u0159\u00ed 2022, kter\u00e1 byla zam\u011b\u0159ena na v\u00fdskyt obsahu<br \/>\nsouvisej\u00edc\u00edho s volbami do zastupitelstev obc\u00ed a Sen\u00e1tu P\u010cR, konan\u00fdch ve dnech 23. a 24. z\u00e1\u0159\u00ed<\/p>\n<p>&#8211; Rada v r\u00e1mci sv\u00e9 p\u016fsobnosti podle ustanoven\u00ed \u00a7 3 a \u00a7 5 z\u00e1kona \u010d. 242\/2022 Sb., z\u00e1kona o<br \/>\nslu\u017eb\u00e1ch platforem pro sd\u00edlen\u00ed videonahr\u00e1vek a podle ustanoven\u00ed \u00a7 158 odst. 1 z\u00e1kona \u010d. 500\/2004<br \/>\nSb., spr\u00e1vn\u00edho \u0159\u00e1du, vyd\u00e1v\u00e1 na z\u00e1klad\u011b p\u00edsemn\u00e9ho ozn\u00e1men\u00ed spole\u010dnosti Zkouknito s.r.o.,<br \/>\nB\u011blehradsk\u00e1 299\/132, 120 00, Praha 2, doru\u010den\u00e9ho Rad\u011b dne 14. prosince 2022, toto potvrzen\u00ed:<br \/>\nsubjekt Zkouknito s.r.o., B\u011blehradsk\u00e1 299\/132, 120 00, Praha 2; byl dne 24. ledna 2023 zaps\u00e1n do<br \/>\nSeznamu poskytovatel\u016f slu\u017eeb platforem pro sd\u00edlen\u00ed videonahr\u00e1vek ve smyslu ustanoven\u00ed \u00a7 5<br \/>\nz\u00e1kona o slu\u017eb\u00e1ch platforem pro sd\u00edlen\u00ed videonahr\u00e1vek, jako poskytovatel slu\u017eby zkouknito.cz<br \/>\n&#8211; Rada se sezn\u00e1mila s podan\u00fdm vysv\u011btlen\u00edm poskytovatele spole\u010dnosti DigiSoul s.r.o., z jak\u00e9ho<br \/>\nd\u016fvodu neozn\u00e1mil Rad\u011b zm\u011bnu evidovan\u00fdch \u00fadaj\u016f, jak mu ukl\u00e1d\u00e1 ust. \u00a7 5 odst. 4 z\u00e1kona<br \/>\n\u010d. 132\/2010 Sb., o audiovizu\u00e1ln\u00edch medi\u00e1ln\u00edch slu\u017eb\u00e1ch na vy\u017e\u00e1d\u00e1n\u00ed.<br \/>\n&#8211; Rada se sezn\u00e1mila s podan\u00fdm vysv\u011btlen\u00edm poskytovatele spole\u010dnosti DigiSoul s.r.o., zdali do\u0161lo<br \/>\nvzhledem k nefunk\u010dnosti str\u00e1nek k p\u0159eru\u0161en\u00ed, \u010di k ukon\u010den\u00ed poskytov\u00e1n\u00ed audiovizu\u00e1ln\u00ed medi\u00e1ln\u00ed<br \/>\nslu\u017eby na vy\u017e\u00e1d\u00e1n\u00ed zakulturou.online.<br \/>\n&#8211; Rada se sezn\u00e1mila s reakc\u00ed poskytovatele spole\u010dnosti DigiSoul s.r.o., na upozorn\u011bn\u00ed na<br \/>\nporu\u0161en\u00ed z\u00e1kona, kter\u00e9ho se dopustil t\u00edm, \u017ee na webu slu\u017eby Za kulturou online, p\u0159\u00edstupn\u00e9m z<br \/>\nwww.zakulturouonline.cz, neuv\u00e1d\u00ed informaci o tom, \u017ee org\u00e1nem dohledu nad poskytov\u00e1n\u00edm<br \/>\naudiovizu\u00e1ln\u00edch medi\u00e1ln\u00edch slu\u017eeb na vy\u017e\u00e1d\u00e1n\u00ed je Rada.<br \/>\n&#8211; Rada v r\u00e1mci sv\u00e9 p\u016fsobnosti dan\u00e9 ustanoven\u00edm \u00a7 4 odst. 1 z\u00e1kona \u010d. 132\/2010 Sb., o<br \/>\naudiovizu\u00e1ln\u00edch medi\u00e1ln\u00edch slu\u017eb\u00e1ch na vy\u017e\u00e1d\u00e1n\u00ed a o zm\u011bn\u011b dal\u0161\u00edch z\u00e1kon\u016f (d\u00e1le jen z\u00e1kon<br \/>\n\u010d. 132\/2010 Sb.), v platn\u00e9m zn\u011bn\u00ed, konstatuje, \u017ee slu\u017eba Multimedi\u00e1ln\u00ed zpravodaj Prahy 7<br \/>\nposkytovatele Spolek pro ob\u010danskou informovanost, I\u010c 693 47 051, se s\u00eddlem Oveneck\u00e1 751\/7,<br \/>\nPraha 7, PS\u010c 170 00, p\u0159\u00edstupn\u00e1 na internetov\u00e9 adrese https:www.tvpraha7.cz, nenapl\u0148uje defini\u010dn\u00ed<br \/>\nznaky audiovizu\u00e1ln\u00ed medi\u00e1ln\u00ed slu\u017eby na vy\u017e\u00e1d\u00e1n\u00ed a prov\u00e1d\u00ed v\u00fdmaz poskytovatele Spolek pro<br \/>\nob\u010danskou informovanost, I\u010c 693 47 051, se s\u00eddlem Oveneck\u00e1 751\/7, Praha 7, PS\u010c 170 00, ze<br \/>\nSeznamu poskytovatel\u016f audiovizu\u00e1ln\u00edch medi\u00e1ln\u00edch slu\u017eeb na vy\u017e\u00e1d\u00e1n\u00ed.<br \/>\nOSTATN\u00cd<br \/>\n&#8211; Rada schvaluje vyhodnocen\u00ed priorit pro rok 2022.<br \/>\n&#8211; Rada se sezn\u00e1mila s p\u0159ehledem uhrazen\u00fdch pokut za obdob\u00ed od 1. ledna do 31. prosince 2022.<br \/>\n&#8211; Rada se sezn\u00e1mila s p\u0159ehledem zm\u011bn v rozhlasov\u00e9m a televizn\u00edm vys\u00edl\u00e1n\u00ed za listopad a prosinec<br \/>\nroku 2022.<br \/>\n&#8211; Rada se sezn\u00e1mila s pod\u00e1n\u00edmi \u010d. j. RRTV\/832\/2023-vra; RRTV\/899\/2023-vra; RRTV\/905\/2023-<br \/>\nvra; RRTV\/954\/2023-vra; RRTV\/961\/2023-vra; RRTV\/1021\/2023-vac; RRTV\/954\/2023-vra a<br \/>\nRRTV\/961\/2023-vra (8 pod\u00e1n\u00ed) poukazuj\u00edc\u00edmi na aktivitu radn\u00edho Mgr. Daniela K\u00f6ppla<br \/>\nv marketingov\u00e9m t\u00fdmu prezidentsk\u00e9ho kandid\u00e1ta Andreje Babi\u0161e.<br \/>\n&#8211; Rada konstatuje, \u017ee skutkov\u00fd stav ve v\u011bci podez\u0159en\u00ed na st\u0159et z\u00e1jm\u016f \u010dlena Rady Mgr. Daniela<br \/>\nK\u00f6ppla nasv\u011bd\u010duje tomu, \u017ee mohlo doj\u00edt k poru\u0161en\u00ed ustanoven\u00ed \u00a7 7 odst. 12 a 14 z\u00e1kona<br \/>\n\u010d. 231\/2001 Sb., o provozov\u00e1n\u00ed rozhlasov\u00e9ho a televizn\u00edho vys\u00edl\u00e1n\u00ed a o zm\u011bn\u011b dal\u0161\u00edch z\u00e1kon\u016f, v<br \/>\naktu\u00e1ln\u00edm zn\u011bn\u00ed, \u010d\u00edm\u017e mohla b\u00fdt naru\u0161ena jeho nestrannost a nez\u00e1vislost jako \u010dlena Rady,<br \/>\npop\u0159\u00edpad\u011b i zpochybn\u011bna d\u016fv\u011bra v nez\u00e1vislost a nestrannost Rady jako celku. Rada proto<br \/>\npostupuje doru\u010den\u00e9 podn\u011bty Poslaneck\u00e9 sn\u011bmovn\u011b Parlamentu \u010cesk\u00e9 republiky, kter\u00e1 je podle<br \/>\nustanoven\u00ed \u00a7 7 odst. 1 z\u00e1kona \u010d. 231\/2001 Sb., opr\u00e1vn\u011bna v t\u00e9to v\u011bci jednat. Rada o tomto zp\u016fsobu<br \/>\nvy\u0159\u00edzen\u00ed podn\u011bt\u016f vyrozum\u00ed st\u011b\u017eovatele.<\/p>\n<p>V Praze dne 25. 1. 2023<br \/>\nIng. arch. V\u00e1clav Mencl<br \/>\np\u0159edseda Rady pro rozhlasov\u00e9<br \/>\na televizn\u00ed vys\u00edl\u00e1n\u00ed<br \/>\nkontakt: podatelna@rrtv.cz<br \/>\n274 813 830<\/p>\n","protected":false},"excerpt":{"rendered":"<p>Rada pro rozhlasov\u00e9 a televizn\u00ed vys\u00edl\u00e1n\u00ed (d\u00e1le jen &#8222;Rada&#8220;) na sv\u00e9m 1. zased\u00e1n\u00ed projednala 73 bod\u016f programu. Vyhodnotila 60 st\u00ed\u017enost\u00ed div\u00e1k\u016f a poslucha\u010d\u016f, vydala 31 upozorn\u011bn\u00ed na poru\u0161en\u00ed z\u00e1kona. Rozhodla o zah\u00e1jen\u00ed t\u0159\u00ed \u0159\u00edzen\u00ed o p\u0159estupku.<\/p>\n","protected":false},"author":9,"featured_media":0,"comment_status":"open","ping_status":"open","sticky":false,"template":"","format":"standard","meta":{"ngg_post_thumbnail":0,"footnotes":""},"categories":[11],"tags":[],"class_list":["post-13216","post","type-post","status-publish","format-standard","hentry","category-ozvena"],"_links":{"self":[{"href":"https:\/\/www.ladislavjakl.cz\/index.php?rest_route=\/wp\/v2\/posts\/13216","targetHints":{"allow":["GET"]}}],"collection":[{"href":"https:\/\/www.ladislavjakl.cz\/index.php?rest_route=\/wp\/v2\/posts"}],"about":[{"href":"https:\/\/www.ladislavjakl.cz\/index.php?rest_route=\/wp\/v2\/types\/post"}],"author":[{"embeddable":true,"href":"https:\/\/www.ladislavjakl.cz\/index.php?rest_route=\/wp\/v2\/users\/9"}],"replies":[{"embeddable":true,"href":"https:\/\/www.ladislavjakl.cz\/index.php?rest_route=%2Fwp%2Fv2%2Fcomments&post=13216"}],"version-history":[{"count":2,"href":"https:\/\/www.ladislavjakl.cz\/index.php?rest_route=\/wp\/v2\/posts\/13216\/revisions"}],"predecessor-version":[{"id":13218,"href":"https:\/\/www.ladislavjakl.cz\/index.php?rest_route=\/wp\/v2\/posts\/13216\/revisions\/13218"}],"wp:attachment":[{"href":"https:\/\/www.ladislavjakl.cz\/index.php?rest_route=%2Fwp%2Fv2%2Fmedia&parent=13216"}],"wp:term":[{"taxonomy":"category","embeddable":true,"href":"https:\/\/www.ladislavjakl.cz\/index.php?rest_route=%2Fwp%2Fv2%2Fcategories&post=13216"},{"taxonomy":"post_tag","embeddable":true,"href":"https:\/\/www.ladislavjakl.cz\/index.php?rest_route=%2Fwp%2Fv2%2Ftags&post=13216"}],"curies":[{"name":"wp","href":"https:\/\/api.w.org\/{rel}","templated":true}]}}