{"id":1323,"date":"2011-10-20T08:34:12","date_gmt":"2011-10-20T07:34:12","guid":{"rendered":"http:\/\/www.ladislavjakl.cz\/?p=1323"},"modified":"2011-10-20T08:34:12","modified_gmt":"2011-10-20T07:34:12","slug":"svet-vysel-do-ulic-ods-a-hrad-anarchie-smrt-demokracie","status":"publish","type":"post","link":"https:\/\/www.ladislavjakl.cz\/?p=1323","title":{"rendered":"Sv\u011bt vy\u0161el do ulic. ODS a Hrad: Anarchie, smrt demokracie"},"content":{"rendered":"<p><strong>V\u010dera 15. \u0159\u00edjna  prob\u011bhla ve stovk\u00e1ch sv\u011btov\u00fdch m\u011bst demonstrace proti kapitalismu a za  \u201eskute\u010dnou demokracii\u201c. Protestuj\u00edc\u00ed vyjad\u0159ovali nesouhlas se soci\u00e1ln\u00edmi  rozd\u00edly a \u00fadajn\u00fdm ruinov\u00e1n\u00edm ekonomiky ze strany bank\u00e9\u0159\u016f a politik\u016f.  \u010ce\u0161t\u00ed pravicov\u00ed politici se v\u0161ak ob\u00e1vaj\u00ed, \u017ee tento protest by mohl u  n\u011bkter\u00fdch demonstruj\u00edc\u00edch podn\u00edtit radik\u00e1ln\u00ed n\u00e1zory. Jin\u00ed ne\u0161et\u0159\u00ed ani  slovy \u201eanarchismus\u201c nebo \u201ediktatura\u201c. <\/strong><\/p>\n<p><strong><!--more--><br \/>\n<\/strong><\/p>\n<p>Na demonstrac\u00edch lid\u00e9 vyjad\u0159ovali nesouhlas se soci\u00e1ln\u00edmi rozd\u00edly a  rozvrstven\u00edm spole\u010dnosti, podobn\u00e1 akce se p\u016fvodn\u011b konala na americk\u00e9  Wall Street. V\u010derej\u0161\u00ed\u00a0hromadn\u00e9 akce\u00a0se \u00fa\u010dastnila krom\u011b tis\u00edcovky m\u011bst po  cel\u00e9m sv\u011bt\u011b i Praha, svolalo ji\u00a0hnut\u00ed Skute\u010dn\u00e1 demokracie te\u010f.<\/p>\n<p>Z\u00e1kladem hnut\u00ed Skute\u010dn\u00e1 demokracie te\u010f, kter\u00e9 akci v Praze organizovalo,  jsou sn\u011bmy, kde v\u0161ichni lid\u00e9 m\u016f\u017eou svobodn\u011b vyjad\u0159ovat sv\u00e9 n\u00e1zory a kde  se spole\u010dn\u011b diskutuje nad spole\u010densk\u00fdmi ot\u00e1zkami v\u0161eho druhu.  &#8222;Rozhodov\u00e1n\u00ed prob\u00edh\u00e1 dle princip\u016f p\u0159\u00edm\u00e9 demokracie. Neexistuje \u017e\u00e1dn\u00e9  veden\u00ed, anebo V\u0160ICHNI jsou veden\u00ed,&#8220; stoj\u00ed v ofici\u00e1ln\u00edm prohl\u00e1\u0161en\u00ed hnut\u00ed.<\/p>\n<p>\u201eMysl\u00edm si, \u017ee to je nov\u00e1 vlna star\u00e9ho anarchismu,&#8220; zhodnotil pro Parlamentn\u00edListy.cz, poslanec Evropsk\u00e9ho parlamentu za ODS <strong>Hynek Fajmon<\/strong>.<\/p>\n<p>Lid\u00e9 na v\u010derej\u0161\u00ed akci protestovali proti kapitalistick\u00e9mu sv\u011btu, kter\u00fd  je pr\u00fd ovl\u00e1dan\u00fd finan\u010dn\u00edky a politiky. \u201eJ\u00e1 to pova\u017euji za alarmuj\u00edc\u00ed  sign\u00e1l, na kter\u00fd pohl\u00ed\u017e\u00edm v \u0161ir\u0161\u00edm kontextu. Hospod\u00e1\u0159sk\u00e1 krize,  nar\u016fstaj\u00edc\u00ed moc st\u00e1tu, neexistence politik\u016f s viz\u00ed a jejich neschopnost o  nab\u00edzen\u00fdch z\u00e1m\u011brech p\u0159esv\u011bd\u010dit voli\u010de, to v\u0161e radikalizuje \u010d\u00e1st  ve\u0159ejn\u00e9ho m\u00edn\u011bn\u00ed. N\u00e1sledky mohou b\u00fdt pro demokracii smrteln\u00e9 &#8211; a nebylo  by to v historii poprv\u00e9,&#8220; m\u00edn\u00ed europoslanec <strong>Ivo Strej\u010dek<\/strong>, tak\u00e9 ob\u010dansk\u00fd demokrat.<\/p>\n<p>\u201eChceme lidem uk\u00e1zat, \u017ee existuje alternativa i mo\u017enost toho, jak uk\u00e1zat  svoji nespokojenost. Nejen jednou za \u010dty\u0159i roky u voleb,&#8220; \u0159ekl p\u0159ed  akc\u00ed redakci\u00a0organiz\u00e1tor Jan Cemper. \u201eJejich po\u017eadavky jsou splniteln\u00e9  pouze v diktatu\u0159e,&#8220; mysl\u00ed si ale pro Parlamentn\u00edListy.cz o hnut\u00ed  tajemn\u00edk prezidenta <strong>Ladislav Jakl<\/strong>.<\/p>\n<p><strong>Protesty \u010dasto m\u00edvaj\u00ed iracion\u00e1ln\u00ed podobu<\/strong><\/p>\n<p>Pro\u010d t\u011bchto 200 demonstruj\u00edc\u00edch vy\u0161lo do ulic? Je za t\u00edm pouze zm\u00edn\u011bn\u00e1  nespokojenost s vl\u00e1dou, a nebo je na vin\u011b jejich \u0161patn\u00e1 \u017eivotn\u00ed situace?  \u201eJ\u00e1 mysl\u00edm, \u017ee je to slo\u017eit\u011bj\u0161\u00ed. Dnes je v\u0161echno, co n\u00e1s obklopuje,  daleko odosobn\u011bn\u011bj\u0161\u00ed, ne\u017e bylo kdy v minulosti, a t\u00e9m\u011b\u0159 u\u017e mezi ni\u010d\u00edm  neexistuj\u00ed \u017e\u00e1dn\u00e9 p\u0159\u00edm\u00e9 a uchopiteln\u00e9 vazby. Ne ka\u017ed\u00fd pak pova\u017euje takov\u00fd  sv\u011bt za m\u00edsto, kde se dob\u0159e \u017eije a protesty proti tomu mnohdy mohou m\u00edt  iracion\u00e1ln\u00ed podobu,&#8220; mysl\u00ed si poslanec za ODS <strong>Ale\u0161 R\u00e1dl<\/strong>.<\/p>\n<p>Podle n\u011bkter\u00fdch pravicov\u00fdch politik\u016f si protestuj\u00edc\u00ed zaslou\u017e\u00ed soucit.  Nesm\u00ed se to v\u0161ak ch\u00e1pat t\u00e9m\u011b\u0159 jako n\u011bco kladn\u00e9ho. \u201eSoucit si zaslou\u017e\u00ed  ka\u017ed\u00fd, kdo upadne do ne\u0161t\u011bst\u00ed, a\u0165 u\u017e nezavin\u011bn\u011b, nebo vlastn\u00ed vinou.  Nen\u00ed to ov\u0161em \u201ez\u00e1sluha&#8220;, na z\u00e1klad\u011b n\u00ed\u017e by si mohl n\u00e1rokovat pomoc.  Pojmu \u201esoci\u00e1ln\u00ed spravedlnost&#8220; nerozum\u00edm: vych\u00e1z\u00ed asi z myln\u00e9 p\u0159edstavy,  \u017ee jsou-li si lid\u00e9 rovni p\u0159ed Bohem, resp. z\u00e1kony, jsou tak\u00e9 stejn\u00ed, a  maj\u00ed tud\u00ed\u017e pr\u00e1vo \u201em\u00edt stejn\u011b&#8220;,&#8220; mysl\u00ed si poslanec <strong>Daniel Korte<\/strong> z TOP 09.<\/p>\n<p>A\u010dkoliv si ale podle <strong>Romana Jocha<\/strong>, poradce premi\u00e9ra  Petra Ne\u010dase, demonstruj\u00edc\u00ed soucit zaslou\u017e\u00ed, mysl\u00ed t\u00edm sp\u00ed\u0161 soucit kv\u016fli  jejich nech\u00e1p\u00e1n\u00ed, \u017ee za probl\u00e9my sv\u011bta a \u010cesk\u00e9 republiky nem\u016f\u017eou  v\u0161ichni bank\u00e9\u0159i \u010di politici. \u201eSoucit ano, proto\u017ee tito \u201eanarchist\u00e9 za  rozs\u00e1hl\u00fd st\u00e1t&#8220; nech\u00e1pou, \u017ee p\u0159\u00ed\u010dinou sou\u010dasn\u00fdch obt\u00ed\u017e\u00ed byly p\u0159\u00edli\u0161 velk\u00e9  st\u00e1tn\u00ed v\u00fddaje a dotace, a \u0159e\u0161en\u00edm je lidsk\u00e1 tvo\u0159ivost, ji\u017e nejl\u00e9pe  umo\u017e\u0148uje svobodn\u00fd trh, ale bez deformac\u00ed v podob\u011b dotac\u00ed nezodpov\u011bdn\u00fdm  firm\u00e1m, bank\u00e1m \u010di zem\u00edm,&#8220; uvedl pro Parlamentn\u00edListy.cz Joch.<\/p>\n<p><a href=\"http:\/\/www.parlamentnilisty.cz\/zpravy\/211234.aspx\" target=\"_blank\">Zdroj<\/a><strong><br \/>\n<\/strong><\/p>\n","protected":false},"excerpt":{"rendered":"<p>V\u010dera 15. \u0159\u00edjna prob\u011bhla ve stovk\u00e1ch sv\u011btov\u00fdch m\u011bst demonstrace proti kapitalismu a za \u201eskute\u010dnou demokracii\u201c. Protestuj\u00edc\u00ed vyjad\u0159ovali nesouhlas se soci\u00e1ln\u00edmi rozd\u00edly a \u00fadajn\u00fdm ruinov\u00e1n\u00edm ekonomiky ze strany bank\u00e9\u0159\u016f a politik\u016f. \u010ce\u0161t\u00ed pravicov\u00ed politici se v\u0161ak ob\u00e1vaj\u00ed, \u017ee tento protest by mohl u n\u011bkter\u00fdch demonstruj\u00edc\u00edch podn\u00edtit radik\u00e1ln\u00ed n\u00e1zory. Jin\u00ed ne\u0161et\u0159\u00ed ani slovy \u201eanarchismus\u201c nebo \u201ediktatura\u201c.<\/p>\n","protected":false},"author":1,"featured_media":0,"comment_status":"open","ping_status":"open","sticky":false,"template":"","format":"standard","meta":{"ngg_post_thumbnail":0,"footnotes":""},"categories":[11],"tags":[],"class_list":["post-1323","post","type-post","status-publish","format-standard","hentry","category-ozvena"],"_links":{"self":[{"href":"https:\/\/www.ladislavjakl.cz\/index.php?rest_route=\/wp\/v2\/posts\/1323","targetHints":{"allow":["GET"]}}],"collection":[{"href":"https:\/\/www.ladislavjakl.cz\/index.php?rest_route=\/wp\/v2\/posts"}],"about":[{"href":"https:\/\/www.ladislavjakl.cz\/index.php?rest_route=\/wp\/v2\/types\/post"}],"author":[{"embeddable":true,"href":"https:\/\/www.ladislavjakl.cz\/index.php?rest_route=\/wp\/v2\/users\/1"}],"replies":[{"embeddable":true,"href":"https:\/\/www.ladislavjakl.cz\/index.php?rest_route=%2Fwp%2Fv2%2Fcomments&post=1323"}],"version-history":[{"count":1,"href":"https:\/\/www.ladislavjakl.cz\/index.php?rest_route=\/wp\/v2\/posts\/1323\/revisions"}],"predecessor-version":[{"id":1324,"href":"https:\/\/www.ladislavjakl.cz\/index.php?rest_route=\/wp\/v2\/posts\/1323\/revisions\/1324"}],"wp:attachment":[{"href":"https:\/\/www.ladislavjakl.cz\/index.php?rest_route=%2Fwp%2Fv2%2Fmedia&parent=1323"}],"wp:term":[{"taxonomy":"category","embeddable":true,"href":"https:\/\/www.ladislavjakl.cz\/index.php?rest_route=%2Fwp%2Fv2%2Fcategories&post=1323"},{"taxonomy":"post_tag","embeddable":true,"href":"https:\/\/www.ladislavjakl.cz\/index.php?rest_route=%2Fwp%2Fv2%2Ftags&post=1323"}],"curies":[{"name":"wp","href":"https:\/\/api.w.org\/{rel}","templated":true}]}}