{"id":1325,"date":"2011-10-20T08:36:25","date_gmt":"2011-10-20T07:36:25","guid":{"rendered":"http:\/\/www.ladislavjakl.cz\/?p=1325"},"modified":"2011-10-20T08:36:46","modified_gmt":"2011-10-20T07:36:46","slug":"klausuv-muz-jakl-v-piti-piva-se-vypil-na-bednu-vitezu","status":"publish","type":"post","link":"https:\/\/www.ladislavjakl.cz\/?p=1325","title":{"rendered":"Klaus\u016fv mu\u017e Jakl: V pit\u00ed piva se vypil na bednu v\u00edt\u011bz\u016f"},"content":{"rendered":"<p>Potkali jste v sobotu v proslun\u011bn\u00e9 Praze sp\u011bchaj\u00edc\u00ed t\u0159\u00ed\u010dlenn\u00e9 hl\u00eddky ve   vojensk\u00fdch uniform\u00e1ch z dob Franti\u0161ka Josefa I.? A zd\u00e1l se v\u00e1m jeden z   voj\u00e1k\u016f tak n\u011bjak pov\u011bdom\u00fd? Pak jste narazili na 18. ro\u010dn\u00edk Memori\u00e1lu   Mat\u011bje Kud\u011bje, jeho\u017e tradi\u010dn\u00edm \u00fa\u010dastn\u00edkem je mimo jin\u00e9 i tajemn\u00edk   prezidenta Ladislav Jakl. A Blesk byl u toho.<\/p>\n<p><!--more--><\/p>\n<p><img loading=\"lazy\" decoding=\"async\" class=\"alignnone\" src=\"http:\/\/img.blesk.cz\/img\/1\/normal480\/1046427-img-ladislav-jakl-pivo.jpg\" alt=\"\" width=\"422\" height=\"269\" \/><\/p>\n<p>To, co se na prvn\u00ed pohled m\u016f\u017ee jevit jako klasick\u00e1 \u00bbtour de bar\u00ab, m\u00e1  nejen pevn\u00e9 historick\u00e9 ko\u0159eny, ale i jasn\u011b dan\u00e1 pravidla \u2013 t\u0159\u00ed\u010dlenn\u00e9  skupiny, dev\u011bt hospod, minim\u00e1ln\u011b dv\u011b velk\u00e1 piva v ka\u017ed\u00e9 z nich a co  nejkrat\u0161\u00ed \u010das. Nikoho asi nep\u0159ekvap\u00ed, \u017ee pr\u00e1v\u011b Jakl\u016fv t\u00fdm m\u00e1 za sebou u\u017e  13 v\u00edt\u011bzstv\u00ed. Leto\u0161n\u00ed hodina a dvacet minut mu sta\u010dila jen na druh\u00e9  m\u00edsto. \u201eNo jo, holt u\u017e n\u00e1s por\u00e1\u017e\u00ed ml\u00e1d\u00ed,\u201c konstatoval pro Blesk pobaven\u011b  Jakl. I druh\u00e1 p\u0159\u00ed\u010dka je ale velk\u00fd \u00fasp\u011bch. N\u011bkolik hl\u00eddek toti\u017e do c\u00edle  v\u016fbec nedorazilo!<\/p>\n<p>V\u0161echno vypuklo ve dv\u011b hodiny odpoledne slavnostn\u00edm zah\u00e1jen\u00edm na  pra\u017esk\u00e9m Poho\u0159elci. Vyr\u00e1\u017eelo se v t\u0159\u00edminutov\u00fdch intervalech, Jakl pro  svou skupinu vylosoval startovn\u00ed \u010d\u00edslo jedna. \u201eCht\u011bl jsem se na to u\u017e  letos vyka\u0161lat a proj\u00edt si trasu p\u011bkn\u011b v klidu. Ale kdy\u017e u\u017e jsem m\u011bl tak  \u0161\u0165astnou ruku, museli jsme se do toho op\u0159\u00edt. Startovat prvn\u00ed je toti\u017e  obrovsk\u00e1 v\u00fdhoda,\u201c vysv\u011btlil a op\u0159el se do toho opravdu s vervou. Svi\u017enou  ch\u016fz\u00ed se Jakl\u016fv t\u00fdm propl\u00e9tal mezi turisty na jednotliv\u00e1 pivn\u00ed  stanovi\u0161t\u011b. O generaci mlad\u0161\u00ed report\u00e9\u0159i Blesku m\u011bli co d\u011blat, aby jeho  hl\u00eddce sta\u010dili. Dv\u011b, hl\u00e1sil Jakl obsluze u\u017e od dve\u0159\u00ed. A kdy\u017e se mu  zd\u00e1lo, \u017ee n\u011bkter\u00fd z koleg\u016f p\u0159\u00edli\u0161 zdr\u017euje, pomohl mu s jeho p\u016fllitrem.<\/p>\n<p>V 16:20 hod. dorazila skupinka do c\u00edlov\u00e9 hospody U Pivrnce. V  rychlosti \u00bbpadla\u00ab posledn\u00ed dv\u011b sout\u011b\u017en\u00ed piva a pak u\u017e se pilo jen tak  mimo sout\u011b\u017e.<\/p>\n<p><a href=\"http:\/\/www.blesk.cz\/clanek\/zpravy-politika\/161101\/klausuv-muz-jakl-v-piti-piva-se-vypil-na-bednu-vitezu.html\" target=\"_blank\">Zdroj<\/a><\/p>\n","protected":false},"excerpt":{"rendered":"<p>Potkali jste v sobotu v proslun\u011bn\u00e9 Praze sp\u011bchaj\u00edc\u00ed t\u0159\u00ed\u010dlenn\u00e9 hl\u00eddky ve vojensk\u00fdch uniform\u00e1ch z dob Franti\u0161ka Josefa I.? A zd\u00e1l se v\u00e1m jeden z voj\u00e1k\u016f tak n\u011bjak pov\u011bdom\u00fd? Pak jste narazili na 18. ro\u010dn\u00edk Memori\u00e1lu Mat\u011bje Kud\u011bje, jeho\u017e tradi\u010dn\u00edm \u00fa\u010dastn\u00edkem je mimo jin\u00e9 i tajemn\u00edk prezidenta Ladislav Jakl. A Blesk byl u toho.<\/p>\n","protected":false},"author":1,"featured_media":0,"comment_status":"open","ping_status":"open","sticky":false,"template":"","format":"standard","meta":{"ngg_post_thumbnail":0,"footnotes":""},"categories":[11],"tags":[],"class_list":["post-1325","post","type-post","status-publish","format-standard","hentry","category-ozvena"],"_links":{"self":[{"href":"https:\/\/www.ladislavjakl.cz\/index.php?rest_route=\/wp\/v2\/posts\/1325","targetHints":{"allow":["GET"]}}],"collection":[{"href":"https:\/\/www.ladislavjakl.cz\/index.php?rest_route=\/wp\/v2\/posts"}],"about":[{"href":"https:\/\/www.ladislavjakl.cz\/index.php?rest_route=\/wp\/v2\/types\/post"}],"author":[{"embeddable":true,"href":"https:\/\/www.ladislavjakl.cz\/index.php?rest_route=\/wp\/v2\/users\/1"}],"replies":[{"embeddable":true,"href":"https:\/\/www.ladislavjakl.cz\/index.php?rest_route=%2Fwp%2Fv2%2Fcomments&post=1325"}],"version-history":[{"count":3,"href":"https:\/\/www.ladislavjakl.cz\/index.php?rest_route=\/wp\/v2\/posts\/1325\/revisions"}],"predecessor-version":[{"id":1328,"href":"https:\/\/www.ladislavjakl.cz\/index.php?rest_route=\/wp\/v2\/posts\/1325\/revisions\/1328"}],"wp:attachment":[{"href":"https:\/\/www.ladislavjakl.cz\/index.php?rest_route=%2Fwp%2Fv2%2Fmedia&parent=1325"}],"wp:term":[{"taxonomy":"category","embeddable":true,"href":"https:\/\/www.ladislavjakl.cz\/index.php?rest_route=%2Fwp%2Fv2%2Fcategories&post=1325"},{"taxonomy":"post_tag","embeddable":true,"href":"https:\/\/www.ladislavjakl.cz\/index.php?rest_route=%2Fwp%2Fv2%2Ftags&post=1325"}],"curies":[{"name":"wp","href":"https:\/\/api.w.org\/{rel}","templated":true}]}}