{"id":13251,"date":"2023-02-10T14:55:35","date_gmt":"2023-02-10T13:55:35","guid":{"rendered":"https:\/\/www.ladislavjakl.cz\/?p=13251"},"modified":"2023-02-10T14:55:35","modified_gmt":"2023-02-10T13:55:35","slug":"tricet-let-se-zemanem","status":"publish","type":"post","link":"https:\/\/www.ladislavjakl.cz\/?p=13251","title":{"rendered":"T\u0159icet let se Zemanem"},"content":{"rendered":"<p>Dnes je to zrovna t\u0159icet let, co \u017eovi\u00e1ln\u00ed ekonomick\u00fd glos\u00e1tor Milo\u0161 Zeman vstoupil do sv\u011bta velk\u00e9 politiky. N\u011bkdo m\u016f\u017ee nam\u00edtnout, \u017ee u\u017e p\u0159edt\u00edm se proslavil jako exhibi\u010dn\u00ed \u0159e\u010dn\u00edk ve feder\u00e1ln\u00edm parlamentu, ale ono obdob\u00ed kostkovan\u00e9ho saka a stylu n\u011bco mezi s\u0148atkov\u00fdm podvodn\u00edkem a l\u00e1ze\u0148sk\u00fdm \u0161vih\u00e1kem bral m\u00e1lokdo v\u00e1\u017en\u011b.<\/p>\n<p><!--more--><\/p>\n<p>To a\u017e pr\u00e1v\u011b dev\u00e1t\u00e9ho \u00fanora 1993 do toho po\u0159\u00e1dn\u011b \u0161l\u00e1pnul. P\u0159estal si hr\u00e1t na individualistick\u00e9ho liber\u00e1la a na\u0161el v&nbsp;sob\u011b soci\u00e1ln\u00edho demokrata. P\u0159evzal trosky \u00fa\u010delov\u011b vznikl\u00e9 \u010ceskoslovensk\u00e9 soci\u00e1ln\u00ed demokracie (\u00fa\u010delov\u011b kv\u016fli nastolen\u00ed restitu\u010dn\u00edch n\u00e1rok\u016f), p\u0159ejmenoval ji na \u010ceskou stranu soci\u00e1ln\u011b demokratickou a stal se jej\u00edm prvn\u00edm p\u0159edsedou. A to v&nbsp;dob\u011b, kdy se i ti neopravdov\u011bj\u0161\u00ed levi\u010d\u00e1ci prohla\u0161ovali za pravi\u010d\u00e1ky, proto\u017ee levice, to bylo v&nbsp;dob\u011b prob\u00edhaj\u00edc\u00ed demont\u00e1\u017ee zbytk\u016f socialistick\u00fdch ve\u0159ejn\u00fdch i ekonomick\u00fdch struktur skoro sprost\u00e9 slovo.<\/p>\n<p>Zeman si ale v\u011b\u0159il a tak\u00e9 v\u011b\u0159il (spr\u00e1vn\u011b) tomu, \u017ee soci\u00e1ln\u00ed problematika d\u0159\u00edve nebo pozd\u011bji ve ve\u0159ejn\u00e9m prostoru p\u0159ebije transforma\u010dn\u00ed \u00e9tos. U\u017e ve volb\u00e1ch 1996 skoro z&nbsp;nuly vydupal sv\u00e9 stran\u011b takovou pozici, \u017ee bez jej\u00ed tolerance by koali\u010dn\u00ed vl\u00e1da nemohla vzniknout. Tehdy tomu nikdo ne\u0159\u00edkal Opozi\u010dn\u00ed smlouva, ale bylo to vlastn\u011b tot\u00e9\u017e: nejsiln\u011bj\u0161\u00ed pora\u017een\u00fd nech\u00e1 vl\u00e1dnout v\u00edt\u011bze s&nbsp;jeho koali\u010dn\u00edmi partery a s\u00e1m si za to \u0159ekne o presti\u017en\u00ed a kontroln\u00ed m\u00edsta v&nbsp;parlamentu. Tehdej\u0161\u00ed dohoda ale prob\u011bhla v&nbsp;re\u017eii prezidenta Havla, dostala do vl\u00e1dy medi\u00e1ln\u00ed mil\u00e1\u010dky z&nbsp;ODA a od lidovc\u016f, tak\u017ee v\u0161e v&nbsp;po\u0159\u00e1dku (o dva roky zrcadlov\u011b stejn\u00e1 dohoda vyvolala politick\u00e9 a medi\u00e1ln\u00ed \u0161\u00edlenstv\u00ed). Zeman v&nbsp;r\u00e1mci dohody z\u00edskal k\u0159eslo p\u0159edsedy Poslaneck\u00e9 sn\u011bmovny. Sledoval jsem tu volbu z balkonu Poslaneck\u00e9 sn\u011bmovny a vn\u00edmal jsem ji jako konec sv\u011bta. A on to byl za\u010d\u00e1tek.<\/p>\n<p>Za\u010d\u00e1tek opravdu velk\u00e9 kari\u00e9ry. Pak u\u017e toti\u017e p\u0159i\u0161la role premi\u00e9ra (usp\u00ed\u0161en\u00e1 Sarajevsk\u00fdm pu\u010dem), n\u00e1sledn\u011b intermezzo v&nbsp;podob\u011b snov\u00e1n\u00ed intrik z&nbsp;Vyso\u010diny a nakonec vrchol v&nbsp;podob\u011b dvoj\u00edho mand\u00e1tu p\u0159\u00edmo volen\u00e9ho prezidenta. Na bilanci tohoto obdob\u00ed je je\u0161t\u011b m\u011bs\u00edc \u010dasu, ale u\u017e nyn\u00ed lze \u0159\u00edci, \u017ee Zeman po cel\u00fdch t\u0159icet let z\u016fstal soci\u00e1ln\u00edm demokratem, je\u0161itn\u00fdm chlapem (v tomto ohledu srovnateln\u00fdm jen s&nbsp;autorem t\u011bchto \u0159\u00e1dek) a hlavn\u011b \u010dlov\u011bkem s&nbsp;ohromn\u00fdm talentem l\u00e9zt na nervy v\u0161em pokrok\u00e1\u0159\u016fm, havlist\u016fm, nafoukan\u00fdm intelektu\u00e1l\u016fm a kav\u00e1rensk\u00fdm politick\u00fdm kibic\u016fm.<\/p>\n<p>Za zm\u00ednku ale stoj\u00ed i dal\u0161\u00ed \u017eivot dnes tak\u00e9 jubiluj\u00edc\u00ed \u010cSSD, po kter\u00e9 se Zeman vy\u0161plhal a\u017e nahoru. Kde je ta strana dnes? Existuje v\u016fbec? Hal\u00f3, je tam n\u011bkdo? Strana premi\u00e9r\u016f a siln\u00fdch ministr\u016f, strana starolevi\u010d\u00e1k\u016f, politick\u00fdch \u0161\u00edbr\u016f i hoch\u0161tapler\u016f? \u017divo\u0159\u00ed kdesi v&nbsp;suter\u00e9nu. Ne, to nen\u00ed kv\u016fli tomu, \u017ee by ji opustili voli\u010di. To ona opustila je. V&nbsp;pozemanovsk\u00e9m obdob\u00ed se vyka\u0161lala na star\u00e1 dobr\u00e1 soci\u00e1ln\u00ed t\u00e9mata, na starosti norm\u00e1ln\u00edch zam\u011bstnanc\u016f, a zamilovala se do m\u00f3dn\u00edch velkom\u011bstsk\u00fdch pokrok\u00e1\u0159sk\u00fdch hit\u016f, kter\u00e9 ov\u0161em daleko l\u00e9pe a v\u011brohodn\u011bji u\u017e zp\u00edvali pir\u00e1ti a dal\u0161\u00ed zelen\u00e9 genderov\u00e9 bruselsk\u00e9 odno\u017ee. Tam u\u017e prost\u011b bylo obsazeno. Nov\u00e9 voli\u010de soci\u00e1ln\u00ed demokrat\u00e9 nez\u00edskali, star\u00e9 zanechali k&nbsp;rozebr\u00e1n\u00ed pro ostatn\u00ed.<\/p>\n<p>T\u0159icet let. Od nuly k&nbsp;nule. To plat\u00ed o \u010cSSD. Pro Zemana jist\u011b ne. S&nbsp;n\u00edm a s&nbsp;jeho odkazem se budou vyrovn\u00e1vat a v\u016f\u010di n\u011bmu se vymezovat politi\u010dt\u00ed za\u010d\u00e1te\u010dn\u00edci je\u0161t\u011b nejm\u00e9n\u011b po jednu celou generaci.<br \/>\n<em><br \/>\nLadislav Jakl, 9. \u00fanora 2023<\/em>&nbsp;<\/p>\n<p><a href=\"https:\/\/www.institutvk.cz\/clanky\/2252.html\">Zdroj<\/a><\/p>\n","protected":false},"excerpt":{"rendered":"<p>Dnes je to zrovna t\u0159icet let, co \u017eovi\u00e1ln\u00ed ekonomick\u00fd glos\u00e1tor Milo\u0161 Zeman vstoupil do sv\u011bta velk\u00e9 politiky. N\u011bkdo m\u016f\u017ee nam\u00edtnout, \u017ee u\u017e p\u0159edt\u00edm se proslavil jako exhibi\u010dn\u00ed \u0159e\u010dn\u00edk ve feder\u00e1ln\u00edm parlamentu, ale ono obdob\u00ed kostkovan\u00e9ho saka a stylu n\u011bco mezi s\u0148atkov\u00fdm podvodn\u00edkem a l\u00e1ze\u0148sk\u00fdm \u0161vih\u00e1kem bral m\u00e1lokdo v\u00e1\u017en\u011b.<\/p>\n","protected":false},"author":9,"featured_media":0,"comment_status":"open","ping_status":"open","sticky":false,"template":"","format":"standard","meta":{"ngg_post_thumbnail":0,"footnotes":""},"categories":[1],"tags":[],"class_list":["post-13251","post","type-post","status-publish","format-standard","hentry","category-publikovane-clanky"],"_links":{"self":[{"href":"https:\/\/www.ladislavjakl.cz\/index.php?rest_route=\/wp\/v2\/posts\/13251","targetHints":{"allow":["GET"]}}],"collection":[{"href":"https:\/\/www.ladislavjakl.cz\/index.php?rest_route=\/wp\/v2\/posts"}],"about":[{"href":"https:\/\/www.ladislavjakl.cz\/index.php?rest_route=\/wp\/v2\/types\/post"}],"author":[{"embeddable":true,"href":"https:\/\/www.ladislavjakl.cz\/index.php?rest_route=\/wp\/v2\/users\/9"}],"replies":[{"embeddable":true,"href":"https:\/\/www.ladislavjakl.cz\/index.php?rest_route=%2Fwp%2Fv2%2Fcomments&post=13251"}],"version-history":[{"count":1,"href":"https:\/\/www.ladislavjakl.cz\/index.php?rest_route=\/wp\/v2\/posts\/13251\/revisions"}],"predecessor-version":[{"id":13252,"href":"https:\/\/www.ladislavjakl.cz\/index.php?rest_route=\/wp\/v2\/posts\/13251\/revisions\/13252"}],"wp:attachment":[{"href":"https:\/\/www.ladislavjakl.cz\/index.php?rest_route=%2Fwp%2Fv2%2Fmedia&parent=13251"}],"wp:term":[{"taxonomy":"category","embeddable":true,"href":"https:\/\/www.ladislavjakl.cz\/index.php?rest_route=%2Fwp%2Fv2%2Fcategories&post=13251"},{"taxonomy":"post_tag","embeddable":true,"href":"https:\/\/www.ladislavjakl.cz\/index.php?rest_route=%2Fwp%2Fv2%2Ftags&post=13251"}],"curies":[{"name":"wp","href":"https:\/\/api.w.org\/{rel}","templated":true}]}}