{"id":13253,"date":"2023-02-13T16:23:53","date_gmt":"2023-02-13T15:23:53","guid":{"rendered":"https:\/\/www.ladislavjakl.cz\/?p=13253"},"modified":"2023-02-28T15:18:05","modified_gmt":"2023-02-28T14:18:05","slug":"tiskova-zprava-z-2-zasedani-rady-konaneho-dne-7-2-2023","status":"publish","type":"post","link":"https:\/\/www.ladislavjakl.cz\/?p=13253","title":{"rendered":"Tiskov\u00e1 zpr\u00e1va z 2. zased\u00e1n\u00ed Rady, konan\u00e9ho dne 7. 2. 2023"},"content":{"rendered":"<p>Rada pro rozhlasov\u00e9 a televizn\u00ed vys\u00edl\u00e1n\u00ed (d\u00e1le jen &#8222;Rada&#8220;) na sv\u00e9m 2. zased\u00e1n\u00ed projednala 33 bod\u016f<br \/>\nprogramu. Vyhodnotila 43 st\u00ed\u017enost\u00ed div\u00e1k\u016f a poslucha\u010d\u016f, rozhodla o zah\u00e1jen\u00ed jednoho \u0159\u00edzen\u00ed o<br \/>\np\u0159estupku. Rada na sv\u00e9m 2. zased\u00e1n\u00ed ulo\u017eila provozovateli 3C spol. s r.o. pokutu ve v\u00fd\u0161i<br \/>\n20 000,- K\u010d pro poru\u0161en\u00ed \u00a7 32 odst. 1 p\u00edsm. l) z\u00e1kona \u010d. 231\/2001 Sb., kter\u00e9ho se dopustil t\u00edm, \u017ee<br \/>\nna p\u00edsemnou \u017e\u00e1dost Rady nedodal z\u00e1znam vys\u00edl\u00e1n\u00ed programu 3C ze dn\u016f 22. &#8211; 23. kv\u011btna 2022 v<br \/>\n\u010dasov\u00e9m \u00faseku 00.00 &#8211; 24.00 hodin.<\/p>\n<p><!--more--><br \/>\nNa 2. zased\u00e1n\u00ed prob\u011bhlo ve\u0159ejn\u00e9 sly\u0161en\u00ed v \u0159\u00edzen\u00ed o ud\u011blen\u00ed licence k provozov\u00e1n\u00ed rozhlasov\u00e9ho<br \/>\nvys\u00edl\u00e1n\u00ed \u0161\u00ed\u0159en\u00e9ho prost\u0159ednictv\u00edm vys\u00edla\u010d\u016f se souborem technick\u00fdch parametr\u016f P\u0159\u00edbram m\u011bsto 3<br \/>\n97,3 MHz \/ 50 W a Su\u0161ice 4 106,2 MHz \/ 50 W.<br \/>\nPodrobn\u011bj\u0161\u00ed informace naleznete v p\u0159episech usnesen\u00ed Rady:<br \/>\nROZHLASOV\u00c9 VYS\u00cdL\u00c1N\u00cd<br \/>\n&#8211; Rada na ve\u0159ejn\u00e9m sly\u0161en\u00ed v \u0159\u00edzen\u00ed o ud\u011blen\u00ed licence k provozov\u00e1n\u00ed rozhlasov\u00e9ho vys\u00edl\u00e1n\u00ed<br \/>\n\u0161\u00ed\u0159en\u00e9ho prost\u0159ednictv\u00edm vys\u00edla\u010d\u016f se soubory technick\u00fdch parametr\u016f P\u0159\u00edbram m\u011bsto 3 97,3 MHz \/<br \/>\n50 W, sou\u0159adnice WGS 84: 13 59 41 \/ 49 40 24 a Su\u0161ice 4 106,2 MHz \/ 50 W, sou\u0159adnice WGS<br \/>\n84: 13 32 07 \/ 49 14 41 projednala se \u017eadatelem ot\u00e1zky t\u00fdkaj\u00edc\u00ed se programov\u00e9 skladby navrhovan\u00e9<br \/>\n\u00fa\u010dastn\u00edkem licen\u010dn\u00edho \u0159\u00edzen\u00ed.<br \/>\n&#8211; Rada podle ustanoven\u00ed \u00a7 5 p\u00edsm. b) z\u00e1kona \u010d. 231\/2001 Sb., o provozov\u00e1n\u00ed rozhlasov\u00e9ho a<br \/>\ntelevizn\u00edho vys\u00edl\u00e1n\u00ed (d\u00e1le jen \u201ez\u00e1kon \u010d. 231\/2001 Sb.\u201c) a v souladu s ustanoven\u00edm \u00a7 67 a n\u00e1sl.<br \/>\nz\u00e1kona \u010d. 500\/2004 Sb. spr\u00e1vn\u00edho \u0159\u00e1du, vyd\u00e1v\u00e1 toto rozhodnut\u00ed: Rada podle ustanoven\u00ed \u00a7 12 odst.<br \/>\n8 z\u00e1kona \u010d. 231\/2001 Sb. prodlu\u017euje provozovateli Josefu T\u00fdcovi, I\u010c: 03299805, bytem Palack\u00e9ho<br \/>\n26, 388 01 Blatn\u00e1, dobu platnosti licence ud\u011blen\u00e9 rozhodnut\u00edm Rady sp.zn. RRTV\/2019\/775\/zab,<br \/>\n\u010d.j. RRTV\/12533\/2020- zab ze dne 11. srpna 2020 k rozhlasov\u00e9mu vys\u00edl\u00e1n\u00ed programu R\u00c1DIO<br \/>\nOTAVA prost\u0159ednictv\u00edm vys\u00edla\u010d\u016f na kmito\u010dtu P\u00edsek m\u011bsto 3 92,2 MHz \/ 100 W o standardn\u00ed<br \/>\nz\u00e1konnou dobu osmi let podle ustanoven\u00ed \u00a7 12 odst. 8 p\u00edsm. z\u00e1kona \u010d. 231\/2001 Sb., av\u0161ak s<br \/>\nmo\u017en\u00fdm zkr\u00e1cen\u00edm doby jej\u00ed platnosti v n\u00e1vaznosti na postup vl\u00e1dy podle ustanoven\u00ed \u010d\u00e1sti prvn\u00ed,<br \/>\n\u010dl\u00e1nku II, odst. 9 a 10 z\u00e1kona \u010d\u00eds. 196\/2009 Sb., kter\u00fdm se m\u011bn\u00ed z\u00e1kon \u010d\u00eds. 231\/2001 Sb.<br \/>\n&#8211; Rada podle ustanoven\u00ed \u00a7 5 p\u00edsm. b) z\u00e1kona \u010d. 231\/2001 Sb., o provozov\u00e1n\u00ed rozhlasov\u00e9ho a<br \/>\ntelevizn\u00edho vys\u00edl\u00e1n\u00ed (d\u00e1le jen \u201ez\u00e1kon \u010d. 231\/2001 Sb.\u201c) a v souladu s ustanoven\u00edm \u00a7 67 a n\u00e1sl.<br \/>\nz\u00e1kona \u010d. 500\/2004 Sb. spr\u00e1vn\u00edho \u0159\u00e1du, vyd\u00e1v\u00e1 toto rozhodnut\u00ed: Rada podle ustanoven\u00ed \u00a7 12 odst.<br \/>\n8 z\u00e1kona \u010d. 231\/2001 Sb. prodlu\u017euje provozovateli Josefu T\u00fdcovi, I\u010c: 03299805, bytem Palack\u00e9ho<br \/>\n26, 388 01 Blatn\u00e1, dobu platnosti licence ud\u011blen\u00e9 rozhodnut\u00edm Rady sp.zn. 2021\/212\/zab, \u010d.j.<br \/>\nRRTV\/15691\/2021-zab ze dne 21. prosince 2021 k rozhlasov\u00e9mu vys\u00edl\u00e1n\u00ed programu R\u00c1DIO<br \/>\nOTAVA prost\u0159ednictv\u00edm vys\u00edla\u010d\u016f se souborem technick\u00fdch parametr\u016f Hora\u017e\u010fovice 92,2 MHz \/<br \/>\n50 W a Strakonice 4 88,3 MHz \/ 50 W o standardn\u00ed z\u00e1konnou dobu osmi let podle ustanoven\u00ed \u00a7 12<br \/>\nodst. 8 p\u00edsm. z\u00e1kona \u010d. 231\/2001 Sb., av\u0161ak s mo\u017en\u00fdm zkr\u00e1cen\u00edm doby jej\u00ed platnosti v n\u00e1vaznosti<br \/>\nna postup vl\u00e1dy podle ustanoven\u00ed \u010d\u00e1sti prvn\u00ed, \u010dl\u00e1nku II, odst. 9 a 10 z\u00e1kona \u010d\u00eds. 196\/2009 Sb.,<br \/>\nkter\u00fdm se m\u011bn\u00ed z\u00e1kon \u010d\u00eds. 231\/2001 Sb.<br \/>\n&#8211; Rada podle ustanoven\u00ed \u00a7 5 p\u00edsm. b) z\u00e1kona \u010d. 231\/2001 Sb., o provozov\u00e1n\u00ed rozhlasov\u00e9ho a<br \/>\ntelevizn\u00edho vys\u00edl\u00e1n\u00ed (d\u00e1le jen \u201ez\u00e1kon \u010d. 231\/2001 Sb.\u201c) a v souladu s ustanoven\u00edm \u00a7 67 a n\u00e1sl.<br \/>\nz\u00e1kona \u010d. 500\/2004 Sb. spr\u00e1vn\u00edho \u0159\u00e1du, vyd\u00e1v\u00e1 toto rozhodnut\u00ed: Rada podle ustanoven\u00ed \u00a7 12<br \/>\nodst. 8 z\u00e1kona \u010d. 231\/2001 Sb. prodlu\u017euje provozovateli JOE Media s.r.o., I\u010c: 261 52 002, se<\/p>\n<p>s\u00eddlem Brani\u0161ovsk\u00e1 187\/16, PS\u010c 143 00 Praha, dobu platnosti licence ud\u011blen\u00e9 rozhodnut\u00edm Rady<br \/>\nsp. zn. RRTV\/2020\/218\/zab, \u010d.j. RRTV\/831\/2021-zab ze dne 12.1.2021 k rozhlasov\u00e9mu vys\u00edl\u00e1n\u00ed<br \/>\nprogramu HEY Radio \u0161\u00ed\u0159en\u00e9mu prost\u0159ednictv\u00edm vys\u00edla\u010d\u016f na kmito\u010dtech Blansko m\u011bsto 2 101,6<br \/>\nMHz \/ 0,05 kW; D\u011b\u010d\u00edn Letn\u00e1 96,7 MHz \/ 0,1 kW; \u00dast\u00ed nad Orlic\u00ed 3 101,3 MHz \/ 0,05 kW; Pelh\u0159imov<br \/>\n88,3 MHz \/ 0,1 kW o standardn\u00ed z\u00e1konnou dobu osmi let podle ustanoven\u00ed \u00a7 12 odst. 8 p\u00edsm.<br \/>\nz\u00e1kona \u010d. 231\/2001 Sb., tedy do 10. \u0159\u00edjna 2033, av\u0161ak s mo\u017en\u00fdm zkr\u00e1cen\u00edm doby jej\u00ed platnosti v<br \/>\nn\u00e1vaznosti na postup vl\u00e1dy podle ustanoven\u00ed \u010d\u00e1sti prvn\u00ed, \u010dl\u00e1nku II, odst. 9 a 10 z\u00e1kona<br \/>\n\u010d. 196\/2009 Sb., kter\u00fdm se m\u011bn\u00ed z\u00e1kon \u010d. 231\/2001 Sb.<br \/>\n&#8211; Rada podle ustanoven\u00ed \u00a7 5 p\u00edsm. b) z\u00e1kona \u010d. 231\/2001 Sb., o provozov\u00e1n\u00ed rozhlasov\u00e9ho a<br \/>\ntelevizn\u00edho vys\u00edl\u00e1n\u00ed (d\u00e1le jen \u201ez\u00e1kon \u010d. 231\/2001 Sb.\u201c) a v souladu s ustanoven\u00edm \u00a7 67 a n\u00e1sl.<br \/>\nz\u00e1kona \u010d. 500\/2004 Sb. spr\u00e1vn\u00edho \u0159\u00e1du, vyd\u00e1v\u00e1 toto rozhodnut\u00ed: Rada podle ustanoven\u00ed \u00a7 12 odst.<br \/>\n8 z\u00e1kona \u010d. 231\/2001 Sb. prodlu\u017euje provozovateli JOE Media s.r.o., I\u010c: 261 52 002, se s\u00eddlem<br \/>\nBrani\u0161ovsk\u00e1 187\/16, PS\u010c 143 00 Praha, dobu platnosti licence ud\u011blen\u00e9 rozhodnut\u00edm Rady sp. zn.<br \/>\nRRTV\/2021\/251\/zab, \u010d.j. RRTV\/8891\/2022-zab ze dne 19.7.2022 k rozhlasov\u00e9mu vys\u00edl\u00e1n\u00ed<br \/>\nprogramu HEY Radio \u0161\u00ed\u0159en\u00e9mu prost\u0159ednictv\u00edm vys\u00edla\u010d\u016f na kmito\u010dtu Ostrava m\u011bsto 99,5 MHz \/<br \/>\n0,05 kW o standardn\u00ed z\u00e1konnou dobu osmi let podle ustanoven\u00ed \u00a7 12 odst. 8 p\u00edsm. z\u00e1kona<br \/>\n\u010d. 231\/2001 Sb., tedy do 10. \u0159\u00edjna 2033, av\u0161ak s mo\u017en\u00fdm zkr\u00e1cen\u00edm doby jej\u00ed platnosti v n\u00e1vaznosti<br \/>\nna postup vl\u00e1dy podle ustanoven\u00ed \u010d\u00e1sti prvn\u00ed, \u010dl\u00e1nku II, odst. 9 a 10 z\u00e1kona \u010d. 196\/2009 Sb., kter\u00fdm<br \/>\nse m\u011bn\u00ed z\u00e1kon \u010d. 231\/2001 Sb.<br \/>\n&#8211; Rada se sezn\u00e1mila s anal\u00fdzami obchodn\u00edch sd\u011blen\u00ed odvys\u00edlan\u00fdch provozovateli MEDIA<br \/>\nBOHEMIA a.s. (program Hitr\u00e1dio Faktor; \u010cesk\u00e9 Bud\u011bjovice 104,3 MHz) dne 23. ledna 2023,<br \/>\nLONDA spol. s r.o. (program Rock Zone 105,9; Praha 105,9 MHz) dne 23. ledna 2023, RADIO<br \/>\nUNITED BROADCASTING s.r.o. (program Country MORAVA; Brno 96,8 MHz) dne 23. ledna 2023,<br \/>\nRADIO BONTON a.s. (program R\u00e1dio Bonton; \u010cesk\u00e1 L\u00edpa 96,9 MHz) dne 23. ledna 2023, MEDIA<br \/>\nBOHEMIA a.s. (program R\u00e1dio BLAN\u00cdK; Ostrava 93,7 MHz) dne 23. ledna 2023 a RADIO UNITED<br \/>\nBROADCASTING s.r.o. (program Radio Spin; Praha 96,2 MHz) dne 23. ledna 2023.<br \/>\n&#8211; Rada se sezn\u00e1mila s ozn\u00e1men\u00edm provozovatele RADIO PROGLAS s.r.o., I\u010c: 49435001,<br \/>\ndoru\u010den\u00fdm Rad\u011b dne 18. ledna 2023 pod \u010d.j. RRTV\/978\/2023-vra, spo\u010d\u00edvaj\u00edc\u00edm v informaci o<br \/>\nv\u00fdluk\u00e1ch vys\u00edl\u00e1n\u00ed programu Radio Proglas za m\u011bs\u00edc prosinec 2022.<br \/>\n&#8211; Rada se sezn\u00e1mila se st\u00ed\u017enost\u00ed (\u010d. j. RRTV\/834\/2023-vra) poslucha\u010dky na \u00fadajn\u011b zv\u00fdhod\u0148uj\u00edc\u00ed<br \/>\nzpravodajsk\u00fd p\u0159\u00edsp\u011bvek ve vztahu k prezidentsk\u00fdm volb\u00e1m, kter\u00fd dne 13. ledna 2023 odvys\u00edlal<br \/>\nprogram KISS. Rada se sezn\u00e1mila se st\u00ed\u017enost\u00ed (\u010d. j. RRTV\/830\/2023-vra) poslucha\u010de na \u00fadajn\u011b<br \/>\nnevhodnou p\u00edse\u0148, kterou odvys\u00edlal program FREKVENCE 1. Rada se sezn\u00e1mila se st\u00ed\u017enost\u00ed (\u010d. j.<br \/>\nRRTV\/1022\/2023-vac) poslucha\u010de na \u00fadajnou nevyv\u00e1\u017eenost v po\u0159adu, kter\u00fd byl 18. ledna<br \/>\nodvys\u00edl\u00e1n na programu \u010cRo Plus. Rada se sezn\u00e1mila s podn\u011btem \u010d.j. RRTV\/510\/2023-vra ve v\u011bci<br \/>\nsout\u011b\u017ee o z\u00e1jezd na Kapverdy na programu KISS provozovatele RADIO UNITED<br \/>\nBROADCASTING s.r.o.<br \/>\nTELEVIZN\u00cd VYS\u00cdL\u00c1N\u00cd<br \/>\n&#8211; Rada zru\u0161uje podle ustanoven\u00ed \u00a7 30 odst. 1 p\u00edsm. d) z\u00e1kona \u010d. 231\/2001 Sb., provozovateli<br \/>\nLivesport TV s.r.o., I\u010c 03499618, se s\u00eddlem Bucharova 2928\/14a, Praha, 158 00, registraci sp.zn.<br \/>\nRRTV\/2019\/579\/rap, \u010d.j. RRTV\/10055\/2019-rap ze dne 4. z\u00e1\u0159\u00ed 2019, k provozov\u00e1n\u00ed televizn\u00edho<br \/>\np\u0159evzat\u00e9ho vys\u00edl\u00e1n\u00ed \u0161\u00ed\u0159en\u00e9ho prost\u0159ednictv\u00edm zvl\u00e1\u0161tn\u00edch p\u0159enosov\u00fdch syst\u00e9m\u016f ke dni 7. \u00fanora<br \/>\n2023, a to na \u017e\u00e1dost provozovatele doru\u010denou dne 12. ledna 2023 pod \u010d. j. RRTV\/743\/2023-vra.<br \/>\n&#8211; Rada podle ustanoven\u00ed \u00a7 21 odst. 1 p\u00edsm. a) z\u00e1kona \u010d. 231\/2001 Sb. ud\u011bluje provozovateli HBO<br \/>\nEurope s.r.o., I\u010c: 61466786, se s\u00eddlem: Praha 7, Jankovcova 1037\/49, PS\u010c 170 00, souhlas se<br \/>\nzm\u011bnou skute\u010dnost\u00ed uveden\u00fdch v \u017e\u00e1dosti o licenci sp. zn. RRTV\/2020\/749\/fia, \u010d.j.<br \/>\nRRTV\/15514\/2020 &#8211; fia ze dne 18. listopadu 2020, spo\u010d\u00edvaj\u00edc\u00ed ve zm\u011bn\u011b ozna\u010den\u00ed n\u00e1zvu programu<\/p>\n<p>z Boing French na Cartoonito French, a to od 3. dubna 2023, v rozsahu \u017e\u00e1dosti doru\u010den\u00e9 dne<br \/>\n16. ledna 2023 pod \u010d.j. RRTV\/888\/2023-vra.<br \/>\n&#8211; Rada podle ustanoven\u00ed \u00a7 21 odst. 1 p\u00edsm. a) z\u00e1kona \u010d. 231\/2001 Sb. ud\u011bluje provozovateli HBO<br \/>\nEurope s.r.o., I\u010c: 61466786, se s\u00eddlem: Praha 7, Jankovcova 1037\/49, PS\u010c 170 00, souhlas se<br \/>\nzm\u011bnou skute\u010dnost\u00ed uveden\u00fdch v \u017e\u00e1dosti o licenci sp. zn. RRTV\/2020\/784\/fia, \u010d.j.<br \/>\nRRTV\/15512\/2020 &#8211; fia ze dne 18. listopadu 2020, spo\u010d\u00edvaj\u00edc\u00ed ve zm\u011bn\u011b ozna\u010den\u00ed n\u00e1zvu programu<br \/>\nz Boomerang Portuguese na Cartoonito Portuguese, a to od 18. b\u0159ezna 2023, v rozsahu \u017e\u00e1dosti<br \/>\ndoru\u010den\u00e9 dne 16. ledna 2023 pod \u010d.j. RRTV\/888\/2023-vra.<br \/>\n&#8211; Rada ud\u011bluje provozovateli, spole\u010dnosti ViacomCBS Networks International Czech s.r.o., I\u010c:<br \/>\n289 70 438, se s\u00eddlem Perlov\u00e1 371\/5, Star\u00e9 M\u011bsto, 110 00 Praha 1, souhlas se zm\u011bnou skute\u010dnost\u00ed<br \/>\nuveden\u00fdch v \u017e\u00e1dosti o licenci, sp. zn.: 2014\/589\/FIA\/MTV, \u010d. j.: FIA\/2514\/2014, ze dne 1. \u010dervence<br \/>\n2014, podle \u00a7 21 odst. 1 p\u00edsm. d) z\u00e1kona \u010d. 231\/2001 Sb., spo\u010d\u00edvaj\u00edc\u00ed v z\u00fa\u017een\u00ed v\u00fd\u010dtu st\u00e1t\u016f, na<br \/>\njejich\u017e \u00fazem\u00ed m\u00e1 b\u00fdt vys\u00edl\u00e1n\u00ed programu MTV, \u0161\u00ed\u0159en\u00e9ho prost\u0159ednictv\u00edm dru\u017eice, zcela nebo<br \/>\np\u0159ev\u00e1\u017en\u011b sm\u011brov\u00e1no o It\u00e1lii, dle \u017e\u00e1dosti ze dne 24. ledna 2023, \u010d.j.: RRTV\/1131\/2023-vra.<br \/>\n&#8211; Rada v r\u00e1mci sv\u00e9 p\u016fsobnosti dan\u00e9 ustanoven\u00edm \u00a7 5 p\u00edsm. a) z\u00e1kona \u010d. 231\/2001 Sb., a v<br \/>\nsouladu s ustanoven\u00edm \u00a7 137 odst. 1 z\u00e1kona \u010d. 500\/2004 Sb., \u017e\u00e1d\u00e1 provozovatele televizn\u00edho<br \/>\nvys\u00edl\u00e1n\u00ed Nej Kan\u00e1l s.r.o., I\u010c 027 38 252, se s\u00eddlem Kaplanova 2252\/8, Chodov, 148 00 Praha 4, o<br \/>\npod\u00e1n\u00ed vysv\u011btlen\u00ed, z jak\u00e9ho d\u016fvodu Radu neinformoval o tom, zda po datu 23. prosince 2022<br \/>\nobnovil p\u0159eru\u0161en\u00e9 vys\u00edl\u00e1n\u00ed programu Infokan\u00e1l NEJ &#8211; TV Doln\u00ed Bene\u0161ov schv\u00e1len\u00e9 Radou dne<br \/>\n18. ledna 2022 pod \u010d.j. RRTV\/1689\/2022-zil. Rada stanovuje lh\u016ftu k pod\u00e1n\u00ed vysv\u011btlen\u00ed 30 dn\u00ed ode<br \/>\ndne doru\u010den\u00ed t\u00e9to v\u00fdzvy.<br \/>\n&#8211; Rada konstatuje, \u017ee dne 31. prosince 2022 zanikla registrace sp. zn. 2013\/239\/sve\/Int, \u010d.j.<br \/>\nsve\/1949\/2013, ze dne 24. b\u0159ezna 2013, provozovateli p\u0159evzat\u00e9ho vys\u00edl\u00e1n\u00ed, Internet2 s.r.o., I\u010c:<br \/>\n27467341, se s\u00eddlem: Kamenice 91, 547 01 N\u00e1chod, a to v d\u016fsledku z\u00e1niku pr\u00e1vnick\u00e9 osoby<br \/>\nInternet2 s.r.o., I\u010c: 2746734, dle \u00a7 30 odst. 1 p\u00edsm. a) z\u00e1kona \u010d. 231\/2001 Sb.<br \/>\n&#8211; Rada se sezn\u00e1mila s ozn\u00e1men\u00edm provozovatele televizn\u00edho vys\u00edl\u00e1n\u00ed AMC Networks Central<br \/>\nEurope, s.r.o., I\u010c: 27112501, doru\u010den\u00fdm dne 12. ledna 2023 pod \u010d.j. RRTV\/747\/2023-vra,<br \/>\nspo\u010d\u00edvaj\u00edc\u00edm v zah\u00e1jen\u00ed vys\u00edl\u00e1n\u00ed programu: SPORT3 HU (sp. zn. RRTV\/2022\/331\/hou), \u0161\u00ed\u0159en\u00e9ho<br \/>\nprost\u0159ednictv\u00edm zvl\u00e1\u0161tn\u00edch p\u0159enosov\u00fdch syst\u00e9m\u016f, ke dni 19. dubna 2022.<br \/>\n&#8211; Rada se dle ustanoven\u00ed \u00a7 29 odst. 3 z\u00e1kona \u010d. 231\/2001 Sb. sezn\u00e1mila s ozn\u00e1men\u00edm<br \/>\nprovozovatele p\u0159evzat\u00e9ho vys\u00edl\u00e1n\u00ed \u0161\u00ed\u0159en\u00e9ho prost\u0159ednictv\u00edm kabelov\u00fdch syst\u00e9m\u016f, Hlucin.net, I\u010c<br \/>\n26840731, se s\u00eddlem: Moravsk\u00e1 1897\/38a, Hlu\u010d\u00edn, 74 801, o zm\u011bn\u011b ostatn\u00edch skute\u010dnost\u00ed<br \/>\nuveden\u00fdch v p\u0159ihl\u00e1\u0161ce k registraci 2011\/427\/sve\/Hlu, \u010d.j. sve\/1629\/2011 ze dne 17. kv\u011btna 2011<br \/>\nspo\u010d\u00edvaj\u00edc\u00ed ve zm\u011bn\u011b programov\u00e9 nab\u00eddky v rozsahu pod\u00e1n\u00ed \u010d.j. RRTV\/555\/2023-vra a v pod\u00e1n\u00ed<br \/>\n\u010d.j. RRTV\/556\/2023-vra doru\u010den\u00e9m dne 9. ledna 2023.<br \/>\n&#8211; Rada se dle ustanoven\u00ed \u00a7 29 odst. 3 z\u00e1kona \u010d. 231\/2001 Sb. sezn\u00e1mila s ozn\u00e1men\u00edm<br \/>\nprovozovatele p\u0159evzat\u00e9ho vys\u00edl\u00e1n\u00ed \u0161\u00ed\u0159en\u00e9ho prost\u0159ednictv\u00edm kabelov\u00fdch syst\u00e9m\u016f, TKW, s.r.o., I\u010c<br \/>\n25519051, se s\u00eddlem: \u0160tef\u00e1\u010dkova 2384\/7, Brno, 62 800, o zm\u011bn\u011b ostatn\u00edch skute\u010dnost\u00ed uveden\u00fdch<br \/>\nv p\u0159ihl\u00e1\u0161ce k registraci \u010d.j. Rg\/29\/98 ze dne 20. kv\u011btna 1998 spo\u010d\u00edvaj\u00edc\u00ed ve zm\u011bn\u011b programov\u00e9<br \/>\nnab\u00eddky v rozsahu pod\u00e1n\u00ed \u010d.j. RRTV\/1096\/2023-vra doru\u010den\u00e9m dne 23. ledna 2023.<br \/>\n&#8211; Rada se sezn\u00e1mila s n\u00e1sleduj\u00edc\u00edmi pod\u00e1n\u00edmi k obsahu televizn\u00edch program\u016f doru\u010den\u00fdmi od 11.<br \/>\ndo 25. ledna 2023: Stanice O, a.s. \/ O (\u00d3\u010dko) &#8211; Tattoo Fixers, 8. 1. 2023, Nehrateln\u00ed?, 7. 1. 2023<br \/>\nod 13:00 hod; TELEPACE s.r.o. \/ Tv NOE &#8211; Jak to vid\u00ed&#8230;, 23. 1. 2023 od 11:30 hod; TV Nova s.r.o.<br \/>\n\/ NOVA &#8211; Cesta na Hrad: Debata I a II, 12. 1. 2023 od 17:00 a 20:00 hod; Televizn\u00ed noviny &#8211; Cesta<br \/>\nna Hrad &#8211; koment\u00e1\u0159 k debat\u011b, 12. 1. 2023 od 19:38 hod; FTV Prima, spol. s r.o. \/ CNN Prima News,<br \/>\nPrima &#8211; Superdebata: Hled\u00e1 se prezident I a II, 4. a 11. 1. 2023 od 20:15 hod (18 pod\u00e1n\u00ed); Televizn\u00ed<br \/>\nreklama na Klik.cz; \u010cesk\u00e1 televize \/ historie rodiny moder\u00e1tora Jakuba \u017delezn\u00e9ho; FTV Prima,<br \/>\nspol. s r.o. \/ CNN Prima News, Prima &#8211; Partie Terezie Tom\u00e1nkov\u00e9, 15. 1. 2023 od 11:00 hod; R\u016fzn\u00ed<br \/>\nposkytovatel\u00e9 \/ r\u016fzn\u00e9 slu\u017eby &#8211; zobrazov\u00e1n\u00ed reklam v pr\u016fb\u011bhu sledov\u00e1n\u00ed po\u0159ad\u016f; Seznam Zpr\u00e1vy<\/p>\n<p>a.s. \/ www.seznamzpravy.cz &#8211; informov\u00e1n\u00ed o volb\u00e1ch prezidenta \u010cR; FTV Prima, spol. s r.o. \/ Prima<br \/>\nCOOL &#8211; Re-play, 14. 1. 2023 od 10:46 hod; \u010cesk\u00e1 televize \/ \u010cT2 &#8211; reklamn\u00ed blok, 18. 1. 2023 od<br \/>\n20:56 hod; FTV Prima, spol. s r.o. \/ Prima MAX &#8211; Bitva o Sevastopol, 18. 1. 2023 od 22:40 hod;<br \/>\n\u010cesk\u00e1 televize \/ \u010cT24 &#8211; Ot\u00e1zky V\u00e1clava Moravce, 18. 9. 2022 od 13:05 hod, 15. 1. 2023 od 13:05<br \/>\nhod; \u010cesk\u00e1 televize \/ \u010cT24 &#8211; Ot\u00e1zky V\u00e1clava Moravce, 22. 1. 2023 od 12:00 a 13:05 hod; \u010cesk\u00e1<br \/>\ntelevize \/ \u010cT1 &#8211; Sama doma, 23. 1. 2023 od 12:33 hod (2 pod\u00e1n\u00ed); \u010cesk\u00e1 televize \/ \u010cT1 &#8211; Report\u00e9\u0159i<br \/>\n\u010cT &#8211; Pomoz si s\u00e1m, 10. 10. 2022 od 21:25 hod; \u010cesk\u00e1 televize \/ \u010cT1, \u010cT24 &#8211; Prezidentsk\u00fd duel,<br \/>\n22. 1. 2023 od 20:10 hod (4 pod\u00e1n\u00ed); ViacomCBS Networks International Czech s.r.o. \/ Comedy<br \/>\nCentral Polska &#8211; upout\u00e1vka na Zgrzyt, 8. 1. 2023 od 14:40 hod.<br \/>\n&#8211; Rada v r\u00e1mci sv\u00e9 kompetence dan\u00e9 \u00a7 5 p\u00edsm. a) a f) z\u00e1kona \u010d. 231\/2001 Sb., o provozov\u00e1n\u00ed<br \/>\nrozhlasov\u00e9ho a televizn\u00edho vys\u00edl\u00e1n\u00ed a o zm\u011bn\u011b dal\u0161\u00edch z\u00e1kon\u016f, v platn\u00e9m zn\u011bn\u00ed (d\u00e1le jen \u201ez\u00e1kon<br \/>\n\u010d. 231\/2001 Sb.\u201c) a v souladu s ustanoven\u00edm \u00a7 137 odst. 1 z\u00e1kona \u010d. 500\/2004 Sb., spr\u00e1vn\u00ed \u0159\u00e1d,<br \/>\n(d\u00e1le jen \u201ez\u00e1kon \u010d. 500\/2004 Sb.\u201c) \u017e\u00e1d\u00e1 provozovatele Stanice O, a.s., I\u010c 26509911, s\u00eddlem Karla<br \/>\nEngli\u0161e 519\/11, Praha, 150 00, o pod\u00e1n\u00ed vysv\u011btlen\u00ed, z jak\u00e9ho d\u016fvodu uplatnil ozna\u010den\u00ed 18+ u<br \/>\npo\u0159adu Nehrateln\u00ed?, odvys\u00edlan\u00e9ho 7. ledna 2023 od 13:00 hodin na programu O (\u00d3\u010dko), kdy\u017e dle<br \/>\n\u00a7 32 odst. 1 p\u00edsm. u) z\u00e1kona 231\/2001 Sb. je toto ozna\u010den\u00ed vyhrazeno pro po\u0159ady, kter\u00e9 dle \u00a7 32<br \/>\nodst. 1. p\u00edsm. g) mohou naru\u0161it fyzick\u00fd, psychick\u00fd nebo mravn\u00ed v\u00fdvoj nezletil\u00fdch osob, a zda toto<br \/>\nozna\u010den\u00ed znamen\u00e1, \u017ee odvys\u00edlal v denn\u00edm vys\u00edlac\u00edm \u010dase po\u0159ad, kter\u00fd by m\u011bl b\u00fdt vys\u00edl\u00e1n a\u017e po<br \/>\n22. hodin\u011b. Rada stanovuje lh\u016ftu k pod\u00e1n\u00ed vysv\u011btlen\u00ed 30 dn\u00ed ode dne doru\u010den\u00ed t\u00e9to v\u00fdzvy.<br \/>\n&#8211; Rada v r\u00e1mci sv\u00e9 kompetence dan\u00e9 \u00a7 5 p\u00edsm. a) a f) z\u00e1kona \u010d. 231\/2001 Sb., o provozov\u00e1n\u00ed<br \/>\nrozhlasov\u00e9ho a televizn\u00edho vys\u00edl\u00e1n\u00ed a o zm\u011bn\u011b dal\u0161\u00edch z\u00e1kon\u016f, v platn\u00e9m zn\u011bn\u00ed (d\u00e1le jen \u201ez\u00e1kon<br \/>\n\u010d. 231\/2001 Sb.\u201c) a v souladu s ustanoven\u00edm \u00a7 137 odst. 1 z\u00e1kona \u010d. 500\/2004 Sb., spr\u00e1vn\u00ed \u0159\u00e1d,<br \/>\n(d\u00e1le jen \u201ez\u00e1kon \u010d. 500\/2004 Sb.\u201c) \u017e\u00e1d\u00e1 provozovatele TELEPACE s.r.o., I\u010c 26849755, s\u00eddlem<br \/>\nKosteln\u00ed n\u00e1m\u011bst\u00ed 1839\/2, Ostrava, 702 00, o pod\u00e1n\u00ed vysv\u011btlen\u00ed, jak\u00e9 z po\u0159ad\u016f odvys\u00edlan\u00fdch v<br \/>\nm\u011bs\u00edci lednu 2023 na programu Tv NOE m\u011bly p\u0159edvolebn\u00ed dramaturgii, resp. kte\u0159\u00ed kandid\u00e1ti v<br \/>\nprezidentsk\u00fdch volb\u00e1ch dostali prostor v po\u0159adu Jak to vid\u00ed&#8230;, p\u0159\u00edpadn\u011b v dal\u0161\u00edch po\u0159adech. Rada<br \/>\nstanovuje lh\u016ftu k pod\u00e1n\u00ed vysv\u011btlen\u00ed 30 dn\u00ed ode dne doru\u010den\u00ed t\u00e9to v\u00fdzvy.<br \/>\n&#8211; Rada jako org\u00e1n dozoru pro oblast regulace reklamy dle \u00a7 7 p\u00edsm. a) z\u00e1kona \u010d. 40\/1995 Sb., o<br \/>\nregulaci reklamy a o zm\u011bn\u011b a dopln\u011bn\u00ed z\u00e1kona \u010d. 468\/1991 Sb., o provozov\u00e1n\u00ed rozhlasov\u00e9ho a<br \/>\ntelevizn\u00edho vys\u00edl\u00e1n\u00ed, ve zn\u011bn\u00ed pozd\u011bj\u0161\u00edch p\u0159edpis\u016f (d\u00e1le jen z\u00e1kon \u010d. 40\/1995 Sb.), a na z\u00e1klad\u011b<br \/>\n\u00a7 137 odst. 1 z\u00e1kona \u010d. 500\/2004 Sb., spr\u00e1vn\u00ed \u0159\u00e1d, \u017e\u00e1d\u00e1 zadavatele obchodn\u00edho sd\u011blen\u00ed,<br \/>\nKlikpojisteni.cz, s.r.o., I\u010cO 08682704, Sokolovsk\u00e1 371\/1, 186 00, Praha, o pod\u00e1n\u00ed vysv\u011btlen\u00ed<br \/>\nt\u00fdkaj\u00edc\u00ed se televizn\u00ed reklamy na internetov\u00fd srovn\u00e1va\u010d povinn\u00e9ho ru\u010den\u00ed Klik.cz, odvys\u00edlan\u00e9 dne<br \/>\n11. 1. 2023 od 16:15:10 hodin na programu Prima, z jak\u00e9ho d\u016fvodu reklama tvrd\u00ed, \u017ee \u201esta\u010d\u00ed zadat<br \/>\nSPZ a ro\u010dn\u011b u\u0161et\u0159\u00edte v pr\u016fm\u011bru \u0161est tis\u00edc korun\u201c, kdy\u017e k z\u00edsk\u00e1n\u00ed nab\u00eddky poji\u0161t\u011bn\u00ed krom\u011b SPZ je<br \/>\npo\u017eadov\u00e1na \u0159ada dal\u0161\u00edch informac\u00ed. Rada stanovuje lh\u016ftu k pod\u00e1n\u00ed vysv\u011btlen\u00ed 30 dn\u00ed ode dne<br \/>\ndoru\u010den\u00ed t\u00e9to v\u00fdzvy.- Rada se sezn\u00e1mila s anal\u00fdzou z\u00e1znamu vys\u00edl\u00e1n\u00ed programu MTV Hits<br \/>\nInternational provozovatele ViacomCBS Networks International Czech s.r.o. ze dne 21. z\u00e1\u0159\u00ed 2022<br \/>\nod 10:00 do 22:00 hod.<br \/>\n&#8211; Rada se sezn\u00e1mila s v\u00fdsledky anal\u00fdzy obchodn\u00edch sd\u011blen\u00ed za m\u011bs\u00edc \u0159\u00edjen 2022.<br \/>\n&#8211; Rada informuje St\u00e1tn\u00ed \u00fastav pro kontrolu l\u00e9\u010div o produktu Fast Sleep \u00fastn\u00ed sprej s melatoninem,<br \/>\nkter\u00fd byl sou\u010d\u00e1st\u00ed reklamn\u00ed prezentace v televizn\u00edm vys\u00edl\u00e1n\u00ed.<br \/>\n&#8211; Rada coby \u00fast\u0159edn\u00ed spr\u00e1vn\u00ed \u00fa\u0159ad v r\u00e1mci sv\u00e9 kompetence dan\u00e9 ustanoven\u00edm \u00a7 7 p\u00edsm. a)<br \/>\nz\u00e1kona \u010d. 40\/1995 Sb., o regulaci reklamy a o zm\u011bn\u011b a dopln\u011bn\u00ed z\u00e1kona \u010d. 468\/1991 Sb., o<br \/>\nprovozov\u00e1n\u00ed rozhlasov\u00e9ho a televizn\u00edho vys\u00edl\u00e1n\u00ed, ve zn\u011bn\u00ed platn\u00fdch p\u0159edpis\u016f (d\u00e1le jen \u201ez\u00e1kon<br \/>\n\u010d. 40\/1995 Sb.), v souladu s ustanoven\u00edm \u00a7 78 odst. 1 z\u00e1kona \u010d. 250\/2016 Sb., z\u00e1kona o<br \/>\np\u0159estupc\u00edch a \u0159\u00edzen\u00edch o nich (d\u00e1le jen \u201ez\u00e1kon \u010d. 250\/2016 Sb.\u201c) rozhodla zah\u00e1jit se zadavatelem<br \/>\nobchodn\u00edho sd\u011blen\u00ed, spole\u010dnost\u00ed BENEPHARMA CZ, spol. s r.o, I\u010cO 02083566, B\u011blehradsk\u00e1<br \/>\n314\/18, Praha 4, 140 00 Praha (d\u00e1le \u201eobvin\u011bn\u00fd\u201c), \u0159\u00edzen\u00ed o p\u0159estupku z moci \u00fa\u0159edn\u00ed pro mo\u017en\u00e9<\/p>\n<p>poru\u0161en\u00ed \u00a7 5d odst. 3 z\u00e1kona \u010d. 40\/1995 Sb., kter\u00e9ho se mohl dopustit zad\u00e1n\u00edm obchodn\u00edho sd\u011blen\u00ed<br \/>\n&#8211; ozna\u010den\u00ed sponzora Jamieson (dopl\u0148ky stravy) informuj\u00edc\u00edho o sponzorov\u00e1n\u00ed po\u0159adu Z\u00e1lo\u017en\u00ed pl\u00e1n,<br \/>\nodvys\u00edlan\u00e9ho na programu NOVA dne 5. listopadu 2022 od 15:07 hodin, nebo\u0165 neobsahuje<br \/>\nz\u00e1konem stanoven\u00fd text dopln\u011bk stravy.<br \/>\n&#8211; Rada coby \u00fast\u0159edn\u00ed spr\u00e1vn\u00ed \u00fa\u0159ad v r\u00e1mci sv\u00e9 p\u016fsobnosti dan\u00e9 \u00a7 5 p\u00edsm. f) z\u00e1kona \u010d. 231\/2001<br \/>\nSb., o provozov\u00e1n\u00ed rozhlasov\u00e9ho a televizn\u00edho vys\u00edl\u00e1n\u00ed a o zm\u011bn\u011b dal\u0161\u00edch z\u00e1kon\u016f, (d\u00e1le jen z\u00e1kon<br \/>\n\u010d. 231\/2001 Sb.), dle \u00a7 60 odst. 1 p\u00edsm. e) a \u00a7 60 odst. 7 p\u00edsm. a) z\u00e1kona \u010d. 231\/2001 Sb., \u00fa\u010dinn\u00e9m<br \/>\nv dob\u011b sp\u00e1ch\u00e1n\u00ed p\u0159estupku, v \u0159\u00edzen\u00ed o p\u0159estupku veden\u00e9m podle z\u00e1kona \u010d. 250\/2016 Sb., o<br \/>\nodpov\u011bdnosti za p\u0159estupky a \u0159\u00edzen\u00ed o nich (d\u00e1le jen \u201ez\u00e1kon o odpov\u011bdnosti za p\u0159estupky\u201c), rozhodla<br \/>\ntakto: Obvin\u011bn\u00fd provozovatel 3C spol. s r.o., I\u010c: 00532819, s\u00eddlem Jina\u010dovice 89, PS\u010c 66434, se<br \/>\nuzn\u00e1v\u00e1 vinn\u00fdm v souladu s \u00a7 60 odst. 1 p\u00edsm. e) z\u00e1kona \u010d. 231\/2001 Sb. pro poru\u0161en\u00ed \u00a7 32 odst.<br \/>\n1 p\u00edsm. l) z\u00e1kona \u010d. 231\/2001 Sb., \u00fa\u010dinn\u00e9m v dob\u011b sp\u00e1ch\u00e1n\u00ed p\u0159estupku, kter\u00e9ho se dopustil t\u00edm,<br \/>\n\u017ee na p\u00edsemnou \u017e\u00e1dost Rady nedodal z\u00e1znam vys\u00edl\u00e1n\u00ed programu 3C ze dn\u016f 22. &#8211; 23. kv\u011btna 2022<br \/>\nv \u010dasov\u00e9m \u00faseku 00.00 &#8211; 24.00 hodin. Za p\u0159estupek se pachateli v souladu s ustanoven\u00edm \u00a7 60<br \/>\nodst. 7 p\u00edsm. a) z\u00e1kona \u010d. 231\/2001 Sb. ukl\u00e1d\u00e1 pokuta ve v\u00fd\u0161i 20 000,- K\u010d. Pokuta je splatn\u00e1 ve<br \/>\nlh\u016ft\u011b 30 dn\u016f ode dne pr\u00e1vn\u00ed moci tohoto rozhodnut\u00ed na \u00fa\u010det 3754-19223001\/0710, variabiln\u00ed<br \/>\nsymbol 2022849. V souladu s ustanoven\u00edm \u00a7 95 odst. 1 z\u00e1kona \u010d. 250\/2016, o odpov\u011bdnosti za<br \/>\np\u0159estupky, a \u00a7 6 vyhl\u00e1\u0161ky \u010d. 520\/2005 Sb., ulo\u017eila Rada \u00fa\u010dastn\u00edku \u0159\u00edzen\u00ed povinnost uhradit pau\u0161\u00e1ln\u00ed<br \/>\n\u010d\u00e1stku n\u00e1klad\u016f \u0159\u00edzen\u00ed ve v\u00fd\u0161i 1 000, &#8211; K\u010d na \u00fa\u010det \u010d. 3711-19223001\/0710, variabiln\u00ed symbol<br \/>\n2022849, \u00fahrada n\u00e1klad\u016f je splatn\u00e1 do p\u011bti pracovn\u00edch dn\u016f ode dne doru\u010den\u00ed tohoto rozhodnut\u00ed.<br \/>\n&#8211; Rada se sezn\u00e1mila s podan\u00fdm vysv\u011btlen\u00edm provozovatele \u010cesk\u00e1 televize ohledn\u011b obchodn\u00edho<br \/>\nsd\u011blen\u00ed MERIDA kola, kter\u00e9 bylo odvys\u00edl\u00e1no dne 26. kv\u011btna 2022 v \u010dase 22:50 hodin na programu<br \/>\n\u010cT sport, o jak\u00fd druh obchodn\u00edho sd\u011blen\u00ed se jedn\u00e1.<br \/>\n&#8211; Rada se sezn\u00e1mila s podan\u00fdm vysv\u011btlen\u00edm provozovatele KabelSat s. r. o., zda se v p\u0159\u00edpad\u011b<br \/>\nzap\u016fj\u010den\u00fdch z\u00e1znam\u016f vys\u00edl\u00e1n\u00ed program\u016f INFO-DAMBO\u0158ICE a MEDIA-KOSTICE jednalo o<br \/>\nz\u00e1znamy vys\u00edl\u00e1n\u00ed ze dn\u016f 22. a 23. kv\u011btna 2022, tak jak Rada po\u017eadovala ve v\u00fdzv\u011b k zap\u016fj\u010den\u00ed<br \/>\nz\u00e1znam\u016f, \u010di zda se jednalo o odli\u0161n\u00e9 (neaktu\u00e1ln\u00ed) z\u00e1znamy vys\u00edl\u00e1n\u00ed, resp. z jak\u00e9ho d\u016fvodu<br \/>\np\u0159edm\u011btn\u00e9 z\u00e1znamy obsahuj\u00ed informace t\u00fdkaj\u00edc\u00ed se obdob\u00ed jara roku 2021.<br \/>\n&#8211; Rada se sezn\u00e1mila s reakc\u00ed provozovatele KabelSat s. r. o. na upozorn\u011bn\u00ed \u010d.j.<br \/>\nRRTV\/15032\/2022-loj na poru\u0161en\u00ed ustanoven\u00ed \u00a7 32 odst. 1 p\u00edsm. l) z\u00e1kona \u010d. 231\/2001 Sb., kter\u00e9ho<br \/>\nse dopustil t\u00edm, \u017ee na p\u00edsemnou v\u00fdzvu Rady zap\u016fj\u010dil z\u00e1znamy vys\u00edl\u00e1n\u00ed program\u016f INFO &#8211; KOSTICE<br \/>\na MEDIA &#8211; KOSTICE ze dn\u016f 22. a 23. kv\u011btna 2022 v \u010dasov\u00e9m \u00faseku 00:00 -24:00 hodin, kter\u00e9<br \/>\nnebyly v odvys\u00edlan\u00e9 podob\u011b.<br \/>\n&#8211; Rada se sezn\u00e1mila s reakc\u00ed provozovatele \u010ceskoslovensk\u00e1 filmov\u00e1 spole\u010dnost, s.r.o., I\u010c<br \/>\n271 68 425, V\u00e1clavsk\u00e9 n\u00e1m\u011bst\u00ed 831\/21, Nov\u00e9 M\u011bsto, Praha 1, PS\u010c 110 00 , na ulo\u017een\u00e9<br \/>\nupozorn\u011bn\u00ed na poru\u0161en\u00ed \u00a7 32 odst. 1 p\u00edsm. l) z\u00e1kona \u010d. 231\/2001 Sb., kter\u00e9ho se dopustil t\u00edm, \u017ee<br \/>\nneposkytl Rad\u011b na jej\u00ed vy\u017e\u00e1d\u00e1n\u00ed z\u00e1znam vys\u00edl\u00e1n\u00ed programu CS Film ze dne 10. \u0159\u00edjna 2022 v<br \/>\n\u010dasov\u00e9m \u00faseku od 16.00 do 19.00 hodin, tj. 3 hodin.<br \/>\n&#8211; Rada coby \u00fast\u0159edn\u00ed spr\u00e1vn\u00ed \u00fa\u0159ad v r\u00e1mci sv\u00e9 kompetence dan\u00e9 ustanoven\u00edm \u00a7 5 p\u00edsm. a)<br \/>\nz\u00e1kona \u010d. 231\/2001 Sb., o provozov\u00e1n\u00ed rozhlasov\u00e9ho a televizn\u00edho vys\u00edl\u00e1n\u00ed a o zm\u011bn\u011b dal\u0161\u00edch<br \/>\nz\u00e1kon\u016f (d\u00e1le jen z\u00e1kon \u010d. 231\/2001 Sb.), rozhodla v souladu s ustanoven\u00edm \u00a7 76 odst. 1 p\u00edsm. a)<br \/>\nz\u00e1kona \u010d. 250\/2016 Sb., o odpov\u011bdnosti za p\u0159estupky a \u0159\u00edzen\u00ed o nich, v platn\u00e9m zn\u011bn\u00ed, ve v\u011bci<br \/>\nmo\u017en\u00e9ho p\u0159estupku sp\u00e1chan\u00e9ho odvys\u00edl\u00e1n\u00edm po\u0159adu Kr\u00e1ska v nesn\u00e1z\u00edch dne 10. \u0159\u00edjna 2022 od<br \/>\n16:00 hodin na programu CS Film, \u017ee v\u011bc odkl\u00e1d\u00e1.<br \/>\n&#8211; Rada se sezn\u00e1mila se sd\u011blen\u00edm Rady pre medi\u00e1lne slu\u017eby ve v\u011bci obchodn\u00edho sd\u011blen\u00ed<br \/>\n\u201eJDSpecial\u201c, prost\u0159ednictv\u00edm kter\u00e9ho byly propagov\u00e1ny produkty NANO CBD a NANO CBG v r\u00e1mci<br \/>\nvys\u00edl\u00e1n\u00ed programu \u0160L\u00c1GER ORIGIN\u00c1L.<\/p>\n<p>&#8211; Rada se sezn\u00e1mila s rozhodnut\u00edm arbitr\u00e1\u017en\u00ed komise Rady pro reklamu, z. s. ve v\u011bci televizn\u00ed<br \/>\nreklamy propaguj\u00edc\u00ed obchod se spodn\u00edm pr\u00e1dlem, oble\u010den\u00edm a dopl\u0148ky Dedoles.cz, \u017ee p\u0159edm\u011btn\u00e1<br \/>\nreklama neporu\u0161uje etick\u00fd kodex.<br \/>\n&#8211; Rada se sezn\u00e1mila s rozsudkem M\u011bstsk\u00e9ho soudu v Praze ze dne 15. prosince 2022 (\u010d.j. 6 A<br \/>\n15\/2021), j\u00edm\u017e byla zam\u00edtnuta \u017ealoba proti rozhodnut\u00ed Rady (\u010d.j. RRTV\/16654\/2020-loj) o ulo\u017een\u00ed<br \/>\npokuty ve v\u00fd\u0161i 500 000 K\u010d pro poru\u0161en\u00ed \u00a7 32 odst. 1 p\u00edsm. g) z\u00e1kona \u010d. 231\/2001 Sb., nebo\u0165<br \/>\nodvys\u00edl\u00e1n\u00edm po\u0159adu A pr\u00e9da (Nebezpe\u010dn\u00e1 ko\u0159ist) dne 28. b\u0159ezna 2020 v \u00faseku 15:40:21-17:35:14<br \/>\nhodin na programu Film Mania (Ma\u010farsko) se provozovatel AMC Networks Central Europe s.r.o<br \/>\ndopustil poru\u0161en\u00ed povinnosti neza\u0159azovat v dob\u011b od 6:00 hodin do 22:00 hodin po\u0159ady a upout\u00e1vky,<br \/>\nkter\u00e9 by mohly ohrozit fyzick\u00fd, psychick\u00fd nebo mravn\u00ed v\u00fdvoj d\u011bt\u00ed a mladistv\u00fdch, konkr\u00e9tn\u011b t\u00edm, \u017ee<br \/>\nuveden\u00fd film, kter\u00fd byl odvys\u00edl\u00e1n v \u00faseku, kdy mohou b\u00fdt u obrazovky d\u011bti i bez p\u0159\u00edm\u00e9ho dohledu<br \/>\nrodi\u010d\u016f, obsahoval v\u00fdrazn\u011b realistick\u00e9 a emotivn\u011b p\u016fsob\u00edc\u00ed n\u00e1siln\u00e9 sc\u00e9ny.<br \/>\n&#8211; Rada se sezn\u00e1mila s transpozic\u00ed Sm\u011brnice EVROPSK\u00c9HO PARLAMENTU A RADY (EU)<br \/>\n2018\/1808 ze dne 14. listopadu 2018, kterou se m\u011bn\u00ed sm\u011brnice 2010\/13\/EU o koordinaci n\u011bkter\u00fdch<br \/>\npr\u00e1vn\u00edch a spr\u00e1vn\u00edch p\u0159edpis\u016f \u010clensk\u00fdch st\u00e1t\u016f upravuj\u00edc\u00edch poskytov\u00e1n\u00ed audiovizu\u00e1ln\u00edch<br \/>\nmedi\u00e1ln\u00edch slu\u017eeb (sm\u011brnice o audiovizu\u00e1ln\u00edch medi\u00e1ln\u00edch slu\u017eb\u00e1ch), v Irsku.<br \/>\n&#8211; Rada v r\u00e1mci \u0159\u00edzen\u00ed o p\u0159estupku veden\u00e9ho pod sp. zn. RRTV\/2022\/738\/beh provedla d\u016fkaz<br \/>\nzhl\u00e9dnut\u00edm audiovizu\u00e1ln\u00edho z\u00e1znamu teleshoppingu Luxusstore odvys\u00edlan\u00e9ho dne 29. b\u0159ezna 2022<br \/>\nod 17:40 hodin na programu ABC TV, respektive zhl\u00e9dnut\u00edm t\u011bch \u010d\u00e1st\u00ed p\u0159edm\u011btn\u00e9ho<br \/>\nteleshoppingov\u00e9ho bloku, kde prob\u00edhala nab\u00eddka rhodiovan\u00e9ho n\u00e1ramku s kor\u00e1lky ve fialov\u00e9m<br \/>\nodst\u00ednu (\u010dasov\u00e9 \u00faseky 0:29:15-0:37:35 hodin od za\u010d\u00e1tku z\u00e1znamu, 1:12:52-1:18:56 od za\u010d\u00e1tku<br \/>\nz\u00e1znamu a 1:55:00-2:00:45 hodin od za\u010d\u00e1tku z\u00e1znamu).<br \/>\nAUDIOVIZU\u00c1LN\u00cd MEDI\u00c1LN\u00cd SLU\u017dBY NA VY\u017d\u00c1D\u00c1N\u00cd<br \/>\n&#8211; Rada se sezn\u00e1mila s podan\u00fdm vysv\u011btlen\u00edm provozovatele FTV Prima, spol. s r.o., ve v\u011bci<br \/>\nza\u0159azen\u00ed ankety programu CNN Prima News na soci\u00e1ln\u00ed s\u00ed\u0165 TikTok.<br \/>\n&#8211; Rada coby \u00fast\u0159edn\u00ed spr\u00e1vn\u00ed \u00fa\u0159ad v r\u00e1mci sv\u00e9 kompetence dan\u00e9 ustanoven\u00edm \u00a7 5 p\u00edsm. b)<br \/>\nz\u00e1kona \u010d. 242\/2022 Sb., o slu\u017eb\u00e1ch platforem pro sd\u00edlen\u00ed videonahr\u00e1vek (d\u00e1le jen z\u00e1kon<br \/>\n\u010d. 242\/2022 Sb.), rozhodla v souladu s ustanoven\u00edm \u00a7 76 odst. 1 p\u00edsm. a) z\u00e1kona \u010d. 250\/2016 Sb.,<br \/>\no odpov\u011bdnosti za p\u0159estupky a \u0159\u00edzen\u00ed o nich, v platn\u00e9m zn\u011bn\u00ed, ve v\u011bci mo\u017en\u00e9ho p\u0159estupku<br \/>\nsp\u00e1chan\u00e9ho za\u0159azen\u00edm ankety programu CNN Prima News na soci\u00e1ln\u00ed s\u00ed\u0165 TikTok, \u017ee v\u011bc odkl\u00e1d\u00e1.<br \/>\nV Praze dne 9. 2. 2023<br \/>\nIng. arch. V\u00e1clav Mencl<br \/>\np\u0159edseda Rady pro rozhlasov\u00e9<br \/>\na televizn\u00ed vys\u00edl\u00e1n\u00ed<br \/>\nkontakt: podatelna@rrtv.cz<br \/>\n274 813 830<\/p>\n","protected":false},"excerpt":{"rendered":"<p>Rada pro rozhlasov\u00e9 a televizn\u00ed vys\u00edl\u00e1n\u00ed (d\u00e1le jen &#8222;Rada&#8220;) na sv\u00e9m 2. zased\u00e1n\u00ed projednala 33 bod\u016f programu. Vyhodnotila 43 st\u00ed\u017enost\u00ed div\u00e1k\u016f a poslucha\u010d\u016f, rozhodla o zah\u00e1jen\u00ed jednoho \u0159\u00edzen\u00ed o p\u0159estupku. Rada na sv\u00e9m 2. zased\u00e1n\u00ed ulo\u017eila provozovateli 3C spol. s r.o. pokutu ve v\u00fd\u0161i 20 000,- K\u010d pro poru\u0161en\u00ed \u00a7 32 odst. 1 p\u00edsm. l) [&hellip;]<\/p>\n","protected":false},"author":9,"featured_media":0,"comment_status":"open","ping_status":"open","sticky":false,"template":"","format":"standard","meta":{"ngg_post_thumbnail":0,"footnotes":""},"categories":[11],"tags":[],"class_list":["post-13253","post","type-post","status-publish","format-standard","hentry","category-ozvena"],"_links":{"self":[{"href":"https:\/\/www.ladislavjakl.cz\/index.php?rest_route=\/wp\/v2\/posts\/13253","targetHints":{"allow":["GET"]}}],"collection":[{"href":"https:\/\/www.ladislavjakl.cz\/index.php?rest_route=\/wp\/v2\/posts"}],"about":[{"href":"https:\/\/www.ladislavjakl.cz\/index.php?rest_route=\/wp\/v2\/types\/post"}],"author":[{"embeddable":true,"href":"https:\/\/www.ladislavjakl.cz\/index.php?rest_route=\/wp\/v2\/users\/9"}],"replies":[{"embeddable":true,"href":"https:\/\/www.ladislavjakl.cz\/index.php?rest_route=%2Fwp%2Fv2%2Fcomments&post=13253"}],"version-history":[{"count":2,"href":"https:\/\/www.ladislavjakl.cz\/index.php?rest_route=\/wp\/v2\/posts\/13253\/revisions"}],"predecessor-version":[{"id":13262,"href":"https:\/\/www.ladislavjakl.cz\/index.php?rest_route=\/wp\/v2\/posts\/13253\/revisions\/13262"}],"wp:attachment":[{"href":"https:\/\/www.ladislavjakl.cz\/index.php?rest_route=%2Fwp%2Fv2%2Fmedia&parent=13253"}],"wp:term":[{"taxonomy":"category","embeddable":true,"href":"https:\/\/www.ladislavjakl.cz\/index.php?rest_route=%2Fwp%2Fv2%2Fcategories&post=13253"},{"taxonomy":"post_tag","embeddable":true,"href":"https:\/\/www.ladislavjakl.cz\/index.php?rest_route=%2Fwp%2Fv2%2Ftags&post=13253"}],"curies":[{"name":"wp","href":"https:\/\/api.w.org\/{rel}","templated":true}]}}