{"id":13260,"date":"2023-02-28T15:17:28","date_gmt":"2023-02-28T14:17:28","guid":{"rendered":"https:\/\/www.ladislavjakl.cz\/?p=13260"},"modified":"2023-02-28T15:17:28","modified_gmt":"2023-02-28T14:17:28","slug":"tiskova-zprava-ze-3-zasedani-rady-konaneho-dne-21-2-2023","status":"publish","type":"post","link":"https:\/\/www.ladislavjakl.cz\/?p=13260","title":{"rendered":"Tiskov\u00e1 zpr\u00e1va ze 3. zased\u00e1n\u00ed Rady, konan\u00e9ho dne 21. 2. 2023"},"content":{"rendered":"<p>Rada pro rozhlasov\u00e9 a televizn\u00ed vys\u00edl\u00e1n\u00ed (d\u00e1le jen &#8222;Rada&#8220;) na sv\u00e9m 3. zased\u00e1n\u00ed projednala 39 bod\u016f<br \/>\nprogramu. Vyhodnotila 22 st\u00ed\u017enost\u00ed div\u00e1k\u016f a poslucha\u010d\u016f, vydala 13 upozorn\u011bn\u00ed na poru\u0161en\u00ed<br \/>\nz\u00e1kona, rozhodla o zah\u00e1jen\u00ed jednoho \u0159\u00edzen\u00ed o p\u0159estupku.<\/p>\n<p><!--more--><br \/>\nRada na sv\u00e9m 3. zased\u00e1n\u00ed ud\u011blila spole\u010dnosti ViacomCBS Networks International Czech s.r.o.<br \/>\nlicenci k provozov\u00e1n\u00ed televizn\u00edho programu MTV Italy, \u0161\u00ed\u0159en\u00e9ho prost\u0159ednictv\u00edm dru\u017eice.<br \/>\nNa 3. zased\u00e1n\u00ed prob\u011bhlo ve\u0159ejn\u00e9 sly\u0161en\u00ed v \u0159\u00edzen\u00ed o ud\u011blen\u00ed licence k provozov\u00e1n\u00ed rozhlasov\u00e9ho<br \/>\nvys\u00edl\u00e1n\u00ed \u0161\u00ed\u0159en\u00e9ho prost\u0159ednictv\u00edm vys\u00edla\u010d\u016f se souborem technick\u00fdch parametr\u016f Brno m\u011bsto 2 96,4<br \/>\nMHz \/ 200 W<br \/>\nPodrobn\u011bj\u0161\u00ed informace naleznete v p\u0159episech usnesen\u00ed Rady:<br \/>\nROZHLASOV\u00c9 VYS\u00cdL\u00c1N\u00cd<br \/>\n&#8211; Rada na ve\u0159ejn\u00e9m sly\u0161en\u00ed v \u0159\u00edzen\u00ed o ud\u011blen\u00ed licence k provozov\u00e1n\u00ed rozhlasov\u00e9ho vys\u00edl\u00e1n\u00ed<br \/>\n\u0161\u00ed\u0159en\u00e9ho prost\u0159ednictv\u00edm vys\u00edla\u010d\u016f se souborem technick\u00fdch parametr\u016f Brno m\u011bsto 2 96,4 MHz \/<br \/>\n200 W projednala se \u017eadatelem ot\u00e1zky t\u00fdkaj\u00edc\u00ed se programov\u00e9 skladby navrhovan\u00e9 \u00fa\u010dastn\u00edkem<br \/>\nlicen\u010dn\u00edho \u0159\u00edzen\u00ed.<br \/>\n&#8211; Rada se sezn\u00e1mila s p\u0159edb\u011b\u017enou koordinac\u00ed spo\u010d\u00edvaj\u00edc\u00ed ve stanoven\u00ed po\u010dtu obyvatel \u010cR<br \/>\npokryt\u00fdch sign\u00e1lem a \u00fazemn\u00edm rozsahem vys\u00edl\u00e1n\u00ed p\u0159ed zm\u011bnou a po zm\u011bn\u011b stanovi\u0161t\u011b a v\u00fdkonu<br \/>\nkmito\u010dtu \u010cesk\u00e9 Bud\u011bjovice 100,8 MHz \/ 200 W na nov\u00e9 stanovi\u0161t\u011b \u010cesk\u00e9 Bud\u011bjovice 100,8 MHz<br \/>\n\/ 400 W (v\u00fdkon v sektoru 320\u00b0 &#8211; 110\u00b0 bude redukov\u00e1n v rozsahu 10 dB a\u017e 22 dB), sou\u0159adnice WGS<br \/>\n84: 17 45 00 \/ 49 32 53, \u017eadatele TEKOM CZ spol. s r.o., I\u010c: 25196359 se s\u00eddlem \u010cechova 726,<br \/>\n37001 \u010cesk\u00e9 Bud\u011bjovice, program Netro Life r\u00e1dio (licence Sp.zn.: RRTV\/2019\/186\/zab) a<br \/>\nsouhlas\u00ed s dokon\u010den\u00edm p\u0159edm\u011btn\u00e9 koordinace.<br \/>\n&#8211; Rada v r\u00e1mci sv\u00e9 kompetence dan\u00e9 ustanoven\u00edm \u00a7 5 p\u00edsm. b) a v souladu s \u00a7 21 odst. 1 p\u00edsm.<br \/>\nb) a odst. 3 z\u00e1kona \u010d. 231\/2001 Sb. p\u0159ijala ve v\u011bci \u017e\u00e1dosti provozovatele HAMCO, s.r.o., I\u010c:<br \/>\n47668962, se s\u00eddlem Bla\u017eejsk\u00e9 n\u00e1m\u011bst\u00ed 97\/7, 779 00 Olomouc, o zm\u011bnu skute\u010dnost\u00ed uveden\u00fdch v<br \/>\n\u017e\u00e1dosti o licenci k provozov\u00e1n\u00ed rozhlasov\u00e9ho vys\u00edl\u00e1n\u00ed programu RADIO HAN\u00c1 (licence \u010d.j.:<br \/>\nRu\/101\/01), a to o zm\u011bn\u011b \u00fazemn\u00edho rozsahu vys\u00edl\u00e1n\u00ed a souboru technick\u00fdch parametr\u016f spo\u010d\u00edvaj\u00edc\u00ed<br \/>\nve zm\u011bn\u011b stanovi\u0161t\u011b kmito\u010dtu Hranice 91,9 MHz \/ 100 W, toto rozhodnut\u00ed: Rada ud\u011bluje<br \/>\nprovozovateli HAMCO, s.r.o., I\u010c: 47668962, se s\u00eddlem Bla\u017eejsk\u00e9 n\u00e1m\u011bst\u00ed 97\/7, 779 00 Olomouc,<br \/>\nsouhlas se zm\u011bnou skute\u010dnost\u00ed uveden\u00fdch v \u017e\u00e1dosti o licenci k provozov\u00e1n\u00ed rozhlasov\u00e9ho vys\u00edl\u00e1n\u00ed<br \/>\nprost\u0159ednictv\u00edm vys\u00edla\u010d\u016f, program RADIO HAN\u00c1 (licence \u010d.j.: Ru\/101\/01), a to o zm\u011bn\u011b \u00fazemn\u00edho<br \/>\nrozsahu vys\u00edl\u00e1n\u00ed a souboru technick\u00fdch parametr\u016f spo\u010d\u00edvaj\u00edc\u00ed ve zm\u011bn\u011b stanovi\u0161t\u011b kmito\u010dtu<br \/>\nHranice 91,9 MHz \/ 100 W na nov\u00e9 stanovi\u0161t\u011b Hranice 91,9 MHz \/ 100 W, sou\u0159adnice<br \/>\nWGS 84: 17 45 00 \/ 49 32 53.<br \/>\n&#8211; Rada v r\u00e1mci sv\u00e9 kompetence dan\u00e9 ustanoven\u00edm \u00a7 5 p\u00edsm. b) a v souladu s \u00a7 21 odst. 3 z\u00e1kona<br \/>\n\u010d. 231\/2001 Sb. a s \u00a7 51, odst. 3 z\u00e1kona \u010d. 500\/2004 Sb., spr\u00e1vn\u00edho \u0159\u00e1du, p\u0159ijala ve v\u011bci \u017e\u00e1dosti<br \/>\nprovozovatele EVROPA 2, spol. s r.o., I\u010c: 15891283, se s\u00eddlem Wenzigova 4\/1872, Praha 2, PS\u010c<br \/>\n120 00, o zm\u011bnu skute\u010dnost\u00ed uveden\u00fdch v \u017e\u00e1dosti o licenci k provozov\u00e1n\u00ed rozhlasov\u00e9ho vys\u00edl\u00e1n\u00ed<br \/>\nprost\u0159ednictv\u00edm vys\u00edla\u010d\u016f programu EVROPA 2 (licence \u010d.j.: Ru\/113\/01), spo\u010d\u00edvaj\u00edc\u00ed ve zm\u011bn\u011b<br \/>\nsouboru technick\u00fdch parametr\u016f licence a \u00fazemn\u00edho rozsahu vys\u00edl\u00e1n\u00ed, a to v p\u0159id\u011blen\u00ed kmito\u010dt\u016f<\/p>\n<p>\u010cesk\u00e1 L\u00edpa vod\u00e1rna 92,4 MHz a Kutn\u00e1 Hora nemocnice 96,3 MHz, alt. 98,8 MHz, toto rozhodnut\u00ed:<br \/>\nRada neud\u011bluje provozovateli EVROPA 2, spol. s r.o., I\u010c: 15891283, se s\u00eddlem Wenzigova 4\/1872,<br \/>\nPraha 2, PS\u010c 120 00, souhlas ke zm\u011bn\u011b skute\u010dnost\u00ed uveden\u00fdch v \u017e\u00e1dosti o licenci k provozov\u00e1n\u00ed<br \/>\nrozhlasov\u00e9ho vys\u00edl\u00e1n\u00ed prost\u0159ednictv\u00edm vys\u00edla\u010d\u016f programu EVROPA 2 (licence \u010d.j.: Ru\/113\/01),<br \/>\nspo\u010d\u00edvaj\u00edc\u00ed ve zm\u011bn\u011b souboru technick\u00fdch parametr\u016f licence a \u00fazemn\u00edho rozsahu vys\u00edl\u00e1n\u00ed, a to v<br \/>\np\u0159id\u011blen\u00ed kmito\u010dt\u016f \u010cesk\u00e1 L\u00edpa vod\u00e1rna 92,4 MHz a Kutn\u00e1 Hora nemocnice 96,3 MHz, alt. 98,8 MHz<br \/>\nz d\u016fvodu negativn\u00edho stanoviska \u010cesk\u00e9ho telekomunika\u010dn\u00edho \u00fa\u0159adu.<br \/>\n&#8211; Rada v r\u00e1mci sv\u00e9 kompetence dan\u00e9 ustanoven\u00edm \u00a7 5 p\u00edsm. b) a \u00a7 12 a n\u00e1sl. z\u00e1kona \u010d. 231\/2001<br \/>\nSb. a podle ustanoven\u00ed \u00a7 66 odst. 1 p\u00edsm. a) z\u00e1kona \u010d. 500\/2004 Sb., spr\u00e1vn\u00edho \u0159\u00e1du, vyd\u00e1v\u00e1 toto<br \/>\nusnesen\u00ed: Rada zastavuje se spole\u010dnost\u00ed RADIO IBUR s.r.o., I\u010c: 286 43 704, se s\u00eddlem<br \/>\nMohelnick\u00e1 807, PS\u010c 783 91 Uni\u010dov, \u0159\u00edzen\u00ed o ud\u011blen\u00ed licence k provozov\u00e1n\u00ed rozhlasov\u00e9ho vys\u00edl\u00e1n\u00ed<br \/>\n\u0161\u00ed\u0159en\u00e9ho prost\u0159ednictv\u00edm vys\u00edla\u010d\u016f se souborem technick\u00fdch parametr\u016f Brno m\u011bsto 2 96,4 MHz \/<br \/>\n200 W, nebo\u0165 spole\u010dnost vzala svou \u017e\u00e1dost o ud\u011blen\u00ed licence zp\u011bt.<br \/>\n&#8211; Rada ud\u011bluje spole\u010dnosti NONSTOP s.r.o., I\u010c: 494 47 530, se s\u00eddlem Marie Hubnerov\u00e9 12, PS\u010c<br \/>\n621 00 Brno, transforma\u010dn\u00ed licenci k provozov\u00e1n\u00ed rozhlasov\u00e9ho vys\u00edl\u00e1n\u00ed prost\u0159ednictv\u00edm vys\u00edla\u010d\u016f<br \/>\npodle \u010dl\u00e1nku II z\u00e1kona \u010d. 196\/2009 Sb., kter\u00fdm se m\u011bn\u00ed z\u00e1kon \u010d. 231\/2001 Sb., pro program<br \/>\nR\u00c1DIO JIHLAVA (licence sp. zn. 2008\/147\/zab, \u010d.j. cun\/4708\/08 ze dne 3.6.2008) se souborem<br \/>\ntechnick\u00fdch parametr\u016f Jihlava &#8211; Hosov 101,1 MHz \/ 0,63 kW. Transforma\u010dn\u00ed licence nezanikne<br \/>\nd\u0159\u00edve,ne\u017e uplynut\u00edm t\u0159\u00ed let ode dne p\u0159echodu na zemsk\u00e9 digit\u00e1ln\u00ed rozhlasov\u00e9 vys\u00edl\u00e1n\u00ed v n\u00e1vaznosti<br \/>\nna postup vl\u00e1dy podle ustanoven\u00ed \u010d\u00e1sti prvn\u00ed, \u010dl\u00e1nku II, odst. 9 z\u00e1kona \u010d. 196\/2009 Sb., kter\u00fdm se<br \/>\nm\u011bn\u00ed z\u00e1kon \u010d. 231\/2001 Sb.<br \/>\n&#8211; Rada podle ustanoven\u00ed \u00a7 5 p\u00edsm. b) a \u00a7 12 z\u00e1kona \u010d. 231\/2001 Sb., o provozov\u00e1n\u00ed rozhlasov\u00e9ho<br \/>\na televizn\u00edho vys\u00edl\u00e1n\u00ed a v souladu s ustanoven\u00edm \u00a7 67 a n\u00e1sl. z\u00e1kona \u010d. 500\/2004 Sb. spr\u00e1vn\u00edho<br \/>\n\u0159\u00e1du, vydala toto rozhodnut\u00ed: Rada pro rozhlasov\u00e9 a televizn\u00ed vys\u00edl\u00e1n\u00ed prodlu\u017euje provozovateli<br \/>\nULTRAVOX s.r.o., I\u010c: 49702785, se s\u00eddlem Ra\u0161\u00ednovo n\u00e1b\u0159e\u017e\u00ed 409\/34, Nov\u00e9 M\u011bsto, 128 00<br \/>\nPraha 2, dobu platnosti licence k vys\u00edl\u00e1n\u00ed programu Radio COLOR (licence sp.zn. 2020\/219\/zab,<br \/>\n\u010d.j. RRTV\/4472\/2021-zab ze dne 23 b\u0159ezna 2021) prost\u0159ednictv\u00edm vys\u00edla\u010d\u016f na kmito\u010dtech \u010cesk\u00e9<br \/>\nBud\u011bjovice V 104,8 MHz \/ 50 W a Liberec m\u011bsto 3 95,1 MHz \/ 50 W o standardn\u00ed z\u00e1konnou dobu<br \/>\nosmi let podle ustanoven\u00ed \u00a7 12 odst. 8 p\u00edsm. z\u00e1kona \u010d. 231\/2001 Sb., tedy do 10. \u0159\u00edjna 2033, av\u0161ak<br \/>\ns mo\u017en\u00fdm zkr\u00e1cen\u00edm doby jej\u00ed platnosti v n\u00e1vaznosti na postup vl\u00e1dy podle ustanoven\u00ed \u010d\u00e1sti prvn\u00ed,<br \/>\n\u010dl\u00e1nku II, odst. 9 a 10 z\u00e1kona \u010d\u00eds. 196\/2009 Sb., kter\u00fdm se m\u011bn\u00ed z\u00e1kon \u010d\u00eds. 231\/2001 Sb.<br \/>\n&#8211; Rada podle ustanoven\u00ed \u00a7 5 p\u00edsm. b) a \u00a7 12 z\u00e1kona \u010d. 231\/2001 Sb., o provozov\u00e1n\u00ed rozhlasov\u00e9ho<br \/>\na televizn\u00edho vys\u00edl\u00e1n\u00ed a v souladu s ustanoven\u00edm \u00a7 67 a n\u00e1sl. z\u00e1kona \u010d. 500\/2004 Sb. spr\u00e1vn\u00edho<br \/>\n\u0159\u00e1du, vydala toto rozhodnut\u00ed: Rada pro rozhlasov\u00e9 a televizn\u00ed vys\u00edl\u00e1n\u00ed prodlu\u017euje provozovateli<br \/>\nR\u00e1dio P\u00e1lava s.r.o. I\u010c: 26230780, se s\u00eddlem Brn\u011bnsk\u00e1 38\/3163, PS\u010c: 69501 Hodon\u00edn, dobu<br \/>\nplatnosti licence k vys\u00edl\u00e1n\u00ed programu R\u00e1dio Jih Cimb\u00e1lka (licence sp.zn. 2014\/242\/zab, \u010d.j.<br \/>\nRRTV\/13924\/2020-str ze dne 11. srpna 2020)) prost\u0159ednictv\u00edm vys\u00edla\u010d\u016f na kmito\u010dtech B\u0159eclav<br \/>\nm\u011bsto 2 93,2 MHz \/ 100 W, Hodon\u00edn m\u011bsto 91,4 MHz \/ 500 W a Kyjov 91,8 MHz \/ 100 W o<br \/>\nstandardn\u00ed z\u00e1konnou dobu osmi let podle ustanoven\u00ed \u00a7 12 odst. 8 p\u00edsm. z\u00e1kona \u010d. 231\/2001 Sb.,<br \/>\ntedy do 10. \u0159\u00edjna 2033, av\u0161ak s mo\u017en\u00fdm zkr\u00e1cen\u00edm doby jej\u00ed platnosti v n\u00e1vaznosti na postup vl\u00e1dy<br \/>\npodle ustanoven\u00ed \u010d\u00e1sti prvn\u00ed, \u010dl\u00e1nku II, odst. 9 a 10 z\u00e1kona \u010d\u00eds. 196\/2009 Sb., kter\u00fdm se m\u011bn\u00ed<br \/>\nz\u00e1kon \u010d\u00eds. 231\/2001 Sb.<br \/>\n&#8211; Rada vyhla\u0161uje licen\u010dn\u00ed \u0159\u00edzen\u00ed k provozov\u00e1n\u00ed rozhlasov\u00e9ho vys\u00edl\u00e1n\u00ed prost\u0159ednictv\u00edm vys\u00edla\u010d\u016f se<br \/>\nsouborem technick\u00fdch parametr\u016f Brno Nebovid 98,1 MHz \/ 0,5 kW, sou\u0159adnice WGS 84: 16 32 41<br \/>\n\/ 49 08 04 se lh\u016ftou pro doru\u010den\u00ed \u017e\u00e1dost\u00ed do 23.3.2023. Lh\u016fta pro zah\u00e1jen\u00ed vys\u00edl\u00e1n\u00ed je stanovena<br \/>\nnejd\u0159\u00edve ode dne 24.7.2023.<br \/>\n&#8211; Rada vyhla\u0161uje licen\u010dn\u00ed \u0159\u00edzen\u00ed k provozov\u00e1n\u00ed rozhlasov\u00e9ho vys\u00edl\u00e1n\u00ed prost\u0159ednictv\u00edm vys\u00edla\u010d\u016f se<br \/>\nsouborem technick\u00fdch parametr\u016f Karlovy Vary s\u00eddli\u0161t\u011b 87,8 MHz \/ 200 W, sou\u0159adnice<\/p>\n<p>WGS 12 52 12 \/ 50 14 18 se lh\u016ftou pro doru\u010den\u00ed \u017e\u00e1dost\u00ed do 23.3.2023. Lh\u016fta pro zah\u00e1jen\u00ed vys\u00edl\u00e1n\u00ed<br \/>\nje stanovena nejd\u0159\u00edve ode dne 12.5.2023.<br \/>\n&#8211; Rada vyhla\u0161uje licen\u010dn\u00ed \u0159\u00edzen\u00ed k provozov\u00e1n\u00ed rozhlasov\u00e9ho vys\u00edl\u00e1n\u00ed prost\u0159ednictv\u00edm vys\u00edla\u010d\u016f se<br \/>\nsouborem technick\u00fdch parametr\u016f Znojmo 95,6 MHz \/100 W, sou\u0159adnice WGS 16 06 01 \/ 48 53 13<br \/>\nse lh\u016ftou pro doru\u010den\u00ed \u017e\u00e1dost\u00ed do 23.3.2023. Lh\u016fta pro zah\u00e1jen\u00ed vys\u00edl\u00e1n\u00ed je stanovena nejd\u0159\u00edve ode<br \/>\ndne 27.7.2023.<br \/>\n&#8211; Rada vyhla\u0161uje licen\u010dn\u00ed \u0159\u00edzen\u00ed k provozov\u00e1n\u00ed rozhlasov\u00e9ho vys\u00edl\u00e1n\u00ed prost\u0159ednictv\u00edm vys\u00edla\u010d\u016f se<br \/>\nsoubory technick\u00fdch parametr\u016f \u010cesk\u00fd Krumlov 2 101,6 MHz \/ 200 W, sou\u0159adnice WGS 84: 14 19<br \/>\n43 \/ 48 48 25; Da\u010dice 101,8 MHz \/ 200 W, sou\u0159adnice WGS 84: 15 24 50 \/ 49 02 18; Jind\u0159ich\u016fv<br \/>\nHradec 1 92,0 MHz \/ 200 W, sou\u0159adnice WGS 84: 14 56 18 \/ 49 09 44; Klatovy-\u0160t\u011bp\u00e1novice 107,0<br \/>\nMHz \/ 200 W, sou\u0159adnice WGS 84: 13 17 49 \/ 49 25 57; K\u0159ivsoudov 92,7 MHz \/ 100 W, sou\u0159adnice<br \/>\nWGS 84: 15 06 40 \/ 49 38 13; Tachov 87,9 MHz \/ 200 W, sou\u0159adnice WGS 84: 12 48 09 \/ 49 45 05<br \/>\nse lh\u016ftou pro doru\u010den\u00ed \u017e\u00e1dost\u00ed do 23.3.2023. Lh\u016fta pro zah\u00e1jen\u00ed vys\u00edl\u00e1n\u00ed je stanovena nejd\u0159\u00edve ode<br \/>\ndne 8.7.2023.<br \/>\n&#8211; Rada se sezn\u00e1mila s anal\u00fdzami obchodn\u00edch sd\u011blen\u00ed odvys\u00edlan\u00fdch provozovateli MEDIA<br \/>\nBOHEMIA a.s. (program Hitr\u00e1dio Orion; Jesen\u00edk 88,1 MHz) dne 3. \u00fanora 2023, NONSTOP s.r.o.<br \/>\n(program R\u00c1DIO JIHLAVA; Jihlava-Hosov 101,1 MHz) dne 3. \u00fanora 2023, RADIO UNITED<br \/>\nBROADCASTING s.r.o. (program Radio Beat; Hradec Kr\u00e1lov\u00e9 94,9 MHz) dne 3. \u00fanora 2023, MAX<br \/>\nLOYD, s.r.o. (program DANCE RADIO; Praha-Jinonice 102,9 MHz) dne 3. \u00fanora 2023, JUKE BOX,<br \/>\nspol. s r.o. (program RADIO \u010cAS-FM; Olomouc 101,3 MHz) dne 3. \u00fanora 2023 a EVROPA 2, spol.<br \/>\ns r.o. (program EVROPA 2; \u010cesk\u00e9 Bud\u011bjovice 90,5 MHz) dne 3. \u00fanora 2023.<br \/>\n&#8211; Rada se sezn\u00e1mila s ozn\u00e1men\u00edm provozovatele RADIO PROGLAS s.r.o., I\u010c: 49435001,<br \/>\ndoru\u010den\u00fdm Rad\u011b dne 2. \u00fanora 2023 pod \u010d.j. RRTV\/1477\/2023-vra, spo\u010d\u00edvaj\u00edc\u00edm v informaci o<br \/>\nv\u00fdluk\u00e1ch vys\u00edl\u00e1n\u00ed programu Radio Proglas za m\u011bs\u00edc leden 2023.<br \/>\n&#8211; Rada se sezn\u00e1mila s pod\u00e1n\u00edm \u010d.j. RRTV\/1543\/2023-vra ze dne 2. \u00fanora 2023 ve v\u011bci st\u00ed\u017enosti<br \/>\nna postup redaktor\u016f \u010cesk\u00e9ho rozhlasu a na obsah publikovan\u00fd na webu irozhlas.cz. Rada pro<br \/>\nrozhlasov\u00e9 a televizn\u00ed vys\u00edl\u00e1n\u00ed se sezn\u00e1mila s pod\u00e1n\u00edm \u010d.j. RRTV\/1541\/2023-vra ze dne 2. \u00fanora<br \/>\n2023 ve v\u011bci st\u00ed\u017enosti na \u010dl\u00e1nek publikovan\u00fd na webu irozhlas.cz.<br \/>\nTELEVIZN\u00cd VYS\u00cdL\u00c1N\u00cd<br \/>\n&#8211; Rada ud\u011bluje spole\u010dnosti ViacomCBS Networks International Czech s.r.o., I\u010c: 28970438, se<br \/>\ns\u00eddlem Perlov\u00e1 371\/5, Praha &#8211; Star\u00e9 M\u011bsto, 110 00, podle \u00a7 25 z\u00e1kona \u010d. 231\/2001 Sb., licenci k<br \/>\nprovozov\u00e1n\u00ed televizn\u00edho vys\u00edl\u00e1n\u00ed \u0161\u00ed\u0159en\u00e9ho prost\u0159ednictv\u00edm dru\u017eice na dobu 12 let, ozna\u010den\u00ed (n\u00e1zev)<br \/>\nprogramu: MTV Italy; z\u00e1kladn\u00ed programov\u00e1 specifikace: v\u0161eobecn\u011b z\u00e1bavn\u00ed a hudebn\u00ed televizn\u00ed<br \/>\nprogram pro ml\u00e1de\u017e zam\u011b\u0159en\u00fd na americkou z\u00e1bavn\u00ed produkci a mimoevropskou hudebn\u00ed<br \/>\nprodukci; \u010dasov\u00fd rozsah vys\u00edl\u00e1n\u00ed: 24 hodin denn\u011b; v\u00fd\u010det st\u00e1t\u016f, na jejich\u017e \u00fazem\u00ed m\u00e1 b\u00fdt vys\u00edl\u00e1n\u00ed<br \/>\nzcela nebo p\u0159ev\u00e1\u017en\u011b sm\u011b\u0159ov\u00e1no: It\u00e1lie, San Marino a Vatik\u00e1n; hlavn\u00ed jazyk vys\u00edl\u00e1n\u00ed: ital\u0161tina; v<br \/>\nrozsahu dle \u017e\u00e1dosti doru\u010den\u00e9 dne 20. ledna 2023, \u010d.j. RRTV\/14629\/2021-vac a jej\u00edho dopln\u011bn\u00ed ze<br \/>\ndne 24. ledna 2023, \u010d.j. RRTV\/1117\/2023-vra.<br \/>\n&#8211; Rada informuje podle \u00a7 18 odst. 6 z\u00e1kona \u010d. 231\/2001 Sb., regula\u010dn\u00ed org\u00e1n \u010dlensk\u00e9ho st\u00e1tu<br \/>\nEvropsk\u00e9 unie, na jeho\u017e \u00fazem\u00ed je televizn\u00ed vys\u00edl\u00e1n\u00ed zcela nebo p\u0159ev\u00e1\u017en\u011b sm\u011b\u0159ov\u00e1no, tj. It\u00e1lie, San<br \/>\nMarino a Vatik\u00e1n, o ud\u011blen\u00ed licence spole\u010dnosti ViacomCBS Networks International Czech s.r.o.,<br \/>\nI\u010cO: 28970438, se s\u00eddlem Perlov\u00e1 371\/5, Praha &#8211; Star\u00e9 M\u011bsto, 110 00, k televizn\u00edmu vys\u00edl\u00e1n\u00ed<br \/>\nprogramu MTV Italy \u0161\u00ed\u0159en\u00e9m prost\u0159ednictv\u00edm dru\u017eice se z\u00e1kladn\u00ed programovou specifikac\u00ed:<br \/>\nv\u0161eobecn\u011b z\u00e1bavn\u00ed a hudebn\u00ed televizn\u00ed program pro ml\u00e1de\u017e zam\u011b\u0159en\u00fd na americkou z\u00e1bavn\u00ed<br \/>\nprodukci a mimoevropskou hudebn\u00ed produkci.<br \/>\n&#8211; Rada podle ustanoven\u00ed \u00a7 21 odst. 1 p\u00edsm. d) z\u00e1kona \u010d. 231\/2001 Sb. ud\u011bluje provozovateli HBO<br \/>\nEurope s.r.o., I\u010c: 61466786, se s\u00eddlem: Praha 7, Jankovcova 1037\/49, PS\u010c 170 00, souhlas se<br \/>\nzm\u011bnou skute\u010dnost\u00ed uveden\u00fdch v \u017e\u00e1dosti o licenci sp. zn. RRTV\/2020\/762\/rap, \u010d.j.<\/p>\n<p>RRTV\/15552\/2020-rap ze dne 18. listopadu 2020, spo\u010d\u00edvaj\u00edc\u00ed v roz\u0161\u00ed\u0159en\u00ed v\u00fd\u010dtu st\u00e1t\u016f, na jejich\u017e<br \/>\n\u00fazem\u00ed m\u00e1 b\u00fdt vys\u00edl\u00e1n\u00ed programu Cartoon Network Nordic \u0161\u00ed\u0159en\u00e9ho prost\u0159ednictv\u00edm zvl\u00e1\u0161tn\u00edch<br \/>\np\u0159enosov\u00fdch syst\u00e9m\u016f zcela nebo p\u0159ev\u00e1\u017en\u011b sm\u011brov\u00e1no, tj. o Loty\u0161sko, a to s \u00fa\u010dinnost\u00ed od<br \/>\n17. dubna 2023; v rozsahu dle \u017e\u00e1dosti doru\u010den\u00e9 dne 6. \u00fanora 2023 pod \u010d.j. RRTV\/1663\/2023-vra.<br \/>\n&#8211; Rada podle ustanoven\u00ed \u00a7 21 odst. 1 p\u00edsm. d) z\u00e1kona \u010d. 231\/2001 Sb. ud\u011bluje provozovateli HBO<br \/>\nEurope s.r.o., I\u010c: 61466786, se s\u00eddlem: Praha 7, Jankovcova 1037\/49, PS\u010c 170 00, souhlas se<br \/>\nzm\u011bnou skute\u010dnost\u00ed uveden\u00fdch v \u017e\u00e1dosti o licenci sp. zn. RRTV\/2020\/774\/rap, \u010d.j.<br \/>\nRRTV\/15563\/2020-rap ze dne 18. listopadu 2020, spo\u010d\u00edvaj\u00edc\u00ed v z\u00fa\u017een\u00ed v\u00fd\u010dtu st\u00e1t\u016f, na jejich\u017e \u00fazem\u00ed<br \/>\nm\u00e1 b\u00fdt vys\u00edl\u00e1n\u00ed programu Cartoon Network RSE \u0161\u00ed\u0159en\u00e9ho prost\u0159ednictv\u00edm zvl\u00e1\u0161tn\u00edch p\u0159enosov\u00fdch<br \/>\nsyst\u00e9m\u016f zcela nebo p\u0159ev\u00e1\u017en\u011b sm\u011brov\u00e1no, tj. o Loty\u0161sko, a to s \u00fa\u010dinnost\u00ed od 1. kv\u011btna 2023;<br \/>\nv rozsahu dle \u017e\u00e1dosti doru\u010den\u00e9 dne 6. \u00fanora 2023 pod \u010d.j. RRTV\/1663\/2023-vra.<br \/>\n&#8211; Rada ud\u011bluje provozovateli HBO Europe s.r.o., I\u010c 614 66 786, s\u00eddlem Praha 7, Jankovcova<br \/>\n1037\/49, PS\u010c 170 00, souhlas podle \u00a7 21 odst. 1 p\u00edsm. d) z\u00e1kona \u010d. 231\/2001 Sb., se zm\u011bnou<br \/>\nskute\u010dnost\u00ed uveden\u00fdch v \u017e\u00e1dosti o licenci, sp. zn.: RRTV\/2020\/750\/fia, \u010d. j.: RRTV\/15513\/2020-fia,<br \/>\nze dne 18. listopadu 2020, k provozov\u00e1n\u00ed televizn\u00edho vys\u00edl\u00e1n\u00ed programu Boomerang Nordic,<br \/>\n\u0161\u00ed\u0159en\u00e9ho prost\u0159ednictv\u00edm zvl\u00e1\u0161tn\u00edch p\u0159enosov\u00fdch syst\u00e9m\u016f, spo\u010d\u00edvaj\u00edc\u00ed v roz\u0161\u00ed\u0159en\u00ed v\u00fd\u010dt\u016f st\u00e1t\u016f, na<br \/>\njejich\u017e \u00fazem\u00ed m\u00e1 b\u00fdt vys\u00edl\u00e1n\u00ed programu Boomerang Nordic zcela nebo p\u0159ev\u00e1\u017en\u011b sm\u011b\u0159ov\u00e1no, a to<br \/>\nod 17. dubna 2023 o \u00fazem\u00ed Loty\u0161ska, dle \u017e\u00e1dosti ze dne 3. \u00fanora 2023, \u010d.j. RRTV\/1574\/2023-vra.<br \/>\n&#8211; Rada ud\u011bluje provozovateli HBO Europe s.r.o., I\u010c 614 66 786, s\u00eddlem Praha 7, Jankovcova<br \/>\n1037\/49, PS\u010c 170 00, souhlas podle \u00a7 21 odst. 1 p\u00edsm. a), d) z\u00e1kona \u010d. 231\/2001 Sb., se zm\u011bnou<br \/>\nskute\u010dnost\u00ed uveden\u00fdch v \u017e\u00e1dosti o licenci, sp. zn.: RRTV\/2020\/754\/zem, \u010d. j.: RRTV\/15465\/2020-<br \/>\nzem, ze dne 18. listopadu 2020, k provozov\u00e1n\u00ed televizn\u00edho vys\u00edl\u00e1n\u00ed programu Boomerang Benelux<br \/>\nCEE GAS, \u0161\u00ed\u0159en\u00e9ho prost\u0159ednictv\u00edm zvl\u00e1\u0161tn\u00edch p\u0159enosov\u00fdch syst\u00e9m\u016f, spo\u010d\u00edvaj\u00edc\u00ed: 1) ve zm\u011bn\u011b<br \/>\nozna\u010den\u00ed n\u00e1zvu programu z Boomerang Benelux CEE GAS na Cartoonito Benelux CEE GAS; 2)<br \/>\nv z\u00fa\u017een\u00ed v\u00fd\u010dt\u016f st\u00e1t\u016f, na jejich\u017e \u00fazem\u00ed m\u00e1 b\u00fdt vys\u00edl\u00e1n\u00ed programu Boomerang Benelux CEE GAS<br \/>\n(Cartoonito Benelux CEE GAS) zcela nebo p\u0159ev\u00e1\u017en\u011b sm\u011b\u0159ov\u00e1no, a to od 1. kv\u011btna 2023 o \u00fazem\u00ed<br \/>\nLoty\u0161ska, dle \u017e\u00e1dosti ze dne 3. \u00fanora 2023, \u010d.j. RRTV\/1574\/2023-vra, ve zn\u011bn\u00ed dopln\u011bn\u00ed \u017e\u00e1dosti<br \/>\nze dne 9. \u00fanora 2023, \u010d.j. RRTV\/1776\/2023-vra.<br \/>\n&#8211; Rada registruje provozovateli WMS s.r.o., I\u010c 482 89 957, se s\u00eddlem Most, Moskevsk\u00e1 14, PS\u010c<br \/>\n434 01, dle \u00a7 29 odst. 1 p\u00edsm. d) z\u00e1kona \u010d. 231\/2001 Sb., zm\u011bnu skute\u010dnost\u00ed uv\u00e1d\u011bn\u00fdch v p\u0159ihl\u00e1\u0161ce<br \/>\nk registraci \u010d.j. cun\/5689\/08, spis. zn.: 2008\/1130\/cun\/WMS, ze dne 27. srpna 2008, k provozov\u00e1n\u00ed<br \/>\np\u0159evzat\u00e9ho vys\u00edl\u00e1n\u00ed \u0161\u00ed\u0159en\u00e9ho prost\u0159ednictv\u00edm kabelov\u00fdch syst\u00e9m\u016f, a to roz\u0161\u00ed\u0159en\u00ed provozov\u00e1n\u00ed<br \/>\np\u0159evzat\u00e9ho vys\u00edl\u00e1n\u00ed o zvl\u00e1\u0161tn\u00ed p\u0159enosov\u00e9 syst\u00e9my v rozsahu: identifikace s\u00edt\u011b elektronick\u00fdch<br \/>\nkomunikac\u00ed: d\u00e1lkov\u00fd p\u0159\u00edstup &#8211; internet; informace o p\u0159\u00edstupu k p\u0159evzat\u00e9mu vys\u00edl\u00e1n\u00ed: aplikace pro<br \/>\nsmart televizory, settopboxy se syst\u00e9mem android tv, webov\u00e9 str\u00e1nky www.fajntelka.cz, aplikace<br \/>\nv mobiln\u00edch telefonech se syst\u00e9mem android a ios; v\u0161echny aplikace budou ozna\u010deny fajntelka a<br \/>\npou\u017e\u00edvat syst\u00e9m zabezpe\u010den\u00ed DRM a autoriza\u010dn\u00ed syst\u00e9m; v\u00fd\u010det st\u00e1t\u016f: \u010cesk\u00e1 republika, v rozsahu<br \/>\ndle \u017e\u00e1dosti doru\u010den\u00e9 dne 1. \u00fanora 2022 pod \u010d.j. RRTV\/1491\/2023-vra.<br \/>\n&#8211; Rada se dle ustanoven\u00ed \u00a7 29 odst. 3 z\u00e1kona \u010d. 231\/2001 Sb. sezn\u00e1mila s ozn\u00e1men\u00edm<br \/>\nprovozovatele p\u0159evzat\u00e9ho vys\u00edl\u00e1n\u00ed \u0161\u00ed\u0159en\u00e9ho prost\u0159ednictv\u00edm kabelov\u00fdch syst\u00e9m\u016f, WMS s.r.o., I\u010c<br \/>\n48289957, se s\u00eddlem: Moskevsk\u00e1 14, Most, 434 01, o zm\u011bn\u011b ostatn\u00edch skute\u010dnost\u00ed uveden\u00fdch v<br \/>\np\u0159ihl\u00e1\u0161ce k registraci 2008\/1130\/CUN\/WMS, \u010d.j. cun\/5689\/08 ze dne 27. srpna 2008 spo\u010d\u00edvaj\u00edc\u00ed ve<br \/>\nzm\u011bn\u011b programov\u00e9 nab\u00eddky v rozsahu pod\u00e1n\u00ed \u010d.j. RRTV\/1254\/2023-vra doru\u010den\u00e9m dne 26. ledna<br \/>\n2023.<br \/>\n&#8211; Rada se dle ustanoven\u00ed \u00a7 29 odst. 3 z\u00e1kona \u010d. 231\/2001 Sb. sezn\u00e1mila s ozn\u00e1men\u00edm<br \/>\nprovozovatele p\u0159evzat\u00e9ho vys\u00edl\u00e1n\u00ed \u0161\u00ed\u0159en\u00e9ho prost\u0159ednictv\u00edm kabelov\u00fdch syst\u00e9m\u016f, NTV cable s.r.o.,<br \/>\nI\u010c 25500236, se s\u00eddlem: Masarykovo n\u00e1m\u011bst\u00ed 87, Napajedla, 763 61, o zm\u011bn\u011b ostatn\u00edch<br \/>\nskute\u010dnost\u00ed uveden\u00fdch v p\u0159ihl\u00e1\u0161ce k registraci \u010d.j. Rg\/3\/98 ze dne 17. prosince 1997 spo\u010d\u00edvaj\u00edc\u00ed ve<\/p>\n<p>zm\u011bn\u011b programov\u00e9 nab\u00eddky v rozsahu pod\u00e1n\u00ed \u010d.j. RRTV\/1359\/2023-vra doru\u010den\u00e9m dne 30. ledna<br \/>\n2023.<br \/>\n&#8211; Rada se dle ustanoven\u00ed \u00a7 29 odst. 3 z\u00e1kona \u010d. 231\/2001 Sb. sezn\u00e1mila s ozn\u00e1men\u00edm<br \/>\nprovozovatele p\u0159evzat\u00e9ho vys\u00edl\u00e1n\u00ed \u0161\u00ed\u0159en\u00e9ho prost\u0159ednictv\u00edm kabelov\u00fdch syst\u00e9m\u016f, PilsFree servis,<br \/>\ns.r.o., I\u010c 29112478, se s\u00eddlem: Tachovsk\u00e1 1373\/41, Plze\u0148, 323 00, o zm\u011bn\u011b ostatn\u00edch skute\u010dnost\u00ed<br \/>\nuveden\u00fdch v p\u0159ihl\u00e1\u0161ce k registraci 2012\/974\/sve\/Pil, \u010d.j. sve\/251\/2013 ze dne 8. ledna 2013<br \/>\nspo\u010d\u00edvaj\u00edc\u00ed ve zm\u011bn\u011b programov\u00e9 nab\u00eddky v rozsahu pod\u00e1n\u00ed \u010d.j. RRTV\/1493\/2023-vra doru\u010den\u00e9m<br \/>\ndne 1. \u00fanora 2023.<br \/>\n&#8211; Rada se dle ustanoven\u00ed \u00a7 29 odst. 3 z\u00e1kona \u010d. 231\/2001 Sb. sezn\u00e1mila s ozn\u00e1men\u00edm<br \/>\nprovozovatele p\u0159evzat\u00e9ho vys\u00edl\u00e1n\u00ed \u0161\u00ed\u0159en\u00e9ho prost\u0159ednictv\u00edm kabelov\u00fdch syst\u00e9m\u016f, Kabelov\u00e1<br \/>\ntelevize Kada\u0148, a.s., I\u010c 46709584, se s\u00eddlem: kpt. Jaro\u0161e 1477, Kada\u0148, 432 01, o zm\u011bn\u011b ostatn\u00edch<br \/>\nskute\u010dnost\u00ed uveden\u00fdch v p\u0159ihl\u00e1\u0161ce k registraci \u010d.j. Rg\/29\/96 ze dne 18. \u010dervna 1996 spo\u010d\u00edvaj\u00edc\u00ed ve<br \/>\nzm\u011bn\u011b programov\u00e9 nab\u00eddky v rozsahu pod\u00e1n\u00ed \u010d.j. RRTV\/935\/2023-vra doru\u010den\u00e9m dne 17. ledna<br \/>\n2023.<br \/>\n&#8211; Rada se dle ustanoven\u00ed \u00a7 29 odst. 3 z\u00e1kona \u010d. 231\/2001 Sb. sezn\u00e1mila s ozn\u00e1men\u00edm<br \/>\nprovozovatele p\u0159evzat\u00e9ho vys\u00edl\u00e1n\u00ed \u0161\u00ed\u0159en\u00e9ho prost\u0159ednictv\u00edm kabelov\u00fdch syst\u00e9m\u016f, GRAPE SC,<br \/>\na.s., I\u010c 25708783, se s\u00eddlem: Karlovo n\u00e1m\u011bst\u00ed 559\/28, Praha 2, 120 00, o zm\u011bn\u011b ostatn\u00edch<br \/>\nskute\u010dnost\u00ed uveden\u00fdch v p\u0159ihl\u00e1\u0161ce k registraci 2008\/1358\/sve\/Gra, \u010d.j. sve\/8158\/08 ze dne<br \/>\n16. prosince 2008 spo\u010d\u00edvaj\u00edc\u00ed ve zm\u011bn\u011b programov\u00e9 nab\u00eddky v rozsahu pod\u00e1n\u00ed \u010d.j.<br \/>\nRRTV\/1405\/2023-vra doru\u010den\u00e9m dne 31. ledna 2023.<br \/>\n&#8211; Rada se sezn\u00e1mila s t\u011bmito div\u00e1ck\u00fdmi pod\u00e1n\u00edmi, t\u00fdkaj\u00edc\u00edmi se televizn\u00edho vys\u00edl\u00e1n\u00ed a zaslan\u00fdmi<br \/>\nv obdob\u00ed od 25. 1. do 8. 2. 2023 (celkem 20 pod\u00e1n\u00ed): FTV Prima, spol. s r.o. \/ CNN Prima News &#8211;<br \/>\nPP v po\u0159adu Showtime, 8. 1. 2023 od 20:17; FTV Prima, spol. s r.o. \/ CNN Prima News &#8211; To nejlep\u0161\u00ed<br \/>\nz Nov\u00e9ho dne a Zpr\u00e1vy PLUS dne 3. 2. 2023, ozna\u010den\u00ed PP; FTV Prima, spol. s r.o. \/ CNN Prima<br \/>\nNews &#8211; Showtime magaz\u00edn, 5. 2. 2023 od 20.19, ozna\u010den\u00ed PP; FTV Prima, spol. s r.o. \/ CNN Prima<br \/>\nNews &#8211; To nejlep\u0161\u00ed z Nov\u00e9ho dne, 26. 1. 2023 od 15.46, ozna\u010den\u00ed PP; TV Nova s.r.o. \/ Nova Action<br \/>\n&#8211; reklama Mountfield 17. 1.2023 od 18:13 hodin; R\u016fzn\u00ed provozovatel\u00e9 \/ hromadn\u00e1 st\u00ed\u017enost na<br \/>\nvulgarismy vyskytuj\u00edc\u00ed se v po\u0159adech vys\u00edlan\u00fdch p\u0159ed 22. hodinou; Seznam Zpr\u00e1vy, a.s. \/<br \/>\nwww.seznamzpravy.cz, Seznam.cz, a.s. \/ Novinky.cz, TV Nova s.r.o. \/ www.nova.cz &#8211; objektivita a<br \/>\nvyv\u00e1\u017eenost zpravodajsk\u00e9ho obsahu; Barrandov Televizn\u00ed Studio a. s. \/ Televize Barrandov &#8211; VIP<br \/>\nSilvester 2022, 1. 1. 2023 od 00:00 hodin, ozna\u010den\u00ed sponzora po\u0159adu; Obchodn\u00ed sd\u011blen\u00ed 4Life<br \/>\nDirect Insurance Services-Jistota pro m\u00e9 bl\u00edzk\u00e9 \/ JOJ Family, 25. 1.2023 od 15:16; TV Nova s.r.o.<br \/>\n\/ NOVA &#8211; Tescoma s chut\u00ed, 19. 1.2023 od 11:50, nepat\u0159i\u010dn\u00e9 zd\u016frazn\u011bn\u00ed um\u00edst\u011bn\u00e9ho produktu; FTV<br \/>\nPrima, spol. s r.o. \/ Prima &#8211; Miluji t\u011b mod\u0159e, 21. 1. od 14:45, nahota; FTV Prima, spol. s r.o. \/ Prima<br \/>\n&#8211; Hlavn\u00ed zpr\u00e1vy, 27.1. od 18:55; \u010cesk\u00e1 televize \/ \u010cT 2 &#8211; Nedej se!, 29. 1. 2023 od 12:00, \u00fadajn\u00e1<br \/>\nneobjektivita; \u010cesk\u00e1 televize \/ \u010cT 2 &#8211; 168 hodin, 5. 2. 2023 od 21:45; \u010cesk\u00e1 televize \/ \u010cT 24 &#8211;<br \/>\nneodvys\u00edl\u00e1n\u00ed tiskov\u00e9 konference strany PRO; \u010cesk\u00e1 televize \/ \u010cT 1 &#8211; Report\u00e9\u0159i \u010cT, 30. 1.2023;<br \/>\nCS History &#8211; dokument o A. Hitlerovi.<br \/>\n&#8211; Rada v r\u00e1mci sv\u00e9 p\u016fsobnosti dan\u00e9 ustanoven\u00edm \u00a7 5 odst. 1 p\u00edsm. a) a f) a \u00a7 59 odst. 1-3 z\u00e1kona<br \/>\n\u010d. 231\/2001 Sb., o provozov\u00e1n\u00ed rozhlasov\u00e9ho a televizn\u00edho vys\u00edl\u00e1n\u00ed a o zm\u011bn\u011b dal\u0161\u00edch z\u00e1kon\u016f (d\u00e1le<br \/>\njen \u201ez\u00e1kon \u010d. 231\/2001 Sb.\u201c), v platn\u00e9m zn\u011bn\u00ed, upozor\u0148uje provozovatele FTV Prima, spol. s r.o.,<br \/>\nI\u010c 48115908, s\u00eddlem: Vinohradsk\u00e1 3217\/167, Praha 10, PS\u010c 100 00, na poru\u0161en\u00ed ustanoven\u00ed<br \/>\n\u00a7 53a odst. 3 z\u00e1kona \u010d. 231\/2001 Sb., jeho\u017e se dopustil odvys\u00edl\u00e1n\u00edm po\u0159adu Showtime magaz\u00edn<br \/>\ndne 8. ledna 2023 od 20:17 hodin na programu CNN Prima News. Po\u0159ad byl jako\u017eto po\u0159ad<br \/>\nobsahuj\u00edc\u00ed um\u00edst\u011bn\u00ed produktu ozna\u010den symbolem PP jen na sv\u00e9m konci, nikoliv i na za\u010d\u00e1tku, jak<br \/>\nstanovuje z\u00e1kon. Div\u00e1ci tak mohli b\u00fdt uvedeni v omyl o povaze tohoto po\u0159adu. Rada stanovuje<br \/>\nlh\u016ftu k n\u00e1prav\u011b 7 dn\u016f od doru\u010den\u00ed upozorn\u011bn\u00ed.<br \/>\n&#8211; Rada v r\u00e1mci sv\u00e9 kompetence dan\u00e9 \u00a7 5 odst. 1 p\u00edsm. a) a f) z\u00e1kona \u010d. 231\/2001 Sb., o<br \/>\nprovozov\u00e1n\u00ed rozhlasov\u00e9ho a televizn\u00edho vys\u00edl\u00e1n\u00ed a o zm\u011bn\u011b dal\u0161\u00edch z\u00e1kon\u016f, v platn\u00e9m zn\u011bn\u00ed (d\u00e1le<\/p>\n<p>jen \u201ez\u00e1kon \u010d. 231\/2001 Sb.\u201c) a v souladu s ustanoven\u00edm \u00a7 137 odst. 1 z\u00e1kona \u010d. 500\/2004 Sb.,<br \/>\nspr\u00e1vn\u00ed \u0159\u00e1d, (d\u00e1le jen \u201ez\u00e1kon \u010d. 500\/2004 Sb.\u201c) \u017e\u00e1d\u00e1 provozovatele FTV Prima, spol. s r.o., I\u010c<br \/>\n48115908, s\u00eddlem: Vinohradsk\u00e1 3217\/167, Praha 10, PS\u010c 100 00, o pod\u00e1n\u00ed vysv\u011btlen\u00ed ohledn\u011b<br \/>\npo\u0159ad\u016f odvys\u00edlan\u00fdch dne 3. \u00fanora 2023, a to Zpr\u00e1vy PLUS od 14:28 hodin a To nejlep\u0161\u00ed z Nov\u00e9ho<br \/>\ndne od 15:46 hodin na programu CNN Prima News : pro\u010d byl jeden z po\u0159ad\u016f (To nejlep\u0161\u00ed z nov\u00e9ho<br \/>\ndne) ozna\u010den jako po\u0159ad obsahuj\u00edc\u00ed um\u00edst\u011bn\u00ed produktu a druh\u00fd nikoli, a\u010dkoli obsahoval rozhovor,<br \/>\nkter\u00fd byl obsahem po\u0159adu piktogramem PP ozna\u010den\u00e9ho? Rada stanovuje lh\u016ftu k pod\u00e1n\u00ed vysv\u011btlen\u00ed<br \/>\n30 dn\u00ed ode dne doru\u010den\u00ed t\u00e9to v\u00fdzvy.<br \/>\n&#8211; Rada v r\u00e1mci sv\u00e9 p\u016fsobnosti dan\u00e9 ustanoven\u00edm \u00a7 5 odst. 1 p\u00edsm. a) a f) a \u00a7 59 odst. 1-3 z\u00e1kona<br \/>\n\u010d. 231\/2001 Sb., o provozov\u00e1n\u00ed rozhlasov\u00e9ho a televizn\u00edho vys\u00edl\u00e1n\u00ed a o zm\u011bn\u011b dal\u0161\u00edch z\u00e1kon\u016f (d\u00e1le<br \/>\njen \u201ez\u00e1kon \u010d. 231\/2001 Sb.\u201c), v platn\u00e9m zn\u011bn\u00ed, upozor\u0148uje provozovatele FTV Prima, spol. s r.o.,<br \/>\nI\u010c 48115908, s\u00eddlem: Vinohradsk\u00e1 3217\/167, Praha 10, PS\u010c 100 00, na poru\u0161en\u00ed ustanoven\u00ed<br \/>\n\u00a7 53a odst. 3 z\u00e1kona \u010d. 231\/2001 Sb., jeho\u017e se dopustil odvys\u00edl\u00e1n\u00edm po\u0159adu To nejlep\u0161\u00ed z Nov\u00e9ho<br \/>\ndne dne 26. 1. 2023 od 15:46 hodin na programu CNN Prima News. Po\u0159ad byl jako\u017eto po\u0159ad<br \/>\nobsahuj\u00edc\u00ed um\u00edst\u011bn\u00ed produktu ozna\u010den symbolem PP jen na sv\u00e9m za\u010d\u00e1tku, nikoliv i na konci, jak<br \/>\nstanovuje z\u00e1kon. Div\u00e1ci tak mohli b\u00fdt uvedeni v omyl o povaze tohoto po\u0159adu. Rada stanovuje<br \/>\nlh\u016ftu k n\u00e1prav\u011b 7 dn\u016f od doru\u010den\u00ed upozorn\u011bn\u00ed.<br \/>\n&#8211; Rada coby \u00fast\u0159edn\u00ed spr\u00e1vn\u00ed \u00fa\u0159ad v r\u00e1mci sv\u00e9 kompetence dan\u00e9 ustanoven\u00edm \u00a7 7 p\u00edsm. a)<br \/>\nz\u00e1kona \u010d. 40\/1995 Sb., o regulaci reklamy a o zm\u011bn\u011b a dopln\u011bn\u00ed z\u00e1kona \u010d. 468\/1991 Sb., o<br \/>\nprovozov\u00e1n\u00ed rozhlasov\u00e9ho a televizn\u00edho vys\u00edl\u00e1n\u00ed, ve zn\u011bn\u00ed platn\u00fdch p\u0159edpis\u016f (d\u00e1le jen \u201ez\u00e1kon<br \/>\n\u010d. 40\/ 1995 Sb.\u201c), v souladu s ustanoven\u00edm \u00a7 78 odst. 1 z\u00e1kona \u010d. 250\/2016 Sb., z\u00e1kona o<br \/>\np\u0159estupc\u00edch a \u0159\u00edzen\u00edch o nich (d\u00e1le jen \u201ez\u00e1kon \u010d. 250\/2016 Sb.\u201c) rozhodla zah\u00e1jit se zadavatelem<br \/>\nreklamy, spole\u010dnost\u00ed Mountfield a.s., I\u010c: 25620991, se s\u00eddlem Mnichovice, Miro\u0161ovick\u00e1 697, PS\u010c<br \/>\n251 64, \u0159\u00edzen\u00ed o p\u0159estupku z moci \u00fa\u0159edn\u00ed pro mo\u017en\u00e9 poru\u0161en\u00ed ustanoven\u00ed \u00a7 2 odst. 1 p\u00edsm. b)<br \/>\nz\u00e1kona \u010d. 40\/1995 Sb., respektive ustanoven\u00ed \u00a7 4 odst. 3 z\u00e1kona \u010d. 634\/1992 Sb., o ochran\u011b<br \/>\nspot\u0159ebitele, respektive ustanoven\u00ed \u00a7 5 odst. 2 p\u00edsm. d) z\u00e1kona \u010d. 634\/1992 Sb., \u010deho\u017e se mohl<br \/>\ndopustit zad\u00e1n\u00edm reklamn\u00edho spotu s motivem \u201eMountfield &#8211; Sleva 50 % na v\u0161echno\u201c, kter\u00fd byl<br \/>\nodvys\u00edl\u00e1n dne 17. ledna 2023 od 18:13:28 hodin na programu Nova Action a kter\u00fd m\u016f\u017ee b\u00fdt<br \/>\nnekalou obchodn\u00ed praktikou, nebo\u0165 v reklam\u011b byla u obr\u00e1zku v\u00ed\u0159ivky PURESPA DELUXE HWS<br \/>\n800, u n\u00ed\u017e prodejce na internetov\u00fdch str\u00e1nk\u00e1ch uv\u00e1d\u00ed p\u016fvodn\u00ed cenu 45 800 K\u010d a cenu po slev\u011b<br \/>\n22 900 K\u010d, uvedena p\u016fvodn\u00ed cena 21 800 K\u010d a ak\u010dn\u00ed cena 10 900 K\u010d, kter\u00e1 se v\u0161ak vztahovala ke<br \/>\nzcela jin\u00e9mu typu v\u00ed\u0159ivky, kter\u00fd se v reklam\u011b v\u016fbec neobjevil. Reklama tak mohla v\u00e9st spot\u0159ebitele<br \/>\nk rozhodnut\u00ed ohledn\u011b koup\u011b, kter\u00e9 by jinak neu\u010dinil, a sice k rozhodnut\u00ed zaj\u00edt do obchodu Mountfield<br \/>\nse z\u00e1m\u011brem zakoupit v reklam\u011b prezentovanou v\u00ed\u0159ivku, o kter\u00e9 se domn\u00edval, \u017ee jej\u00ed cena je<br \/>\n10 900 K\u010d, kdy\u017e ve skute\u010dnosti byla n\u00e1sobn\u011b vy\u0161\u0161\u00ed.<br \/>\n&#8211; Rada se sezn\u00e1mila s anal\u00fdzou z\u00e1znamu vys\u00edl\u00e1n\u00ed programu Prima KRIMI provozovatele FTV<br \/>\nPrima, spol. s r.o. ze dne 16. ledna 2022 od 12:00 do 24:00 hodin.<br \/>\n&#8211; Rada se sezn\u00e1mila s anal\u00fdzou kontinu\u00e1ln\u00edho \u00faseku vys\u00edl\u00e1n\u00ed programu N\u00e1\u0161 region TV<br \/>\nprovozovatele Region\u00e1ln\u00ed televize CZ s.r.o. ze dne 11. ledna 2023, \u010dasov\u00e9ho \u00faseku od 12:00 do<br \/>\n24:00 hodin.<br \/>\n&#8211; Rada se sezn\u00e1mila s napl\u0148ov\u00e1n\u00edm po\u017eadavk\u016f na zastoupen\u00ed evropsk\u00e9 tvorby ve vys\u00edl\u00e1n\u00ed<br \/>\nprovozovatel\u016f celoplo\u0161n\u00e9ho televizn\u00edho vys\u00edl\u00e1n\u00ed prost\u0159ednictv\u00edm pozemn\u00edch vys\u00edla\u010d\u016f,<br \/>\nprovozovatel\u016f televizn\u00edho vys\u00edl\u00e1n\u00ed prost\u0159ednictv\u00edm dru\u017eice, prost\u0159ednictv\u00edm kabelov\u00fdch rozvod\u016f a<br \/>\nprost\u0159ednictv\u00edm zvl\u00e1\u0161tn\u00edch p\u0159enosov\u00fdch syst\u00e9m\u016f v roce 2022.<br \/>\n&#8211; Rada v r\u00e1mci sv\u00e9 p\u016fsobnosti dan\u00e9 ustanoven\u00edm \u00a7 5 p\u00edsm. a) z\u00e1kona \u010d. 231\/2001 Sb., o<br \/>\nprovozov\u00e1n\u00ed rozhlasov\u00e9ho a televizn\u00edho vys\u00edl\u00e1n\u00ed a o zm\u011bn\u011b dal\u0161\u00edch z\u00e1kon\u016f (d\u00e1le jen \u201ez\u00e1kon<br \/>\n\u010d. 231\/2001 Sb.\u201c), v platn\u00e9m zn\u011bn\u00ed, a na z\u00e1klad\u011b ustanoven\u00ed \u00a7 137 odst. 1 z\u00e1kona \u010d. 500\/2004 Sb.,<br \/>\nspr\u00e1vn\u00ed \u0159\u00e1d, \u017e\u00e1d\u00e1 provozovatele \u010ceskoslovensk\u00e1 filmov\u00e1 spole\u010dnost, s. r. o., I\u010c 27168425, s\u00eddlem<br \/>\nV\u00e1clavsk\u00e9 n\u00e1m\u011bst\u00ed 831\/21, 11360, Praha 1, o pod\u00e1n\u00ed vysv\u011btlen\u00ed k \u00fadaj\u016fm, jimi\u017e deklaroval, jak\u00e9<\/p>\n<p>bylo zastoupen\u00ed evropsk\u00fdch d\u011bl ve vys\u00edl\u00e1n\u00ed program\u016f CS Film a CS Mystery v roce 2022.<br \/>\nV souvislosti s programem CS Film provozovatel ve sv\u00e9m v\u00fdkazu uvedl, \u017ee v roce 2022 na tomto<br \/>\nprogramu evropsk\u00e1 tvorba tvo\u0159ila 4 907,85 hod, co\u017e m\u00e1 b\u00fdt 100 % z celkov\u00e9ho vys\u00edlac\u00edho \u010dasu,<br \/>\nsou\u010dasn\u011b ov\u0161em provozovatel uvedl, \u017ee \u010desk\u00e1 d\u00edla tvo\u0159ila 8451 hodin, co\u017e m\u00e1 p\u0159edstavovat<br \/>\n90,97 % z celkov\u00e9ho vys\u00edlac\u00edho \u010dasu. Jestli\u017ee provozovatel odvys\u00edlal 8451 hodin \u010desk\u00fdch d\u011bl, pak<br \/>\nnen\u00ed mo\u017en\u00e9, aby evropsk\u00e1 tvorba ve vys\u00edl\u00e1n\u00ed \u010dinila pouze 4 907,85 hodiny. A stejn\u011b tak nen\u00ed<br \/>\nmo\u017en\u00e9, aby 4 907,85 hodin bylo 100 % z celkov\u00e9ho vys\u00edlac\u00edho \u010dasu. V souvislosti s programem<br \/>\nCS Mystery provozovatel uvedl, \u017ee na tomto programu v roce 2022 evropsk\u00e1 nez\u00e1visl\u00e1 tvorba<br \/>\nmlad\u0161\u00ed 5 let \u010dinila 654,4 hodin, co\u017e by m\u011blo b\u00fdt 14,94 % z celkov\u00e9ho vys\u00edlac\u00edho \u010dasu evropsk\u00fdch<br \/>\nd\u011bl vyroben\u00fdch nez\u00e1visl\u00fdmi v\u00fdrobci. Pokud ov\u0161em celkov\u00fd vys\u00edlac\u00ed \u010das evropsk\u00e9 nez\u00e1visl\u00e9 tvorby<br \/>\nbyl 2 976,2 hodin (jak provozovatel uv\u00e1d\u00ed na jin\u00e9m m\u00edst\u011b), pak by zastoupen\u00ed evropsk\u00e9 nez\u00e1visl\u00e9<br \/>\ntvorby mlad\u0161\u00ed 5 let o rozsahu 654,4 hodin m\u011blo b\u00fdt 21,99 %. Rada stanovuje lh\u016ftu k pod\u00e1n\u00ed<br \/>\nvysv\u011btlen\u00ed 30 dn\u00ed ode dne doru\u010den\u00ed t\u00e9to v\u00fdzvy.<br \/>\n&#8211; Rada) v r\u00e1mci sv\u00e9 p\u016fsobnosti dan\u00e9 ustanoven\u00edm \u00a7 5 p\u00edsm. a) a f) a \u00a7 59 odst. 1-3 z\u00e1kona<br \/>\n\u010d. 231\/2001 Sb., o provozov\u00e1n\u00ed rozhlasov\u00e9ho a televizn\u00edho vys\u00edl\u00e1n\u00ed a o zm\u011bn\u011b dal\u0161\u00edch z\u00e1kon\u016f<br \/>\n(d\u00e1le jen z\u00e1kon \u010d. 231\/2001 Sb.), v platn\u00e9m zn\u011bn\u00ed, upozor\u0148uje provozovatele TP Pohoda s.r.o., I\u010c<br \/>\n26852683, s\u00eddlem Stavebn\u00ed 992\/1, 70800, Ostrava, na poru\u0161en\u00ed \u00a7 47 odst. 1 p\u00edsm. a), b a c) z\u00e1kona<br \/>\n\u010d. 231\/2001 Sb., kter\u00e9ho se dopustil t\u00edm, \u017ee v datech dokl\u00e1daj\u00edc\u00edch zastoupen\u00ed evropsk\u00fdch d\u011bl ve<br \/>\nvys\u00edl\u00e1n\u00ed programu RELAX v roce 2022 neidentifikoval v\u00fdrobce evropsk\u00fdch a evropsk\u00fdch<br \/>\nnez\u00e1visl\u00fdch d\u011bl a u evropsk\u00fdch nez\u00e1visl\u00fdch d\u011bl vyroben\u00fdch nez\u00e1visl\u00fdmi v\u00fdrobci, od jejich\u017e v\u00fdroby<br \/>\nneuplynulo v\u00edce ne\u017e 5 let, neuvedl rok jejich prvn\u00edho zve\u0159ejn\u011bn\u00ed, \u010d\u00edm\u017e by dolo\u017eil, \u017ee jde skute\u010dn\u011b o<br \/>\nd\u00edla, od jejich\u017e prvn\u00edho zve\u0159ejn\u011bn\u00ed neuplynulo v\u00edce ne\u017e 5 let. Rada stanovuje lh\u016ftu k n\u00e1prav\u011b 30<br \/>\ndn\u00ed ode dne doru\u010den\u00ed tohoto upozorn\u011bn\u00ed.<br \/>\n&#8211; Rada v r\u00e1mci sv\u00e9 p\u016fsobnosti dan\u00e9 ustanoven\u00edm \u00a7 5 p\u00edsm. a) a f) a \u00a7 59 odst. 1-3 z\u00e1kona<br \/>\n\u010d. 231\/2001 Sb., o provozov\u00e1n\u00ed rozhlasov\u00e9ho a televizn\u00edho vys\u00edl\u00e1n\u00ed a o zm\u011bn\u011b dal\u0161\u00edch z\u00e1kon\u016f<br \/>\n(d\u00e1le jen z\u00e1kon \u010d. 231\/2001 Sb.), v platn\u00e9m zn\u011bn\u00ed, upozor\u0148uje provozovatele Barrandov Televizn\u00ed<br \/>\nStudio a.s., I\u010c 416 93 311, Praha 5, K\u0159\u00ed\u017eeneck\u00e9ho n\u00e1m. 322, 15200, na poru\u0161en\u00ed \u00a7 44 odst. 1<br \/>\nz\u00e1kona \u010d. 231\/2001 Sb., kter\u00e9ho se dopustil t\u00edm, \u017ee v roce 2022 na programu BARRANDOV KRIMI<br \/>\nnezajistil, aby v r\u00e1mci vys\u00edlac\u00edho \u010dasu vyhrazen\u00e9ho pro vys\u00edl\u00e1n\u00ed evropsk\u00fdch d\u011bl vyroben\u00fdch<br \/>\nnez\u00e1visl\u00fdmi v\u00fdrobci tvo\u0159ilo vys\u00edl\u00e1n\u00ed d\u011bl, od jejich\u017e prvn\u00edho zve\u0159ejn\u011bn\u00ed neuplynulo v\u00edce ne\u017e 5 let,<br \/>\nalespo\u0148 10 %. Na programu BARRANDOV KRIMI nebyla evropsk\u00e1 nez\u00e1visl\u00e1 tvorba mlad\u0161\u00ed 5 let v<br \/>\nroce 2022 v\u016fbec zastoupena. Rada stanovuje provozovateli lh\u016ftu k n\u00e1prav\u011b tak, aby zajistil, \u017ee za<br \/>\nkalend\u00e1\u0159n\u00ed rok 2023 budou na programu BARRANDOV KRIMI evropsk\u00e1 nez\u00e1visl\u00e1 d\u00edla mlad\u0161\u00ed 5 let<br \/>\nzastoupena v rozsahu, kter\u00fd vy\u017eaduje z\u00e1kon \u010d. 231\/2001 Sb.<br \/>\n&#8211; Rada v r\u00e1mci sv\u00e9 p\u016fsobnosti dan\u00e9 ustanoven\u00edm \u00a7 5 p\u00edsm. a) a f) a \u00a7 59 odst. 1-3 z\u00e1kona<br \/>\n\u010d. 231\/2001 Sb., o provozov\u00e1n\u00ed rozhlasov\u00e9ho a televizn\u00edho vys\u00edl\u00e1n\u00ed a o zm\u011bn\u011b dal\u0161\u00edch z\u00e1kon\u016f<br \/>\n(d\u00e1le jen z\u00e1kon \u010d. 231\/2001 Sb.), v platn\u00e9m zn\u011bn\u00ed, upozor\u0148uje provozovatelku Janu Peterkovou,<br \/>\nI\u010c 16893085, s\u00eddlem K\u0159enovice 106, Dubn\u00e9, 37384, na poru\u0161en\u00ed \u00a7 47 odst. 1 p\u00edsm. a) &#8211; d) z\u00e1kona<br \/>\n\u010d. 231\/2001 Sb., jeliko\u017e v\u00fdkaz, j\u00edm\u017e provozovatelka dokl\u00e1dala napln\u011bn\u00ed z\u00e1konn\u00e9 povinnosti<br \/>\npodpory evropsk\u00e9 tvorby ve vys\u00edl\u00e1n\u00ed programu TV NATURA v roce 2022, obsahuje zjevn\u00e9<br \/>\nnespr\u00e1vnosti. Provozovatelka uv\u00e1d\u00ed, \u017ee evropsk\u00e1 tvorba byla v roce 2022 ve vys\u00edl\u00e1n\u00ed zastoupena<br \/>\n29,33 %, co\u017e je nespr\u00e1vn\u00fd \u00fadaj, zhodnot\u00edme-li p\u0159ehledy jednotliv\u00fdch po\u0159ad\u016f, z nich\u017e plyne, \u017ee ve<br \/>\nvys\u00edl\u00e1n\u00ed byla absolutn\u011b dominantn\u011b zastoupena \u010desk\u00e1 d\u00edla. Nez\u00e1visl\u00e1 evropsk\u00e1 tvorba m\u011bla b\u00fdt<br \/>\ndle provozovatelky v roce 2022 ve vys\u00edl\u00e1n\u00ed zastoupena 0,43 %, p\u0159i\u010dem\u017e z p\u0159ehledu odvys\u00edlan\u00fdch<br \/>\npo\u0159ad\u016f je op\u011bt patrn\u00e9, \u017ee jde o \u00fadaj chybn\u00fd. Rada stanovuje lh\u016ftu k n\u00e1prav\u011b 30 dn\u00ed ode dne<br \/>\ndoru\u010den\u00ed tohoto upozorn\u011bn\u00ed.<br \/>\n&#8211; Rada se sezn\u00e1mila s v\u00fdsledky systematick\u00e9ho monitoringu hlasitosti obchodn\u00edch sd\u011blen\u00ed na<br \/>\nprogramu Paramount Network provozovatele ViacomCBS Networks International Czech s.r.o. ze<br \/>\ndne 28. ledna 2023, 20:00 &#8211; 22:00 hodin.<\/p>\n<p>&#8211; Rada coby \u00fast\u0159edn\u00ed spr\u00e1vn\u00ed \u00fa\u0159ad v r\u00e1mci sv\u00e9 p\u016fsobnosti dan\u00e9 \u00a7 5 p\u00edsm. f) z\u00e1kona \u010d. 231\/2001<br \/>\nSb., o provozov\u00e1n\u00ed rozhlasov\u00e9ho a televizn\u00edho vys\u00edl\u00e1n\u00ed a o zm\u011bn\u011b dal\u0161\u00edch z\u00e1kon\u016f, v platn\u00e9m zn\u011bn\u00ed<br \/>\n(d\u00e1le jen z\u00e1kon \u010d. 231\/2001 Sb.), dle ustanoven\u00ed \u00a7 60 odst. 1 p\u00edsm. k) z\u00e1kona \u010d. 231\/2001 Sb., v<br \/>\nplatn\u00e9m zn\u011bn\u00ed, ve spole\u010dn\u00e9m \u0159\u00edzen\u00ed o p\u0159estupku veden\u00e9m podle z\u00e1kona \u010d. 250\/2016 Sb., o<br \/>\nodpov\u011bdnosti za p\u0159estupky a \u0159\u00edzen\u00ed o nich (d\u00e1le jen z\u00e1kon \u010d. 250\/2016 Sb.), rozhodla dne 21. \u00fanora<br \/>\n2023 takto: Obvin\u011bn\u00fd provozovatel televizn\u00edho vys\u00edl\u00e1n\u00ed, FTV Prima, spol. s r.o., I\u010c 48115908,<br \/>\ns\u00eddlem Vinohradsk\u00e1 3217\/167, Praha 10, PS\u010c 100 00, se uzn\u00e1v\u00e1 vinn\u00fdm pro sp\u00e1ch\u00e1n\u00ed p\u0159estupku<br \/>\ndle ustanoven\u00ed \u00a7 60 odst. 1 p\u00edsm. k) z\u00e1kona \u010d. 231\/2001 Sb., kter\u00e9ho se dopustil poru\u0161en\u00edm<br \/>\nustanoven\u00ed \u00a7 53 odst. 6 z\u00e1kona \u010d. 231\/2001 Sb., nebo\u0165 dne 27. \u010dervence 2022 od 06:00 hodin<br \/>\nodvys\u00edlal na programu CNN Prima News zpravodajsk\u00fd po\u0159ad Nov\u00fd den, ke kter\u00e9mu p\u0159ipojil<br \/>\nozn\u00e1men\u00ed o sponzorov\u00e1n\u00ed po\u0159adu sponzorem BARVY A LAKY HOSTIVA\u0158, a.s. (v \u010dasech 06:59:57<br \/>\na 07:27:16 hodin) a DOMO ELEKTRO (v \u010dasech 07:59:28 a 08:31:13 hodin), a\u010dkoli zpravodajsk\u00e9<br \/>\na politicko-publicistick\u00e9 po\u0159ady nelze sponzorovat; a sou\u010dasn\u011b poru\u0161en\u00edm ustanoven\u00ed \u00a7 53a odst.<br \/>\n1 p\u00edsm. a) z\u00e1kona \u010d. 231\/2001 Sb., ve zn\u011bn\u00ed \u00fa\u010dinn\u00e9m do 14. z\u00e1\u0159\u00ed 2022, nebo\u0165 po\u0159ad Nov\u00fd den<br \/>\nodvys\u00edlan\u00fd dne 27. \u010dervence 2022 v \u010dase od 06:00 hodin na programu CNN Prima News obsahoval<br \/>\num\u00edst\u011bn\u00ed produktu, a\u010dkoli z\u00e1kon umo\u017e\u0148uje um\u00edst\u011bn\u00ed produktu pouze v kinematografick\u00fdch d\u00edlech,<br \/>\nve filmech a seri\u00e1lech vytvo\u0159en\u00fdch pro televizn\u00ed vys\u00edl\u00e1n\u00ed nebo pro audiovizu\u00e1ln\u00ed medi\u00e1ln\u00ed slu\u017eby na<br \/>\nvy\u017e\u00e1d\u00e1n\u00ed, ve sportovn\u00edch a z\u00e1bavn\u00fdch po\u0159adech, a to za podm\u00ednky, \u017ee se nejedn\u00e1 o po\u0159ady pro<br \/>\nd\u011bti. V souladu s ustanoven\u00edm \u00a7 43 odst. 2 z\u00e1kona \u010d. 250\/2016 Sb., se od ulo\u017een\u00ed spr\u00e1vn\u00edho trestu<br \/>\nupou\u0161t\u00ed, nebo\u0165 vzhledem k okolnostem sp\u00e1ch\u00e1n\u00ed p\u0159estupku lze d\u016fvodn\u011b o\u010dek\u00e1vat, \u017ee ji\u017e samotn\u00e9<br \/>\nprojedn\u00e1n\u00ed v\u011bci p\u0159ed spr\u00e1vn\u00edm org\u00e1nem posta\u010d\u00ed k n\u00e1prav\u011b.<br \/>\n&#8211; Rada se sezn\u00e1mila s podan\u00fdm vysv\u011btlen\u00edm provozovatele vys\u00edl\u00e1n\u00ed FTV Prima spol. s r.o., I\u010c:<br \/>\n48115908, s\u00eddlem: Vinohradsk\u00e1 3217\/167, Praha 10, PS\u010c 100 00, k po\u0159adu K TABULI!<br \/>\nozna\u010den\u00e9mu symbolem upozor\u0148uj\u00edc\u00edm na um\u00edst\u011bn\u00ed produktu, odvys\u00edlan\u00e9mu dne 24. listopadu<br \/>\n2022 od 22:45 hodin na programu Prima, respektive s vysv\u011btlen\u00edm, jak\u00e9 konkr\u00e9tn\u00ed produkty v tomto<br \/>\npo\u0159adu byly um\u00edst\u011bn\u00fdmi produkty ve smyslu \u00a7 2 odst. 2 p\u00edsm. b) z\u00e1kona \u010d. 231\/2001 Sb.<br \/>\n&#8211; Rada coby \u00fast\u0159edn\u00ed spr\u00e1vn\u00ed \u00fa\u0159ad v r\u00e1mci sv\u00e9 kompetence dan\u00e9 ustanoven\u00edm \u00a7 5 p\u00edsm. a)<br \/>\nz\u00e1kona \u010d. 231\/2001 Sb., o provozov\u00e1n\u00ed rozhlasov\u00e9ho a televizn\u00edho vys\u00edl\u00e1n\u00ed a o zm\u011bn\u011b dal\u0161\u00edch<br \/>\nz\u00e1kon\u016f, rozhodla v souladu s ustanoven\u00edm \u00a7 76 odst. 1 p\u00edsm. a) z\u00e1kona \u010d. 250\/2016 Sb., o<br \/>\nodpov\u011bdnosti za p\u0159estupky a \u0159\u00edzen\u00ed o nich, v platn\u00e9m zn\u011bn\u00ed, ve v\u011bci mo\u017en\u00e9ho p\u0159estupku<br \/>\nsp\u00e1chan\u00e9ho odvys\u00edl\u00e1n\u00edm po\u0159adu K TABULI! dne 24. listopadu 2022 od 22:45 hodin na programu<br \/>\nPrima, \u017ee v\u011bc odkl\u00e1d\u00e1.<br \/>\n&#8211; Rada se sezn\u00e1mila s podan\u00fdm vysv\u011btlen\u00edm provozovatele TV Nova s.r.o, I\u010c 45800456, s\u00eddlem<br \/>\nK\u0159\u00ed\u017eeneck\u00e9ho n\u00e1m. 1078\/5, Praha 5, PS\u010c 15200, ohledn\u011b report\u00e1\u017ee Komun\u00e1ln\u00ed a sen\u00e1tn\u00ed volby v<br \/>\n\u010cR (volby v \u010cestlic\u00edch), odvys\u00edlan\u00e9 jako sou\u010d\u00e1st zpravodajsk\u00e9 relace Televizn\u00ed noviny, dne 23. z\u00e1\u0159\u00ed<br \/>\n2022 od 19:30 hodin na programu NOVA.<br \/>\n&#8211; Rada v r\u00e1mci sv\u00e9 p\u016fsobnosti dan\u00e9 ustanoven\u00edm \u00a7 5 p\u00edsm. a) a f) a \u00a7 59 odst. 1-3 z\u00e1kona<br \/>\n\u010d. 231\/2001 Sb., o provozov\u00e1n\u00ed rozhlasov\u00e9ho a televizn\u00edho vys\u00edl\u00e1n\u00ed a o zm\u011bn\u011b dal\u0161\u00edch z\u00e1kon\u016f<br \/>\n(d\u00e1le jen z\u00e1kon \u010d. 231\/2001 Sb.), v platn\u00e9m zn\u011bn\u00ed, upozor\u0148uje provozovatele vys\u00edl\u00e1n\u00ed TV Nova<br \/>\ns.r.o, I\u010c 45800456, s\u00eddlem K\u0159\u00ed\u017eeneck\u00e9ho n\u00e1m. 1078\/5, Praha 5, PS\u010c 15200, na poru\u0161en\u00ed<br \/>\nustanoven\u00ed \u00a7 31 odst. 3 z\u00e1kona \u010d. 231\/2001 Sb., kter\u00e9ho se dopustil odvys\u00edl\u00e1n\u00edm report\u00e1\u017ee<br \/>\nKomun\u00e1ln\u00ed a sen\u00e1tn\u00ed volby v \u010cR (volby v \u010cestlic\u00edch), za\u0159azen\u00e9 jako sou\u010d\u00e1st zpravodajsk\u00e9 relace<br \/>\nTelevizn\u00ed noviny, dne 23. z\u00e1\u0159\u00ed 2022 od 19:30 hodin na programu NOVA, kdy jednak do report\u00e1\u017ee<br \/>\nza\u0159adil v\u00fdhradn\u011b vyj\u00e1d\u0159en\u00ed obyvatel \u010cestlic, kte\u0159\u00ed zast\u00e1vali n\u00e1zor, \u017ee v obci doch\u00e1z\u00ed k manipulaci s<br \/>\nvolbami, a nepokusil se zajistit n\u00e1zor opa\u010dn\u00fd, a p\u0159edev\u0161\u00edm pak v report\u00e1\u017ei uv\u00e1d\u011bl informace, kter\u00e9<br \/>\ns t\u00e9matem report\u00e1\u017ee bezprost\u0159edn\u011b v\u011bcn\u011b nesouvisely (p\u0159edchoz\u00ed kauzy spojen\u00e9 s Pavlem<br \/>\nSehnalem a jeho b\u00fdval\u00fdm spolupracovn\u00edkem Mikaelem Oganesjanem), ale kter\u00e9 z\u00e1rove\u0148 stav\u011bly<br \/>\nuskupen\u00ed Aliance pro budoucnost, resp. volebn\u00ed subjekt \u010cestlice pro budoucnost, do jednozna\u010dn\u011b<br \/>\nnep\u0159\u00edzniv\u00e9ho sv\u011btla, a to v den kon\u00e1n\u00ed voleb do obecn\u00edch zastupitelstev. T\u00edm do\u0161lo k poru\u0161en\u00ed<br \/>\nz\u00e1konn\u00e9 povinnosti provozovatele vys\u00edl\u00e1n\u00ed zajistit, aby nebyla v celku vys\u00edlan\u00e9ho programu<\/p>\n<p>jednostrann\u011b zv\u00fdhod\u0148ov\u00e1na \u017e\u00e1dn\u00e1 politick\u00e1 strana nebo hnut\u00ed, pop\u0159\u00edpad\u011b jejich n\u00e1zory nebo<br \/>\nn\u00e1zory jednotliv\u00fdch skupin ve\u0159ejnosti, a to s p\u0159ihl\u00e9dnut\u00edm k jejich re\u00e1ln\u00e9mu postaven\u00ed v politick\u00e9m<br \/>\na spole\u010densk\u00e9m \u017eivot\u011b. Rada stanovuje lh\u016ftu k n\u00e1prav\u011b 7 dn\u00ed ode dne doru\u010den\u00ed tohoto upozorn\u011bn\u00ed.<br \/>\n&#8211; Rada se sezn\u00e1mila s podan\u00fdm vysv\u011btlen\u00edm provozovatele TV Nova s. r. o., z jak\u00e9ho d\u016fvodu byl<br \/>\np\u0159\u00edm\u00fd p\u0159enos ankety \u010cesk\u00fd slav\u00edk 2022, odvys\u00edlan\u00fd dne 12. listopadu 2022 od 20:18 hodin na<br \/>\nprogramu NOVA, ozna\u010den jako po\u0159ad obsahuj\u00edc\u00ed um\u00edst\u011bn\u00ed produktu, zat\u00edmco repr\u00edza po\u0159adu,<br \/>\nodvys\u00edlan\u00e1 dne 13. listopadu 2022 od 10:52 hodin na programu Nova Cinema, ozna\u010den\u00ed<br \/>\nupozor\u0148uj\u00edc\u00ed na p\u0159\u00edtomnost um\u00edst\u011bn\u00fdch produkt\u016f neobsahovala.<br \/>\n&#8211; Rada coby \u00fast\u0159edn\u00ed spr\u00e1vn\u00ed \u00fa\u0159ad v r\u00e1mci sv\u00e9 kompetence dan\u00e9 ustanoven\u00edm \u00a7 5 p\u00edsm. a)<br \/>\nz\u00e1kona \u010d. 231\/2001 Sb., o provozov\u00e1n\u00ed rozhlasov\u00e9ho a televizn\u00edho vys\u00edl\u00e1n\u00ed a o zm\u011bn\u011b dal\u0161\u00edch<br \/>\nz\u00e1kon\u016f (d\u00e1le jen \u201ez\u00e1kon \u010d. 231\/2001 Sb.\u201c), rozhodla v souladu s ustanoven\u00edm \u00a7 76 odst. 1 p\u00edsm.<br \/>\na) z\u00e1kona \u010d. 250\/2016 Sb., o odpov\u011bdnosti za p\u0159estupky a \u0159\u00edzen\u00ed o nich, v platn\u00e9m zn\u011bn\u00ed, ve v\u011bci<br \/>\nmo\u017en\u00e9ho p\u0159estupku sp\u00e1chan\u00e9ho odvys\u00edl\u00e1n\u00edm repr\u00edzy po\u0159adu\/ankety \u010cesk\u00fd slav\u00edk 2022 dne<br \/>\n13. listopadu 2022 od 10:52 hodin na programu Nova Cinema, v jeho\u017e r\u00e1mci absentovalo ozna\u010den\u00ed<br \/>\nupozor\u0148uj\u00edc\u00ed na p\u0159\u00edtomnost um\u00edst\u011bn\u00fdch produkt\u016f, \u017ee v\u011bc odkl\u00e1d\u00e1.<br \/>\n&#8211; Rada se sezn\u00e1mila s podan\u00fdm vysv\u011btlen\u00edm provozovatele \u00dasteck\u00e1 m\u00e9dia s. r. o., jak\u00fdm<br \/>\nzp\u016fsobem napl\u0148uje ustanoven\u00ed \u00a7 32 odst. 9 z\u00e1kona \u010d. 231\/2001 Sb., kdy\u017e informace o<br \/>\nprovozovateli programu \u00dasteck\u00e1 TV ani o org\u00e1nu dozoru nad jeho vys\u00edl\u00e1n\u00edm nelze dohledat.<br \/>\n&#8211; Rada se sezn\u00e1mila s podan\u00fdm vysv\u011btlen\u00edm provozovatele \u00dasteck\u00e1 medi\u00e1ln\u00ed s. r. o., z jak\u00e9ho<br \/>\nd\u016fvodu vys\u00edl\u00e1 na programu \u00dasteck\u00e1 TV smy\u010dku p\u016flhodinov\u00e9 d\u00e9lky, kdy\u017e v licen\u010dn\u00edch podm\u00ednk\u00e1ch<br \/>\nuv\u00e1d\u00ed d\u00e9lku vys\u00edlac\u00edho bloku 302 &#8211; 240 minut, resp. zda se jedn\u00e1 v licen\u010dn\u00edch podm\u00ednk\u00e1ch o<br \/>\nspr\u00e1vn\u011b uveden\u00fd \u00fadaj.<br \/>\n&#8211; Rada se sezn\u00e1mila s vyj\u00e1d\u0159en\u00edm Ministerstva kultury, odboru m\u00e9di\u00ed a audiovize, k problematice<br \/>\np\u0159echodn\u00fdch ustanoven\u00ed z\u00e1kona \u010d. 242\/2022 Sb., o slu\u017eb\u00e1ch platforem pro sd\u00edlen\u00ed videonahr\u00e1vek.<br \/>\n&#8211; Rada se sezn\u00e1mila s \u017e\u00e1dost\u00ed Asociace krajsk\u00fdch televiz\u00ed (AKTV), I\u010c: 01552287, Radlick\u00e1 19\/1,<br \/>\nSm\u00edchov, PS\u010c 150 00, Praha 5, o za\u0159azen\u00ed mezi samoregula\u010dn\u00ed org\u00e1ny, jak je definuje ustanoven\u00ed<br \/>\n\u00a7 2 odst. 2 p\u00edsm. j) z\u00e1kona \u010d. 231\/2001 Sb., o vys\u00edl\u00e1n\u00ed, a vyz\u00fdv\u00e1 Asociaci krajsk\u00fdch televiz\u00ed k<br \/>\np\u0159edlo\u017een\u00ed n\u00e1vrhu etick\u00e9ho kodexu.<br \/>\n&#8211; Rada se sezn\u00e1mila s informacemi z 2. zased\u00e1n\u00ed expertn\u00ed komise k z\u00e1konu o regulaci reklamy,<br \/>\nkter\u00e9 se konalo dne 30. ledna 2023.<br \/>\nAUDIOVIZU\u00c1LN\u00cd MEDI\u00c1LN\u00cd SLU\u017dBY NA VY\u017d\u00c1D\u00c1N\u00cd<br \/>\n&#8211; Rada se sezn\u00e1mila s pln\u011bn\u00edm pod\u00edlu evropsk\u00e9 tvorby v katalogu audiovizu\u00e1ln\u00ed medi\u00e1ln\u00ed slu\u017eby<br \/>\nna vy\u017e\u00e1d\u00e1n\u00ed ve smyslu \u00a7 7 z\u00e1kona \u010d. 132\/2010 Sb. za rok 2022.<br \/>\n&#8211; Rada) v r\u00e1mci sv\u00e9 p\u016fsobnosti dan\u00e9 ustanoven\u00edm \u00a7 4 odst. 2 z\u00e1kona \u010d. 132\/2010 Sb., o<br \/>\naudiovizu\u00e1ln\u00edch medi\u00e1ln\u00edch slu\u017eb\u00e1ch na vy\u017e\u00e1d\u00e1n\u00ed, v platn\u00e9m zn\u011bn\u00ed, a na z\u00e1klad\u011b ustanoven\u00ed \u00a7 137<br \/>\nz\u00e1kona \u010d. 500\/2004 Sb., spr\u00e1vn\u00ed \u0159\u00e1d, \u017e\u00e1d\u00e1 poskytovatele audiovizu\u00e1ln\u00ed medi\u00e1ln\u00ed slu\u017eby na<br \/>\nvy\u017e\u00e1d\u00e1n\u00ed Aerovod, um\u00edst\u011bn\u00e9 na internetov\u00e9 adrese www.aerovod.cz, spole\u010dnost AEROFILMS<br \/>\ns.r.o., I\u010c 271 542 71, se s\u00eddlem Jire\u010dkova 1008\/8, Praha, PS\u010c 170 00, o pod\u00e1n\u00ed vysv\u011btlen\u00ed z jak\u00e9ho<br \/>\nd\u016fvodu neozn\u00e1mil ukon\u010den\u00ed poskytov\u00e1n\u00ed slu\u017eby. Rada stanovuje lh\u016ftu k pod\u00e1n\u00ed vysv\u011btlen\u00ed 20 dn\u00ed<br \/>\node dne doru\u010den\u00ed t\u00e9to v\u00fdzvy.<br \/>\n&#8211; Rada v r\u00e1mci sv\u00e9 p\u016fsobnosti dan\u00e9 ustanoven\u00edm \u00a7 4 odst. 2 z\u00e1kona \u010d. 132\/2010 Sb., o<br \/>\naudiovizu\u00e1ln\u00edch medi\u00e1ln\u00edch slu\u017eb\u00e1ch na vy\u017e\u00e1d\u00e1n\u00ed, v platn\u00e9m zn\u011bn\u00ed, a na z\u00e1klad\u011b ustanoven\u00ed \u00a7 137<br \/>\nz\u00e1kona \u010d. 500\/2004 Sb., spr\u00e1vn\u00ed \u0159\u00e1d, \u017e\u00e1d\u00e1 poskytovatele audiovizu\u00e1ln\u00ed medi\u00e1ln\u00ed slu\u017eby na<br \/>\nvy\u017e\u00e1d\u00e1n\u00ed CICO TV, um\u00edst\u011bn\u00e9 na internetov\u00e9 adrese www.cico.tv, spole\u010dnost CICO s.r.o.,<br \/>\nI\u010c 070 06 039, se s\u00eddlem V H\u00e1j\u00edch 381\/4, Praha, PS\u010c 149 00, o pod\u00e1n\u00ed vysv\u011btlen\u00ed z jak\u00e9ho d\u016fvodu<br \/>\nnep\u0159edlo\u017eil Rad\u011b zpr\u00e1vu o zp\u016fsobu pln\u011bn\u00ed povinnosti stanoven\u00e9 ust. \u00a7 7 odst. 1, 2 z\u00e1kona<\/p>\n<p>\u010d. 132\/2010 Sb., o audiovizu\u00e1ln\u00edch medi\u00e1ln\u00edch slu\u017eb\u00e1ch na vy\u017e\u00e1d\u00e1n\u00ed. Rada stanovuje lh\u016ftu k<br \/>\npod\u00e1n\u00ed vysv\u011btlen\u00ed 20 dn\u00ed ode dne doru\u010den\u00ed t\u00e9to v\u00fdzvy.<br \/>\n&#8211; Rada v r\u00e1mci sv\u00e9 p\u016fsobnosti dan\u00e9 ustanoven\u00edm \u00a7 4 odst. 2 z\u00e1kona \u010d. 132\/2010 Sb., o<br \/>\naudiovizu\u00e1ln\u00edch medi\u00e1ln\u00edch slu\u017eb\u00e1ch na vy\u017e\u00e1d\u00e1n\u00ed, v platn\u00e9m zn\u011bn\u00ed, a na z\u00e1klad\u011b ustanoven\u00ed \u00a7 137<br \/>\nz\u00e1kona \u010d. 500\/2004 Sb., spr\u00e1vn\u00ed \u0159\u00e1d, \u017e\u00e1d\u00e1 poskytovatele audiovizu\u00e1ln\u00ed medi\u00e1ln\u00ed slu\u017eby na<br \/>\nvy\u017e\u00e1d\u00e1n\u00ed MALL.TV, um\u00edst\u011bn\u00e9 na internetov\u00e9 adrese https:\/\/tv.mall.cz, spole\u010dnost Czech Video<br \/>\nCenter a.s., I\u010c 098 39 194, se s\u00eddlem Komunard\u016f 1584\/42, Praha, PS\u010c 170 00, o pod\u00e1n\u00ed vysv\u011btlen\u00ed<br \/>\nz jak\u00e9ho d\u016fvodu nep\u0159edlo\u017eil Rad\u011b zpr\u00e1vu o zp\u016fsobu pln\u011bn\u00ed povinnosti stanoven\u00e9 ust. \u00a7 7 odst. 1,<br \/>\n2 z\u00e1kona \u010d. 132\/2010 Sb., o audiovizu\u00e1ln\u00edch medi\u00e1ln\u00edch slu\u017eb\u00e1ch na vy\u017e\u00e1d\u00e1n\u00ed. Rada stanovuje<br \/>\nlh\u016ftu k pod\u00e1n\u00ed vysv\u011btlen\u00ed 20 dn\u00ed ode dne doru\u010den\u00ed t\u00e9to v\u00fdzvy.<br \/>\n&#8211; Rada v r\u00e1mci sv\u00e9 p\u016fsobnosti dan\u00e9 ustanoven\u00edm \u00a7 4 odst. 2 z\u00e1kona \u010d. 132\/2010 Sb., o<br \/>\naudiovizu\u00e1ln\u00edch medi\u00e1ln\u00edch slu\u017eb\u00e1ch na vy\u017e\u00e1d\u00e1n\u00ed, v platn\u00e9m zn\u011bn\u00ed, a na z\u00e1klad\u011b ustanoven\u00ed \u00a7 137<br \/>\nz\u00e1kona \u010d. 500\/2004 Sb., spr\u00e1vn\u00ed \u0159\u00e1d, \u017e\u00e1d\u00e1 poskytovatele audiovizu\u00e1ln\u00ed medi\u00e1ln\u00ed slu\u017eby na<br \/>\nvy\u017e\u00e1d\u00e1n\u00ed AETV &#8211; Alter Edu TV, um\u00edst\u011bn\u00e9 na internetov\u00e9 adrese www.aetv.cz, spole\u010dnost Fibonacci<br \/>\nProduction s.r.o., I\u010c 095 36 264, se s\u00eddlem Rybn\u00e1 716\/24, Praha, PS\u010c 110 00, o pod\u00e1n\u00ed vysv\u011btlen\u00ed<br \/>\nz jak\u00e9ho d\u016fvodu nep\u0159edlo\u017eil Rad\u011b zpr\u00e1vu o zp\u016fsobu pln\u011bn\u00ed povinnosti stanoven\u00e9 ust. \u00a7 7 odst. 1,<br \/>\n2 z\u00e1kona \u010d. 132\/2010 Sb., o audiovizu\u00e1ln\u00edch medi\u00e1ln\u00edch slu\u017eb\u00e1ch na vy\u017e\u00e1d\u00e1n\u00ed. Rada stanovuje<br \/>\nlh\u016ftu k pod\u00e1n\u00ed vysv\u011btlen\u00ed 20 dn\u00ed ode dne doru\u010den\u00ed t\u00e9to v\u00fdzvy.<br \/>\n&#8211; Rada v r\u00e1mci sv\u00e9 p\u016fsobnosti dan\u00e9 ustanoven\u00edm \u00a7 4 odst. 2 z\u00e1kona \u010d. 132\/2010 Sb., o<br \/>\naudiovizu\u00e1ln\u00edch medi\u00e1ln\u00edch slu\u017eb\u00e1ch na vy\u017e\u00e1d\u00e1n\u00ed, v platn\u00e9m zn\u011bn\u00ed, a na z\u00e1klad\u011b ustanoven\u00ed \u00a7 137<br \/>\nz\u00e1kona \u010d. 500\/2004 Sb., spr\u00e1vn\u00ed \u0159\u00e1d, \u017e\u00e1d\u00e1 poskytovatele audiovizu\u00e1ln\u00ed medi\u00e1ln\u00ed slu\u017eby na<br \/>\nvy\u017e\u00e1d\u00e1n\u00ed Aniont: animation online theatre, um\u00edst\u011bn\u00e9 na internetov\u00e9 adrese aniont.com, Ob\u010dansk\u00e9<br \/>\nsdru\u017een\u00ed pro podporu animovan\u00e9ho filmu z. s., I\u010c 228 13 861, se s\u00eddlem Hrade\u0161\u00ednsk\u00e1 1542 \/ 6,<br \/>\nPraha, PS\u010c 101 00, o pod\u00e1n\u00ed vysv\u011btlen\u00ed z jak\u00e9ho d\u016fvodu nep\u0159edlo\u017eil Rad\u011b zpr\u00e1vu o zp\u016fsobu<br \/>\npln\u011bn\u00ed povinnosti stanoven\u00e9 ust. \u00a7 7 odst. 1, 2 z\u00e1kona \u010d. 132\/2010 Sb., o audiovizu\u00e1ln\u00edch<br \/>\nmedi\u00e1ln\u00edch slu\u017eb\u00e1ch na vy\u017e\u00e1d\u00e1n\u00ed. Rada stanovuje lh\u016ftu k pod\u00e1n\u00ed vysv\u011btlen\u00ed 20 dn\u00ed ode dne<br \/>\ndoru\u010den\u00ed t\u00e9to v\u00fdzvy.<br \/>\n&#8211; Rada v r\u00e1mci sv\u00e9 p\u016fsobnosti dan\u00e9 ustanoven\u00edm \u00a7 4 odst. 2 z\u00e1kona \u010d. 132\/2010 Sb., o<br \/>\naudiovizu\u00e1ln\u00edch medi\u00e1ln\u00edch slu\u017eb\u00e1ch na vy\u017e\u00e1d\u00e1n\u00ed, v platn\u00e9m zn\u011bn\u00ed, a na z\u00e1klad\u011b ustanoven\u00ed \u00a7 137<br \/>\nz\u00e1kona \u010d. 500\/2004 Sb., spr\u00e1vn\u00ed \u0159\u00e1d, \u017e\u00e1d\u00e1 poskytovatele audiovizu\u00e1ln\u00ed medi\u00e1ln\u00ed slu\u017eby na<br \/>\nvy\u017e\u00e1d\u00e1n\u00ed Playzone, um\u00edst\u011bn\u00e9 na internetov\u00e9 adrese https:\/\/www.playzone.cz\/cs\/tv, spole\u010dnost<br \/>\nPLAYzone s.r.o., I\u010c 283 99 510, se s\u00eddlem Vinohradsk\u00e1 3217\/167, Praha, 100 00, o pod\u00e1n\u00ed<br \/>\nvysv\u011btlen\u00ed z jak\u00e9ho d\u016fvodu nep\u0159edlo\u017eil Rad\u011b zpr\u00e1vu o zp\u016fsobu pln\u011bn\u00ed povinnosti stanoven\u00e9 ust.<br \/>\n\u00a7 7 odst. 1, 2 z\u00e1kona \u010d. 132\/2010 Sb., o audiovizu\u00e1ln\u00edch medi\u00e1ln\u00edch slu\u017eb\u00e1ch na vy\u017e\u00e1d\u00e1n\u00ed. Rada<br \/>\nstanovuje lh\u016ftu k pod\u00e1n\u00ed vysv\u011btlen\u00ed 20 dn\u00ed ode dne doru\u010den\u00ed t\u00e9to v\u00fdzvy.<br \/>\n&#8211; Rada v r\u00e1mci sv\u00e9 p\u016fsobnosti dan\u00e9 ustanoven\u00edm \u00a7 4 odst. 2 z\u00e1kona \u010d. 132\/2010 Sb., o<br \/>\naudiovizu\u00e1ln\u00edch medi\u00e1ln\u00edch slu\u017eb\u00e1ch na vy\u017e\u00e1d\u00e1n\u00ed, v platn\u00e9m zn\u011bn\u00ed, a na z\u00e1klad\u011b ustanoven\u00ed \u00a7 137<br \/>\nz\u00e1kona \u010d. 500\/2004 Sb., spr\u00e1vn\u00ed \u0159\u00e1d, \u017e\u00e1d\u00e1 poskytovatele audiovizu\u00e1ln\u00ed medi\u00e1ln\u00ed slu\u017eby na<br \/>\nvy\u017e\u00e1d\u00e1n\u00ed SledovaniTV, um\u00edst\u011bn\u00e9 na internetov\u00e9 adrese https:\/\/sledovanitv.cz, spole\u010dnost<br \/>\nsledovanitv.cz s.r.o., I\u010c 016 07 910, se s\u00eddlem U vod\u00e1rny 3032\/2a, Brno, PS\u010c 616 00, o pod\u00e1n\u00ed<br \/>\nvysv\u011btlen\u00ed z jak\u00e9ho d\u016fvodu nep\u0159edlo\u017eil Rad\u011b zpr\u00e1vu o zp\u016fsobu pln\u011bn\u00ed povinnosti stanoven\u00e9 ust.<br \/>\n\u00a7 7 odst. 1, 2 z\u00e1kona \u010d. 132\/2010 Sb., o audiovizu\u00e1ln\u00edch medi\u00e1ln\u00edch slu\u017eb\u00e1ch na vy\u017e\u00e1d\u00e1n\u00ed. Rada<br \/>\nstanovuje lh\u016ftu k pod\u00e1n\u00ed vysv\u011btlen\u00ed 20 dn\u00ed ode dne doru\u010den\u00ed t\u00e9to v\u00fdzvy.<br \/>\n&#8211; Rada v r\u00e1mci sv\u00e9 p\u016fsobnosti dan\u00e9 ustanoven\u00edm \u00a7 4 odst. 2 z\u00e1kona \u010d. 132\/2010 Sb., o<br \/>\naudiovizu\u00e1ln\u00edch medi\u00e1ln\u00edch slu\u017eb\u00e1ch na vy\u017e\u00e1d\u00e1n\u00ed, v platn\u00e9m zn\u011bn\u00ed, a na z\u00e1klad\u011b ustanoven\u00ed \u00a7 137<br \/>\nz\u00e1kona \u010d. 500\/2004 Sb., spr\u00e1vn\u00ed \u0159\u00e1d, \u017e\u00e1d\u00e1 poskytovatele audiovizu\u00e1ln\u00ed medi\u00e1ln\u00ed slu\u017eby na<br \/>\nvy\u017e\u00e1d\u00e1n\u00ed ZooK, um\u00edst\u011bn\u00e9 na internetov\u00e9 adrese https:\/\/tv.zook.cz\/, spole\u010dnost Smith Production<br \/>\ns. r. o., I\u010c 059 00 000, se s\u00eddlem Trojick\u00e1 1910\/7, Praha, PS\u010c 128 00 Praha, o pod\u00e1n\u00ed vysv\u011btlen\u00ed<br \/>\nz jak\u00e9ho d\u016fvodu nep\u0159edlo\u017eil Rad\u011b zpr\u00e1vu o zp\u016fsobu pln\u011bn\u00ed povinnosti stanoven\u00e9 ust. \u00a7 7 odst. 1, 2<\/p>\n<p>z\u00e1kona \u010d. 132\/2010 Sb., o audiovizu\u00e1ln\u00edch medi\u00e1ln\u00edch slu\u017eb\u00e1ch na vy\u017e\u00e1d\u00e1n\u00ed. Rada stanovuje lh\u016ftu<br \/>\nk pod\u00e1n\u00ed vysv\u011btlen\u00ed 20 dn\u00ed ode dne doru\u010den\u00ed t\u00e9to v\u00fdzvy.<br \/>\nOSTATN\u00cd<br \/>\n&#8211; Rada se sezn\u00e1mila s p\u0159ehledem odpov\u011bd\u00ed poskytnut\u00fdch podle z\u00e1kona \u010d.106\/1999 Sb.<br \/>\nV Praze dne 23. 2. 2023<br \/>\nIng. arch. V\u00e1clav Mencl<br \/>\np\u0159edseda Rady pro rozhlasov\u00e9<br \/>\na televizn\u00ed vys\u00edl\u00e1n\u00ed<br \/>\nkontakt: podatelna@rrtv.cz<br \/>\n274 813 830<\/p>\n","protected":false},"excerpt":{"rendered":"<p>Rada pro rozhlasov\u00e9 a televizn\u00ed vys\u00edl\u00e1n\u00ed (d\u00e1le jen &#8222;Rada&#8220;) na sv\u00e9m 3. zased\u00e1n\u00ed projednala 39 bod\u016f programu. Vyhodnotila 22 st\u00ed\u017enost\u00ed div\u00e1k\u016f a poslucha\u010d\u016f, vydala 13 upozorn\u011bn\u00ed na poru\u0161en\u00ed z\u00e1kona, rozhodla o zah\u00e1jen\u00ed jednoho \u0159\u00edzen\u00ed o p\u0159estupku.<\/p>\n","protected":false},"author":9,"featured_media":0,"comment_status":"open","ping_status":"open","sticky":false,"template":"","format":"standard","meta":{"ngg_post_thumbnail":0,"footnotes":""},"categories":[11],"tags":[],"class_list":["post-13260","post","type-post","status-publish","format-standard","hentry","category-ozvena"],"_links":{"self":[{"href":"https:\/\/www.ladislavjakl.cz\/index.php?rest_route=\/wp\/v2\/posts\/13260","targetHints":{"allow":["GET"]}}],"collection":[{"href":"https:\/\/www.ladislavjakl.cz\/index.php?rest_route=\/wp\/v2\/posts"}],"about":[{"href":"https:\/\/www.ladislavjakl.cz\/index.php?rest_route=\/wp\/v2\/types\/post"}],"author":[{"embeddable":true,"href":"https:\/\/www.ladislavjakl.cz\/index.php?rest_route=\/wp\/v2\/users\/9"}],"replies":[{"embeddable":true,"href":"https:\/\/www.ladislavjakl.cz\/index.php?rest_route=%2Fwp%2Fv2%2Fcomments&post=13260"}],"version-history":[{"count":1,"href":"https:\/\/www.ladislavjakl.cz\/index.php?rest_route=\/wp\/v2\/posts\/13260\/revisions"}],"predecessor-version":[{"id":13261,"href":"https:\/\/www.ladislavjakl.cz\/index.php?rest_route=\/wp\/v2\/posts\/13260\/revisions\/13261"}],"wp:attachment":[{"href":"https:\/\/www.ladislavjakl.cz\/index.php?rest_route=%2Fwp%2Fv2%2Fmedia&parent=13260"}],"wp:term":[{"taxonomy":"category","embeddable":true,"href":"https:\/\/www.ladislavjakl.cz\/index.php?rest_route=%2Fwp%2Fv2%2Fcategories&post=13260"},{"taxonomy":"post_tag","embeddable":true,"href":"https:\/\/www.ladislavjakl.cz\/index.php?rest_route=%2Fwp%2Fv2%2Ftags&post=13260"}],"curies":[{"name":"wp","href":"https:\/\/api.w.org\/{rel}","templated":true}]}}