{"id":13267,"date":"2023-03-01T14:16:17","date_gmt":"2023-03-01T13:16:17","guid":{"rendered":"https:\/\/www.ladislavjakl.cz\/?p=13267"},"modified":"2023-03-01T14:17:35","modified_gmt":"2023-03-01T13:17:35","slug":"nas-narod-neni-stadem-ovci","status":"publish","type":"post","link":"https:\/\/www.ladislavjakl.cz\/?p=13267","title":{"rendered":"N\u00e1\u0161 n\u00e1rod nen\u00ed st\u00e1dem ovc\u00ed"},"content":{"rendered":"<p><strong>V\u00fdzva &#8211; Poj\u010fme se neb\u00e1t!<\/strong><\/p>\n<h5 align=\"right\">25. \u00fanora 2023<\/h5>\n<h5>Na\u0161e&nbsp;<b>vl\u00e1da \u0161kod\u00ed lidem<\/b>. Zasahuje jim do \u017eivot\u016f, ohro\u017euje jejich svobodu i prosperitu. Prod\u00e1v\u00e1 na\u0161i suverenitu a slou\u017e\u00ed ciz\u00edm z\u00e1jm\u016fm.&nbsp;<b>N\u00e1\u0161 n\u00e1rod ale nen\u00ed st\u00e1dem ovc\u00ed. \u010casto to dlouho vypad\u00e1, \u017ee si nech\u00e1 l\u00edbit v\u0161echno. Ale kdy\u017e se pak ozve, obvykle to stoj\u00ed za to.<\/b>&nbsp;Pom\u011bry v na\u0161\u00ed republice jsou dnes natolik neudr\u017eiteln\u00e9, \u017ee chv\u00edle se nahlas ozvat pr\u00e1v\u011b p\u0159ich\u00e1z\u00ed.<\/h5>\n<p><!--more--><\/p>\n<p>Drtiv\u00e1 inflace sebrala b\u011bhem kr\u00e1tk\u00e9 doby velkou \u010d\u00e1st \u00faspor v\u0161em z n\u00e1s, kdo mysleli na budoucnost. Energetick\u00e1 drahota pos\u00edl\u00e1 do chudoby st\u00e1le dal\u0161\u00ed a dal\u0161\u00ed vrstvy na\u0161ich obyvatel. P\u0159ed krachem jsou \u017eivnostn\u00edci, mal\u00e9 a st\u0159edn\u00ed firmy i firmy a zna\u010dky se stalet\u00fdmi ko\u0159eny pat\u0159\u00edc\u00ed k n\u00e1rodn\u00edmu bohatstv\u00ed. A v neposledn\u00ed \u0159ad\u011b to nejd\u011bsiv\u011bj\u0161\u00ed:&nbsp;<b>Vl\u00e1da d\u011bl\u00e1 v\u0161e pro to, aby n\u00e1s zat\u00e1hla do v\u00e1le\u010dn\u00e9ho konfliktu.<\/b><\/p>\n<p>A v t\u00e9to situaci p\u0159ipravuje vl\u00e1da kroky, kter\u00e9 soci\u00e1ln\u00ed situaci na\u0161ich rodin je\u0161t\u011b dramaticky zhor\u0161\u00ed. U\u017e nyn\u00ed n\u00e1m vl\u00e1da sah\u00e1 do kapes a ob\u00edr\u00e1 n\u00e1s o vyd\u011blan\u00e9 pen\u00edze, kter\u00e9 pak pou\u017e\u00edv\u00e1 na nesmysln\u00e9 \u00fa\u010dely. To ale vl\u00e1d\u011b nesta\u010d\u00ed, a tak p\u0159ipravuje&nbsp;<b>zvy\u0161ov\u00e1n\u00ed st\u00e1vaj\u00edc\u00edch dan\u00ed a zav\u00e1d\u011bn\u00ed nov\u00fdch<\/b>. Na stole u\u017e jsou konkr\u00e9tn\u00ed n\u00e1vrhy na zv\u00fd\u0161en\u00ed spot\u0159ebn\u00edch dan\u00ed, na zv\u00fd\u0161en\u00ed sazby dan\u011b z p\u0159idan\u00e9 hodnoty u mnoha druh\u016f zbo\u017e\u00ed a slu\u017eeb, na z\u00e1sadn\u00ed zv\u00fd\u0161en\u00ed dan\u011b z nemovitosti a nov\u011b rovn\u011b\u017e n\u00e1vrh na razantn\u00ed a\u017e likvida\u010dn\u00ed zv\u00fd\u0161en\u00ed pojistn\u00fdch odvod\u016f pro \u017eivnostn\u00edky.<\/p>\n<p>Nam\u00edsto slibovan\u00e9 d\u016fchodov\u00e9 reformy vl\u00e1da v rozporu s p\u0159edvolebn\u00edmi sliby chyst\u00e1 tup\u00e9&nbsp;<b>zv\u00fd\u0161en\u00ed hranice v\u011bku pro odchod do d\u016fchodu<\/b>&nbsp;bez jak\u00fdchkoli syst\u00e9mov\u00fdch krok\u016f. Vl\u00e1dn\u00ed v\u011bt\u0161ina jako robot bezdu\u0161e schvaluje jednu bruselskou implementaci za druhou. V\u00fdsledkem jsou nov\u00e9 povinnosti pro v\u00fdrobce, obchodn\u00edky i \u017eivnostn\u00edky, co\u017e vede jen ke zhor\u0161en\u00ed konkuren\u010dn\u00edho prost\u0159ed\u00ed, zu\u017eov\u00e1n\u00ed sortimentu a zdra\u017eov\u00e1n\u00ed.<\/p>\n<p>Kapitolou samou o sob\u011b je fanatick\u00fd&nbsp;<b>boj s klimatem<\/b>, kter\u00fd je z\u00e1minkou k n\u00e1siln\u00e9mu prosazov\u00e1n\u00ed jedin\u00e9ho spr\u00e1vn\u00e9ho zp\u016fsobu \u017eivota, ke zvy\u0161ov\u00e1n\u00ed \u017eivotn\u00edch n\u00e1klad\u016f, ale brzy tak\u00e9 ke krachu pr\u016fmyslov\u00fdch podnik\u016f, propou\u0161t\u011bn\u00ed, nezam\u011bstnanosti a nedostupnosti mnoha produkt\u016f pro b\u011b\u017en\u00e9 soci\u00e1ln\u00ed vrstvy.&nbsp;<b>Genderov\u00e1 protirodinn\u00e1 politika<\/b>&nbsp;slep\u011b kop\u00edrovan\u00e1 od nejdekadentn\u011bj\u0161\u00edch zem\u00ed rozlept\u00e1v\u00e1 pr\u00e1vn\u00ed a soci\u00e1ln\u00ed pom\u011bry oby\u010dejn\u00fdch a norm\u00e1ln\u00edch lid\u00ed.<\/p>\n<p>Vl\u00e1da pochopiteln\u011b v\u00ed, \u017ee jej\u00ed politika je neobhajiteln\u00e1. A tak p\u0159ij\u00edm\u00e1 opat\u0159en\u00ed, kter\u00e1 maj\u00ed zastra\u0161it a uml\u010det kritiku a udr\u017eet u moci vl\u00e1du za ka\u017edou cenu. Tlak na omezov\u00e1n\u00ed plurality n\u00e1zor\u016f, na ostrakizaci nositel\u016f a hlasatel\u016f nepohodln\u00fdch my\u0161lenek se nyn\u00ed p\u0159ed o\u010dima m\u011bn\u00ed na&nbsp;<b>tvrdou institucionalizovanou cenzuru<\/b>. Des\u00edtky lid\u00ed jsou st\u00edh\u00e1ny za projeven\u00ed politick\u00e9ho n\u00e1zoru, a to ji\u017e v\u010detn\u011b p\u0159edstavitel\u016f politick\u00e9 opozice.<\/p>\n<p>Nejen drahota a propukaj\u00edc\u00ed chudoba, ale u\u017e i kontrola a \u0161ikana kritik\u016f moci je vl\u00e1dou a poslu\u0161nou \u010d\u00e1st\u00ed m\u00e9di\u00ed h\u00e1jena v\u00e1lkou na Ukrajin\u011b a sankcemi proti Rusku. Prokazuje se tak, \u017ee vl\u00e1dnouc\u00ed moci je ka\u017ed\u00e1 krize dobr\u00e1. P\u0159ipravuje se i zaveden\u00ed koresponden\u010dn\u00edho hlasov\u00e1n\u00ed pro sn\u011bmovn\u00ed a prezidentsk\u00e9 volby, co\u017e je v rozporu s principem tajnosti a rovnosti volebn\u00edho pr\u00e1va a p\u0159in\u00e1\u0161\u00ed riziko volebn\u00edch manipulac\u00ed a podvod\u016f velk\u00e9ho rozsahu. Vl\u00e1da si tak chce pojistit nesesaditelnost.<\/p>\n<p>Za t\u011bchto okolnost\u00ed&nbsp;<b>vyz\u00fdv\u00e1me ka\u017ed\u00e9ho obyvatele na\u0161\u00ed kr\u00e1sn\u00e9 zem\u011b, kter\u00e9mu jde o zachov\u00e1n\u00ed m\u00edru a samotn\u00e9 jej\u00ed existence, aby se p\u0159estal b\u00e1t, aby se p\u0159estal hrbit p\u0159ed nar\u016fstaj\u00edc\u00ed cenzurou a \u0159ekl jasn\u00e9 NE t\u00e9to vl\u00e1d\u011b!<\/b><\/p>\n<p>Vyz\u00fdv\u00e1me v\u0161echny kritiky vl\u00e1dy a jej\u00edch krok\u016f, v\u0161echny nez\u00e1visl\u00e9 organizace, iniciativy, spolky, politick\u00e9 strany a dal\u0161\u00ed subjekty, aby nechaly stranou to, co je rozd\u011bluje, a za\u010daly spolupracovat na kroc\u00edch, kter\u00fdmi bychom vystavili vl\u00e1d\u011b stopku d\u0159\u00edv, ne\u017e nap\u00e1ch\u00e1 \u0161kody nenapraviteln\u00e9.&nbsp;<b>N\u00e1\u0161 n\u00e1rod nen\u00ed st\u00e1dem ovc\u00ed, kter\u00e9 si nechaj\u00ed l\u00edbit v\u0161e. Je \u010das to prok\u00e1zat.<\/b><\/p>\n<p>dne 25. \u00fanora 2023<\/p>\n<p><a href=\"https:\/\/zachranmenasstat.cz\/pojdme.php\">Zdroj<\/a><\/p>\n","protected":false},"excerpt":{"rendered":"<p>V\u00fdzva &#8211; Poj\u010fme se neb\u00e1t! 25. \u00fanora 2023 Na\u0161e&nbsp;vl\u00e1da \u0161kod\u00ed lidem. Zasahuje jim do \u017eivot\u016f, ohro\u017euje jejich svobodu i prosperitu. Prod\u00e1v\u00e1 na\u0161i suverenitu a slou\u017e\u00ed ciz\u00edm z\u00e1jm\u016fm.&nbsp;N\u00e1\u0161 n\u00e1rod ale nen\u00ed st\u00e1dem ovc\u00ed. \u010casto to dlouho vypad\u00e1, \u017ee si nech\u00e1 l\u00edbit v\u0161echno. Ale kdy\u017e se pak ozve, obvykle to stoj\u00ed za to.&nbsp;Pom\u011bry v na\u0161\u00ed republice jsou [&hellip;]<\/p>\n","protected":false},"author":9,"featured_media":0,"comment_status":"open","ping_status":"open","sticky":false,"template":"","format":"standard","meta":{"ngg_post_thumbnail":0,"footnotes":""},"categories":[11],"tags":[],"class_list":["post-13267","post","type-post","status-publish","format-standard","hentry","category-ozvena"],"_links":{"self":[{"href":"https:\/\/www.ladislavjakl.cz\/index.php?rest_route=\/wp\/v2\/posts\/13267","targetHints":{"allow":["GET"]}}],"collection":[{"href":"https:\/\/www.ladislavjakl.cz\/index.php?rest_route=\/wp\/v2\/posts"}],"about":[{"href":"https:\/\/www.ladislavjakl.cz\/index.php?rest_route=\/wp\/v2\/types\/post"}],"author":[{"embeddable":true,"href":"https:\/\/www.ladislavjakl.cz\/index.php?rest_route=\/wp\/v2\/users\/9"}],"replies":[{"embeddable":true,"href":"https:\/\/www.ladislavjakl.cz\/index.php?rest_route=%2Fwp%2Fv2%2Fcomments&post=13267"}],"version-history":[{"count":3,"href":"https:\/\/www.ladislavjakl.cz\/index.php?rest_route=\/wp\/v2\/posts\/13267\/revisions"}],"predecessor-version":[{"id":13270,"href":"https:\/\/www.ladislavjakl.cz\/index.php?rest_route=\/wp\/v2\/posts\/13267\/revisions\/13270"}],"wp:attachment":[{"href":"https:\/\/www.ladislavjakl.cz\/index.php?rest_route=%2Fwp%2Fv2%2Fmedia&parent=13267"}],"wp:term":[{"taxonomy":"category","embeddable":true,"href":"https:\/\/www.ladislavjakl.cz\/index.php?rest_route=%2Fwp%2Fv2%2Fcategories&post=13267"},{"taxonomy":"post_tag","embeddable":true,"href":"https:\/\/www.ladislavjakl.cz\/index.php?rest_route=%2Fwp%2Fv2%2Ftags&post=13267"}],"curies":[{"name":"wp","href":"https:\/\/api.w.org\/{rel}","templated":true}]}}