{"id":13284,"date":"2023-03-03T11:37:12","date_gmt":"2023-03-03T10:37:12","guid":{"rendered":"https:\/\/www.ladislavjakl.cz\/?p=13284"},"modified":"2023-03-03T11:38:13","modified_gmt":"2023-03-03T10:38:13","slug":"vystrely-chtene-i-nechtene","status":"publish","type":"post","link":"https:\/\/www.ladislavjakl.cz\/?p=13284","title":{"rendered":"V\u00fdst\u0159ely cht\u011bn\u00e9 i necht\u011bn\u00e9"},"content":{"rendered":"<p>Opravdu netu\u0161\u00edm, pro\u010d musej\u00ed mal\u00e9 d\u011bti v mate\u0159sk\u00e9 \u0161kolce proch\u00e1zet policejn\u00edm \u0161kolen\u00edm a pro\u010d jim jde takov\u00e9 lekce d\u00e1vat policista ozbrojen\u00fd ost\u0159e nabitou zbran\u00ed. Ale mo\u017en\u00e1 jde o uk\u00e1zku nov\u00fdch v\u00fdchovn\u00fdch trend\u016f, podle kter\u00fdch si mlad\u00e9 a nejmlad\u0161\u00ed generace maj\u00ed zvykat na \u017eivot, p\u0159i kter\u00e9m se st\u0159\u00edl\u00ed.<\/p>\n<p><!--more--><\/p>\n<p>St\u0159\u00edlelo se i v&nbsp;Rusku. Zpr\u00e1vy jsou dost zaml\u017een\u00e9 a rozporn\u00e9. Vypad\u00e1 to, \u017ee tam p\u016fsob\u00ed protiputinovsk\u00e9 z\u00e1\u0161kodnick\u00e9 partyz\u00e1nsk\u00e9 komando. Nev\u00edm, jestli zrovna tohle je cesta ke sv\u011btov\u00e9mu m\u00edru, ale trochu z&nbsp;toho mraz\u00ed. U\u017e kv\u016fli tomu, \u017ee vl\u00e1dnouc\u00ed re\u017eim v&nbsp;Rusku t\u00edm m\u016f\u017ee z\u00edskat ve\u0159ejnou podporu pro opat\u0159en\u00ed, kter\u00e1 by jinak narazila na odpor.<\/p>\n<p>V&nbsp;Reflexu se po\u0161klebuj\u00ed, \u017ee pr\u00fd iniciativa Zachra\u0148me n\u00e1\u0161 st\u00e1t a Trikol\u00f3ra po\u0159\u00e1daly na V\u00e1clavsk\u00e9m n\u00e1m\u011bst\u00ed demonstraci, na kterou nikdo nep\u0159i\u0161el. Jen\u017ee nikdo z&nbsp;nich \u017e\u00e1dnou takovou demonstraci nesvolal. Posv\u00edt\u00ed si neohro\u017een\u00ed bojovn\u00edci proti desinformac\u00edm na kdysi respektovan\u00fd \u010dasopis, kter\u00fd ned\u00e1vno zm\u011bnil veden\u00ed a vykro\u010dil t\u00edm spr\u00e1vn\u00fdm provl\u00e1dn\u00edm sm\u011brem?<\/p>\n<p>Spr\u00e1vn\u00fdm sm\u011brem vykro\u010dila i vl\u00e1dn\u00ed v\u011bt\u0161ina v&nbsp;Poslaneck\u00e9 sn\u011bmovn\u011b. Nel\u00edb\u00ed se j\u00ed obstrukce opozi\u010dn\u00edch poslanc\u016f, tedy metoda, kterou dne\u0161n\u00ed vl\u00e1dn\u00ed strany zhusta pou\u017e\u00edvaly, kdy\u017e byly je\u0161t\u011b v&nbsp;opozici. Role se ale obr\u00e1tily a dnes v\u010derej\u0161\u00ed obstruk\u010dn\u00edci omezuj\u00ed pr\u00e1vo na \u0159e\u010dn\u011bn\u00ed. No, z&nbsp;\u010dten\u00ed bakal\u00e1\u0159sk\u00fdch prac\u00ed od \u0159e\u010dnick\u00e9ho pult\u00edku by se nikdo hroutit nem\u011bl, sta\u010d\u00ed se pod\u00edvat do Francie, jak tam vypad\u00e1 odpor proti zm\u011bn\u00e1m d\u016fchodov\u00fdch parametr\u016f. K&nbsp;tomu m\u00e1me tedy hodn\u011b daleko. Zat\u00edm.<\/p>\n<p>Posledn\u00ed hodiny ale nep\u0159inesly jen mraziv\u00e9 a trapn\u00e9 zpr\u00e1vy. V&nbsp;Dil\u00ed se se\u0161li minist\u0159i zahrani\u010d\u00ed USA a Ruska. Pr\u00fd \u0161lo jen o kr\u00e1tk\u00e9 setk\u00e1n\u00ed a pr\u00fd na n\u011bm zazn\u011bly americk\u00e9 po\u017eadavky vzn\u00e1\u0161en\u00e9 aktu\u00e1ln\u011b v\u016f\u010di Rusku. No, nikdo z&nbsp;n\u00e1s u toho nesv\u00edtil, tak\u017ee obsah sch\u016fzky se nemus\u00edme nikdy dov\u011bd\u011bt. D\u016fle\u017eit\u011bj\u0161\u00ed ne\u017e obsah sch\u016fzky je ale s\u00e1m fakt, \u017ee se v\u016fbec uskute\u010dnila.<\/p>\n<p>Je t\u0159eba mluvit, jednat, b\u00fdt v&nbsp;kontaktu i za sou\u010dasn\u00e9 vyhrocen\u00e9 bezpe\u010dnostn\u00ed situace. To rozhodn\u011b nemus\u00ed b\u00fdt projevem n\u011bjak\u00e9 ochoty ke kompromis\u016fm, ale pokud se nemluv\u00ed, riziko eskalace je mnohem v\u011bt\u0161\u00ed. Ostatn\u011b, ned\u00e1vn\u00e1 Bidenova n\u00e1v\u0161t\u011bva Kyjeva tak\u00e9 musela b\u00fdt poji\u0161t\u011bna n\u011bjak\u00fdmi informa\u010dn\u00edmi kan\u00e1ly. Ty je t\u0159eba udr\u017eovat pr\u016fchodn\u00fdmi za v\u0161ech okolnost\u00ed. Pochopiteln\u011b s&nbsp;ohledem na ve\u0159ejn\u00e9 m\u00edn\u011bn\u00ed v&nbsp;obou zem\u00edch podobn\u00e1 komunikace prob\u00edh\u00e1 sp\u00ed\u0161e bez halasn\u00e9ho vytrubov\u00e1n\u00ed, ale prob\u00edh\u00e1.<\/p>\n<p>Mluvte spolu, mluvte. Jinak bude d\u011btem v&nbsp;mate\u0159sk\u00fdch \u0161kolk\u00e1ch hrozit n\u011bco podstatn\u011b hor\u0161\u00edho, ne\u017e jeden necht\u011bn\u00fd v\u00fdst\u0159el policejn\u00edho ne\u0161iky.<\/p>\n<p><a href=\"https:\/\/www.institutvk.cz\/clanky\/2273.html\">Zdroj<\/a><\/p>\n","protected":false},"excerpt":{"rendered":"<p>Opravdu netu\u0161\u00edm, pro\u010d musej\u00ed mal\u00e9 d\u011bti v mate\u0159sk\u00e9 \u0161kolce proch\u00e1zet policejn\u00edm \u0161kolen\u00edm a pro\u010d jim jde takov\u00e9 lekce d\u00e1vat policista ozbrojen\u00fd ost\u0159e nabitou zbran\u00ed. Ale mo\u017en\u00e1 jde o uk\u00e1zku nov\u00fdch v\u00fdchovn\u00fdch trend\u016f, podle kter\u00fdch si mlad\u00e9 a nejmlad\u0161\u00ed generace maj\u00ed zvykat na \u017eivot, p\u0159i kter\u00e9m se st\u0159\u00edl\u00ed.<\/p>\n","protected":false},"author":9,"featured_media":0,"comment_status":"open","ping_status":"open","sticky":false,"template":"","format":"standard","meta":{"ngg_post_thumbnail":0,"footnotes":""},"categories":[1],"tags":[],"class_list":["post-13284","post","type-post","status-publish","format-standard","hentry","category-publikovane-clanky"],"_links":{"self":[{"href":"https:\/\/www.ladislavjakl.cz\/index.php?rest_route=\/wp\/v2\/posts\/13284","targetHints":{"allow":["GET"]}}],"collection":[{"href":"https:\/\/www.ladislavjakl.cz\/index.php?rest_route=\/wp\/v2\/posts"}],"about":[{"href":"https:\/\/www.ladislavjakl.cz\/index.php?rest_route=\/wp\/v2\/types\/post"}],"author":[{"embeddable":true,"href":"https:\/\/www.ladislavjakl.cz\/index.php?rest_route=\/wp\/v2\/users\/9"}],"replies":[{"embeddable":true,"href":"https:\/\/www.ladislavjakl.cz\/index.php?rest_route=%2Fwp%2Fv2%2Fcomments&post=13284"}],"version-history":[{"count":2,"href":"https:\/\/www.ladislavjakl.cz\/index.php?rest_route=\/wp\/v2\/posts\/13284\/revisions"}],"predecessor-version":[{"id":13286,"href":"https:\/\/www.ladislavjakl.cz\/index.php?rest_route=\/wp\/v2\/posts\/13284\/revisions\/13286"}],"wp:attachment":[{"href":"https:\/\/www.ladislavjakl.cz\/index.php?rest_route=%2Fwp%2Fv2%2Fmedia&parent=13284"}],"wp:term":[{"taxonomy":"category","embeddable":true,"href":"https:\/\/www.ladislavjakl.cz\/index.php?rest_route=%2Fwp%2Fv2%2Fcategories&post=13284"},{"taxonomy":"post_tag","embeddable":true,"href":"https:\/\/www.ladislavjakl.cz\/index.php?rest_route=%2Fwp%2Fv2%2Ftags&post=13284"}],"curies":[{"name":"wp","href":"https:\/\/api.w.org\/{rel}","templated":true}]}}