{"id":13292,"date":"2023-03-09T15:24:06","date_gmt":"2023-03-09T14:24:06","guid":{"rendered":"https:\/\/www.ladislavjakl.cz\/?p=13292"},"modified":"2023-03-09T15:26:51","modified_gmt":"2023-03-09T14:26:51","slug":"neco-odhalit-neco-skryvat","status":"publish","type":"post","link":"https:\/\/www.ladislavjakl.cz\/?p=13292","title":{"rendered":"N\u011bco odhalit, n\u011bco skr\u00fdvat"},"content":{"rendered":"<div class=\"opener\">Na prvn\u00ed dojem by se mohlo zd\u00e1t, \u017ee se kolem n\u00e1s dnes nic zaj\u00edmav\u00e9ho ned\u011blo. Pozorn\u011bj\u0161\u00ed sledovatel\u00e9 m\u00e9di\u00ed ale dob\u0159e v\u011bd\u00ed, \u017ee tomu tak nen\u00ed. Sv\u011btovou ve\u0159ejnost\u00ed toti\u017e pr\u00e1v\u011b tyto dny ot\u0159\u00e1s\u00e1 nov\u00e1 vlna z\u00e1sadn\u00edho hnut\u00ed.<br \/>\n<!--more--><\/div>\n<div>&nbsp;<\/div>\n<div class=\"opener\">\n<p>Jako v\u0161e dobr\u00e9, nov\u00e9 a pokrokov\u00e9 vzniklo i toto nastupuj\u00edc\u00ed hnut\u00ed v Americe. Nese n\u00e1zev Free the Nipple a jeho aktivisty vyz\u00fdvaj\u00ed k tomu, aby byly osvobozeny bradavky na \u017eensk\u00fdch \u0148adrech. Hnut\u00ed zast\u00e1v\u00e1 postoj, \u017ee tyhle ozdoby jsou \u017eal\u00e1\u0159ov\u00e1ny prud\u00e9rn\u00edm oble\u010den\u00edm, studem, plachost\u00ed a p\u0159e\u017eit\u00fdmi zkostnat\u011bl\u00fdmi konvencemi. D\u00e1my, kter\u00e9 kr\u00e1\u010dej\u00ed v p\u0159edvoji hnut\u00ed, hrd\u011b vystavuj\u00ed sv\u00e9 vnady o\u010d\u00edm ve\u0159ejnosti a klest\u00ed t\u00edm cestu sv\u00fdm potenci\u00e1ln\u00edm n\u00e1sledovkyn\u00edm, jdou jim p\u0159\u00edkladem a dod\u00e1vaj\u00ed odvahu. Jako ka\u017ed\u00e1 pokrokov\u00e1 my\u0161lenka i tato se ale pot\u00fdk\u00e1 s p\u0159edsudky, se zaryt\u00fdmi odp\u016frci a zu\u0159ivou kritikou. Z\u00e1sadn\u00ed n\u00e1mitky zazn\u00edvaj\u00ed nap\u0159\u00edklad od p\u0159ecitliv\u011bl\u00fdch odborn\u00edk\u016f na bezpe\u010dnost pr\u00e1ce. Statistiky pr\u00fd u\u017e zachycuj\u00ed prudk\u00fd n\u00e1r\u016fst p\u0159\u00edpad\u016f zran\u011bn\u00ed hlavy ot\u00e1\u010dej\u00edc\u00edch se p\u00e1n\u016f, kte\u0159\u00ed nem\u011bli \u010das sledovat sloupy ve\u0159ejn\u00e9ho osv\u011btlen\u00ed. Mnoh\u00e9 dopravn\u00ed nehody v centrech m\u011bst maj\u00ed \u00fadajn\u011b podobn\u00fd p\u016fvod.<\/p>\n<p>Sto let za opicemi jsou i ti kritici, kte\u0159\u00ed tvrd\u00ed, \u017ee kr\u00e1sa m\u00e1 b\u00fdt zahalena tajemstv\u00edm, poetick\u00fdm snov\u00fdm oparem p\u0159edstav, fantazi\u00ed a romantiky. Na to p\u0159ece v dne\u0161n\u00ed modern\u00ed dob\u011b nen\u00ed \u010das. V\u0161e m\u00e1 b\u00fdt p\u0159\u00edmo\u010dar\u00e9, otev\u0159en\u00e9, transparentn\u00ed, prvopl\u00e1nov\u00e9, doslovn\u00e9, popisn\u00e9.<\/p>\n<p>Nebo \u017ee by ne? Podle dnes zve\u0159ejn\u011bn\u00e9ho reprezentativn\u00edho pr\u016fzkumu, kter\u00fd si u spole\u010dnosti SANEP zadala Spole\u010dnost pro obranu svobody projevu, se v\u00edce ne\u017e polovina \u010cech\u016f boj\u00ed ve\u0159ejn\u011b \u0159\u00edkat sv\u00e9 n\u00e1zory. Boj\u00ed se mluvit zejm\u00e9na o migraci, protiepidemick\u00fdch opat\u0159en\u00edch a t\u00e9matech kolem pohlav\u00ed, genderu, man\u017eelstv\u00ed a rodin\u011b. Podle 57 procent dot\u00e1zan\u00fdch se u n\u00e1s vrac\u00ed cenzura a omezov\u00e1n\u00ed svobody projevu.<\/p>\n<p>A \u010deho \u017ee se lid\u00e9 boj\u00ed, kv\u016fli \u010demu taj\u00ed sv\u00e9 n\u00e1zory? Podle pr\u016fzkumu se ob\u00e1vaj\u00ed p\u0159edev\u0161\u00edm diskriminace v pr\u00e1ci a v\u00fdpov\u011bdi. Strach maj\u00ed i ze \u0161ikany na internetu \u010di naru\u0161en\u00ed vztah\u016f s p\u0159\u00e1teli a kolegy. V\u011bt\u0161ina dot\u00e1zan\u00fdch stav\u00ed sv\u00e9 obavy na negativn\u00edch zku\u0161enostech ze sv\u00e9ho okol\u00ed.<\/p>\n<p>Je n\u00e1m jedno, \u017ee se lid\u00e9 op\u011bt boj\u00ed mluvit? T\u011bm, kdo sd\u00edlej\u00ed postoje v souladu s medi\u00e1ln\u00edmi trendy, se to takto jist\u011b nejev\u00ed, ale ti, kdo t\u0159eba jen n\u011bkdy a t\u0159eba jen v n\u011b\u010dem vybo\u010d\u00ed z \u0159ady, ti u\u017e dob\u0159e v\u011bd\u00ed, \u017ee za to budou muset platit. A dokud se lid\u00e9 budou b\u00e1t mluvit o tom, \u017ee lid\u00e9 se dnes boj\u00ed mluvit, bude hrozba sankc\u00ed za vysloven\u00fd n\u00e1zor re\u00e1ln\u011bj\u0161\u00ed a re\u00e1ln\u011bj\u0161\u00ed.<\/p>\n<p>A vlastn\u011b je\u0161t\u011b jednu sv\u011btod\u011bjnou v\u011bc si dnes m\u016f\u017eeme p\u0159ipomenout. Je to u\u017e deset let, co nejsem na Hrad\u011b. Nejen\u017ee tam nepracuji, j\u00e1 tam skute\u010dn\u011b u\u017e deset let nebyl. Vlaje tam toti\u017e symbol ztr\u00e1ty na\u0161\u00ed suverenity. I kdy\u017e \u2013 p\u0159ed n\u011bkolika dny jsem po deseti letech na Hrad poprv\u00e9 vkro\u010dil, na poh\u0159eb \u00fa\u017easn\u00e9ho \u010dlov\u011bka &#8211; Juraje Jakubiska. Co by si tenhle filmov\u00fd b\u00e1sn\u00edk a jinotajn\u00edk o bradavk\u00e1ch aktivistek strkan\u00fdch druh\u00fdm pod nos asi myslel&#8230;<\/p>\n<\/div>\n<p><a href=\"https:\/\/jakl.blog.idnes.cz\/blog.aspx?c=799143\">Zdroj<\/a><\/p>\n","protected":false},"excerpt":{"rendered":"<p>Na prvn\u00ed dojem by se mohlo zd\u00e1t, \u017ee se kolem n\u00e1s dnes nic zaj\u00edmav\u00e9ho ned\u011blo. Pozorn\u011bj\u0161\u00ed sledovatel\u00e9 m\u00e9di\u00ed ale dob\u0159e v\u011bd\u00ed, \u017ee tomu tak nen\u00ed. Sv\u011btovou ve\u0159ejnost\u00ed toti\u017e pr\u00e1v\u011b tyto dny ot\u0159\u00e1s\u00e1 nov\u00e1 vlna z\u00e1sadn\u00edho hnut\u00ed.<\/p>\n","protected":false},"author":9,"featured_media":0,"comment_status":"open","ping_status":"open","sticky":false,"template":"","format":"standard","meta":{"ngg_post_thumbnail":0,"footnotes":""},"categories":[1],"tags":[],"class_list":["post-13292","post","type-post","status-publish","format-standard","hentry","category-publikovane-clanky"],"_links":{"self":[{"href":"https:\/\/www.ladislavjakl.cz\/index.php?rest_route=\/wp\/v2\/posts\/13292","targetHints":{"allow":["GET"]}}],"collection":[{"href":"https:\/\/www.ladislavjakl.cz\/index.php?rest_route=\/wp\/v2\/posts"}],"about":[{"href":"https:\/\/www.ladislavjakl.cz\/index.php?rest_route=\/wp\/v2\/types\/post"}],"author":[{"embeddable":true,"href":"https:\/\/www.ladislavjakl.cz\/index.php?rest_route=\/wp\/v2\/users\/9"}],"replies":[{"embeddable":true,"href":"https:\/\/www.ladislavjakl.cz\/index.php?rest_route=%2Fwp%2Fv2%2Fcomments&post=13292"}],"version-history":[{"count":5,"href":"https:\/\/www.ladislavjakl.cz\/index.php?rest_route=\/wp\/v2\/posts\/13292\/revisions"}],"predecessor-version":[{"id":13297,"href":"https:\/\/www.ladislavjakl.cz\/index.php?rest_route=\/wp\/v2\/posts\/13292\/revisions\/13297"}],"wp:attachment":[{"href":"https:\/\/www.ladislavjakl.cz\/index.php?rest_route=%2Fwp%2Fv2%2Fmedia&parent=13292"}],"wp:term":[{"taxonomy":"category","embeddable":true,"href":"https:\/\/www.ladislavjakl.cz\/index.php?rest_route=%2Fwp%2Fv2%2Fcategories&post=13292"},{"taxonomy":"post_tag","embeddable":true,"href":"https:\/\/www.ladislavjakl.cz\/index.php?rest_route=%2Fwp%2Fv2%2Ftags&post=13292"}],"curies":[{"name":"wp","href":"https:\/\/api.w.org\/{rel}","templated":true}]}}