{"id":13306,"date":"2023-03-10T13:24:13","date_gmt":"2023-03-10T12:24:13","guid":{"rendered":"https:\/\/www.ladislavjakl.cz\/?p=13306"},"modified":"2023-03-10T13:25:21","modified_gmt":"2023-03-10T12:25:21","slug":"tiskova-zprava-ze-4-zasedani-rady-konaneho-dne-7-3-2023","status":"publish","type":"post","link":"https:\/\/www.ladislavjakl.cz\/?p=13306","title":{"rendered":"Tiskov\u00e1 zpr\u00e1va ze 4. zased\u00e1n\u00ed Rady, konan\u00e9ho dne 7. 3. 2023"},"content":{"rendered":"<p>Rada pro rozhlasov\u00e9 a televizn\u00ed vys\u00edl\u00e1n\u00ed (d\u00e1le jen &#8222;Rada&#8220;) na sv\u00e9m 4. zased\u00e1n\u00ed projednala 26 bod\u016f<br \/>\nprogramu. Vyhodnotila 24 st\u00ed\u017enost\u00ed div\u00e1k\u016f a poslucha\u010d\u016f, vydala sedm upozorn\u011bn\u00ed na poru\u0161en\u00ed<br \/>\nz\u00e1kona.<\/p>\n<p><!--more--><br \/>\nRada na sv\u00e9m 4. zased\u00e1n\u00ed ud\u011blila jednu licenci Josefu T\u00fdcovi, k provozov\u00e1n\u00ed rozhlasov\u00e9ho vys\u00edl\u00e1n\u00ed<br \/>\nprost\u0159ednictv\u00edm vys\u00edla\u010d\u016f se soubory technick\u00fdch parametr\u016f P\u0159\u00edbram m\u011bsto 3 97,3 MHz \/ 50 W a<br \/>\nSu\u0161ice 4 106,2 MHz \/ 50 W pro program R\u00c1DIO OTAVA.<br \/>\nPodrobn\u011bj\u0161\u00ed informace naleznete v p\u0159episech usnesen\u00ed Rady:<br \/>\nROZHLASOV\u00c9 VYS\u00cdL\u00c1N\u00cd<br \/>\n&#8211; Rada pro rozhlasov\u00e9 a televizn\u00ed vys\u00edl\u00e1n\u00ed ud\u011bluje Josefu T\u00fdcovi, Palack\u00e9ho 26, Blatn\u00e1,<br \/>\nPS\u010c 388 01, I\u010c: 03299805, podle \u00a7 18 z\u00e1kona \u010d. 231\/2001 Sb. licenci k provozov\u00e1n\u00ed rozhlasov\u00e9ho<br \/>\nvys\u00edl\u00e1n\u00ed prost\u0159ednictv\u00edm vys\u00edla\u010d\u016f se soubory technick\u00fdch parametr\u016f P\u0159\u00edbram m\u011bsto 3 97,3 MHz \/<br \/>\n50 W, sou\u0159adnice WGS 84: 13 59 41 \/ 49 40 24 a Su\u0161ice 4 106,2 MHz \/ 50 W, sou\u0159adnice WGS<br \/>\n84: 13 32 07 \/ 49 14 41, pro program R\u00c1DIO OTAVA na standardn\u00ed z\u00e1konnou dobu osmi let podle<br \/>\nustanoven\u00ed \u00a7 12 odst. 5 p\u00edsm. a) z\u00e1kona \u010d. 231\/2001 Sb., av\u0161ak s mo\u017en\u00fdm zkr\u00e1cen\u00edm doby jej\u00ed<br \/>\nplatnosti v n\u00e1vaznosti na postup vl\u00e1dy podle ustanoven\u00ed \u010d\u00e1sti prvn\u00ed, \u010dl\u00e1nku II, odst. 9 a 10 z\u00e1kona<br \/>\n\u010d. 196\/2009 Sb., kter\u00fdm se m\u011bn\u00ed z\u00e1kon \u010d. 231\/2001 Sb.<br \/>\n&#8211; Rada v r\u00e1mci sv\u00e9 kompetence dan\u00e9 ustanoven\u00edm \u00a7 5 p\u00edsm. b) a v souladu s \u00a7 21 odst. 1 p\u00edsm. b)<br \/>\na odst. 3 z\u00e1kona \u010d. 231\/2001 Sb. p\u0159ijala ve v\u011bci \u017e\u00e1dosti provozovatele Radio West Plze\u0148, s.r.o.,<br \/>\nI\u010c: 25217569, se s\u00eddlem Wenzigova 4\/1872, PS\u010c: 120 00, o zm\u011bnu skute\u010dnost\u00ed uveden\u00fdch v<br \/>\n\u017e\u00e1dosti o licenci k provozov\u00e1n\u00ed rozhlasov\u00e9ho vys\u00edl\u00e1n\u00ed programu EVROPA 2 &#8211; Z\u00e1pad (licence \u010d.j.:<br \/>\nRu\/196\/97), a to o zm\u011bn\u011b \u00fazemn\u00edho rozsahu vys\u00edl\u00e1n\u00ed a souboru technick\u00fdch parametr\u016f spo\u010d\u00edvaj\u00edc\u00ed<br \/>\nv p\u0159id\u011blen\u00ed kmito\u010dtu Klatovy centrum 107,5 MHz \/ 100 W, toto rozhodnut\u00ed: Rada ud\u011bluje<br \/>\nprovozovateli Radio West Plze\u0148, s.r.o., I\u010c: 25217569, se s\u00eddlem Wenzigova 4\/1872, PS\u010c: 120 00,<br \/>\nsouhlas se zm\u011bnou skute\u010dnost\u00ed uveden\u00fdch v \u017e\u00e1dosti o licenci k provozov\u00e1n\u00ed rozhlasov\u00e9ho vys\u00edl\u00e1n\u00ed<br \/>\nprost\u0159ednictv\u00edm vys\u00edla\u010d\u016f, programu EVROPA 2 &#8211; Z\u00e1pad (licence \u010d.j.: Ru\/196\/97), a to o zm\u011bn\u011b<br \/>\n\u00fazemn\u00edho rozsahu vys\u00edl\u00e1n\u00ed a souboru technick\u00fdch parametr\u016f spo\u010d\u00edvaj\u00edc\u00ed v p\u0159id\u011blen\u00ed kmito\u010dtu<br \/>\nKlatovy centrum 107,5 MHz \/ 100 W, sou\u0159adnice WGS 84: 13 17 07 \/ 49 23 45.<br \/>\n&#8211; Rada v r\u00e1mci sv\u00e9 kompetence dan\u00e9 ustanoven\u00edm \u00a7 5 p\u00edsm. b) a v souladu s \u00a7 21 odst. 3 z\u00e1kona<br \/>\n\u010d. 231\/2001 Sb. a s \u00a7 51, odst. 3 z\u00e1kona \u010d. 500\/2004 Sb., spr\u00e1vn\u00edho \u0159\u00e1du, p\u0159ijala ve v\u011bci \u017e\u00e1dosti<br \/>\nprovozovatele EVROPA 2, spol. s r.o., I\u010c: 15891283, se s\u00eddlem Wenzigova 4\/1872, Praha 2, PS\u010c<br \/>\n120 00, o zm\u011bnu skute\u010dnost\u00ed uveden\u00fdch v \u017e\u00e1dosti o licenci k provozov\u00e1n\u00ed rozhlasov\u00e9ho vys\u00edl\u00e1n\u00ed<br \/>\nprost\u0159ednictv\u00edm vys\u00edla\u010d\u016f programu EVROPA 2 &#8211; Morava (licence \u010d.j.: Ru\/31\/99), spo\u010d\u00edvaj\u00edc\u00ed ve<br \/>\nzm\u011bn\u011b souboru technick\u00fdch parametr\u016f licence a \u00fazemn\u00edho rozsahu vys\u00edl\u00e1n\u00ed, a to v p\u0159id\u011blen\u00ed<br \/>\nkmito\u010dtu B\u0159eclav 95,8 MHz, alt. 89,7 nebo 98,7 MHz \/ 100 W, toto rozhodnut\u00ed: Rada neud\u011bluje<br \/>\nprovozovateli EVROPA 2, spol. s r.o., I\u010c: 15891283, se s\u00eddlem Wenzigova 4\/1872, Praha 2, PS\u010c<br \/>\n120 00, souhlas ke zm\u011bn\u011b skute\u010dnost\u00ed uveden\u00fdch v \u017e\u00e1dosti o licenci k provozov\u00e1n\u00ed rozhlasov\u00e9ho<br \/>\nvys\u00edl\u00e1n\u00ed prost\u0159ednictv\u00edm vys\u00edla\u010d\u016f, program EVROPA 2 &#8211; Morava (licence \u010d.j.: Ru\/31\/99), spo\u010d\u00edvaj\u00edc\u00ed<br \/>\nve zm\u011bn\u011b souboru technick\u00fdch parametr\u016f licence a \u00fazemn\u00edho rozsahu vys\u00edl\u00e1n\u00ed, a to v p\u0159id\u011blen\u00ed<br \/>\nkmito\u010dtu B\u0159eclav 95,8 MHz, alt. 89,7 nebo 98,7 MHz \/ 100 W z d\u016fvodu negativn\u00edho stanoviska<br \/>\n\u010cesk\u00e9ho telekomunika\u010dn\u00edho \u00fa\u0159adu.- Rada v r\u00e1mci sv\u00e9 kompetence dan\u00e9 ustanoven\u00edm \u00a7 5 p\u00edsm. b) a v souladu s \u00a7 21 odst. 1 p\u00edsm. b)<br \/>\na odst. 3 z\u00e1kona \u010d. 231\/2001 Sb. p\u0159ijala ve v\u011bci \u017e\u00e1dosti provozovatele RADIO UNITED<br \/>\nBROADCASTING s.r.o., I\u010c: 29131901, se s\u00eddlem Vinohradsk\u00e1 3217\/167, Praha 10, PS\u010c 100 00,<br \/>\no zm\u011bnu skute\u010dnost\u00ed uveden\u00fdch v \u017e\u00e1dosti o licenci k provozov\u00e1n\u00ed rozhlasov\u00e9ho vys\u00edl\u00e1n\u00ed programu<br \/>\nRadio Beat (licence \u010d.j.: Ru\/138\/01), a to o zm\u011bn\u011b \u00fazemn\u00edho rozsahu vys\u00edl\u00e1n\u00ed a souboru<br \/>\ntechnick\u00fdch parametr\u016f spo\u010d\u00edvaj\u00edc\u00ed ve zm\u011bn\u011b kmito\u010dtu, v\u00fdkonu a stanovi\u0161t\u011b Rokycany 94,4 MHz \/<br \/>\n100 W, toto rozhodnut\u00ed: Rada ud\u011bluje provozovateli RADIO UNITED BROADCASTING s.r.o., I\u010c:<br \/>\n29131901, se s\u00eddlem Vinohradsk\u00e1 3217\/167, Praha 10, PS\u010c 100 00, souhlas se zm\u011bnou<br \/>\nskute\u010dnost\u00ed uveden\u00fdch v \u017e\u00e1dosti o licenci k provozov\u00e1n\u00ed rozhlasov\u00e9ho vys\u00edl\u00e1n\u00ed prost\u0159ednictv\u00edm<br \/>\nvys\u00edla\u010d\u016f, program Radio Beat (licence \u010d.j.: Ru\/138\/01), a to o zm\u011bn\u011b \u00fazemn\u00edho rozsahu vys\u00edl\u00e1n\u00ed a<br \/>\nsouboru technick\u00fdch parametr\u016f spo\u010d\u00edvaj\u00edc\u00ed ve zm\u011bn\u011b kmito\u010dtu, v\u00fdkonu a stanovi\u0161t\u011b Rokycany 94,4<br \/>\nMHz \/ 100 W na Rokycany 107,6 MHz \/ 200 W sou\u0159adnice WGS84: 49 44 30 \/ 13 36 22.<br \/>\n&#8211; Rada se sezn\u00e1mila s anal\u00fdzou programu Hitr\u00e1dio Zl\u00edn provozovatele MEDIA BOHEMIA, a.s.<br \/>\nz \u00fater\u00fd 17.1. 2023 od 00:00 do 24:00 hodin a shledala, \u017ee vys\u00edl\u00e1n\u00ed bylo v souladu se z\u00e1konem o<br \/>\nrozhlasov\u00e9m a televizn\u00edm vys\u00edl\u00e1n\u00ed a v souladu s platn\u00fdmi licen\u010dn\u00edmi podm\u00ednkami.<br \/>\n&#8211; Rada se sezn\u00e1mila s odpov\u011bd\u00ed provozovatele ULTRAVOX s.r.o., I\u010c: 49702785, s\u00eddlem:<br \/>\nRa\u0161\u00ednovo n\u00e1b\u0159e\u017e\u00ed 409\/34, Praha 2, PS\u010c 128 00, doru\u010denou Rad\u011b dne 14. \u00fanora 2023 pod \u010d.j.<br \/>\nRRTV\/1887\/2023-vra, na upozorn\u011bn\u00ed na poru\u0161en\u00ed z\u00e1kona sp. zn. 2023\/57\/pot, \u010d.j.<br \/>\nRRTV\/1467\/2023-pot ze dne 1. listopadu 2022.<br \/>\n&#8211; Rada se sezn\u00e1mila s anal\u00fdzami obchodn\u00edch sd\u011blen\u00ed odvys\u00edlan\u00fdch provozovateli MEDIA<br \/>\nBOHEMIA a.s. (program Hitr\u00e1dio City; Brno 99,0 MHz) dne 21. \u00fanora 2023, RADIO UNITED<br \/>\nBROADCASTING s. r. o. (program COUNTRY RADIO; Mari\u00e1nsk\u00e9 L\u00e1zn\u011b 97,2 MHz) dne 21. \u00fanora<br \/>\n2023, JUKE BOX, spol. s r.o. (program Radio \u010cas Rock; Ostrava m\u011bsto 99,9 MHz) dne 21. \u00fanora<br \/>\n2023, LONDA spol. s r.o. (program R\u00c1DIO IMPULS; Karlovy Vary 93,0 MHz) dne 21. \u00fanora 2023,<br \/>\nFrekvence 1, a.s. (program FREKVENCE 1; Jihlava 93,4 MHz) dne 21. \u00fanora 2023 a MEDIA<br \/>\nBOHEMIA a.s. (program Hitr\u00e1dio Contact; Liberec 100,6 MHz) dne 21. \u00fanora 2023.<br \/>\nTELEVIZN\u00cd VYS\u00cdL\u00c1N\u00cd<br \/>\n&#8211; Rada ud\u011bluje provozovateli, spole\u010dnosti ViacomCBS Networks International Czech, s.r.o., I\u010c:<br \/>\n289 70 438, se s\u00eddlem Perlov\u00e1 371\/5, Star\u00e9 M\u011bsto, 110 00 Praha 1, souhlas se zm\u011bnou skute\u010dnost\u00ed<br \/>\nuveden\u00fdch v \u017e\u00e1dosti o licenci, \u010d. j.: RRTV\/2872\/2019-fia, sp. zn.: RRTV\/2019\/56\/fia, ze dne<br \/>\n19. \u00fanora 2019, podle \u00a7 21 odst. 1 p\u00edsm. a) z\u00e1kona \u010d. 231\/2001 Sb., spo\u010d\u00edvaj\u00edc\u00ed ve zm\u011bn\u011b ozna\u010den\u00ed<br \/>\nn\u00e1zvu programu z Nicktoons na Nick SpongeBob od 1. b\u0159ezna 2023, ve zm\u011bn\u011b ozna\u010den\u00ed n\u00e1zvu<br \/>\nprogramu z Nick SpongeBob na Nicktoons od 1. dubna 2023, ve zm\u011bn\u011b ozna\u010den\u00ed n\u00e1zvu programu<br \/>\nz Nicktoons na Nick SpongeBob od 29. kv\u011btna 2023,ve zm\u011bn\u011b ozna\u010den\u00ed n\u00e1zvu programu z Nick<br \/>\nSpongeBob na Nick Loud House od 3. \u010dervence 2023, ve zm\u011bn\u011b ozna\u010den\u00ed n\u00e1zvu programu z Nick<br \/>\nLoud House na Nick SpongeBob od 31. \u010dervence 2023, ve zm\u011bn\u011b ozna\u010den\u00ed programu z Nick<br \/>\nSpongeBob na Nicktoons od 4. z\u00e1\u0159\u00ed 2023, ve zm\u011bn\u011b ozna\u010den\u00ed n\u00e1zvu programu z Nicktoons na<br \/>\nNick Loud House od 30. \u0159\u00edjna 2023, ve zm\u011bn\u011b ozna\u010den\u00ed n\u00e1zvu progamu z Nick Loud House na<br \/>\nNick SpongeBob od 27. listopadu 2023, ve zm\u011bn\u011b ozna\u010den\u00ed programu z Nick SpongeBob na<br \/>\nNicktoons od 2. ledna 2024, dle \u017e\u00e1dosti ze dne 16. \u00fanora 2023, \u010d.j.: RRTV\/1917\/2023-vra.<br \/>\n&#8211; Rada ud\u011bluje provozovateli, spole\u010dnosti ViacomCBS Networks International Czech, s.r.o., I\u010c:<br \/>\n289 70 438, se s\u00eddlem Perlov\u00e1 371\/5, Star\u00e9 M\u011bsto, 110 00 Praha 1, souhlas se zm\u011bnou skute\u010dnost\u00ed<br \/>\nuveden\u00fdch v \u017e\u00e1dosti o licenci, \u010d. j.: RRTV\/2869\/2019-fia, sp. zn.: RRTV\/2019\/50\/fia, ze dne<br \/>\n19. \u00fanora 2019, podle \u00a7 21 odst. 1 p\u00edsm. a) z\u00e1kona \u010d. 231\/2001 Sb., spo\u010d\u00edvaj\u00edc\u00ed ve zm\u011bn\u011b ozna\u010den\u00ed<br \/>\nn\u00e1zvu programu z Nick Jr. Too na Nick Jr. Peppa od 1. \u010dervence 2023, ve zm\u011bn\u011b ozna\u010den\u00ed n\u00e1zvu<br \/>\nprogramu z Nick Jr. Peppa na Nick Jr. PAW Patrol od 31. \u010dervence 2023, ve zm\u011bn\u011b ozna\u010den\u00ed<br \/>\nn\u00e1zvu programu z Nick Jr. PAW Patrol na Nick Jr. Peppa od 4. z\u00e1\u0159\u00ed 2023,ve zm\u011bn\u011b ozna\u010den\u00ed n\u00e1zvu<br \/>\nprogramu z Nick Jr. Peppa na Nick Jr. PAW Patrol od 2. \u0159\u00edjna 2023, ve zm\u011bn\u011b ozna\u010den\u00ed n\u00e1zvu<br \/>\nprogramu z Nick Jr. PAW Patrol na Nick Jr. Peppa od 30. \u0159\u00edjna 2023, ve zm\u011bn\u011b ozna\u010den\u00ed programu z Nick Jr. Peppa na Nick Jr. PAW Patrol od 1. prosince 2023, ve zm\u011bn\u011b ozna\u010den\u00ed n\u00e1zvu programu<br \/>\nz Nick Jr. PAW Patrol na Nick Jr. Too od 2. ledna 2024, dle \u017e\u00e1dosti ze dne 16. \u00fanora 2023, \u010d.j.:<br \/>\nRRTV\/1915\/2023-vra.<br \/>\n&#8211; Rada se sezn\u00e1mila s ozn\u00e1men\u00edm a dolo\u017een\u00fdm v\u00fdpisem z obchodn\u00edho rejst\u0159\u00edku provozovatele<br \/>\nAMC Networks Central Europe s.r.o., I\u010c 271 12 501, se s\u00eddlem Praha 8 &#8211; Karl\u00edn, Pob\u0159e\u017en\u00ed 620\/3,<br \/>\nPS\u010c 18600, podle \u00a7 21 odst. 2 z\u00e1kona \u010d. 231\/2001 Sb., a to se zm\u011bnou ostatn\u00edch skute\u010dnost\u00ed<br \/>\nuveden\u00fdch v \u017e\u00e1dosti o licenci, spo\u010d\u00edvaj\u00edc\u00ed ve sn\u00ed\u017een\u00ed po\u010dtu jednatel\u016f spole\u010dnosti ze \u010dty\u0159 na t\u0159i,<br \/>\nz\u00e1nikem funkce jednatele, p. Marcela Mare\u0161e, s \u00fa\u010dinnost\u00ed ke dni 7. \u00fanora 2023, v rozsahu<br \/>\nozn\u00e1men\u00ed, \u010d.j.: RRTV\/1948\/2023-vra, ze dne 17. \u00fanora 2023.<br \/>\n&#8211; Rada ud\u011bluje provozovateli AMC Networks Central Europe s.r.o., I\u010c 271 12 501, se s\u00eddlem<br \/>\nPraha 8 &#8211; Karl\u00edn, Pob\u0159e\u017en\u00ed 620\/3, PS\u010c 18600, souhlas podle \u00a7 21 odst. 1 p\u00edsm. e) z\u00e1kona<br \/>\n\u010d. 231\/2001 Sb., se zm\u011bnou skute\u010dnost\u00ed uveden\u00fdch v \u017e\u00e1dostech o licence (licencovan\u00e9 programy:<br \/>\nSPEKTRUM HOME, \u010d.j.: RRTV\/1251\/2023-bro, ze dne 24. ledna 2023; Minimax, \u010d.j.:<br \/>\nRu\/55\/04\/805, ze dne 23. b\u0159ezna 2004, TV Paprika, \u010d.j.: zem\/6309\/08, ze dne 26. z\u00e1\u0159\u00ed 2008,<br \/>\nSPORT2, \u010d.j.: zem\/6317\/08, ze dne 23. z\u00e1\u0159\u00ed 2008, FILM CAFE, \u010d.j.: FIA\/76\/2012, ze dne 3. ledna<br \/>\n2012, FILM CAFE ROMANIA, \u010d.j.: FIA\/3007\/2012, ze dne 21. srpna 2012, AMC CHANNEL, \u010d.j.:<br \/>\nFIA\/3359\/2012, ze dne 18. z\u00e1\u0159\u00ed 2012, AMC CHANNEL CENTRAL AND EASTERN EUROPE, \u010d.j.:<br \/>\nFIA\/621\/2013, ze dne 5. \u00fanora 2013, Film+, \u010d.j.: RRTV\/1295\/2015-FIA, ze dne 24. b\u0159ezna 2015,<br \/>\nAMC CHANNEL ROMANIA, \u010d.j.: RRTV\/1988\/2016-FIA, ze dne 21. \u010dervna 2016, AMC CHANNEL<br \/>\nBULGARIA, \u010d.j.: RRTV\/2110\/2015-FIA, ze dne 2. \u010dervna 2015, Film Mania, \u010d.j.:<br \/>\nRRTV\/11426\/2017-zem, ze dne 8. srpna 2017, TV PAPRIKA CENTRAL EUROPE, \u010d.j.:<br \/>\nRRTV\/11428\/2017-zem, ze dne 8. srpna 2017, MINIMAX CHANNEL SLOVENIA, \u010d.j.:<br \/>\nRRTV\/3042\/2015-FIA, ze dne 25. srpna 2015, AMC CHANNEL HUNGARY, \u010d.j.: FIA\/3744\/2014,<br \/>\nze dne 21. \u0159\u00edjna 2014, AMC CHANNEL UKR\/Baltics, \u010d.j.: RRTV\/10641\/2017-smu, ze dne<br \/>\n18. \u010dervence 2017, Sport2 Hungary, \u010d.j.: RRTV\/11328\/2017-spm, ze dne 8. srpna 2017, Sport1<br \/>\nCzechia and Slovakia, \u010d.j.: RRTV\/11330\/2017-spm, ze dne 8. srpna 2017, Sport1 Hungary, \u010d.j.:<br \/>\nRRTV\/11329\/2017-spm, ze dne 8. srpna 2017, SPEKTRUM HOME, \u010d.j.: RRTV\/11349\/2017-fia, ze<br \/>\ndne 8. srpna 2017, MINIMAX CHANNEL HUNGARY, \u010d.j.: RRTV\/11352\/2017-fia, ze dne 8. srpna<br \/>\n2017, TV PAPRIKA CZECH-SLOVAK, \u010d.j.: RRTV\/15531\/2018-fia, ze dne 14. srpna 2018,<br \/>\nSPEKTRUM HUNGARY, \u010d.j.: RRTV\/9743\/2021-kus, ze dne 10. srpna 2021, SPEKTRUM CZECH<br \/>\nREPUBLIC \/ SLOVAKIA, \u010d.j.: RRTV\/11299\/2021-fia, ze dne 14. z\u00e1\u0159\u00ed 2021; AMC CHANNEL<br \/>\nSLOVENIA, \u010d.j.: RRTV\/1990\/2016-FIA, ze dne 21. \u010dervna 2016, SPORT3, \u010d.j.: RRTV\/1273\/2015-<br \/>\nzem, ze dne 24. b\u0159ezna 2015, SPEKTRUM HOME HUNGARY, \u010d.j.: RRTV\/16366\/2017-fia, ze dne<br \/>\n21. listopadu 2017, SPEKTRUM HOME+, \u010d.j.: RRTV\/15445\/2020-fia, ze dne 18. listopadu 2020,<br \/>\nSPORT3 HU, \u010d.j.: RRTV\/5026\/2022-hou, ze dne 12. dubna 2022, spo\u010d\u00edvaj\u00edc\u00ed ve zm\u011bn\u011b<br \/>\nzakladatelsk\u00e9 listiny, a to ve sn\u00ed\u017een\u00ed po\u010dtu jednatel\u016f ze \u010dty\u0159 na t\u0159i, v rozsahu \u017e\u00e1dosti \u010d.j.:<br \/>\nRRTV\/1948\/2023-vra, ze dne 17. \u00fanora 2023.<br \/>\n&#8211; Rada se podle \u00a7 32 odst. 1 p\u00edsm. s) z\u00e1kona \u010d. 231\/2001 Sb. sezn\u00e1mila s ozn\u00e1men\u00edm<br \/>\nprovozovatele ViacomCBS Networks International Czech s.r.o, I\u010c: 28970438, se s\u00eddlem: Perlov\u00e1<br \/>\n371\/5, Star\u00e9 M\u011bsto, 110 00 Praha 1, doru\u010den\u00fdm dne 10. \u00fanora 2023 pod \u010d.j. RRTV\/1807\/2023 &#8211;<br \/>\nvra, o ukon\u010den\u00ed vys\u00edl\u00e1n\u00ed televizn\u00edho programu Paramount Channel, \u0161\u00ed\u0159en\u00e9ho prost\u0159ednictv\u00edm<br \/>\ndru\u017eice na z\u00e1klad\u011b licence sp. zn. RRTV\/2019\/39\/smu, \u010d.j. RRTV\/9309\/2019 -smu ze dne<br \/>\n23. \u010dervence 2019, ke dni 31. ledna 2023.<br \/>\n&#8211; Rada vzala na v\u011bdom\u00ed, \u017ee provozovateli ViacomCBS Networks International Czech s.r.o, I\u010c:<br \/>\n28970438, se s\u00eddlem: Perlov\u00e1 371\/5, Star\u00e9 M\u011bsto, 110 00 Praha 1, zanikla podle ustanoven\u00ed \u00a7 24<br \/>\np\u00edsm. f) z\u00e1kona \u010d. 231\/2001 Sb., licence sp. zn. RRTV\/2019\/539\/smu, \u010d.j. RRTV\/9309\/2019-smu<br \/>\nze dne 23. \u010dervence 2019, k provozov\u00e1n\u00ed televizn\u00edho vys\u00edl\u00e1n\u00ed programu Paramount Channel,<br \/>\n\u0161\u00ed\u0159en\u00e9ho prost\u0159ednictv\u00edm dru\u017eice, na z\u00e1klad\u011b jeho \u017e\u00e1dosti doru\u010den\u00e9 Rad\u011b dne 10. \u00fanora 2023.<br \/>\nO t\u00e9to skute\u010dnosti vyd\u00e1v\u00e1 Rada osv\u011bd\u010den\u00ed podle \u00a7 154 a n\u00e1sl., z\u00e1kona \u010d. 500\/2004 Sb.- Rada se sezn\u00e1mila s pod\u00e1n\u00edm vysv\u011btlen\u00ed a \u017e\u00e1dost\u00ed provozovatele Nej Kan\u00e1l s.r.o.,<br \/>\nI\u010c 027 38 252, se s\u00eddlem Kaplanova 2252\/8, Praha 4 &#8211; Chodov, 148 00, o souhlas s p\u0159eru\u0161en\u00edm<br \/>\nvys\u00edl\u00e1n\u00ed televizn\u00edho programu Infokan\u00e1l NEJ &#8211; TV Doln\u00ed Bene\u0161ov \u0161\u00ed\u0159en\u00e9ho prost\u0159ednictv\u00edm<br \/>\nkabelov\u00fdch syst\u00e9m\u016f, na z\u00e1klad\u011b licence \u010d. j.: RRTV\/2363\/2015-zem, sp. zn.: 2015\/537\/zem\/Bri, ze<br \/>\ndne 21. \u010dervence 2015, v rozsahu dle \u017e\u00e1dosti ze dne 24. \u00fanora 2023 pod \u010d.j. RRTV\/2563\/2023-<br \/>\nvra.<br \/>\n&#8211; Rada v r\u00e1mci sv\u00e9 kompetence dan\u00e9 ustanoven\u00edm \u00a7 5 p\u00edsm. a) a f), \u00a7 59 odst. 1 &#8211; 3 z\u00e1kona<br \/>\n\u010d. 231\/2001 Sb., upozor\u0148uje provozovatele Nej Kan\u00e1l s.r.o., I\u010c 027 38 252, se s\u00eddlem Kaplanova<br \/>\n2252\/8, Praha 4 &#8211; Chodov, 148 00, na poru\u0161en\u00ed \u00a7 32 odst. 1 p\u00edsm. r) z\u00e1kona \u010d. 231\/2001 Sb.,<br \/>\nkter\u00e9ho se dopustil t\u00edm, \u017ee p\u0159edem Radu nepo\u017e\u00e1dal o souhlas s p\u0159eru\u0161en\u00edm vys\u00edl\u00e1n\u00ed televizn\u00edho<br \/>\nprogramu Infokan\u00e1l NEJ &#8211; TV Doln\u00ed Bene\u0161ov, \u0161\u00ed\u0159en\u00e9ho prost\u0159ednictv\u00edm kabelov\u00fdch syst\u00e9m\u016f, na<br \/>\nz\u00e1klad\u011b licence \u010d. j.: RRTV\/2363\/2015-zem, sp. zn.: 2015\/537\/zem\/Bri, ze dne 21. \u010dervence 2015,<br \/>\nv obdob\u00ed od 24. prosince 2022. Rada stanovuje provozovateli lh\u016ftu k n\u00e1prav\u011b 30 dn\u016f ode dne<br \/>\ndoru\u010den\u00ed tohoto upozorn\u011bn\u00ed.<br \/>\n&#8211; Rada ud\u011bluje podle ustanoven\u00ed \u00a7 32 odst. 1 p\u00edsm. r) z\u00e1kona \u010d. 231\/2001 Sb., provozovateli Nej<br \/>\nKan\u00e1l s.r.o., I\u010c 027 38 252, se s\u00eddlem Kaplanova 2252\/8, Praha 4 &#8211; Chodov, 148 00, souhlas s<br \/>\np\u0159eru\u0161en\u00edm vys\u00edl\u00e1n\u00ed televizn\u00edho programu Infokan\u00e1l NEJ &#8211; TV Doln\u00ed Bene\u0161ov \u0161\u00ed\u0159en\u00e9ho<br \/>\nprost\u0159ednictv\u00edm kabelov\u00fdch syst\u00e9m\u016f, na z\u00e1klad\u011b licence \u010d.j.: RRTV\/2363\/2015-zem, sp. zn.:<br \/>\n2015\/537\/zem\/Bri, ze dne 21. \u010dervence 2015, a to do 31. srpna 2023, v rozsahu dle \u017e\u00e1dosti ze dne<br \/>\n24. \u00fanora 2023 pod \u010d.j. RRTV\/2563\/2023-vra.<br \/>\n&#8211; Rada se sezn\u00e1mila s \u017e\u00e1dost\u00ed provozovatele televizn\u00edho vys\u00edl\u00e1n\u00ed Meridi s.r.o., I\u010c 281 47 324, se<br \/>\ns\u00eddlem Senov\u00e1\u017en\u00e9 n\u00e1m. 248\/2, \u010cesk\u00e9 Bud\u011bjovice 6, 370 01 \u010cesk\u00e9 Bud\u011bjovice, ze dne 16. \u00fanora<br \/>\n2023, \u010d.j. RRTV\/1919\/2023-vra, ve zn\u011bn\u00ed dopln\u011bn\u00ed ze dne 23. \u00fanora 2023, \u010d.j. RRTV\/2528\/2023-<br \/>\nvra, o souhlas se zm\u011bnou seznamu spole\u010dn\u00edk\u016f podle ustanoven\u00ed \u00a7 21 odst. 1 p\u00edsm. e) z\u00e1kona<br \/>\n\u010d. 231\/2001 Sb.<br \/>\n&#8211; Rada zastavuje podle \u00a7 66 odst. 1, p\u00edsm. b) z\u00e1kona \u010d. 500\/2004 Sb., \u0159\u00edzen\u00ed o \u017e\u00e1dosti<br \/>\nprovozovatele televizn\u00edho vys\u00edl\u00e1n\u00ed Meridi s.r.o., I\u010c 281 47 324, se s\u00eddlem Senov\u00e1\u017en\u00e9 n\u00e1m. 248\/2,<br \/>\n\u010cesk\u00e9 Bud\u011bjovice 6, 370 01 \u010cesk\u00e9 Bud\u011bjovice, ze dne 16. \u00fanora 2023, \u010d.j. RRTV\/1919\/2023-vra,<br \/>\nve zn\u011bn\u00ed dopln\u011bn\u00ed ze dne 23. \u00fanora 2023, \u010d.j. RRTV\/2528\/2023-vra, o souhlas podle ustanoven\u00ed<br \/>\n\u00a7 21 odst. 1 p\u00edsm. e) z\u00e1kona \u010d. 231\/2001 Sb., nebo\u0165 byla pod\u00e1na \u017e\u00e1dost zjevn\u011b pr\u00e1vn\u011b nep\u0159\u00edpustn\u00e1<br \/>\nt\u00edm, \u017ee ji\u017e byla realizov\u00e1na.<br \/>\n&#8211; Rada v r\u00e1mci sv\u00e9 kompetence dan\u00e9 ustanoven\u00edm \u00a7 5 p\u00edsm. a) a f), \u00a7 59 odst. 1 &#8211; 3 z\u00e1kona<br \/>\n\u010d. 231\/2001 Sb., upozor\u0148uje provozovatele televizn\u00edho vys\u00edl\u00e1n\u00ed Meridi s.r.o., I\u010c 281 47 324, se<br \/>\ns\u00eddlem Senov\u00e1\u017en\u00e9 n\u00e1m. 248\/2, \u010cesk\u00e9 Bud\u011bjovice 6, 370 01 \u010cesk\u00e9 Bud\u011bjovice, na poru\u0161en\u00ed<br \/>\nz\u00e1kona \u010d. 231\/2001 Sb., a to ustanoven\u00ed \u00a7 21 odst. 1, p\u00edsm. e), kter\u00e9ho se dopustil t\u00edm, \u017ee p\u0159edem<br \/>\nnepo\u017e\u00e1dal Radu o p\u00edsemn\u00fd souhlas se zm\u011bnou skute\u010dnost\u00ed uveden\u00fdch v \u017e\u00e1dosti o licenci \u010d.j.<br \/>\nFIA\/1254\/2014, sp. zn.: 2014\/167\/Fia\/Mer, ze dne 1. dubna 2014, spo\u010d\u00edvaj\u00edc\u00ed ve zm\u011bn\u011b seznamu<br \/>\nspole\u010dn\u00edk\u016f, a d\u00e1le ustanoven\u00ed \u00a7 21 odst. 2, nebo\u0165 Rad\u011b neozn\u00e1mil zm\u011bnu statut\u00e1rn\u00edho org\u00e1nu.<br \/>\nRada stanovuje provozovateli lh\u016ftu k n\u00e1prav\u011b 30 dn\u016f ode dne doru\u010den\u00ed tohoto upozorn\u011bn\u00ed.<br \/>\n&#8211; Rada se dle ustanoven\u00ed \u00a7 29 odst. 3 z\u00e1kona \u010d. 231\/2001 Sb. sezn\u00e1mila s ozn\u00e1men\u00edm<br \/>\nprovozovatele Telly s.r.o., I\u010c: 046 68 529, se s\u00eddlem Na Florenci 2116\/15, 110 00, Praha 1 &#8211; Nov\u00e9<br \/>\nM\u011bsto, o zm\u011bn\u011b ostatn\u00edch skute\u010dnost\u00ed uveden\u00fdch v p\u0159ihl\u00e1\u0161ce k registraci sp.zn.<br \/>\n2016\/548\/SMU\/DIG, \u010d.j. RRTV2204\/2016-SMU ze dne 19. \u010dervence 2016 spo\u010d\u00edvaj\u00edc\u00ed ve zm\u011bn\u011b<br \/>\nprogramov\u00e9 nab\u00eddky v rozsahu pod\u00e1n\u00ed \u010d.j. RRTV\/1589\/2023-vra doru\u010den\u00e9m dne 3. \u00fanora 2023.<br \/>\n&#8211; Rada se dle ustanoven\u00ed \u00a7 29 odst. 3 z\u00e1kona \u010d. 231\/2001 Sb. sezn\u00e1mila s ozn\u00e1men\u00edm<br \/>\nprovozovatele Telly s.r.o., I\u010c: 046 68 529, se s\u00eddlem Na Florenci 2116\/15, 110 00 Praha 1 &#8211; Nov\u00e9<br \/>\nM\u011bsto, o zm\u011bn\u011b ostatn\u00edch skute\u010dnost\u00ed uveden\u00fdch v p\u0159ihl\u00e1\u0161ce k registraci sp.zn.<br \/>\n2016\/618\/SMU\/DIG, \u010d.j. RRTV\/2203\/2016-SMU ze dne 19. \u010dervence 2016 spo\u010d\u00edvaj\u00edc\u00ed ve zm\u011bn\u011b<br \/>\nprogramov\u00e9 nab\u00eddky v rozsahu pod\u00e1n\u00ed \u010d.j. RRTV\/1589\/2023-vra doru\u010den\u00e9m dne 3. \u00fanora 2023.- Rada se dle ustanoven\u00ed \u00a7 29 odst. 3 z\u00e1kona \u010d. 231\/2001 Sb. sezn\u00e1mila s ozn\u00e1men\u00edm<br \/>\nprovozovatele Vodafone Czech Republic a.s., I\u010c: 257 88 001, se s\u00eddlem n\u00e1m\u011bst\u00ed Junkov\u00fdch<br \/>\n2808\/2, Stod\u016flky, 155 00 Praha 5, o zm\u011bn\u011b ostatn\u00edch skute\u010dnost\u00ed uveden\u00fdch v p\u0159ihl\u00e1\u0161ce k<br \/>\nregistraci sp.zn. RRTV\/2019\/395\/smu, \u010d.j. RRTV\/8190\/2019-vra ze dne 24. \u010dervna 2019<br \/>\nspo\u010d\u00edvaj\u00edc\u00ed ve zm\u011bn\u011b programov\u00e9 nab\u00eddky v rozsahu pod\u00e1n\u00ed \u010d.j. RRTV\/1647\/2023-vra doru\u010den\u00e9m<br \/>\ndne 6. \u00fanora 2023.<br \/>\n&#8211; Rada se dle ustanoven\u00ed \u00a7 29 odst. 3 z\u00e1kona \u010d. 231\/2001 Sb. sezn\u00e1mila s ozn\u00e1men\u00edm<br \/>\nprovozovatele Vodafone Czech Republic a.s., I\u010c: 257 88 001, se s\u00eddlem n\u00e1m\u011bst\u00ed Junkov\u00fdch<br \/>\n2808\/2, Stod\u016flky, 155 00 Praha 5, o zm\u011bn\u011b ostatn\u00edch skute\u010dnost\u00ed uveden\u00fdch v p\u0159ihl\u00e1\u0161ce k<br \/>\nregistraci sp.zn. RRTV\/2019\/419\/smu, \u010d.j. RRTV\/8188\/2019-smu ze dne 25. \u010dervna 2019<br \/>\nspo\u010d\u00edvaj\u00edc\u00ed ve zm\u011bn\u011b programov\u00e9 nab\u00eddky v rozsahu pod\u00e1n\u00ed \u010d.j. RRTV\/1647\/2023-vra doru\u010den\u00e9m<br \/>\ndne 6. \u00fanora 2023.<br \/>\n&#8211; Rada se dle ustanoven\u00ed \u00a7 29 odst. 3 z\u00e1kona \u010d. 231\/2001 Sb. sezn\u00e1mila s ozn\u00e1men\u00edm<br \/>\nprovozovatele \u010cesk\u00e9 Radiokomunikace a.s., I\u010c: 247 38 875, se s\u00eddlem Skokansk\u00e1 2117\/1, 169 00<br \/>\nPraha 6 &#8211; B\u0159evnov, o zm\u011bn\u011b ostatn\u00edch skute\u010dnost\u00ed uveden\u00fdch v p\u0159ihl\u00e1\u0161ce k registraci p\u0159evzat\u00e9ho<br \/>\nvys\u00edl\u00e1n\u00ed \u0161\u00ed\u0159en\u00e9ho prost\u0159ednictv\u00edm pozemn\u00edch vys\u00edla\u010d\u016f v syst\u00e9mu DVB-T, spo\u010d\u00edvaj\u00edc\u00ed v tom, \u017ee od<br \/>\nposledn\u00ed nahl\u00e1\u0161en\u00e9 zm\u011bny ke dni 28. dubna 2021 nedo\u0161lo k \u017e\u00e1dn\u00e9 dal\u0161\u00ed zm\u011bn\u011b programov\u00e9<br \/>\nnab\u00eddky \u0161\u00ed\u0159en\u00e9 prost\u0159ednictv\u00edm jednotliv\u00fdch s\u00edt\u00ed elektronick\u00fdch komunikac\u00ed jako\u017eto p\u0159evzat\u00e9<br \/>\nrozhlasov\u00e9 a televizn\u00ed vys\u00edl\u00e1n\u00ed, dle pod\u00e1n\u00ed \u010d.j. RRTV\/1645\/2023-vra doru\u010den\u00fdm dne 6. \u00fanora 2023.<br \/>\n&#8211; Rada se dle ustanoven\u00ed \u00a7 29 odst. 3 z\u00e1kona \u010d. 231\/2001 Sb. sezn\u00e1mila s ozn\u00e1men\u00edm<br \/>\nprovozovatele Czech Digital Group, a.s., I\u010c: 258 42 609, se s\u00eddlem Skokansk\u00e1 2117\/1, 169 00<br \/>\nPraha 6 &#8211; B\u0159evnov, o zm\u011bn\u011b ostatn\u00edch skute\u010dnost\u00ed uveden\u00fdch v p\u0159ihl\u00e1\u0161ce k registraci p\u0159evzat\u00e9ho<br \/>\nvys\u00edl\u00e1n\u00ed \u0161\u00ed\u0159en\u00e9ho prost\u0159ednictv\u00edm pozemn\u00edch vys\u00edla\u010d\u016f v syst\u00e9mu DVB-T, spo\u010d\u00edvaj\u00edc\u00ed ve zm\u011bn\u011b<br \/>\nprogramov\u00e9 nab\u00eddky Czech Digital Group, a.s., o ukon\u010den\u00ed vys\u00edl\u00e1n\u00ed televizn\u00edho programu 1+1 v<br \/>\nceloplo\u0161n\u00e9 Vys\u00edlac\u00ed s\u00edti 23, \u0161\u00ed\u0159en\u00e9ho jako p\u0159evzat\u00e9 vys\u00edl\u00e1n\u00ed, dle pod\u00e1n\u00ed \u010d.j. RRTV\/1644\/2023-vra<br \/>\ndoru\u010den\u00fdm dne 6. \u00fanora 2023.<br \/>\n&#8211; Rada se dle ustanoven\u00ed \u00a7 29 odst. 3 z\u00e1kona \u010d. 231\/2001 Sb. sezn\u00e1mila s ozn\u00e1men\u00edm<br \/>\nprovozovatele O2 Czech Republic a.s., I\u010c: 601 93 336, se s\u00eddlem Za Brumlovkou, Praha 4, 140 00,<br \/>\no zm\u011bn\u011b ostatn\u00edch skute\u010dnost\u00ed uveden\u00fdch v p\u0159ihl\u00e1\u0161ce k registraci \u010d.j. Rg\/32\/05 ze dne 26. \u010dervence<br \/>\n2005 spo\u010d\u00edvaj\u00edc\u00ed ve zm\u011bn\u011b programov\u00e9 nab\u00eddky v rozsahu pod\u00e1n\u00ed \u010d.j. RRTV\/1798\/2023-vra<br \/>\ndoru\u010den\u00e9m dne 10. \u00fanora 2023.<br \/>\n&#8211; Rada se dle ustanoven\u00ed \u00a7 29 odst. 3 z\u00e1kona \u010d. 231\/2001 Sb. sezn\u00e1mila s ozn\u00e1men\u00edm<br \/>\nprovozovatele ELSAT, spol. s.r.o., I\u010c: 134 97 766, se s\u00eddlem Bezdrevsk\u00e1 1082, 370 11, \u010cesk\u00e9<br \/>\nBud\u011bjovice, o zm\u011bn\u011b ostatn\u00edch skute\u010dnost\u00ed uveden\u00fdch v p\u0159ihl\u00e1\u0161ce k registraci \u010d.j. Rg\/5\/96 ze dne<br \/>\n4. \u010dervna 1996 spo\u010d\u00edvaj\u00edc\u00ed ve zm\u011bn\u011b programov\u00e9 nab\u00eddky v rozsahu pod\u00e1n\u00ed \u010d.j. RRTV\/1886\/2023-<br \/>\nvra doru\u010den\u00e9m dne 14. \u00fanora 2023.<br \/>\n&#8211; Rada se dle ustanoven\u00ed \u00a7 29 odst. 3 z\u00e1kona \u010d. 231\/2001 Sb. sezn\u00e1mila s ozn\u00e1men\u00edm<br \/>\nprovozovatele FixPro, z.s., I\u010c: 725 49 688, se s\u00eddlem Jezuitsk\u00e1 13, 602 00, Brno, o zm\u011bn\u011b<br \/>\nostatn\u00edch skute\u010dnost\u00ed uveden\u00fdch v p\u0159ihl\u00e1\u0161ce k registraci sp.zn. 2011\/1058\/sve\/Fix, \u010d.j.<br \/>\nsve\/500\/2012 ze dne 17. kv\u011btna 2011, spo\u010d\u00edvaj\u00edc\u00ed ve zm\u011bn\u011b programov\u00e9 nab\u00eddky v rozsahu pod\u00e1n\u00ed<br \/>\n\u010d.j. RRTV\/1962\/2023-vra doru\u010den\u00e9m dne 20. \u00fanora 2023 dopln\u011bn\u00e9 pod\u00e1n\u00edm \u010d.j. RRTV\/2473\/2023-<br \/>\nvra ze dne 22. \u00fanora 2023.<br \/>\n&#8211; Rada se dle ustanoven\u00ed \u00a7 29 odst. 3 z\u00e1kona \u010d. 231\/2001 Sb. sezn\u00e1mila s ozn\u00e1men\u00edm<br \/>\nprovozovatele WMS s.r.o., I\u010c: 482 89 957, se s\u00eddlem Moskevsk\u00e1 14, 434 01, Most, o zm\u011bn\u011b<br \/>\nostatn\u00edch skute\u010dnost\u00ed uveden\u00fdch v p\u0159ihl\u00e1\u0161ce k registraci sp.zn. 2008\/1130\/CUN\/WMS, \u010d.j.<br \/>\ncun\/5689\/08 ze dne 27. srpna 2008, spo\u010d\u00edvaj\u00edc\u00ed ve zm\u011bn\u011b programov\u00e9 nab\u00eddky v rozsahu pod\u00e1n\u00ed<br \/>\n\u010d.j. RRTV\/1955\/2023-vra doru\u010den\u00e9m dne 17. \u00fanora 2023.<br \/>\n&#8211; Rada se dle ustanoven\u00ed \u00a7 29 odst. 3 z\u00e1kona \u010d. 231\/2001 Sb. sezn\u00e1mila s ozn\u00e1men\u00edm<br \/>\nprovozovatele Ji\u0159\u00ed Flori\u00e1n &#8211; ELEKTRO, se s\u00eddlem Vini\u010dn\u00e9 \u0160umice 664 06, o zm\u011bn\u011b ostatn\u00edch skute\u010dnost\u00ed uveden\u00fdch v p\u0159ihl\u00e1\u0161ce k registraci \u010d.j. Rg\/37\/96 ze dne 12. kv\u011btna 1996, spo\u010d\u00edvaj\u00edc\u00ed ve<br \/>\nzm\u011bn\u011b programov\u00e9 nab\u00eddky v rozsahu pod\u00e1n\u00ed \u010d.j. RRTV\/1984\/2023-zil doru\u010den\u00e9m dne 26. ledna<br \/>\n2023 dopln\u011bn\u00e9 pod\u00e1n\u00edm \u010d.j. RRTV\/1984\/2023-vra ze dne 20. \u00fanora 2023.<br \/>\n&#8211; Rada se sezn\u00e1mila s n\u00e1sleduj\u00edc\u00edmi pod\u00e1n\u00edmi k obsahu televizn\u00edch program\u016f a audiovizu\u00e1ln\u00edch<br \/>\nmedi\u00e1ln\u00edch slu\u017eeb na vy\u017e\u00e1d\u00e1n\u00ed doru\u010den\u00fdmi od 10. listopadu do 23. \u00fanora 2023: TV Nova s.r.o. \/<br \/>\nNOVA &#8211; Vlastn\u00ed pravidla, 18. 2 2023 v 15:16 hod.; TV Nova s.r.o. \/ NOVA &#8211; logo programu, 9. 2.<br \/>\n2023 v 20:20 hod.; FTV Prima, spol. s r.o. \/ CNN Prima News &#8211; sponzorsk\u00e1 ozn\u00e1men\u00ed Den Braven<br \/>\na Knihy Dobrovsk\u00fd, 11. 2. 2023 v 7:30, 8:52 a 9:27 hod.; FTV Prima, spol. s r.o. \/ CNN Prima News<br \/>\n&#8211; Nov\u00fd den, Jak objednat dobr\u00e9 j\u00eddlo, 9. 2. 2023 v 6:00 hod.; Barrandov Televizn\u00ed Studio a.s. \/<br \/>\nTelevize Barrandov &#8211; Drbny, 10. 2. 2023 v 16:00 hod.; FTV Prima, spol. s r.o. \/ CNN Prima News &#8211;<br \/>\nPrima \u010cesko, 15. 2. 2023 v 14:19 hod.; Barrandov Televizn\u00ed Studio a.s. \/ Televize Barrandov &#8211;<br \/>\nT\u00fdden podle Jarom\u00edra Soukupa, 12. 2. 2023 v 20:20 hod; Barrandov Televizn\u00ed Studio a.s. \/<br \/>\nBARRANDOV KRIMI &#8211; \u010cesk\u00e1 tajenka, 5. 2. 2023 v 6:27 hod.; FTV Prima, spol. s r.o. \/ CNN Prima<br \/>\nNews &#8211; Partie Terezie Tom\u00e1nkov\u00e9 (1. \u010d\u00e1st), 18. 2. 2023 v 10:52 hod.; \u010cESK\u00c1 TELEVIZE \/ \u010cT24 &#8211;<br \/>\nStudio \u010cT24, Soud \u0159e\u0161\u00ed \u017ealoby kv\u016fli dostavb\u011b D1 u P\u0159erova, 31. 1. 2023 v 18:03 hod.; \u010cESK\u00c1<br \/>\nTELEVIZE \/ \u010cT1 &#8211; Report\u00e9\u0159i \u010cT, Pravda na \u0159et\u011bzu, 13. 2. 2023 v 21:10 hod.; \u010cESK\u00c1 TELEVIZE \/<br \/>\n\u010cT2 &#8211; Kr\u00e1sn\u00e9 \u017eiv\u00e9 pam\u00e1tky, Okolo Znojma (6\/16), 11. 2. 2023 od 19:22 hod.; \u010cESK\u00c1 TELEVIZE \/<br \/>\n\u010cT1 &#8211; Dobr\u00e9 r\u00e1no, Brno! (6\/8), 13. 2. 2023 v 22:03 hod.; FTV Prima, spol. s r.o. \/ Prima MAX &#8211;<br \/>\nSaljut-7: Vesm\u00edrn\u00e1 krize, 14. 2. 20:09 hod.; \u010cESK\u00c1 TELEVIZE \/ \u010cT24 &#8211; Ot\u00e1zky V\u00e1clava Moravce<br \/>\nII, 12. 2. 2023 v 13:05 hod.; TV Nova s.r.o. \/ NOVA &#8211; Televizn\u00ed noviny, VOYO \u0161pi\u010dkou \u010desk\u00fdch<br \/>\nstreamovac\u00edch slu\u017eeb, 22. \u00fanora 2023 v 19:30 hod.; SWISS PHARMACEUTICAL INVESTMENT<br \/>\nLLC. \/ Prima love, Barrandov KRIMI &#8211; obchodn\u00ed sd\u011blen\u00ed Neuromedic; Angry Beards s.r.o. \/ NOVA<br \/>\n&#8211; reklama Angry Beards, 16. 1. 2023 v 22:26 hod.; Lidl \u010cesk\u00e1 republika v.o.s. \/ Televize Barrandov<br \/>\n&#8211; reklama Lidl, 7. 2. 2023 v 4:54 hod.; Mountfield a.s. \/ Prima &#8211; reklama Mountfield (Sleva 50 % na<br \/>\nv\u0161echno), 21. 2. 2023 v 20:01 hod. a Fio banka, a.s. \/ Prima &#8211; reklama Fio banka (kompletn\u00ed<br \/>\nbankovn\u00ed slu\u017eby), 20. 2. 2023 v 20:17 hod.; Otev\u0159en\u00fd dopis ohledn\u011b zp\u0159\u00edstup\u0148ov\u00e1n\u00ed vys\u00edl\u00e1n\u00ed<br \/>\nosob\u00e1m se sluchov\u00fdm posti\u017een\u00edm v obdob\u00ed prezidentsk\u00fdch voleb; Reakce na pod\u00e1n\u00ed t\u00fdkaj\u00edc\u00ed se<br \/>\nvyj\u00e1d\u0159en\u00ed Rady \u010cesk\u00e9 televize.<br \/>\n&#8211; Rada v r\u00e1mci sv\u00e9 p\u016fsobnosti dan\u00e9 ustanoven\u00edm \u00a7 5 odst. 1 p\u00edsm. a) a f) a \u00a7 59 odst. 1-3 z\u00e1kona<br \/>\n\u010d. 231\/2001 Sb., o provozov\u00e1n\u00ed rozhlasov\u00e9ho a televizn\u00edho vys\u00edl\u00e1n\u00ed a o zm\u011bn\u011b dal\u0161\u00edch z\u00e1kon\u016f (d\u00e1le<br \/>\njen z\u00e1kon \u010d. 231\/2001 Sb.), v platn\u00e9m zn\u011bn\u00ed, upozor\u0148uje provozovatele TV Nova s.r.o., I\u010c<br \/>\n45800456, s\u00eddlem K\u0159\u00ed\u017eeneck\u00e9ho n\u00e1m\u011bst\u00ed 1078\/5a, Praha 5, PS\u010c 15200, na poru\u0161en\u00ed ustanoven\u00ed<br \/>\n\u00a7 32 odst. 1 p\u00edsm. n) z\u00e1kona \u010d. 231\/2001 Sb., kter\u00e9ho se dopustil t\u00edm, \u017ee dne 9. \u00fanora 2023 ve<br \/>\n20:20 hodin na programu NOVA neuv\u00e1d\u011bl v pr\u016fb\u011bhu vys\u00edl\u00e1n\u00ed ozn\u00e1men\u00ed o sponzorov\u00e1n\u00ed po\u0159adu<br \/>\nZlat\u00e1 labu\u0165 (sponzorsk\u00e1 ozn\u00e1men\u00ed FeelEco a Bellasin) ozna\u010den\u00ed televizn\u00edho programu (logo), \u010d\u00edm\u017e<br \/>\nse dopustil poru\u0161en\u00ed povinnosti uv\u00e1d\u011bt ozna\u010den\u00ed televizn\u00edho programu (logo) v televizn\u00edm vys\u00edl\u00e1n\u00ed,<br \/>\ns v\u00fdjimkou vys\u00edl\u00e1n\u00ed reklamy a teleshoppingu. Rada stanovuje lh\u016ftu k n\u00e1prav\u011b 7 dn\u016f od doru\u010den\u00ed<br \/>\nupozorn\u011bn\u00ed.<br \/>\n&#8211; Rada v r\u00e1mci sv\u00e9 p\u016fsobnosti dan\u00e9 ustanoven\u00edm \u00a7 5 odst. 1 p\u00edsm. a) a f) a \u00a7 59 odst. 1-3 z\u00e1kona<br \/>\n\u010d. 231\/2001 Sb., o provozov\u00e1n\u00ed rozhlasov\u00e9ho a televizn\u00edho vys\u00edl\u00e1n\u00ed a o zm\u011bn\u011b dal\u0161\u00edch z\u00e1kon\u016f (d\u00e1le<br \/>\njen z\u00e1kon \u010d. 231\/2001 Sb.), v platn\u00e9m zn\u011bn\u00ed, upozor\u0148uje provozovatele FTV Prima, spol. s r.o., I\u010c<br \/>\n48115908, s\u00eddlem Vinohradsk\u00e1 3217\/167, Praha 10, PS\u010c 100 00, na poru\u0161en\u00ed ustanoven\u00ed \u00a7 53<br \/>\nodst. 5 z\u00e1kona \u010d. 231\/2001 Sb., kter\u00e9ho se dopustil t\u00edm, \u017ee dne 11. \u00fanora 2023 odvys\u00edlal v 07:30<br \/>\na 08:52 hodin na programu CNN Prima News ozn\u00e1men\u00ed o sponzorov\u00e1n\u00ed programu spole\u010dnost\u00ed Den<br \/>\nBraven Czech and Slovak, a.s., p\u0159i\u010dem\u017e p\u0159edm\u011btn\u00e1 ozn\u00e1men\u00ed byla odvys\u00edl\u00e1na bezprost\u0159edn\u011b p\u0159ed<br \/>\nza\u010d\u00e1tkem po\u0159adu Zpr\u00e1vy+ a bezprost\u0159edn\u011b po skon\u010den\u00ed po\u0159adu Prima \u010cesko, co\u017e z\u00e1kon<br \/>\nneumo\u017e\u0148uje. Rada stanovuje lh\u016ftu k n\u00e1prav\u011b 7 dn\u016f od doru\u010den\u00ed upozorn\u011bn\u00ed.<br \/>\n&#8211; Rada v r\u00e1mci sv\u00e9 kompetence dan\u00e9 \u00a7 5 odst. 1 p\u00edsm. a) a f) z\u00e1kona \u010d. 231\/2001 Sb., o<br \/>\nprovozov\u00e1n\u00ed rozhlasov\u00e9ho a televizn\u00edho vys\u00edl\u00e1n\u00ed a o zm\u011bn\u011b dal\u0161\u00edch z\u00e1kon\u016f, v platn\u00e9m zn\u011bn\u00ed (d\u00e1le<br \/>\njen \u201ez\u00e1kon \u010d. 231\/2001 Sb.\u201c) a v souladu s ustanoven\u00edm \u00a7 137 odst. 1 z\u00e1kona \u010d. 500\/2004 Sb., spr\u00e1vn\u00ed \u0159\u00e1d, (d\u00e1le jen \u201ez\u00e1kon \u010d. 500\/2004 Sb.\u201c) \u017e\u00e1d\u00e1 provozovatele FTV Prima, spol. s r.o., I\u010c<br \/>\n48115908, s\u00eddlem Vinohradsk\u00e1 3217\/167, Praha 10, PS\u010c 100 00, o pod\u00e1n\u00ed vysv\u011btlen\u00ed, o jak\u00fd typ<br \/>\nobchodn\u00edho sd\u011blen\u00ed se jednalo v p\u0159\u00edpad\u011b sponzorsk\u00e9ho ozn\u00e1men\u00ed spole\u010dnosti DOBROVSK\u00dd s.r.o.,<br \/>\nodvys\u00edlan\u00e9ho dne 11. \u00fanora 2023 v 09:27 hodin na programu CNN Prima News, konkr\u00e9tn\u011b zda se<br \/>\njednalo o ozn\u00e1men\u00ed sponzora programu CNN Prima News nebo o ozn\u00e1men\u00ed sponzora po\u0159adu<br \/>\nPrima sv\u011bt, resp. z jak\u00e9ho d\u016fvodu bylo ozn\u00e1men\u00ed ve vizu\u00e1ln\u00ed slo\u017ece ozna\u010deno jako sponzor po\u0159adu<br \/>\na ve verb\u00e1ln\u00ed slo\u017ece jako\u017eto sponzor programu. Rada stanovuje lh\u016ftu k pod\u00e1n\u00ed vysv\u011btlen\u00ed 30 dn\u00ed<br \/>\node dne doru\u010den\u00ed t\u00e9to v\u00fdzvy.<br \/>\n&#8211; Rada v r\u00e1mci sv\u00e9 kompetence dan\u00e9 \u00a7 5 odst. 1 p\u00edsm. a) a f) z\u00e1kona \u010d. 231\/2001 Sb., o<br \/>\nprovozov\u00e1n\u00ed rozhlasov\u00e9ho a televizn\u00edho vys\u00edl\u00e1n\u00ed a o zm\u011bn\u011b dal\u0161\u00edch z\u00e1kon\u016f, v platn\u00e9m zn\u011bn\u00ed (d\u00e1le<br \/>\njen \u201ez\u00e1kon \u010d. 231\/2001 Sb.\u201c) a v souladu s ustanoven\u00edm \u00a7 137 odst. 1 z\u00e1kona \u010d. 500\/2004 Sb.,<br \/>\nspr\u00e1vn\u00ed \u0159\u00e1d, (d\u00e1le jen \u201ez\u00e1kon \u010d. 500\/2004 Sb.\u201c) \u017e\u00e1d\u00e1 provozovatele FTV Prima, spol. s r.o., I\u010c<br \/>\n48115908, s\u00eddlem Vinohradsk\u00e1 3217\/167, Praha 10, PS\u010c 100 00, o pod\u00e1n\u00ed vysv\u011btlen\u00ed, na z\u00e1klad\u011b<br \/>\njak\u00fdch smluvn\u00edch ujedn\u00e1n\u00ed nebo jin\u00fdch dohod odvys\u00edlal rozhovor s v\u00fdkonn\u00fdm \u0159editelem spole\u010dnosti<br \/>\nDamejidlo.cz Adamem Kolesou (p\u0159\u00edsp\u011bvek Jak si objednat dobr\u00e9 j\u00eddlo), za\u0159azen\u00fd jako sou\u010d\u00e1st<br \/>\npo\u0159adu Nov\u00fd den, odvys\u00edlan\u00e9ho dne 9. \u00fanora 2023 od 06:00 hodin na programu CNN Prima News.<br \/>\nRada stanovuje lh\u016ftu k pod\u00e1n\u00ed vysv\u011btlen\u00ed 30 dn\u00ed ode dne doru\u010den\u00ed t\u00e9to v\u00fdzvy.<br \/>\n&#8211; Rada v r\u00e1mci sv\u00e9 p\u016fsobnosti dan\u00e9 ustanoven\u00edm \u00a7 5 odst. 1 p\u00edsm. a) a f) a \u00a7 59 odst. 1-3 z\u00e1kona<br \/>\n\u010d. 231\/2001 Sb., o provozov\u00e1n\u00ed rozhlasov\u00e9ho a televizn\u00edho vys\u00edl\u00e1n\u00ed a o zm\u011bn\u011b dal\u0161\u00edch z\u00e1kon\u016f (d\u00e1le<br \/>\njen z\u00e1kon \u010d. 231\/2001 Sb.), v platn\u00e9m zn\u011bn\u00ed, upozor\u0148uje provozovatele Barrandov Televizn\u00ed Studio<br \/>\na.s., I\u010c 41693311, s\u00eddlem K\u0159\u00ed\u017eeneck\u00e9ho n\u00e1m\u011bst\u00ed 322\/5, Praha 5, PS\u010c 152 00, na poru\u0161en\u00ed<br \/>\nustanoven\u00ed \u00a7 53a odst. 3 z\u00e1kona \u010d. 231\/2001 Sb., kter\u00e9ho se dopustil t\u00edm, \u017ee dne 10. \u00fanora 2023<br \/>\nod 16:00 hodin na programu Televize Barrandov odvys\u00edlal po\u0159ad Drbny, kter\u00fd je po\u0159adem s<br \/>\num\u00edst\u011bn\u00edm produktu, p\u0159i\u010dem\u017e po\u0159ad byl jako\u017eto po\u0159ad obsahuj\u00edc\u00ed um\u00edst\u011bn\u00ed produktu ozna\u010den pouze<br \/>\nna sv\u00e9m za\u010d\u00e1tku a konci, po p\u0159eru\u0161en\u00ed reklamou ozna\u010den\u00ed chyb\u011blo. Po\u0159ady obsahuj\u00edc\u00ed um\u00edst\u011bn\u00ed<br \/>\nproduktu musej\u00ed b\u00fdt na za\u010d\u00e1tku, na konci a v p\u0159\u00edpad\u011b p\u0159eru\u0161en\u00ed reklamou nebo teleshoppingov\u00fdmi<br \/>\n\u0161oty rovn\u011b\u017e po tomto p\u0159eru\u0161en\u00ed z\u0159eteln\u011b ozna\u010deny jako po\u0159ady obsahuj\u00edc\u00ed um\u00edst\u011bn\u00ed produktu, aby<br \/>\ndiv\u00e1ci nemohli b\u00fdt \u017e\u00e1dn\u00fdm zp\u016fsobem uvedeni v omyl o povaze t\u011bchto po\u0159ad\u016f. Rada stanovuje<br \/>\nlh\u016ftu k n\u00e1prav\u011b 7 dn\u016f od doru\u010den\u00ed upozorn\u011bn\u00ed.<br \/>\n&#8211; Rada se sezn\u00e1mila s podan\u00fdm vysv\u011btlen\u00edm provozovatele \u010cESK\u00c1 TELEVIZE, I\u010c 00027383,<br \/>\ns\u00eddlem Na h\u0159ebenech II 1132\/4, Praha 4, PS\u010c 14700, z jak\u00e9ho d\u016fvodu byla ke zpravodajsk\u00e9mu<br \/>\np\u0159\u00edsp\u011bvku Dokumenty k prezidentsk\u00e9 kandidatu\u0159e dodalo 12 uchaze\u010d\u016f, odvys\u00edlan\u00e9ho jako sou\u010d\u00e1st<br \/>\nzpravodajsk\u00e9 relace Zpr\u00e1vy v \u010desk\u00e9m znakov\u00e9m jazyce dne 7. listopadu 2022 od 19:50 hodin na<br \/>\nprogramu \u010cT2, jako obrazov\u00fd doprovod zvolena fotografie zachycuj\u00edc\u00ed v\u00fdhradn\u011b jednu z<br \/>\nkandid\u00e1tek na post prezidenta \u010cesk\u00e9 republiky, Danu\u0161i Nerudovou.<br \/>\n&#8211; Rada v r\u00e1mci sv\u00e9 p\u016fsobnosti dan\u00e9 ustanoven\u00edm \u00a7 5 odst. 1 p\u00edsm. a) a f) a \u00a7 59 odst. 1-3 z\u00e1kona<br \/>\n\u010d. 231\/2001 Sb., o provozov\u00e1n\u00ed rozhlasov\u00e9ho a televizn\u00edho vys\u00edl\u00e1n\u00ed a o zm\u011bn\u011b dal\u0161\u00edch z\u00e1kon\u016f (d\u00e1le<br \/>\njen \u201ez\u00e1kon \u010d. 231\/2001 Sb.\u201c), v platn\u00e9m zn\u011bn\u00ed, upozor\u0148uje provozovatele vys\u00edl\u00e1n\u00ed \u010cesk\u00e1 televize,<br \/>\nI\u010c: 00027383, s\u00eddlem: Kav\u010d\u00ed hory, Praha 4, PS\u010c 140 70, na poru\u0161en\u00ed ustanoven\u00ed \u00a7 31 odst. 3<br \/>\nz\u00e1kona \u010d. 231\/2001 Sb., jeho\u017e se dopustil odvys\u00edl\u00e1n\u00edm po\u0159adu Zpr\u00e1vy v \u010desk\u00e9m znakov\u00e9m jazyce,<br \/>\nrespektive p\u0159\u00edsp\u011bvku Dokumenty k prezidentsk\u00e9 kandidatu\u0159e dodalo 12 uchaze\u010d\u016f, dne 7. listopadu<br \/>\n2022 od 19:50 hodin na programu \u010cT2, kdy jako obrazov\u00fd doprovod zpravodajsk\u00e9ho p\u0159\u00edsp\u011bvku<br \/>\nbyla zvolena fotografie zachycuj\u00edc\u00ed v\u00fdhradn\u011b jednu z kandid\u00e1tek na prezidenta \u010cesk\u00e9 republiky,<br \/>\nDanu\u0161i Nerudovou, \u010d\u00edm\u017e mohlo doj\u00edt k favorizov\u00e1n\u00ed t\u00e9to kandid\u00e1tky oproti ostatn\u00edm uchaze\u010d\u016fm na<br \/>\ndan\u00fd post. T\u00edmto jedn\u00e1n\u00edm se provozovatel dopustil poru\u0161en\u00ed povinnosti zajistit, aby ve<br \/>\nzpravodajsk\u00fdch a politicko-publicistick\u00fdch po\u0159adech bylo db\u00e1no z\u00e1sad objektivity a vyv\u00e1\u017eenosti a<br \/>\nzejm\u00e9na nebyla v celku vys\u00edlan\u00e9ho programu jednostrann\u011b zv\u00fdhod\u0148ov\u00e1na \u017e\u00e1dn\u00e1 politick\u00e1 strana<br \/>\nnebo hnut\u00ed, pop\u0159\u00edpad\u011b jejich n\u00e1zory nebo n\u00e1zory jednotliv\u00fdch skupin ve\u0159ejnosti, a to s p\u0159ihl\u00e9dnut\u00edm<br \/>\nk jejich re\u00e1ln\u00e9mu postaven\u00ed v politick\u00e9m a spole\u010densk\u00e9m \u017eivot\u011b. Rada stanovuje lh\u016ftu k n\u00e1prav\u011b<br \/>\n7 dn\u00ed ode dne doru\u010den\u00ed tohoto upozorn\u011bn\u00ed- Rada se sezn\u00e1mila s podan\u00fdm vysv\u011btlen\u00edm provozovatele \u010cESK\u00c1 TELEVIZE, I\u010c 00027383,<br \/>\ns\u00eddlem Na h\u0159ebenech II 1132\/4, Praha 4, PS\u010c 14700, z jak\u00e9ho d\u016fvodu v report\u00e1\u017ei Duhov\u00fd coming<br \/>\nout, odvys\u00edlan\u00e9 jako sou\u010d\u00e1st publicistick\u00e9ho po\u0159adu 168 hodin dne 13. listopadu 2022 od 21:30<br \/>\nhodin na programu \u010cT1, uvedl, \u017ee n\u00e1vrh \u00fastavn\u00ed novely na definici man\u017eelstv\u00ed v\u00fdhradn\u011b jako<br \/>\nsvazku mu\u017ee a \u017eeny m\u00e1 sv\u016fj vzor v Srbsku, B\u011blorusku a Rusku, kdy\u017e v uveden\u00fdch zem\u00edch na<br \/>\nrozd\u00edl od \u010cesk\u00e9 republiky nen\u00ed legislativn\u011b ukotveno registrovan\u00e9 partnerstv\u00ed stejnopohlavn\u00edch<br \/>\np\u00e1r\u016f, a d\u00e1le, z jak\u00e9ho d\u016fvodu p\u0159edstavil Michala Pito\u0148\u00e1ka jako v\u00fdzkumn\u00edka N\u00e1rodn\u00edho \u00fastavu<br \/>\ndu\u0161evn\u00edho zdrav\u00ed, nikoli jako p\u0159edsedu spolku Queer Geography, a\u010dkoli jeho vyj\u00e1d\u0159en\u00ed p\u0159\u00edmo<br \/>\nnesouviselo s problematikou du\u0161evn\u00edho zdrav\u00ed, ale sp\u00ed\u0161e s \u010dinnost\u00ed jmenovan\u00e9ho spolku.<br \/>\n&#8211; Rada v r\u00e1mci sv\u00e9 p\u016fsobnosti dan\u00e9 ustanoven\u00edm \u00a7 5 odst. 1 p\u00edsm. a) a f) a \u00a7 59 odst. 1-3 z\u00e1kona<br \/>\n\u010d. 231\/2001 Sb., o provozov\u00e1n\u00ed rozhlasov\u00e9ho a televizn\u00edho vys\u00edl\u00e1n\u00ed a o zm\u011bn\u011b dal\u0161\u00edch z\u00e1kon\u016f (d\u00e1le<br \/>\njen \u201ez\u00e1kon \u010d. 231\/2001 Sb.\u201c), v platn\u00e9m zn\u011bn\u00ed, upozor\u0148uje provozovatele vys\u00edl\u00e1n\u00ed \u010cesk\u00e1 televize,<br \/>\nI\u010c: 00027383, s\u00eddlem: Kav\u010d\u00ed hory, Praha 4, PS\u010c 140 70, na poru\u0161en\u00ed ustanoven\u00ed \u00a7 31 odst. 3<br \/>\nz\u00e1kona \u010d. 231\/2001 Sb., jeho\u017e se dopustil odvys\u00edl\u00e1n\u00edm 168 hodin, resp. p\u0159\u00edsp\u011bvku Duhov\u00fd coming<br \/>\nout, dne 13. listopadu 2022 od 21:30 hodin na programu \u010cT1, kde uvedl, \u017ee n\u00e1vrh \u00fastavn\u00ed novely<br \/>\nna definici man\u017eelstv\u00ed v\u00fdhradn\u011b jako svazku mu\u017ee a \u017eeny m\u00e1 sv\u016fj vzor v Srbsku, B\u011blorusku a<br \/>\nRusku, p\u0159esto\u017ee v uveden\u00fdch zem\u00edch na rozd\u00edl od \u010cesk\u00e9 republiky nen\u00ed legislativn\u011b ukotveno<br \/>\nregistrovan\u00e9 partnerstv\u00ed stejnopohlavn\u00edch p\u00e1r\u016f a nelze tedy dan\u00e9 pr\u00e1vn\u00ed r\u00e1mce stav\u011bt narove\u0148. V<br \/>\nreport\u00e1\u017ei tak nezazn\u011bly v\u0161echny informace nezbytn\u00e9 k tomu, aby si div\u00e1k mohl na v\u011bc utvo\u0159it sv\u016fj<br \/>\nsvobodn\u00fd n\u00e1zor. Rada stanovuje lh\u016ftu k n\u00e1prav\u011b 7 dn\u00ed ode dne doru\u010den\u00ed tohoto upozorn\u011bn\u00ed.<br \/>\n&#8211; Rada se sezn\u00e1mila s podan\u00fdm vysv\u011btlen\u00edm provozovatele \u010cESK\u00c1 TELEVIZE, I\u010c 00027383,<br \/>\ns\u00eddlem Na h\u0159ebenech II 1132\/4, Praha 4, PS\u010c 14700, z jak\u00e9ho d\u016fvodu v report\u00e1\u017ei Milost pro<br \/>\n\u0161amany, odvys\u00edlan\u00e9 jako sou\u010d\u00e1st publicistick\u00e9ho po\u0159adu 168 hodin, dne 20. listopadu 2022 od<br \/>\n21:25 hodin na programu \u010cT1, nezazn\u011bl tak\u00e9 odborn\u00fd n\u00e1zor tematizuj\u00edc\u00ed rizika u\u017e\u00edv\u00e1n\u00ed l\u00e1tky DMT<br \/>\n(resp. psychotropn\u00edch l\u00e1tek) v prost\u0159ed\u00ed bez odborn\u00e9ho (l\u00e9ka\u0159sk\u00e9ho) dohledu.<br \/>\n&#8211; Rada v r\u00e1mci sv\u00e9 p\u016fsobnosti dan\u00e9 ustanoven\u00edm \u00a7 5 odst. 1 p\u00edsm. a) a f) a \u00a7 59 odst. 1-3 z\u00e1kona<br \/>\n\u010d. 231\/2001 Sb., o provozov\u00e1n\u00ed rozhlasov\u00e9ho a televizn\u00edho vys\u00edl\u00e1n\u00ed a o zm\u011bn\u011b dal\u0161\u00edch z\u00e1kon\u016f (d\u00e1le<br \/>\njen \u201ez\u00e1kon \u010d. 231\/2001 Sb.\u201c), v platn\u00e9m zn\u011bn\u00ed, upozor\u0148uje provozovatele vys\u00edl\u00e1n\u00ed \u010cesk\u00e1 televize,<br \/>\nI\u010c: 00027383, s\u00eddlem: Kav\u010d\u00ed hory, Praha 4, PS\u010c 140 70, na poru\u0161en\u00ed ustanoven\u00ed \u00a7 31 odst. 2<br \/>\nz\u00e1kona \u010d. 231\/2001 Sb., jeho\u017e se dopustil odvys\u00edl\u00e1n\u00edm po\u0159adu 168 hodin, resp. p\u0159\u00edsp\u011bvku Milost<br \/>\npro \u0161amany, dne 20. listopadu 2022 v 21:25 hodin na programu \u010cT1, kdy v tomto p\u0159\u00edsp\u011bvku<br \/>\nnezazn\u011bl \u017e\u00e1dn\u00fd odborn\u00fd n\u00e1zor tematizuj\u00edc\u00ed rizika u\u017e\u00edv\u00e1n\u00ed psychotropn\u00ed l\u00e1tky DMT v prost\u0159ed\u00ed bez<br \/>\nodborn\u00e9ho (l\u00e9ka\u0159sk\u00e9ho) dohledu a div\u00e1k tak mohl po zhl\u00e9dnut\u00ed report\u00e1\u017ee dosp\u011bt k p\u0159esv\u011bd\u010den\u00ed, \u017ee<br \/>\nu\u017e\u00edv\u00e1n\u00ed a distribuce DMT p\u0159edstavuje nulovou spole\u010denskou nebezpe\u010dnost, p\u0159esto\u017ee absence<br \/>\nvzniku z\u00e1vislosti na t\u00e9to l\u00e1tce a jej\u00ed potenci\u00e1ln\u00ed l\u00e9\u010debn\u00fd efekt neimplikuj\u00ed, \u017ee laick\u00e9 u\u017e\u00edv\u00e1n\u00ed l\u00e1tek<br \/>\nzp\u016fsobuj\u00edc\u00edch zm\u011bny v\u011bdom\u00ed, je zcela bezpe\u010dn\u00e9 a jednozna\u010dn\u011b prosp\u011b\u0161n\u00e9. V report\u00e1\u017ei tak<br \/>\nnezazn\u011bly v\u0161echny informace nezbytn\u00e9 k tomu, aby si div\u00e1k mohl na v\u011bc utvo\u0159it sv\u016fj svobodn\u00fd<br \/>\nn\u00e1zor. Rada stanovuje lh\u016ftu k n\u00e1prav\u011b 7 dn\u00ed ode dne doru\u010den\u00ed tohoto upozorn\u011bn\u00ed.<br \/>\n&#8211; Rada se sezn\u00e1mila s reakc\u00ed provozovatele Magical roof s.r.o., na upozorn\u011bn\u00ed na poru\u0161en\u00ed<br \/>\nz\u00e1kona, kter\u00e9ho se dopustil t\u00edm, \u017ee dne 11. 12. 2022 od 14:45 hodin na programu JOJ Family<br \/>\nodvys\u00edlal po\u0159ad Nahota na prodej, kter\u00fd obsahoval vulgarismy a nad\u00e1vky.<br \/>\n&#8211; Rada se sezn\u00e1mila s vyj\u00e1d\u0159en\u00edm provozovatele Obec Zd\u011bchov k transpozici Sm\u011brnice o<br \/>\naudiovizu\u00e1ln\u00edch medi\u00e1ln\u00edch slu\u017eb\u00e1ch.<br \/>\n&#8211; Rada se sezn\u00e1mila s vyrozum\u011bn\u00edm ve\u0159ejn\u00e9ho ochr\u00e1nce pr\u00e1v ve v\u011bci po\u0159adu Infiltrace: Obchod<br \/>\ns nad\u011bj\u00ed odvys\u00edlan\u00e9ho dne 12. dubna 2021 na programu \u010cT1.AUDIOVIZU\u00c1LN\u00cd MEDI\u00c1LN\u00cd SLU\u017dBY NA VY\u017d\u00c1D\u00c1N\u00cd<br \/>\n&#8211; Rada v r\u00e1mci sv\u00e9 p\u016fsobnosti dan\u00e9 ustanoven\u00edm \u00a7 4 odst. 1 z\u00e1kona \u010d. 132\/2010 Sb., o<br \/>\naudiovizu\u00e1ln\u00edch medi\u00e1ln\u00edch slu\u017eb\u00e1ch na vy\u017e\u00e1d\u00e1n\u00ed a o zm\u011bn\u011b dal\u0161\u00edch z\u00e1kon\u016f (d\u00e1le jen z\u00e1kon<br \/>\n\u010d. 132\/2010 Sb.), v platn\u00e9m zn\u011bn\u00ed, bere na v\u011bdom\u00ed ukon\u010den\u00ed poskytov\u00e1n\u00ed audiovizu\u00e1ln\u00ed medi\u00e1ln\u00ed<br \/>\nslu\u017eby na vy\u017e\u00e1d\u00e1n\u00ed Videop\u016fj\u010dovna, um\u00edst\u011bn\u00e9 na internetov\u00e9 adrese www.iprimacz\/videopujcovna,<br \/>\nposkytovatele FTV Prima, spol. s r.o., I\u010c 48115908, s\u00eddlem Vinohradsk\u00e1 3217\/167, Praha 10,<br \/>\n100 00 a prov\u00e1d\u00ed v\u00fdmaz poskytovatele FTV Prima, spol. s r.o., I\u010c 48115908, s\u00eddlem Vinohradsk\u00e1<br \/>\n3217\/167, Praha 10, 100 00, ze Seznamu poskytovatel\u016f audiovizu\u00e1ln\u00edch medi\u00e1ln\u00edch slu\u017eeb na<br \/>\nvy\u017e\u00e1d\u00e1n\u00ed, v souvislosti s ukon\u010den\u00edm poskytov\u00e1n\u00ed slu\u017eby Videop\u016fj\u010dovna, dostupn\u00e9 na internetov\u00e9<br \/>\nadrese www.iprimacz\/videopujcovna.<br \/>\n&#8211; Rada v r\u00e1mci sv\u00e9 p\u016fsobnosti dan\u00e9 ustanoven\u00edm \u00a7 4 odst. 1 z\u00e1kona \u010d. 132\/2010 Sb., o<br \/>\naudiovizu\u00e1ln\u00edch medi\u00e1ln\u00edch slu\u017eb\u00e1ch na vy\u017e\u00e1d\u00e1n\u00ed a o zm\u011bn\u011b dal\u0161\u00edch z\u00e1kon\u016f (d\u00e1le jen z\u00e1kon<br \/>\n\u010d. 132\/2010 Sb.), v platn\u00e9m zn\u011bn\u00ed, bere na v\u011bdom\u00ed zm\u011bnu evidovan\u00fdch \u00fadaj\u016f audiovizu\u00e1ln\u00ed<br \/>\nmedi\u00e1ln\u00ed slu\u017eby na vy\u017e\u00e1d\u00e1n\u00ed iPrima, um\u00edst\u011bn\u00e9 na internetov\u00e9 adrese www.iprima.cz, poskytovatele<br \/>\nFTV Prima, spol. s r.o., I\u010c 48115908, s\u00eddlem Vinohradsk\u00e1 3217\/167, Praha 10, 100 00 a zapisuje<br \/>\nzm\u011bnu poskytovatele slu\u017eby iPrima, spole\u010dnosti FTV Prima, spol. s r.o., I\u010c 48115908, s\u00eddlem<br \/>\nVinohradsk\u00e1 3217\/167, Praha 10, 100 00, spo\u010d\u00edvaj\u00edc\u00ed ve zm\u011bn\u011b n\u00e1zvu slu\u017eby z iPrima na Prima+,<br \/>\ndostupn\u00e9 na internetov\u00fdch adres\u00e1ch www.iprima.cz a www.primaplus.cz.<br \/>\n&#8211; Rada se sezn\u00e1mila s podan\u00fdm vysv\u011btlen\u00edm poskytovatele Petra Tron\u00ed\u010dka, zdali do\u0161lo vzhledem<br \/>\nk nefunk\u010dnosti str\u00e1nek k p\u0159eru\u0161en\u00ed, \u010di k ukon\u010den\u00ed poskytov\u00e1n\u00ed audiovizu\u00e1ln\u00ed medi\u00e1ln\u00ed slu\u017eby na<br \/>\nvy\u017e\u00e1d\u00e1n\u00ed Krajsk\u00e1 internetov\u00e1 televize pro Karlovarsk\u00fd kraj (TV Z\u00e1pad).<br \/>\n&#8211; Rada v r\u00e1mci sv\u00e9 p\u016fsobnosti dan\u00e9 ustanoven\u00edm \u00a7 4 odst. 1 z\u00e1kona \u010d. 132\/2010 Sb., o<br \/>\naudiovizu\u00e1ln\u00edch medi\u00e1ln\u00edch slu\u017eb\u00e1ch na vy\u017e\u00e1d\u00e1n\u00ed a o zm\u011bn\u011b dal\u0161\u00edch z\u00e1kon\u016f (d\u00e1le jen z\u00e1kon<br \/>\n\u010d. 132\/2010 Sb.), v platn\u00e9m zn\u011bn\u00ed, bere na v\u011bdom\u00ed ukon\u010den\u00ed poskytov\u00e1n\u00ed audiovizu\u00e1ln\u00ed medi\u00e1ln\u00ed<br \/>\nslu\u017eby na vy\u017e\u00e1d\u00e1n\u00ed Krajsk\u00e1 internetov\u00e1 televize pro Karlovarsk\u00fd kraj, um\u00edst\u011bn\u00e9 na internetov\u00e9<br \/>\nadrese tv.zapad.cz., poskytovatele Petra Tron\u00ed\u010dka, I\u010c 48115908, I\u010c 46827765, se s\u00eddlem Do Z\u00e1ti\u0161\u00ed<br \/>\n1470\/24, Cheb, PS\u010c 35002, prov\u00e1d\u00ed v\u00fdmaz poskytovatele Petra Tron\u00ed\u010dka, I\u010c 48115908, I\u010c<br \/>\n46827765, se s\u00eddlem Do Z\u00e1ti\u0161\u00ed 1470\/24, Cheb, PS\u010c 35002, ze Seznamu poskytovatel\u016f<br \/>\naudiovizu\u00e1ln\u00edch medi\u00e1ln\u00edch slu\u017eeb na vy\u017e\u00e1d\u00e1n\u00ed, v souvislosti s ukon\u010den\u00edm poskytov\u00e1n\u00ed slu\u017eby<br \/>\nKrajsk\u00e1 internetov\u00e1 televize pro Karlovarsk\u00fd kraj, dostupn\u00e9 na internetov\u00e9 adrese tv.zapad.cz.<\/p>\n<p>V Praze dne 9. 3. 2023<br \/>\nIng. arch. V\u00e1clav Mencl<br \/>\np\u0159edseda Rady pro rozhlasov\u00e9<br \/>\na televizn\u00ed vys\u00edl\u00e1n\u00ed<br \/>\nkontakt: podatelna@rrtv.cz<br \/>\n274 813 830<\/p>\n","protected":false},"excerpt":{"rendered":"<p>Rada pro rozhlasov\u00e9 a televizn\u00ed vys\u00edl\u00e1n\u00ed (d\u00e1le jen &#8222;Rada&#8220;) na sv\u00e9m 4. zased\u00e1n\u00ed projednala 26 bod\u016f programu. Vyhodnotila 24 st\u00ed\u017enost\u00ed div\u00e1k\u016f a poslucha\u010d\u016f, vydala sedm upozorn\u011bn\u00ed na poru\u0161en\u00ed z\u00e1kona.<\/p>\n","protected":false},"author":9,"featured_media":0,"comment_status":"open","ping_status":"open","sticky":false,"template":"","format":"standard","meta":{"ngg_post_thumbnail":0,"footnotes":""},"categories":[11],"tags":[],"class_list":["post-13306","post","type-post","status-publish","format-standard","hentry","category-ozvena"],"_links":{"self":[{"href":"https:\/\/www.ladislavjakl.cz\/index.php?rest_route=\/wp\/v2\/posts\/13306","targetHints":{"allow":["GET"]}}],"collection":[{"href":"https:\/\/www.ladislavjakl.cz\/index.php?rest_route=\/wp\/v2\/posts"}],"about":[{"href":"https:\/\/www.ladislavjakl.cz\/index.php?rest_route=\/wp\/v2\/types\/post"}],"author":[{"embeddable":true,"href":"https:\/\/www.ladislavjakl.cz\/index.php?rest_route=\/wp\/v2\/users\/9"}],"replies":[{"embeddable":true,"href":"https:\/\/www.ladislavjakl.cz\/index.php?rest_route=%2Fwp%2Fv2%2Fcomments&post=13306"}],"version-history":[{"count":1,"href":"https:\/\/www.ladislavjakl.cz\/index.php?rest_route=\/wp\/v2\/posts\/13306\/revisions"}],"predecessor-version":[{"id":13307,"href":"https:\/\/www.ladislavjakl.cz\/index.php?rest_route=\/wp\/v2\/posts\/13306\/revisions\/13307"}],"wp:attachment":[{"href":"https:\/\/www.ladislavjakl.cz\/index.php?rest_route=%2Fwp%2Fv2%2Fmedia&parent=13306"}],"wp:term":[{"taxonomy":"category","embeddable":true,"href":"https:\/\/www.ladislavjakl.cz\/index.php?rest_route=%2Fwp%2Fv2%2Fcategories&post=13306"},{"taxonomy":"post_tag","embeddable":true,"href":"https:\/\/www.ladislavjakl.cz\/index.php?rest_route=%2Fwp%2Fv2%2Ftags&post=13306"}],"curies":[{"name":"wp","href":"https:\/\/api.w.org\/{rel}","templated":true}]}}