{"id":1331,"date":"2011-10-21T15:22:51","date_gmt":"2011-10-21T14:22:51","guid":{"rendered":"http:\/\/www.ladislavjakl.cz\/?p=1331"},"modified":"2011-10-21T15:22:51","modified_gmt":"2011-10-21T14:22:51","slug":"klausova-milost-havlovi-psychiatri-zase-na-scene","status":"publish","type":"post","link":"https:\/\/www.ladislavjakl.cz\/?p=1331","title":{"rendered":"Klausova milost. Havlovi psychiat\u0159i zase na sc\u00e9n\u011b?"},"content":{"rendered":"<p>Nad nejnov\u011bj\u0161\u00ed kauzou t\u00fdden\u00edku Respekt se vzn\u00e1\u0161\u00ed \u0159ada pochybnost\u00ed. \u00datok na Klause je op\u011bt veden z prost\u0159ed\u00ed psychosomatik\u016f.<\/p>\n<p><!--more-->Bakal\u016fv Respekt, kter\u00fd o prezidentu Klausovi s respektem p\u0159\u00edli\u0161  nep\u00ed\u0161e, odstartoval dal\u0161\u00ed kauzu, kter\u00e1 m\u00e1 vyl\u00ed\u010dit Hrad jako m\u00edsto  korupce a zlo\u010dinu. Prezidentsk\u00e9 milosti se pr\u00fd daj\u00ed koupit za pen\u00edze,  tvrd\u00ed, a p\u0159in\u00e1\u0161\u00ed p\u0159\u00edb\u011bh \u017eeny, b\u00fdval\u00e9 policistky Radky Kadlecov\u00e9  odsouzen\u00e9 za bran\u00ed \u00faplatk\u016f. Ta se m\u011bla sv\u00e9mu psychiatrovi sv\u011b\u0159it, \u017ee j\u00ed  byla koupena prezidentsk\u00e1 milost.<\/p>\n<p>Nad p\u0159\u00edpadem, kter\u00fd Respekt tak barvit\u011b popsal, neodbytn\u011b krou\u017e\u00ed st\u00edn  podez\u0159en\u00ed, do jak\u00e9 m\u00edry jde o vykonstruovanou kauzu, kter\u00e1 m\u00e1 po\u0161kodit  prezidenta a jeho spolupracovn\u00edky. U\u017e samotn\u00fd fakt, \u017ee s p\u0159\u00edpadem p\u0159i\u0161el  pr\u00e1v\u011b Respekt uhlobarona Bakaly, d\u00e1v\u00e1 tu\u0161it, odkud v\u00edtr fouk\u00e1.<\/p>\n<p>Prezidentsk\u00e9 milosti jsou toti\u017e jedn\u00edm z nejst\u0159e\u017een\u011bj\u0161\u00edch tajemstv\u00ed,  jejich\u017e mechanismus ud\u00edlen\u00ed Hrad pe\u010dliv\u011b taj\u00ed. Pr\u00e1v\u011b proto, aby nebylo  jasn\u00e9, jak proces prob\u00edh\u00e1 a nemohl b\u00fdt potenci\u00e1ln\u011b zneu\u017eiteln\u00fd a zvenku  manipulovateln\u00fd. Kdy\u017e se jednou prezident\u016fv tajemn\u00edk Ladislav Jakl  trochu v\u00edce rozhovo\u0159il a poodkryl tuto rou\u0161ku, dostal za to od  prezidenta vynad\u00e1no. Dodnes to pova\u017euje za svou nejv\u011bt\u0161\u00ed chybu.<\/p>\n<p>P\u0159esto Respekt vyrukoval se zaru\u010den\u00fdmi informacemi o tom, \u017ee se na  Hrad\u011b s milostmi (kter\u00fdch je p\u0159itom podstatn\u011b m\u00e9n\u011b ne\u017e za Klausova  p\u0159edch\u016fdce) vesele kup\u010d\u00ed. To p\u0159\u00edli\u0161 ned\u00e1v\u00e1 smysl.<\/p>\n<p><strong>St\u00e1le stejn\u00e1 parta<\/strong><\/p>\n<p>Zaj\u00edmav\u011bj\u0161\u00ed ale je, odkud se ono obvin\u011bn\u00ed vzalo. P\u0159i\u0161el s n\u00edm l\u00e9ka\u0159  psychiatr, kter\u00fd se roky tr\u00e1pil s t\u00edm, zda informaci, se kterou se  setkal v r\u00e1mci v\u00fdkonu sv\u00e9ho povol\u00e1n\u00ed a kter\u00e1 spad\u00e1 pod l\u00e9ka\u0159sk\u00e9  tajemstv\u00ed, pustit do sv\u011bta. Nakonec ji pustil a na\u010dasoval si to p\u0159esn\u011b  do doby, kdy pomalu ale jist\u011b b\u011b\u017e\u00ed u\u017e n\u011bkolik m\u011bs\u00edc\u016f v m\u00e9di\u00edch siln\u00e1  protihradn\u00ed kampa\u0148.<\/p>\n<p>Nep\u0159ipom\u00edn\u00e1 v\u00e1m to n\u011bco? L\u00e9ka\u0159i, psychiat\u0159i, spiklenci. \u017de by op\u011bt  dal\u0161\u00ed pokus prohavlisticky orientovan\u00fdch l\u00e9ka\u0159\u016f diskreditovat  prezidenta?<\/p>\n<p>Doktor Martin Kone\u010dn\u00fd, hrdina p\u0159\u00edb\u011bhu, se toti\u017e do t\u00e9to skupiny  v\u00fdborn\u011b hod\u00ed. Minim\u00e1ln\u011b se zn\u00e1 s dr. Vladislavem Chv\u00e1lou, sexuologem a  psychoterapeutem, kter\u00e9ho p\u0159ed dv\u011bma lety oslovil Jan Hn\u00edzdil, zda by se  necht\u011bl p\u0159ipojit k jeho iniciativ\u011b prohl\u00e1sit Klause bl\u00e1znem, proto\u017ee  nechce podepsat Lisabonskou smlouvu. Chv\u00e1la pr\u00fd tehdy odm\u00edtl, proto\u017ee  byl \u201ek \u00fasp\u011bchu cel\u00e9 akce skeptick\u00fd.\u201c<\/p>\n<p>Klause ale nem\u016f\u017ee c\u00edtit, jak vypl\u00fdv\u00e1 z jeho slov pro server  Prvnizpravy.cz.\u00a0 Odvol\u00e1val se p\u0159itom pr\u00e1v\u011b na Respekt a jeho asi rok  star\u00fd \u010dl\u00e1nek o Klausov\u00fdch letech v Prognostick\u00e9m \u00fastavu, kter\u00fd pr\u00fd  zalo\u017eila KGB. Podle Chv\u00e1ly, v\u011brn\u00e9ho \u010dten\u00e1\u0159e Respektu, je prezident Klaus  \u201eagent KGB\u201c.<\/p>\n<p>Tent\u00fd\u017e Chv\u00e1la, kter\u00e9mu Hn\u00edzdil tehdy psal, zda by se do jejich  protihradn\u00ed akce zapojil, se p\u0159\u00e1tel\u00ed s Kone\u010dn\u00fdm, jak vypl\u00fdv\u00e1 z \u00favodn\u00edku  pro odborn\u00fd \u010dasopis Psychosom. St\u011b\u017euje si v n\u011bm, \u017ee bylo zav\u0159eno l\u016f\u017ekov\u00e9  odd\u011blen\u00ed v Ostrov\u011b nad Oh\u0159\u00ed, kde Kone\u010dn\u00fd p\u016fsobil jako prim\u00e1\u0159. \u201eM\u00e1m to z  prvn\u00ed ruky, od prim\u00e1\u0159e a p\u0159\u00edtele Martina Kone\u010dn\u00e9ho. Vlastn\u011b nezav\u0159eli,  jen u\u017e necht\u011bj\u00ed d\u00e1le spolupracovat se zakladatelem a autorem koncepce  psychoterapeuticky a psychosomaticky orientovan\u00e9ho odd\u011blen\u00ed psychiatrie v  mal\u00e9 nemocnici,\u201c napsal letos v lednu Chv\u00e1la.<\/p>\n<p>P\u0159ipome\u0148me, \u017ee pr\u00e1v\u011b z okruhu psychoterapeut\u016f a psychosomatik\u016f se  rekrutovala v\u011bt\u0161ina l\u00e9ka\u0159\u016f, kte\u0159\u00ed se na snaze Klause zdiskreditovat  fale\u0161n\u00fdmi l\u00e9ka\u0159sk\u00fdmi posudky pod\u00edleli. Kone\u010dn\u00fd se nejsp\u00ed\u0161e zn\u00e1 i p\u0159\u00edmo s  Hn\u00edzdilem \u2013 u\u017e jen proto, \u017ee skupina psychosomatik\u016f nen\u00ed p\u0159\u00edli\u0161 velk\u00e1 a  v\u0161ichni o sob\u011b mus\u00ed vz\u00e1jemn\u011b v\u011bd\u011bt. A mus\u00ed spolu \u201edr\u017eet\u201c, zvl\u00e1\u0161t\u011b,  pokud se pr\u00fd nach\u00e1zej\u00ed v \u201eakademicko-odborn\u00e9 izolaci\u201c, jak p\u00ed\u0161e dal\u0161\u00ed z  nich, Ond\u0159ej Masner, v diskuzi pod zm\u00edn\u011bn\u00fdm \u010dl\u00e1nkem.<\/p>\n<p>Masner, dal\u0161\u00ed psychosomatik, kter\u00fd si zouf\u00e1 nad t\u00edm, jak jsou  psychosomatici p\u0159ehl\u00ed\u017eeni, napsal: \u201eV na\u0161\u00ed kotlin\u011b nen\u00ed psychosomatice  prost\u011b p\u0159\u00e1no a v\u017edycky se najde n\u011bjak\u00fd ten drobn\u00fd \u0161kodi\u010d, kter\u00fd celou  v\u011bc v tichosti za\u0159\u00edzne. (\u2026)\u00a0 Napad\u00e1 m\u011b t\u0159eba, \u017ee by st\u00e1lo za to d\u011blat  v\u011bci v\u00edce koordinovan\u011b. Takhle to d\u011bl\u00e1 dojem, \u017ee Martin Kone\u010dn\u00fd zkou\u0161\u00ed  n\u011bco v Ostrov\u011b a dostane p\u0159es prsty, to sam\u00e9 se stane Vladislavu  Chv\u00e1lovi, podobn\u00e9 zku\u0161enosti ud\u011blali ji\u017e d\u0159\u00edve Jan Hn\u00edzdil a Ji\u0159\u00ed \u0160avl\u00edk  <em>(dal\u0161\u00ed \u010dlen spikleneck\u00e9 skupiny, Hn\u00edzdil o n\u011bm p\u00ed\u0161e, \u017ee iniciativu  ur\u010dit\u011b podpo\u0159\u00ed, u\u017e d\u0159\u00edve formuloval texty, ve kter\u00fdch zpochyb\u0148oval  du\u0161evn\u00ed zdrav\u00ed V\u00e1clava Klause, pozn. red.)<\/em>. Nejsem si zcela jist\u00fd,  \u017ee tomu tak opravdu je, ale poka\u017ed\u00e9 to na m\u011b d\u011bl\u00e1 dojem takov\u00e9 trochu  solo akce. Proto by mo\u017en\u00e1 st\u00e1lo za to se v\u00edce sjednotit, ud\u011blat \u0161ir\u0161\u00ed  z\u00e1jmovou skupinu, kter\u00e1 by \u0161la dohromady za spole\u010dn\u00fdm c\u00edlem. Mo\u017en\u00e1 se  tomu dnes \u0159\u00edk\u00e1 o\u0161kliv\u011b lobbing,\u201c napsal Masner. \u010clov\u011bku se na mysl  vkr\u00e1d\u00e1 zlomysln\u00e1 my\u0161lenka, \u017ee za spole\u010dn\u00fdm c\u00edlem u\u017e psychosomatici  jednou \u0161li \u2013 pr\u00e1v\u011b p\u0159ed dv\u011bma lety, prezidentovi po krku. Jdou i letos?<\/p>\n<p>Podivn\u00fd je i cel\u00fd p\u0159\u00edb\u011bh \u2013 kdy\u017e se v\u00e1\u017en\u011b zamysl\u00edme nad t\u00edm, zda to,  co Respekt p\u00ed\u0161e, mohlo opravdu v tomto po\u0159ad\u00ed prob\u011bhnout, nutn\u011b n\u00e1s mus\u00ed  napadnout, \u017ee se akt\u00e9\u0159i p\u0159\u00edb\u011bhu chovali p\u0159inejmen\u0161\u00edm podivn\u011b.<\/p>\n<p>Pro\u010d by se psychicky zhroucen\u00e1 Kadlecov\u00e1 v roce 2009 sv\u011b\u0159ovala sv\u00e9mu  l\u00e9ka\u0159i se sv\u00fdmi probl\u00e9my, pokud byla pravda, \u017ee m\u011bla milost\u00ed zaji\u0161t\u011bnou  volnou cestu z v\u011bzen\u00ed? Pro\u010d by mu to v\u016fbec \u0159\u00edkala \u2013 copak se takov\u00e9 v\u011bci  vykl\u00e1daj\u00ed na po\u010dk\u00e1n\u00ed nezn\u00e1m\u00fdm lidem? Pro\u010d by se ona, sama odsouzen\u00e1 za  to, \u017ee brala \u00faplatky, chv\u00e1stala t\u00edm, \u017ee tentokr\u00e1t \u00faplatek dala ona?<\/p>\n<p>Pro\u010d takovou pozn\u00e1mku l\u00e9ka\u0159 napsal do zpr\u00e1vy a nav\u00edc d\u00e1le vyzv\u00eddal a  c\u00edlen\u011b se ptal, zda se \u00faplatek t\u00fdkal i prezidentov\u00fdch poradc\u016f? Pro\u010d i  tuto informaci zapsal? Byl v tu chv\u00edli detektivem nebo l\u00e9ka\u0159em?<\/p>\n<p>Pro\u010d a\u017e po dvou letech p\u0159ezkoum\u00e1val trestn\u00ed \u0159\u00e1d, zda by n\u00e1hodou nem\u011bl  l\u00e9ka\u0159sk\u00e9 tajemstv\u00ed u\u017e kone\u010dn\u011b poru\u0161it, a to, co bylo roky jen mezi n\u00edm a  pacientkou, najednou ohla\u0161ovat jako korupci? A ejhle \u2013 opravdu zjist\u00ed,  \u017ee povinnost ohl\u00e1sit korupci u\u017e m\u00e1 i on, l\u00e9ka\u0159-nel\u00e9ka\u0159, a tak b\u011b\u017e\u00ed\u2026 Kam?  Na policii? Do Respektu?<\/p>\n<p>Do\u010d\u00edt\u00e1me se, \u017ee l\u00e9ka\u0159 se na policisty obr\u00e1til p\u0159ed p\u00e1r dny, ale  Respekt u\u017e mnohem d\u00e9le zpov\u00edd\u00e1 akt\u00e9ry p\u0159\u00edpadu, skryt\u011b si je nat\u00e1\u010d\u00ed,  hraje si na fiktivn\u00ed postavy, sb\u00edr\u00e1 materi\u00e1l, aby mohl v pond\u011bl\u00ed vydat  obs\u00e1hlou kauzu. Znamen\u00e1 to, \u017ee \u0161el l\u00e9ka\u0159 d\u0159\u00edve ne\u017e na policejn\u00ed slu\u017eebnu  za novin\u00e1\u0159i z Respektu?<\/p>\n<p>Nad ne\u010distou hrou novin\u00e1\u0159\u016f se pozastavil i prezident\u016fv tajemn\u00edk  Ladislav Jakl, kter\u00fd na sv\u00e9m webu v kategorii \u201eHrub\u00e1 z\u00e1plata\u201c uve\u0159ejnil  mail, kter\u00fd zaslal redakci Lidov\u00fdch novin. V n\u011bm se pozastavil nad t\u00edm, s  jakou lehkost\u00ed novin\u00e1\u0159i p\u0159ekrucuj\u00ed pravdu.<\/p>\n<p>Lidov\u00e9 noviny toti\u017e u\u017e d\u0159\u00edve uvedly, \u017ee starosta Dor\u0148\u00e1k, dal\u0161\u00ed akt\u00e9r  vypr\u00e1v\u011bn\u00ed, kter\u00fd se za Kadlecovou p\u0159i \u017e\u00e1dosti o milost zaru\u010dil, dnes  bere sv\u00e1 slova zp\u011bt. \u201eV Chy\u0161i se v\u0161ak v\u0161ichni br\u00e1n\u00ed, \u017ee by se za  Kadlecovou zaru\u010dili. ,Po\u017e\u00e1dala m\u011b na\u0161e ob\u010danka a j\u00e1 jsem pouze popsal,  jak tady \u017eije\u2018 \u0159\u00edk\u00e1 starosta Miroslav Dor\u0148\u00e1k,\u201c napsal den\u00edk.<\/p>\n<p>Jakl ale upozor\u0148uje, \u017ee starost\u016fv \u201epouh\u00fd popis, jak tady \u017eije\u201c vypadal pon\u011bkud jinak. V dopise prezidentu Klausovi toti\u017e napsal:<\/p>\n<p>\u201e\u2026dovoluji si V\u00e1m t\u00edmto podat n\u00e1sleduj\u00edc\u00ed sd\u011blen\u00ed, kter\u00e9 p\u0159edkl\u00e1d\u00e1m  na \u017e\u00e1dost sle\u010dny Radky Kadlecov\u00e9, kter\u00e1 si u Va\u0161\u00ed Prezidentsk\u00e9 kancel\u00e1\u0159e  podala \u017e\u00e1dost o milost\u2026 (\u2026) Sle\u010dna Radka Kadlecov\u00e1 \u017eije v na\u0161em m\u011bst\u011b  od narozen\u00ed. Po celou dobu sv\u00e9ho dosavadn\u00edho \u017eivota se chov\u00e1 \u0159\u00e1dn\u011b,  slu\u0161n\u011b a hlavn\u011b bezkonfliktn\u011b. Povinnosti v\u016f\u010di m\u011bstu si pln\u00ed bezezbytku.  Dovoluji si podotknout, \u017ee vzhledem k jej\u00edmu slo\u017eit\u00e9mu d\u011btstv\u00ed a  zvl\u00e1\u0161t\u011b po tragick\u00e9m \u00famrt\u00ed jej\u00ed maminky do\u0161lo u jmenovan\u00e9 k uzav\u0159en\u00ed se  do sebe a z\u00e1rove\u0148 ztratila schopnost komunikace se sv\u00fdm okol\u00edm. Po  finan\u010dn\u00edm osamostatn\u011bn\u00ed se zam\u011b\u0159ila na podporu sv\u00e9 sestry a zbytku  rodiny, co\u017e ji pravd\u011bpodobn\u011b velmi zat\u011b\u017eovalo a to tak\u00e9 mohl b\u00fdt jeden z  d\u016fvod\u016f, pro\u010d nakonec ztratila sebez\u00e1chovn\u00fd pud. V\u00e1\u017een\u00fd pane prezidente,  nep\u0159\u00edslu\u0161\u00ed mi a ani se nem\u00edn\u00edm pasovat do role soudce, p\u0159esto m\u00e1m  ur\u010dit\u00e9 pochybnosti o kone\u010dn\u00e9m verdiktu v\u00fd\u0161e uveden\u00e9ho pravomocn\u00e9ho  rozsudku. V\u011b\u0159\u00edm ve Va\u0161i p\u0159irozenou autoritu, kterou jste si ve sv\u00e9m  \u00fa\u0159adu vybudoval, a tak\u00e9 v\u011b\u0159\u00edm ve Va\u0161i schopnost tento citliv\u00fd p\u0159\u00edpad  roz\u0159e\u0161it\u2026.\u201c<\/p>\n<p>\u201eSle\u010dna Radka Kadlecov\u00e1 si je v\u011bdoma sv\u00e9ho selh\u00e1n\u00ed, ale je tak\u00e9  mladou \u017eenou, kter\u00e1 m\u00e1 sv\u016fj \u017eivot je\u0161t\u011b p\u0159ed sebou a jist\u011b bude pro na\u0161i  spole\u010dnost i v budoucnu platnou ob\u010dankou. T\u00edm chci \u0159\u00edci, \u017ee by si snad  je\u0161t\u011b jednu \u0161anci zaslou\u017eila. V\u00e1\u017een\u00fd pane prezidente, s pokoru se  p\u0159ipojuji k \u017e\u00e1dosti o citliv\u00e9 posouzen\u00ed tohoto p\u0159\u00edpadu a snad i o trochu  t\u00e9 shov\u00edvavosti pro na\u0161i spoluob\u010danku sle\u010dnu Radku Kadlecovou,\u201c uvedl  tak\u00e9 starosta v dopise pro prezidenta Klause.<\/p>\n<p>Jakl m\u00e1 za to, \u017ee starosta dnes \u201ebere zp\u00e1te\u010dku, kdy\u017e se tato milost  stala p\u0159edm\u011btem medi\u00e1ln\u00ed kritiky\u201c a ch\u00e1pe, \u017ee se nechce zn\u00e1t k tomu, jak  moc se za ni p\u0159imlouval.<\/p>\n<p>\u201eM\u00e9n\u011b ale ch\u00e1pu, \u017ee jste si ten dopis od n\u011bj nenechala uk\u00e1zat a  spol\u00e9hala se jen na jeho v\u00fdklad, kter\u00fdm se dnes sna\u017e\u00ed zleh\u010dit svou  anga\u017eovanost ve v\u011bci,\u201c zlob\u00ed se Jakl na redaktorku Lidov\u00fdch novin.<\/p>\n<p>Dodal tak\u00e9, \u017ee dopis pana starosty p\u0159i\u0161el s raz\u00edtkem obce a nese  datum 12. srpna, kde\u017eto Kadlecov\u00e1 po\u017e\u00e1dala o milost v listopadu. Jak  mohla b\u00fdt milost zakoupena u\u017e v z\u00e1\u0159\u00ed, jak l\u00e9ka\u0159 tvrd\u00ed, kdy\u017e o ni  Kadlecov\u00e1 \u017e\u00e1dala a\u017e v listopadu? S takov\u00fdmi detaily si ale Respekt hlavu  nel\u00e1me.<\/p>\n<p><a href=\"http:\/\/abbartos.wordpress.com\/2011\/10\/20\/klausova-milost-havlovi-psychiatri-zase-na-scene\/\" target=\"_blank\">Zdroj<\/a><\/p>\n","protected":false},"excerpt":{"rendered":"<p>Nad nejnov\u011bj\u0161\u00ed kauzou t\u00fdden\u00edku Respekt se vzn\u00e1\u0161\u00ed \u0159ada pochybnost\u00ed. \u00datok na Klause je op\u011bt veden z prost\u0159ed\u00ed psychosomatik\u016f.<\/p>\n","protected":false},"author":1,"featured_media":0,"comment_status":"open","ping_status":"open","sticky":false,"template":"","format":"standard","meta":{"ngg_post_thumbnail":0,"footnotes":""},"categories":[11],"tags":[],"class_list":["post-1331","post","type-post","status-publish","format-standard","hentry","category-ozvena"],"_links":{"self":[{"href":"https:\/\/www.ladislavjakl.cz\/index.php?rest_route=\/wp\/v2\/posts\/1331","targetHints":{"allow":["GET"]}}],"collection":[{"href":"https:\/\/www.ladislavjakl.cz\/index.php?rest_route=\/wp\/v2\/posts"}],"about":[{"href":"https:\/\/www.ladislavjakl.cz\/index.php?rest_route=\/wp\/v2\/types\/post"}],"author":[{"embeddable":true,"href":"https:\/\/www.ladislavjakl.cz\/index.php?rest_route=\/wp\/v2\/users\/1"}],"replies":[{"embeddable":true,"href":"https:\/\/www.ladislavjakl.cz\/index.php?rest_route=%2Fwp%2Fv2%2Fcomments&post=1331"}],"version-history":[{"count":1,"href":"https:\/\/www.ladislavjakl.cz\/index.php?rest_route=\/wp\/v2\/posts\/1331\/revisions"}],"predecessor-version":[{"id":1332,"href":"https:\/\/www.ladislavjakl.cz\/index.php?rest_route=\/wp\/v2\/posts\/1331\/revisions\/1332"}],"wp:attachment":[{"href":"https:\/\/www.ladislavjakl.cz\/index.php?rest_route=%2Fwp%2Fv2%2Fmedia&parent=1331"}],"wp:term":[{"taxonomy":"category","embeddable":true,"href":"https:\/\/www.ladislavjakl.cz\/index.php?rest_route=%2Fwp%2Fv2%2Fcategories&post=1331"},{"taxonomy":"post_tag","embeddable":true,"href":"https:\/\/www.ladislavjakl.cz\/index.php?rest_route=%2Fwp%2Fv2%2Ftags&post=1331"}],"curies":[{"name":"wp","href":"https:\/\/api.w.org\/{rel}","templated":true}]}}