{"id":13320,"date":"2023-03-19T14:13:48","date_gmt":"2023-03-19T13:13:48","guid":{"rendered":"https:\/\/www.ladislavjakl.cz\/?p=13320"},"modified":"2023-03-19T14:13:48","modified_gmt":"2023-03-19T13:13:48","slug":"pavel-se-uvrhl-do-pasti-a-jeho-tym-si-toho-dosud-nevsiml-zjistil-jakl","status":"publish","type":"post","link":"https:\/\/www.ladislavjakl.cz\/?p=13320","title":{"rendered":"Pavel se uvrhl do pasti. A jeho t\u00fdm si toho dosud nev\u0161iml, zjistil Jakl"},"content":{"rendered":"<p>Suverenita \u010cesk\u00e9 republiky je podle publicisty a b\u00fdval\u00e9ho poslance Ladislava Jakla naru\u0161ena. Evropsk\u00e1 komise \u017ealuje \u010cesko kv\u016fli nezaveden\u00ed sm\u011brnice o ochran\u011b udava\u010d\u016f. Ti by se dle sm\u011brnice nem\u011bli b\u00e1t sankc\u00ed, kdyby n\u011bkomu i protipr\u00e1vn\u011b u\u0161kodili. Jakl glosuje vesel\u00fd vstup do \u00fa\u0159adov\u00e1n\u00ed nov\u00e9ho prezidenta Pavla. Podpisem novely o sn\u00ed\u017een\u00ed valorizace d\u016fchod\u016f a sou\u010dasn\u00fdm tvrzen\u00edm, \u017ee je nutn\u00e9, aby byla p\u0159ezkouman\u00e1 \u00dastavn\u00edm soudem, se Pavel uvrhl do pasti.<\/p>\n<p><!--more--><\/p>\n<div>\n<div class=\"social-media-buttons clearfix\">&nbsp;<\/div>\n<\/div>\n<figure>\n<div class=\"img\"><img decoding=\"async\" src=\"https:\/\/cms.parlamentnilisty.cz\/image.ashx?w=632&amp;h=307&amp;f=IMG_3084_637665429390542658.jpg&amp;id=161640\" alt=\"Pavel se uvrhl do pasti. A jeho t\u00fdm si toho dosud nev\u0161iml, zjistil Jakl\"><\/div><figcaption class=\"photo-info\"><small>Foto:&nbsp;<strong>Hans \u0160tembera<\/strong><br \/>\nPopisek:&nbsp;<strong>Ladislav Jakl<\/strong><\/small><\/figcaption><\/figure>\n<section class=\"article-content\">\u201eByli tu tac\u00ed, kdo tvrdili, \u017ee Lisabonsk\u00e1 smlouva nep\u0159en\u00e1\u0161\u00ed moc z&nbsp;n\u00e1rodn\u00ed \u00farovn\u011b do Bruselu a z&nbsp;\u010desk\u00fdch zem\u00ed ne\u010din\u00ed pod\u0159\u00edzen\u00e9 subjekty,\u201c&nbsp;<a href=\"https:\/\/www.institutvk.cz\/clanky\/2295.html\" target=\"_blank\" rel=\"nofollow noopener\">glosuje pro Institut V\u00e1clava Klause Ladislav Jakl<\/a>, publicista, b\u00fdval\u00fd poslanec a od roku 2019 \u010dlen Rady pro rozhlasov\u00e9 a televizn\u00ed vys\u00edl\u00e1n\u00ed.Svou glosu uv\u00e1d\u00ed ot\u00e1zkou, co by asi \u0159\u00edkali lid\u00e9, kte\u0159\u00ed p\u0159ed vstupem \u010cesk\u00e9 republiky do Evropsk\u00e9 unie tvrdili, \u017ee suverenita \u010cR bude zachov\u00e1na, na d\u011bn\u00ed v&nbsp;EU dnes. P\u0159edn\u011b tedy na to, \u017ee Evropsk\u00e1 komise podala na \u010cesko \u017ealobu kv\u016fli nezaveden\u00ed pravidel o ochran\u011b udava\u010d\u016f. Pokuta m\u016f\u017ee podle propo\u010dt\u016f dos\u00e1hnout a\u017e na \u010d\u00e1stku 50 milion\u016f korun. Vedle \u010ceska se \u017ealoba t\u00fdk\u00e1 tak\u00e9 N\u011bmecka, Estonska, \u0160pan\u011blska, It\u00e1lie, Lucemburska, Ma\u010farska a Polska. Ochrana oznamovatel\u016f p\u0159ed odvetou m\u00e1 b\u00fdt sou\u010d\u00e1st\u00ed legislativy podle evropsk\u00e9 sm\u011brnice z&nbsp;\u0159\u00edjna 2019, p\u0159i\u010dem\u017e lh\u016fta pro jej\u00ed za\u010dlen\u011bn\u00ed v&nbsp;jednotliv\u00fdch \u010dlensk\u00fdch st\u00e1tech EU vypr\u0161ela ji\u017e p\u0159edloni.<\/p>\n<p>&nbsp;<\/p>\n<section class=\"section-brown section-inarticle related-articles\">\n<div class=\"well well-rounded\">\n<h2>Psali jsme:<\/h2>\n<ul class=\"unstyled\">\n<li><a href=\"https:\/\/www.parlamentnilisty.cz\/arena\/nazory-a-petice\/Ladislav-Jakl-Slavny-soude-muj-dnesni-podpis-je-protiustavni-zrus-ho-732300\">Ladislav Jakl: Slavn\u00fd soude, m\u016fj dne\u0161n\u00ed podpis je proti\u00fastavn\u00ed, zru\u0161 ho<\/a><\/li>\n<\/ul>\n<\/div>\n<\/section>\n<p>Sm\u011brnice m\u00e1 za c\u00edl, aby se oznamovatel\u00e9 informuj\u00edc\u00ed o protipr\u00e1vn\u00edm jedn\u00e1n\u00ed nemuseli b\u00e1t sankc\u00ed; podle Jakla je smyslem sm\u011brnice sp\u00ed\u0161e vyvin\u011bn\u00ed ur\u010dit\u00e9 skupiny lid\u00ed, kte\u0159\u00ed by podle t\u00e9to sm\u011brnice nem\u011bli b\u00fdt odpov\u011bdni za sv\u00e9 \u010diny, pokud by jimi t\u0159eba i nepr\u00e1vem n\u011bkoho po\u0161kodili. \u201eBonzovat se m\u00e1 bez rizika, bez nutnosti dokazovat sv\u00e1 tvrzen\u00ed, proto\u017ee t\u00edm se pr\u00e1ska\u010di motivuj\u00ed k v\u011bt\u0161\u00ed horlivosti a neomalenosti,\u201c podot\u00fdk\u00e1 Jakl.&nbsp;<\/p>\n<p>V&nbsp;pozad\u00ed toho Jakl vid\u00ed i v\u011bt\u0161\u00ed hrozbu, a tou je dle n\u011bj sou\u010dasn\u00fd zp\u016fsob, jak\u00fdm se evropsk\u00e9 sm\u011brnice zav\u00e1d\u011bj\u00ed. \u201eNevolen\u00ed \u00fa\u0159edn\u00edci, vesm\u011bs z&nbsp;\u0159ad aktivist\u016f se z\u00e1jmy v&nbsp;p\u0159\u00edslu\u0161n\u00e9m oboru, daj\u00ed dohromady n\u011bjakou novou pr\u00e1vn\u00ed \u00fapravu, nevolen\u00e1 Komise to schv\u00e1l\u00ed a po\u0161le do n\u00e1rodn\u00edch parlament\u016f,\u201c popisuje, jak se zav\u00e1d\u011bj\u00ed eurosm\u011brnice. A\u017e v n\u00e1rodn\u00edch parlamentech, podle Jakla, se s eurosm\u011brnic\u00ed kone\u010dn\u011b potk\u00e1 n\u011bkdo, kdo byl demokraticky zvolen ob\u010dany sv\u00e9 zem\u011b, p\u0159i\u010dem\u017e t\u011bmto z\u00e1konod\u00e1rc\u016fm je v\u0161t\u011bpov\u00e1no, \u017ee rozhodnut\u00ed o schv\u00e1len\u00ed eurosm\u011brnice je ji\u017e dan\u00e9 a \u017ee po nich se po\u017eaduje jen to, a\u0165 tomu daj\u00ed zelenou. Na z\u00e1jmy \u010dlov\u011bka-voli\u010de se nedb\u00e1. \u201eV\u016f\u010di komu c\u00edt\u00ed na\u0161i z\u00e1konod\u00e1rci loajalitu? Asi jak kdy a jak kdo,\u201c m\u00edn\u00ed Jakl. Pokutu od Evropsk\u00e9 komise vn\u00edm\u00e1 jako pomysln\u00fd pol\u00ed\u010dek od bruselsk\u00e9 byrokracie, kter\u00fd m\u00e1 \u010dlen\u016fm Parlamentu \u010cR p\u0159ipomenout, \u017ee od nich se projevy svobodn\u00e9 v\u016fle ne\u010dekaj\u00ed.<\/p>\n<p>V druh\u00e9 \u010d\u00e1sti glosy se Jakl v\u011bnoval nov\u00e9mu prezidentovi \u010cesk\u00e9 republiky Petru Pavlovi, kter\u00fd ve \u010dtvrtek podepsal novelu z\u00e1kona o sn\u00ed\u017een\u00ed \u010dervnov\u00e9 mimo\u0159\u00e1dn\u00e9 valorizace d\u016fchod\u016f. Novelu sice podepsal, m\u011bl k n\u00ed v\u0161ak i sv\u00e9 \u2013 podle Jakla o\u010dek\u00e1van\u00e9 \u2013 v\u00fdhrady. Ch\u00e1pe pr\u00fd n\u00e1mitky opozice, kter\u00e1 je p\u0159esv\u011bd\u010dena, \u017ee novela byla prosazena proti\u00fastavn\u00edm zp\u016fsobem z d\u016fvodu retroaktivity a projedn\u00e1n\u00ed ve stavu legislativn\u00ed nouze. Proto prezident pova\u017euje za nutn\u00e9, aby ji p\u0159ezkoumal \u00dastavn\u00ed soud.<\/p>\n<p>Prezident si je dle Jaklov\u00fdch slov v\u011bdom toho, \u017ee za svou funkci do ur\u010dit\u00e9 m\u00edry vd\u011b\u010d\u00ed sou\u010dasn\u00e9 vl\u00e1d\u011b a z&nbsp;toho d\u016fvodu j\u00ed bude projevovat svou vd\u011b\u010dnost. Z\u00e1rove\u0148 v\u0161ak ch\u00e1pe, \u017ee ho volili i ob\u010dan\u00e9 jin\u00fdch n\u00e1zor\u016f, kter\u00fdm se \u0161et\u0159en\u00ed na d\u016fchodech nel\u00edb\u00ed. \u201eI jim musel vzk\u00e1zat, \u017ee je tak trochu jejich prezidentem,\u201c m\u00edn\u00ed Jakl a souhlas\u00ed s&nbsp;mnoh\u00fdmi politick\u00fdmi koment\u00e1tory, \u017ee do jist\u00e9 m\u00edry se toto Pavlovo vyj\u00e1d\u0159en\u00ed jev\u00ed jako forma alibismu.<\/p>\n<p>Podpisem doprov\u00e1zen\u00fdm zm\u00ednkou o \u00fastavn\u00ed st\u00ed\u017enosti se, podle Jakla, prezident Pavel uvrhl do pasti, \u010deho\u017e si jeho t\u00fdm asi doposud nev\u0161iml. Vyvst\u00e1vaj\u00ed toti\u017e ot\u00e1zky, jak bude takov\u00e9 \u0161et\u0159en\u00ed u \u00dastavn\u00edho soudu prob\u00edhat a jakou roli v&nbsp;n\u011bm prezident\u016fv t\u00fdm zaujme. \u201eBude tvrdit, \u017ee prezident\u016fv podpis je proti\u00fastavn\u00ed?\u201c je jednou z&nbsp;Jaklov\u00fdch ot\u00e1zek. A pokud st\u00ed\u017enost pod\u00e1 opozice, bude Pavel na jej\u00ed stran\u011b a t\u00edm tak st\u00e1t s\u00e1m proti sob\u011b? M\u016f\u017ee si tak\u00e9 st\u00e1t za sv\u00fdm proti opozici a j\u00edm podepsanou p\u0159edlohu obhajovat. Mo\u017enost\u00ed je v\u00edce.<\/p>\n<p>Podle Jakla tomu v\u0161emu mohlo p\u0159edej\u00edt elegantn\u011bj\u0161\u00ed \u0159e\u0161en\u00ed, kdy by prezident Pavel novelu nechal bez podpisu, ne\u017e by uplynula lh\u016fta pro jej\u00ed navr\u00e1cen\u00ed do Poslaneck\u00e9 sn\u011bmovny. Novela by tak ve\u0161la v&nbsp;platnost, av\u0161ak bez jeho jm\u00e9na. \u201eVeselej\u0161\u00ed vstup do \u00fa\u0159adov\u00e1n\u00ed nov\u00fd prezident p\u0159edv\u00e9st nemohl,\u201c uzav\u00edr\u00e1 Jakl.<\/p>\n<p><a href=\"https:\/\/www.parlamentnilisty.cz\/arena\/monitor\/Pavel-se-uvrhl-do-pasti-A-jeho-tym-si-toho-dosud-nevsiml-zjistil-Jakl-732376\">Zdroj<\/a><\/p>\n<\/section>\n","protected":false},"excerpt":{"rendered":"<p>Suverenita \u010cesk\u00e9 republiky je podle publicisty a b\u00fdval\u00e9ho poslance Ladislava Jakla naru\u0161ena. Evropsk\u00e1 komise \u017ealuje \u010cesko kv\u016fli nezaveden\u00ed sm\u011brnice o ochran\u011b udava\u010d\u016f. Ti by se dle sm\u011brnice nem\u011bli b\u00e1t sankc\u00ed, kdyby n\u011bkomu i protipr\u00e1vn\u011b u\u0161kodili. Jakl glosuje vesel\u00fd vstup do \u00fa\u0159adov\u00e1n\u00ed nov\u00e9ho prezidenta Pavla. Podpisem novely o sn\u00ed\u017een\u00ed valorizace d\u016fchod\u016f a sou\u010dasn\u00fdm tvrzen\u00edm, \u017ee je [&hellip;]<\/p>\n","protected":false},"author":9,"featured_media":0,"comment_status":"open","ping_status":"open","sticky":false,"template":"","format":"standard","meta":{"ngg_post_thumbnail":0,"footnotes":""},"categories":[11],"tags":[],"class_list":["post-13320","post","type-post","status-publish","format-standard","hentry","category-ozvena"],"_links":{"self":[{"href":"https:\/\/www.ladislavjakl.cz\/index.php?rest_route=\/wp\/v2\/posts\/13320","targetHints":{"allow":["GET"]}}],"collection":[{"href":"https:\/\/www.ladislavjakl.cz\/index.php?rest_route=\/wp\/v2\/posts"}],"about":[{"href":"https:\/\/www.ladislavjakl.cz\/index.php?rest_route=\/wp\/v2\/types\/post"}],"author":[{"embeddable":true,"href":"https:\/\/www.ladislavjakl.cz\/index.php?rest_route=\/wp\/v2\/users\/9"}],"replies":[{"embeddable":true,"href":"https:\/\/www.ladislavjakl.cz\/index.php?rest_route=%2Fwp%2Fv2%2Fcomments&post=13320"}],"version-history":[{"count":1,"href":"https:\/\/www.ladislavjakl.cz\/index.php?rest_route=\/wp\/v2\/posts\/13320\/revisions"}],"predecessor-version":[{"id":13321,"href":"https:\/\/www.ladislavjakl.cz\/index.php?rest_route=\/wp\/v2\/posts\/13320\/revisions\/13321"}],"wp:attachment":[{"href":"https:\/\/www.ladislavjakl.cz\/index.php?rest_route=%2Fwp%2Fv2%2Fmedia&parent=13320"}],"wp:term":[{"taxonomy":"category","embeddable":true,"href":"https:\/\/www.ladislavjakl.cz\/index.php?rest_route=%2Fwp%2Fv2%2Fcategories&post=13320"},{"taxonomy":"post_tag","embeddable":true,"href":"https:\/\/www.ladislavjakl.cz\/index.php?rest_route=%2Fwp%2Fv2%2Ftags&post=13320"}],"curies":[{"name":"wp","href":"https:\/\/api.w.org\/{rel}","templated":true}]}}