{"id":13342,"date":"2023-03-23T19:35:08","date_gmt":"2023-03-23T18:35:08","guid":{"rendered":"https:\/\/www.ladislavjakl.cz\/?p=13342"},"modified":"2023-03-23T19:35:08","modified_gmt":"2023-03-23T18:35:08","slug":"nora-nepritel-lidstva","status":"publish","type":"post","link":"https:\/\/www.ladislavjakl.cz\/?p=13342","title":{"rendered":"Nora, nep\u0159\u00edtel lidstva"},"content":{"rendered":"<p>Medi\u00e1ln\u00edm sv\u011btem dnes ot\u0159\u00e1saj\u00ed z\u00e1sadn\u00ed t\u00e9mata a ud\u00e1losti. Pan prim\u00e1tor Svoboda vyz\u00fdv\u00e1 str\u00e1\u017en\u00edky, aby se omluvili televizn\u00edmu moder\u00e1torovi za \u00fanik nahr\u00e1vky z&nbsp;perlustrace za \u0161patn\u00e9 parkov\u00e1n\u00ed. Ministr Jure\u010dka m\u00e1 tak\u00e9 pot\u00ed\u017ee s&nbsp;nahr\u00e1vkou, ta jeho nazna\u010duje pon\u011bkud nestandardn\u00ed metody person\u00e1ln\u00ed politiky na jeho \u00fa\u0159ad\u011b.<\/p>\n<p><!--more--><\/p>\n<p>V\u0161e v\u0161ak p\u0159eb\u00edj\u00ed zpr\u00e1va \u00fapln\u011b jin\u00e1, ale o tom a\u017e pozd\u011bji. Prvn\u00ed p\u0159\u00edpad sv\u011bd\u010d\u00ed o tom, \u017ee nov\u00e9 veden\u00ed pra\u017esk\u00e9 radnice nesp\u00ed a skute\u010dn\u011b kon\u00e1. Nejen\u017ee st\u00edh\u00e1 povolovat protesty proti norm\u00e1ln\u00ed doprav\u011b, p\u0159i kter\u00fdch pades\u00e1t otrap\u016f zablokuje p\u016fl Prahy, ale dost\u00e1v\u00e1 se k&nbsp;omluv\u00e1m. To je skv\u011bl\u00fd za\u010d\u00e1tek. T\u0159eba se do\u010dk\u00e1me i omluvy za p\u0159edchoz\u00ed roky sabot\u00e1\u017ee dopravn\u00ed situace v&nbsp;hlavn\u00edm m\u011bst\u011b a po omluv\u011b p\u0159ijde i zru\u0161en\u00ed hloup\u00fdch cyklopruh\u016f na frekventovan\u00fdch komunikac\u00edch, kter\u00e9 sni\u017euj\u00ed kapacitu dopravn\u00edch cest, po\u010det parkovac\u00edch m\u00edst, komplikuj\u00ed \u00faklid a je\u0161t\u011b jsou nebezpe\u010dn\u00e9. Ostatn\u011b, j\u00edzdn\u00ed kolo nen\u00ed dopravn\u00ed prost\u0159edek, zvl\u00e1\u0161t\u011b ve velkom\u011bst\u011b, nav\u00edc se slo\u017eit\u00fdm reli\u00e9fem. Je to sportovn\u00ed n\u00e1\u010din\u00ed. Tak a\u0165 jdou sportovci s&nbsp;koly na h\u0159i\u0161t\u011b a velodromy. Badmintonisty taky nenapadne rozbalit si kurt uprost\u0159ed magistr\u00e1ly.<\/p>\n<p>Ministr Jure\u010dka, to je jin\u00e1 televizn\u00ed hv\u011bzda ne\u017e onen n\u00e1\u0161 \u0159idi\u010d z&nbsp;Kav\u010d\u00edch Hor. Ale p\u0159ece nebudeme pana ministra soudit, kdy\u017e jeho v\u011bc nen\u00ed dosud vy\u0161et\u0159ena. A jist\u011b se i zde do\u010dk\u00e1me napln\u011bn\u00ed hesla \u201epadni komu padni\u201c, jak se p\u0159ece stalo p\u0159i lap\u00e1li\u00edch u koali\u010dn\u00edch koleg\u016f ze STAN. A kdo o tom pochybuje, ten je dozajista agentem zahrani\u010dn\u00edch sil, pop\u00edra\u010dem vitam\u00ednu C a mo\u017en\u00e1 i kanibalem.<\/p>\n<p>A jsme u zpr\u00e1vy nejv\u00e1\u017en\u011bj\u0161\u00ed. Nora. Mnoz\u00ed v\u011bd\u00ed, jak otravn\u00e1 m\u016f\u017ee b\u00fdt. A te\u010f si p\u0159edstavte, \u017ee by jich byly des\u00edtky, ba stovky. Z&nbsp;takov\u00e9 \u010dern\u00e9 fantazie by \u010dlov\u011bk nemohl ani usnout. Ale nejde o fantazii, jde o krutou realitu. Sv\u011btov\u00e1 m\u00e9dia p\u0159inesla alarmuj\u00edc\u00ed informaci, \u017ee v&nbsp;Nizozemsku se p\u0159emno\u017eili jezevci, d\u011blaj\u00ed d\u00edry do kolejov\u00fdch n\u00e1sp\u016f a v\u00e1\u017en\u011b t\u00edm ohro\u017euj\u00ed \u017eelezni\u010dn\u00ed provoz v&nbsp;placat\u00e9m kr\u00e1lovstv\u00ed. Mo\u017en\u00e1 by to cht\u011blo svolat summit, nejl\u00e9pe na p\u016fd\u011b OSN, kter\u00fd by se probl\u00e9mem zab\u00fdval a dosp\u011bl k&nbsp;n\u011bjak\u00e9mu \u0159e\u0161en\u00ed.<\/p>\n<p>Je zcela pochopiteln\u00e9, \u017ee v&nbsp;konfrontaci s&nbsp;tak olb\u0159\u00edm\u00edm a delik\u00e1tn\u00edm tr\u00e1pen\u00edm se nemohou do m\u00e9di\u00ed dostat prkotiny typu masov\u00fdch protest\u016f holandsk\u00fdch zem\u011bd\u011blc\u016f proti vl\u00e1dou na\u0159\u00edzen\u00e9mu ekologick\u00e9mu vyb\u00edjen\u00ed dobytka. Stovky traktor\u016f v&nbsp;ulic\u00edch m\u011bst p\u0159ece nemohou b\u00fdt \u017e\u00e1dn\u00fdm probl\u00e9mem, sta\u010d\u00ed se pod\u00edvat do Prahy, kde p\u00e1r pobl\u00e1zn\u011bn\u00fdch podneb\u00ed\u010dk\u00e1\u0159\u016f odsoud\u00ed tis\u00edce \u0159idi\u010d\u016f k&nbsp;nedobrovoln\u00e9mu n\u011bkolikahodinov\u00e9mu parkov\u00e1n\u00ed na silnici a nikdo si s&nbsp;t\u00edm hlavu nel\u00e1me.<\/p>\n<p>A \u017ee v&nbsp;Nizozem\u00ed kv\u016fli plynulosti dopravy vyrukovali na traktoristy silou? Tomu nelze uv\u011b\u0159it. \u00da\u0159ady tam maj\u00ed p\u0159ece pln\u00e9 ruce pr\u00e1ce s&nbsp;jezevci a jejich norami.<\/p>\n<p><em>Ladislav Jakl, 23. b\u0159ezna 2023<\/em>&nbsp;<\/p>\n<p><a href=\"https:\/\/www.institutvk.cz\/clanky\/2301.html\">Zdroj<\/a><\/p>\n","protected":false},"excerpt":{"rendered":"<p>Medi\u00e1ln\u00edm sv\u011btem dnes ot\u0159\u00e1saj\u00ed z\u00e1sadn\u00ed t\u00e9mata a ud\u00e1losti. Pan prim\u00e1tor Svoboda vyz\u00fdv\u00e1 str\u00e1\u017en\u00edky, aby se omluvili televizn\u00edmu moder\u00e1torovi za \u00fanik nahr\u00e1vky z&nbsp;perlustrace za \u0161patn\u00e9 parkov\u00e1n\u00ed. Ministr Jure\u010dka m\u00e1 tak\u00e9 pot\u00ed\u017ee s&nbsp;nahr\u00e1vkou, ta jeho nazna\u010duje pon\u011bkud nestandardn\u00ed metody person\u00e1ln\u00ed politiky na jeho \u00fa\u0159ad\u011b.<\/p>\n","protected":false},"author":9,"featured_media":0,"comment_status":"open","ping_status":"open","sticky":false,"template":"","format":"standard","meta":{"ngg_post_thumbnail":0,"footnotes":""},"categories":[1,10],"tags":[],"class_list":["post-13342","post","type-post","status-publish","format-standard","hentry","category-publikovane-clanky","category-zlehka"],"_links":{"self":[{"href":"https:\/\/www.ladislavjakl.cz\/index.php?rest_route=\/wp\/v2\/posts\/13342","targetHints":{"allow":["GET"]}}],"collection":[{"href":"https:\/\/www.ladislavjakl.cz\/index.php?rest_route=\/wp\/v2\/posts"}],"about":[{"href":"https:\/\/www.ladislavjakl.cz\/index.php?rest_route=\/wp\/v2\/types\/post"}],"author":[{"embeddable":true,"href":"https:\/\/www.ladislavjakl.cz\/index.php?rest_route=\/wp\/v2\/users\/9"}],"replies":[{"embeddable":true,"href":"https:\/\/www.ladislavjakl.cz\/index.php?rest_route=%2Fwp%2Fv2%2Fcomments&post=13342"}],"version-history":[{"count":1,"href":"https:\/\/www.ladislavjakl.cz\/index.php?rest_route=\/wp\/v2\/posts\/13342\/revisions"}],"predecessor-version":[{"id":13343,"href":"https:\/\/www.ladislavjakl.cz\/index.php?rest_route=\/wp\/v2\/posts\/13342\/revisions\/13343"}],"wp:attachment":[{"href":"https:\/\/www.ladislavjakl.cz\/index.php?rest_route=%2Fwp%2Fv2%2Fmedia&parent=13342"}],"wp:term":[{"taxonomy":"category","embeddable":true,"href":"https:\/\/www.ladislavjakl.cz\/index.php?rest_route=%2Fwp%2Fv2%2Fcategories&post=13342"},{"taxonomy":"post_tag","embeddable":true,"href":"https:\/\/www.ladislavjakl.cz\/index.php?rest_route=%2Fwp%2Fv2%2Ftags&post=13342"}],"curies":[{"name":"wp","href":"https:\/\/api.w.org\/{rel}","templated":true}]}}