{"id":13354,"date":"2023-03-25T21:54:40","date_gmt":"2023-03-25T20:54:40","guid":{"rendered":"https:\/\/www.ladislavjakl.cz\/?p=13354"},"modified":"2023-03-25T21:59:57","modified_gmt":"2023-03-25T20:59:57","slug":"ceka-nas-asi-obnova-ulicnich-vyboru-rika-ladislav-jakl","status":"publish","type":"post","link":"https:\/\/www.ladislavjakl.cz\/?p=13354","title":{"rendered":"\u010cek\u00e1 n\u00e1s asi obnova uli\u010dn\u00edch v\u00fdbor\u016f, \u0159\u00edk\u00e1 Ladislav Jakl"},"content":{"rendered":"<p>Probl\u00e9m s bankami teprve za\u010d\u00edn\u00e1 a \u010dek\u00e1 n\u00e1s asi tak\u00e9 povinn\u00e9 no\u0161en\u00ed spr\u00e1vn\u00fdch odznak\u016f na klop\u00e1ch. Za co by nov\u00e9ho prezidenta Ladislav Jakl n\u011bjak extra nemu\u010dil, pro\u010d by jeho spr\u00e1vn\u00ed fandov\u00e9 m\u011bli zajet do KLDR, pro\u010d b\u00fdval\u00fd tajemn\u00edk h\u00e1j\u00ed V\u00e1clava Klause ? Nejen o t\u011bchto t\u00e9matech v rozhovoru pro VIPosobnosti.cz.<\/p>\n<p><!--more--><strong>Pane Jakle, m\u00e1me za sebou prvn\u00ed velkou leto\u0161n\u00ed demonstraci. Vl\u00e1da m\u00e1 ve sn\u011bmovn\u011b v\u011bt\u0161inu a kapr si sv\u016fj rybn\u00edk nevypust\u00ed. Co by se muselo st\u00e1t, aby sou\u010dasn\u00e1 vl\u00e1da v \u010dele s Fialou odstoupila?<\/strong><\/p>\n<p>Co by se muselo st\u00e1t? To je celkem jasn\u00e9 u\u017e \u0159adu m\u011bs\u00edc\u016f. Sou\u010dasn\u00e1 vl\u00e1da skon\u010d\u00ed v&nbsp;moment\u011b, kdy jeden z&nbsp;d\u016fle\u017eit\u00fdch koali\u010dn\u00edch partner\u016f (pir\u00e1ty nepo\u010d\u00edt\u00e1m) vyhodnot\u00ed spole\u010denskou situaci tak, \u017ee \u00fa\u010dast ve vl\u00e1d\u011b je pro n\u011bj politicky nev\u00fdhodn\u00e1, \u017ee ho zat\u011b\u017euje a zhor\u0161uje vyhl\u00eddky jeho politick\u00e9 budoucnosti. Obvykle to b\u00fdvaj\u00ed lidovci. V&nbsp;ten moment tenhle koali\u010dn\u00ed partner st\u00e1hne z&nbsp;vl\u00e1dy sv\u00e9 ministry a vyvol\u00e1 hlasov\u00e1n\u00ed o ned\u016fv\u011b\u0159e. Opozice se p\u0159id\u00e1, ned\u016fv\u011bra bude vyhl\u00e1\u0161ena a vl\u00e1da pak mus\u00ed podat demisi. Pot\u00e9 p\u0159ijdou p\u0159ed\u010dasn\u00e9 volby, nebo rekonstrukce vl\u00e1dy na jin\u00e9m p\u016fdoryse.<\/p>\n<p>A d\u016fle\u017eit\u00e9 slovo u toho bude m\u00edt prezident republiky. Kdy a jestli v\u016fbec se n\u011bco takov\u00e9ho stane, to nyn\u00ed nelze \u0159\u00edci, a ani to nen\u00ed moc aktu\u00e1ln\u00ed. Ve spole\u010dnosti nep\u0159evl\u00e1d\u00e1 jasn\u011b vyhran\u011bn\u00e1 c\u00edlev\u011bdom\u00e1 \u010d\u00e1st ob\u010danstva, kter\u00e1 by po takov\u00e9 zm\u011bn\u011b volala. Za t\u011bchto okolnost\u00ed je pro ka\u017ed\u00e9ho \u010dlena vl\u00e1dn\u00ed koalice ka\u017ed\u00fd den dobr\u00fd a vl\u00e1dn\u00ed politici nec\u00edt\u00ed \u017e\u00e1dn\u00fd citeln\u00fd tlak ve\u0159ejnosti, aby z&nbsp;toho vyvodili z\u00e1v\u011br, \u017ee jim \u00fa\u010dast ve vl\u00e1d\u011b v\u00edc \u0161kod\u00ed, ne\u017e prosp\u00edv\u00e1. Zat\u00edm evidentn\u011b mnohem v\u00edc prosp\u00edv\u00e1.<\/p>\n<div class=\"elementor-element elementor-element-c352d3a elementor-widget elementor-widget-text-editor\" data-id=\"c352d3a\" data-element_type=\"widget\" data-widget_type=\"text-editor.default\">\n<div class=\"elementor-widget-container\">\n<div class=\"elementor-text-editor elementor-clearfix\">\n<p><strong>Na demonstraci se objevil d\u011bkan N\u00e1rodohospod\u00e1\u0159sk\u00e9 fakulty Miroslav \u0160ev\u010d\u00edk, kter\u00fd pat\u0159\u00ed do okruhu lid\u00ed kolem V\u00e1clava Klause. Jak vn\u00edm\u00e1te tuto nejen medi\u00e1ln\u00ed kauzu?<\/strong><\/p>\n<p>J\u00e1 tedy nev\u00edm, \u017ee by docent \u0160ev\u010d\u00edk pat\u0159il do n\u011bjak\u00e9ho okruhu lid\u00ed kolem prezidenta Klause. Ani nev\u00edm, jak je takov\u00fd \u201eokruh\u201c definov\u00e1n. V ka\u017ed\u00e9m p\u0159\u00edpad\u011b je v\u016f\u010di panu docentovi nyn\u00ed vyv\u00edjena \u0161ikana jen pro n\u00e1zor, jen pro \u00fa\u010dast na demonstraci. Ni\u010deho jin\u00e9ho se toti\u017e nedopustil a ani nen\u00ed nijak vy\u0161et\u0159ov\u00e1n. Sv\u00e9ho \u010dasu tu jin\u00fd docent demonstroval s n\u00e1pisem \u201eKatolick\u00e1 buzna\u201c a nikdo se nepohor\u0161oval. Chov\u00e1n\u00ed n\u011bkter\u00fdch dne\u0161n\u00edch aktivistick\u00fdch student\u016f se velmi podob\u00e1 studentsk\u00fdm \u00faderk\u00e1m, kter\u00e9 prov\u00e1d\u011bly na vysok\u00fdch \u0161kol\u00e1ch \u010distky v pades\u00e1t\u00fdch letech.<\/p>\n<p><strong>Jednou z definic\u00ed je, \u017ee Miroslav \u0160ev\u010d\u00edk obdr\u017eel V\u00fdro\u010dn\u00ed cenu Institutu V\u00e1clava Klause za to, \u017ee vychoval tis\u00edce nov\u00fdch ekonom\u016f a odborn\u00edk\u016f<em>&nbsp;<\/em>a nav\u0161t\u011bvuje jeho besedy. Je podle v\u00e1s jeho odvol\u00e1n\u00ed re\u00e1ln\u00e9?<\/strong><\/p>\n<div dir=\"ltr\">\n<p>Mysl\u00edm, \u017ee na\u0161e soudob\u00e1 skute\u010dnost v mnoh\u00e9m p\u0159ekonala i leckter\u00e9 hodn\u011b divok\u00e9 p\u0159edstavy. Re\u00e1ln\u00fdm se tak m\u016f\u017ee st\u00e1t u\u017e skoro v\u0161e. Po jeho p\u0159\u00edpadn\u00e9m odvol\u00e1n\u00ed bude hned n\u00e1sledovat obnova uli\u010dn\u00edch v\u00fdbor\u016f, kter\u00e9 za\u010dnou kontrolovat spr\u00e1vnou v\u00fdzdobu v oknech a povinn\u00e9 no\u0161en\u00ed spr\u00e1vn\u00fdch odznak\u016f na klop\u00e1ch.<\/p>\n<\/div>\n<\/div>\n<\/div>\n<\/div>\n<div class=\"elementor-element elementor-element-f40adb8 vip-video-iframe elementor-widget elementor-widget-shortcode\" data-id=\"f40adb8\" data-element_type=\"widget\" data-widget_type=\"shortcode.default\">\n<div class=\"elementor-widget-container\">\n<div class=\"elementor-shortcode\"><strong>Kdy\u017e u\u017e jsem zm\u00ednila V\u00e1clava Klause, na inauguraci nov\u00e9ho prezidenta Pavla bylo vid\u011bt, \u017ee mu b\u00fdval\u00fd prezident p\u0159\u00edli\u0161 nefand\u00ed. Podle m\u00e9di\u00ed byl jeho \u201epotlesk\u201c velmi vla\u017en\u00fd, t\u00e9m\u011b\u0159 \u017e\u00e1dn\u00fd.&nbsp; Vy, jako jeho b\u00fdval\u00fd tajemn\u00edk v\u00edte, co t\u00edm nazna\u010dil?<\/strong><\/div>\n<\/div>\n<\/div>\n<div class=\"elementor-element elementor-element-500900bf elementor-widget elementor-widget-text-editor\" data-id=\"500900bf\" data-element_type=\"widget\" data-widget_type=\"text-editor.default\">\n<div class=\"elementor-widget-container\">\n<div class=\"elementor-text-editor elementor-clearfix\">\n<p>J\u00e1 velmi nerad vykl\u00e1d\u00e1m gesta, \u010diny, kroky jin\u00fdch. To byste se musela zeptat p\u0159\u00edmo V\u00e1clava Klause. Ale ne\u0159ekl bych, \u017ee \u201evla\u017en\u00fd potlesk\u201c, jak tomu \u0159\u00edk\u00e1te, by byl v\u00fdrazem toho, \u017ee nov\u00e9mu prezidentovi nefand\u00ed. Byla to reakce na ten konkr\u00e9tn\u00ed inaugura\u010dn\u00ed projev, kter\u00fd, bohu\u017eel, nenesl \u017e\u00e1dn\u00fd siln\u00fd obsah. Ale p\u0159et\u0159\u00e1s\u00e1n\u00ed kvality potlesku v na\u0161ich m\u00e9di\u00edch m\u011b vede k my\u0161lence, zda by ti spr\u00e1vn\u00ed fandov\u00e9 nov\u00e9ho prezidenta nezajeli do KLDR a nesehnali tam n\u011bjak\u00fd n\u00e1vod na spr\u00e1vn\u00e9 ovace milovan\u00e9mu v\u016fdci.<\/p>\n<p><strong>Pan Klaus byl tak\u00e9 zvolen prezidentem a ur\u010dit\u011b by zaznamenal, pokud by mu n\u011bkdo nezatleskal. A z pohledu etikety, nadhledu by byl potlesk na m\u00edst\u011b, ne?<\/strong><\/p>\n<div dir=\"ltr\">\n<p>Byli tu vysoc\u00ed \u00fastavn\u00ed \u010dinitel\u00e9, kte\u0159\u00ed v pr\u016fb\u011bhu prezidentsk\u00fdch projev\u016f demonstrativn\u011b odch\u00e1zeli ze s\u00e1lu. To asi po\u017eadavky na etiketu spl\u0148ovalo. Tak rad\u011bji p\u0159ipomenu toto: Pokud potleskem nap\u0159\u00edklad v\u00edt\u00e1me, jde o zdvo\u0159ilostn\u00ed gesto. Po politick\u00e9m projevu nen\u00ed potlesk projevem bontonu ale v\u00fdrazem souhlasu s obsahem.<\/p>\n<\/div>\n<\/div>\n<\/div>\n<\/div>\n<div class=\"elementor-element elementor-element-4aee32ca elementor-widget elementor-widget-shortcode\" data-id=\"4aee32ca\" data-element_type=\"widget\" data-widget_type=\"shortcode.default\">\n<div class=\"elementor-widget-container\">\n<div class=\"elementor-shortcode\"><strong>Tak\u00e9 nov\u00fd prezident m\u00e1 za sebou \u0159e\u0161n\u00ed prvn\u00edho dilema, a to podpis sporn\u00e9 valorizace d\u016fchod\u016f. Vy\u0159e\u0161il ho \u0161alamounksy, vlk se na\u017eral\u2026 A\u0165 rozhodne soud. Co tento p\u0159\u00edstup signalizuje?<\/strong><\/div>\n<\/div>\n<\/div>\n<div class=\"elementor-element elementor-element-48a2a561 elementor-widget elementor-widget-text-editor\" data-id=\"48a2a561\" data-element_type=\"widget\" data-widget_type=\"text-editor.default\">\n<div class=\"elementor-widget-container\">\n<div class=\"elementor-text-editor elementor-clearfix\">\n<p>Je to alibismus, snaha zal\u00edbit se r\u016fzn\u00fdm skupin\u00e1m ve\u0159ejnosti. Ale za to bych ho n\u011bjak extra nemu\u010dil, ka\u017ed\u00fd politik zva\u017euje, kter\u00fdm krokem koho na\u0161tve a koho uspokoj\u00ed. Zaj\u00edmav\u011bj\u0161\u00ed je form\u00e1ln\u00ed str\u00e1nka v\u011bci. Pokud prezident pod\u00e1 \u00fastavn\u00ed \u017ealobu, jak slibuje, stane se \u00fa\u010dastn\u00edkem \u0159\u00edzen\u00ed. Bude p\u0159i jedn\u00e1n\u00ed \u00dastavn\u00edho soudu ozna\u010dovat za proti\u00fastavn\u00ed sv\u016fj vlastn\u00ed podpis? Trochu bizarn\u00ed p\u0159edstava, \u017ee?<\/p>\n<p><strong>P\u016fjde prezident, kter\u00fd p\u016fsob\u00ed klidn\u011b, atraktivn\u011b, na ruku sou\u010dasn\u00e9 vl\u00e1d\u011b a bude t\u00edm, kter\u00fd dok\u00e1\u017ee mistrn\u011b kli\u010dkovat, aby nemusel nic rozhodovat?<\/strong><\/p>\n<p>Takov\u00fdm stylem se d\u00e1 p\u0159e\u017e\u00edt maxim\u00e1ln\u011b n\u011bkolik t\u00fddn\u016f. P\u0159ijdou v\u00e1\u017en\u00e9 zkou\u0161ky, u kter\u00fdch se bude muset vybarvit.<\/p>\n<p><strong>Za\u010d\u00ednaj\u00ed krachovat sv\u011btov\u00e9 banky, lid\u00e9 vyb\u00edraj\u00ed sv\u00e9 \u00faspory. Je obez\u0159etnost, strach na m\u00edst\u011b?<\/strong><\/p>\n<p>To je velk\u00e9 t\u00e9ma, ale chcete-li jednoduchou odpov\u011b\u010f, pak mus\u00edm odpov\u011bd\u011bt, \u017ee ano. D\u016fvody k&nbsp;obav\u00e1m tu jsou. Na\u0161e \u010d\u00e1st sv\u011bta svou nesmyslnou regulac\u00ed ekonomiky a fanatick\u00fdm bojem s&nbsp;podneb\u00edm natolik prodra\u017euje v\u00fdrobu \u010dehokoli, \u017ee lidem za\u010d\u00ednaj\u00ed doch\u00e1zet pen\u00edze a ztr\u00e1cej\u00ed schopnost spl\u00e1cet bank\u00e1m \u00fav\u011bry. Banky se t\u00edm nutn\u011b dost\u00e1vaj\u00ed do pot\u00ed\u017e\u00ed. Nemysl\u00edm, \u017ee probl\u00e9m je za\u017eehn\u00e1n, sp\u00ed\u0161e teprve za\u010d\u00edn\u00e1.<\/p>\n<p><a href=\"https:\/\/viposobnosti.cz\/clanky\/ceka-nas-asi-obnova-ulicnich-vyboru-rika-ladislav-jakl\/\">Zdroj<\/a><\/p>\n<p>&nbsp;<\/p>\n<\/div>\n<\/div>\n<\/div>\n","protected":false},"excerpt":{"rendered":"<p>Probl\u00e9m s bankami teprve za\u010d\u00edn\u00e1 a \u010dek\u00e1 n\u00e1s asi tak\u00e9 povinn\u00e9 no\u0161en\u00ed spr\u00e1vn\u00fdch odznak\u016f na klop\u00e1ch. Za co by nov\u00e9ho prezidenta Ladislav Jakl n\u011bjak extra nemu\u010dil, pro\u010d by jeho spr\u00e1vn\u00ed fandov\u00e9 m\u011bli zajet do KLDR, pro\u010d b\u00fdval\u00fd tajemn\u00edk h\u00e1j\u00ed V\u00e1clava Klause ? Nejen o t\u011bchto t\u00e9matech v rozhovoru pro VIPosobnosti.cz.<\/p>\n","protected":false},"author":9,"featured_media":0,"comment_status":"open","ping_status":"open","sticky":false,"template":"","format":"standard","meta":{"ngg_post_thumbnail":0,"footnotes":""},"categories":[13],"tags":[],"class_list":["post-13354","post","type-post","status-publish","format-standard","hentry","category-rozhovory"],"_links":{"self":[{"href":"https:\/\/www.ladislavjakl.cz\/index.php?rest_route=\/wp\/v2\/posts\/13354","targetHints":{"allow":["GET"]}}],"collection":[{"href":"https:\/\/www.ladislavjakl.cz\/index.php?rest_route=\/wp\/v2\/posts"}],"about":[{"href":"https:\/\/www.ladislavjakl.cz\/index.php?rest_route=\/wp\/v2\/types\/post"}],"author":[{"embeddable":true,"href":"https:\/\/www.ladislavjakl.cz\/index.php?rest_route=\/wp\/v2\/users\/9"}],"replies":[{"embeddable":true,"href":"https:\/\/www.ladislavjakl.cz\/index.php?rest_route=%2Fwp%2Fv2%2Fcomments&post=13354"}],"version-history":[{"count":5,"href":"https:\/\/www.ladislavjakl.cz\/index.php?rest_route=\/wp\/v2\/posts\/13354\/revisions"}],"predecessor-version":[{"id":13359,"href":"https:\/\/www.ladislavjakl.cz\/index.php?rest_route=\/wp\/v2\/posts\/13354\/revisions\/13359"}],"wp:attachment":[{"href":"https:\/\/www.ladislavjakl.cz\/index.php?rest_route=%2Fwp%2Fv2%2Fmedia&parent=13354"}],"wp:term":[{"taxonomy":"category","embeddable":true,"href":"https:\/\/www.ladislavjakl.cz\/index.php?rest_route=%2Fwp%2Fv2%2Fcategories&post=13354"},{"taxonomy":"post_tag","embeddable":true,"href":"https:\/\/www.ladislavjakl.cz\/index.php?rest_route=%2Fwp%2Fv2%2Ftags&post=13354"}],"curies":[{"name":"wp","href":"https:\/\/api.w.org\/{rel}","templated":true}]}}