{"id":1338,"date":"2011-10-26T14:59:12","date_gmt":"2011-10-26T13:59:12","guid":{"rendered":"http:\/\/www.ladislavjakl.cz\/?p=1338"},"modified":"2011-10-26T14:59:12","modified_gmt":"2011-10-26T13:59:12","slug":"ladislav-jakl-v-ceskem-rozhlase-o-milostech-a-pomluvach-respektu","status":"publish","type":"post","link":"https:\/\/www.ladislavjakl.cz\/?p=1338","title":{"rendered":"Ladislav Jakl v \u010cesk\u00e9m rozhlase o milostech a pomluv\u00e1ch Respektu"},"content":{"rendered":"<p><strong>Zdroj: Radio\u017eurn\u00e1l &#8211; Radiof\u00f3rum:\u00a0 Mo\u017enost korupce p\u0159i ud\u011blov\u00e1n\u00ed prezidentsk\u00fdch milost\u00ed<br \/>\n<\/strong><\/p>\n<p><strong>Datum vyd\u00e1n\u00ed: 17.10.2011 Moder\u00e1tor: Jan Bumba<\/strong><\/p>\n<p><!--more-->Moder\u00e1tor (Jan Bumba):<\/p>\n<p>Policist\u00e9, jak u\u017e jste sly\u0161eli ve zpr\u00e1v\u00e1ch, se za\u010dali zab\u00fdvat podez\u0159en\u00edm korupce p\u0159i ud\u011blov\u00e1n\u00ed prezidentsk\u00fdch milost\u00ed. Na podez\u0159el\u00fd p\u0159\u00edpad upozor\u0148uje dne\u0161n\u00ed vyd\u00e1n\u00ed t\u00fdden\u00edku Respekt. Podle dvou sv\u011bdk\u016f, kter\u00e9 Respekt kontaktoval, se jim b\u00fdval\u00e1 karlovarsk\u00e1 policistka Radka Kadlecov\u00e1 sv\u011b\u0159ila, \u017ee pot\u00e9, co byla odsouzena k dvoulet\u00e9mu trestu za bran\u00ed \u00faplatk\u016f, koupil pro ni n\u011bkdo z jej\u00edch bl\u00edzk\u00fdch prezidentskou milost. Na telefonn\u00ed lince je tajemn\u00edk prezidenta republiky Ladislav Jakl, dobr\u00fd den.<\/p>\n<p>Host (Ladislav Jakl, tajemn\u00edk prezidenta republiky):<\/p>\n<p>Dobr\u00fd ve\u010der v\u00e1m p\u0159eji.<\/p>\n<p>Moder\u00e1tor (Jan Bumba):<\/p>\n<p>Pane Jakle, mohl byste, pros\u00edm, nejprve popsat, jak se rozhoduje o ud\u011blen\u00ed \u010di neud\u011blen\u00ed prezidentsk\u00fdch milost\u00ed?<\/p>\n<p>Host (Ladislav Jakl, tajemn\u00edk prezidenta republiky):<\/p>\n<p>To nev\u00edm, do jak\u00e9 m\u00edry to pro v\u00e1s m\u016f\u017eu popsat dopodrobna, proto\u017ee pr\u00e1v\u011b proto, aby ten syst\u00e9m byl nezraniteln\u00fd proti n\u011bjak\u00fdm pokus\u016fm, tak v\u0161ichni, kte\u0159\u00ed se \u00fa\u010dastn\u00ed toho posuzov\u00e1n\u00ed, podepisuj\u00ed p\u0159i ka\u017ed\u00e9 p\u0159\u00edle\u017eitosti, p\u0159i ka\u017ed\u00e9m sezen\u00ed z\u00e1vazek ml\u010denlivosti a to i z toho d\u016fvodu, \u017ee spisy obsahuj\u00ed mnoho citliv\u00fdch d\u016fv\u011brn\u00fdch informac\u00ed o \u017eadatel\u00edch. Ale cht\u011bl bych k tomu samotn\u00e9mu p\u0159\u00edpadu \u0159\u00edct jednu v\u011bc, \u017ee nen\u00ed pravda, \u017ee by zavil\u00fd pl\u00e1tek Respekt p\u0159i\u0161el s n\u011bjak\u00fdm objevem. O t\u00e9to milosti se p\u00ed\u0161e u\u017e dva roky a u\u017e dva roky se n\u011bkdo sna\u017e\u00ed z tohoto p\u0159\u00edpadu ud\u011blat kauzu. J\u00e1 nev\u00edm, kdo m\u00e1 n\u011bjak\u00e9 dva sv\u011bdky a pova\u017euju to v\u0161echno za velikou ohromnou le\u017e, kter\u00e1 m\u011b ostatn\u011b u m\u00e9dia, jak\u00fdm je Respekt, s kter\u00fdm m\u00e1 sv\u00e9 dlouholet\u00e9 zku\u0161enosti, v\u016fbec n\u011bjak nep\u0159ekvapuje. Mysl\u00edm, \u017ee to je sp\u00ed\u0161 p\u0159\u00edpad o \u00farovni \u010desk\u00fdch m\u00e9di\u00ed, ne\u017e o \u010demkoliv jin\u00e9m.<\/p>\n<p>Moder\u00e1tor (Jan Bumba):<\/p>\n<p>\u0158\u00edkal jste, \u017ee nem\u016f\u017eete \u00fapln\u011b rozkr\u00fdt to, jak se postupuje p\u0159i ud\u011blov\u00e1n\u00ed milost\u00ed, ale pokud m\u016f\u017eete aspo\u0148 prozradit, jestli je pravda, \u017ee fin\u00e1ln\u00ed slovo m\u00e1 prost\u011b prezident Klaus, kter\u00fd si do t\u00e9 fin\u00e1ln\u00ed volby moc nenech\u00e1 mluvit?<\/p>\n<p>Host (Ladislav Jakl, tajemn\u00edk prezidenta republiky):<\/p>\n<p>Tak \u010d\u00e1st z toho, co jste \u0159ekl, pravdou je, \u010d\u00e1st nen\u00ed. Kdy\u017e pan prezident Klaus p\u0159i\u0161el na Hrad, tak to, co opravdu v\u00fdrazn\u011b zm\u011bnil, byla pr\u00e1v\u011b praxe ud\u011blov\u00e1n\u00ed milost\u00ed. Zaprv\u00e9 ud\u011bluje jich mnohem a mnohem m\u00e9n\u011b a zadruh\u00e9 nedovoluje u\u017e p\u0159ede\u0161lou praxi, kter\u00e1 byla podle m\u00e9ho n\u00e1zoru i proti\u00fastavn\u00ed, aby ministerstvo spravedlnosti vy\u0159azovalo velkou \u010d\u00e1st t\u011bch \u017e\u00e1dost\u00ed, p\u0159itom \u017eadatel\u00e9 nemaj\u00ed pr\u00e1vo obr\u00e1tit se p\u0159\u00edmo na prezidenta republiky a za p\u0159edchoz\u00edho prezidenta skute\u010dn\u011b ministerstvo velkou \u010d\u00e1st \u017e\u00e1dost\u00ed prost\u011b zam\u00edtlo a napsalo, \u017ee se jimi nebude prezident zab\u00fdvat. A zat\u0159et\u00ed nen\u00ed \u017e\u00e1dn\u00fd p\u0159ed\u017ev\u00fdk\u00e1vac\u00ed institut, kter\u00fd tady kdysi d\u0159\u00edv b\u00fdval v prezidentsk\u00e9 kancel\u00e1\u0159i v odboru legislativy, kter\u00fd prov\u00e1d\u011bl sv\u00e1 \u0161et\u0159en\u00ed a p\u0159ipravoval n\u00e1vrhy k rozhodnut\u00ed pro pana prezidenta. Nic takov\u00e9ho nen\u00ed. U n\u00e1s odbor legislativy pouze kompletuje spis, do kter\u00e9ho d\u00e1v\u00e1 u v\u0161ech p\u0159\u00edpad\u016f \u00fapln\u011b stejn\u00e9 v\u011bci. To znamen\u00e1 rozsudek, stru\u010dn\u00fd popis toho p\u0159\u00edpadu, \u017e\u00e1dost o milost, pop\u0159\u00edpad\u011b n\u011bjak\u00e9 reference a zdravotn\u00ed dokumentaci. Tak\u017ee nen\u00ed nikdo, kdo by mohl tu v\u011bc dop\u0159edu n\u011bjak p\u0159ed\u017ev\u00fdk\u00e1vat. A k t\u00e9 va\u0161\u00ed ot\u00e1zce, ano, skute\u010dn\u011b prezident republiky v t\u00e9to v\u011bci m\u00e1 kone\u010dn\u00e9 slovo a odpov\u00edd\u00e1 to tak\u00e9 \u00fastav\u011b a takto mu byla sv\u011b\u0159ena tato pravomoc. Faktem je, \u017ee ale tu v\u011bc konzultuje s okruhem sv\u00fdm spolupracovn\u00edk\u016f, j\u00e1 bych \u0159ekl tak asi zhruba dvaceti, a ten syst\u00e9m je nastaven tak, \u017ee nikdy nikdo dop\u0159edu nev\u00ed, kdo kterou \u017e\u00e1dost dostane do ruky. Ka\u017edou \u017e\u00e1dost dostanou do ruky zhruba asi tak 4 spolupracovn\u00edci n\u00e1hodn\u00fdm nam\u00e1tkov\u00fdm v\u00fdb\u011brem a nen\u00ed mo\u017en\u00e9 dop\u0159edu v\u011bd\u011bt, kdo kterou bude \u010d\u00edst. \u010cili pana prezidenta zaj\u00edm\u00e1 n\u00e1zor ostatn\u00edch spolupracovn\u00edk\u016f, jak se na ty d\u00edvaj\u00ed.<\/p>\n<p>Moder\u00e1tor (Jan Bumba):<\/p>\n<p>Pokud v\u00e1s m\u016f\u017eu poprosit, k tomu samotn\u00e9mu p\u0159\u00edpadu, vy jste \u0159\u00edkal, \u017ee podle va\u0161eho soudu se sp\u00ed\u0161 n\u011bkdo sna\u017e\u00ed z toho ud\u011blat kauzu, ale abychom to n\u011bjak aspo\u0148 \u010d\u00e1ste\u010dn\u011b rozkryli, tak psychiatr prim\u00e1\u0159 Martin Kone\u010dn\u00fd, kter\u00fd odsouzenou a pot\u00e9 tedy omilostn\u011bnou policistku Kadlecovou vy\u0161et\u0159oval, napsal ve zpr\u00e1v\u011b, \u017ee pan\u00ed Kadlecov\u00e1, cituji, uv\u00e1d\u00ed, \u017ee pro ni je zakoupena milost u prezidenta republiky. Na c\u00edlen\u00fd dotaz potvrzuje, \u017ee \u00faplatky p\u0159ijali taky poradci prezidenta. Pro\u010d by n\u011bkdo n\u011bco takov\u00e9ho \u0159\u00edkal?<\/p>\n<p>Host (Ladislav Jakl, tajemn\u00edk prezidenta republiky):<\/p>\n<p>No tak ona mo\u017en\u00e1 mu \u0159\u00edkala, \u017ee je Kry\u0161tof Kolumbus a \u017ee pr\u00e1v\u011b odplouv\u00e1 na lodi oplouvat Ameriku. J\u00e1 nev\u00edm p\u0159esn\u011b, co \u0159\u00edkala. Nechci mluvit o zdravotn\u00edm stavu kohokoliv. J\u00e1 nev\u00edm, jestli to \u0159\u00edkala. Vy jste nesly\u0161el \u017e\u00e1dnou nahr\u00e1vku, nem\u00e1te \u017e\u00e1dn\u00fd z\u00e1pis, j\u00e1 tak\u00e9 nem\u00e1m, ti novin\u00e1\u0159i tak\u00e9 nemaj\u00ed a v podstat\u011b jde o t\u00fdden\u00edk, kter\u00fd ka\u017ed\u00fd t\u00fdden vylije na prezident V\u00e1clava Klause k\u00fdbl \u0161p\u00edny, proto\u017ee je vlastn\u011bn jeho politick\u00fdmi kritiky a oponenty: m\u011b to v podstat\u011b nijak nep\u0159ekvapuje, sp\u00ed\u0161 m\u011b p\u0159ekvapuje, s jakou ochotou se toho chytaj\u00ed ostatn\u00ed m\u00e9dia. Koneckonc\u016f, o n\u011bco podobn\u00e9ho se pokou\u0161ely u\u017e Lidov\u00e9 noviny p\u0159ed dv\u011bma lety u stejn\u00e9ho p\u0159\u00edpadu a pou\u017e\u00edvaly, a to je zaj\u00edmav\u00e9, \u00fapln\u011b stejn\u00fd argument a to je, \u017ee pan prezident, i kdy\u017e to teda k tomu nen\u00ed nijak nucen a povinen, tak se sna\u017e\u00ed stru\u010dn\u011b zd\u016fvodnit sv\u00e9 \u00favahy p\u0159i ka\u017ed\u00e9 milosti. Je t\u0159eba tak\u00e9 \u0159\u00edct, \u017ee v podstat\u011b ka\u017ed\u00e1 milost je \u0161patn\u011b, proto\u017ee v\u0161echny milosti jsou d\u00e1v\u00e1ny vin\u00edk\u016fm. Vin\u00edk\u016fm, kte\u0159\u00ed n\u011bco provedli. N\u011bkdo se mo\u017en\u00e1 d\u00edv\u00e1 velmi chybn\u011b na milost jako na n\u011bjak\u00fd opravn\u00fd prost\u0159edek\u2026<\/p>\n<p>Moder\u00e1tor (Jan Bumba):<\/p>\n<p>Pane Jakle, nezlobte se, nem\u016f\u017eeme zach\u00e1zet p\u0159\u00edli\u0161 do \u0161\u00ed\u0159ky. J\u00e1 v\u00e1m velice d\u011bkuji za va\u0161e vyj\u00e1d\u0159en\u00ed, d\u011bkuji za rozhovor. Ladislav Jakl, tajemn\u00edk prezidenta republiky, na shledanou.<\/p>\n<p>Host (Ladislav Jakl, tajemn\u00edk prezidenta republiky):<\/p>\n<p>D\u011bkuji v\u00e1m tak\u00e9, na shledanou.<\/p>\n","protected":false},"excerpt":{"rendered":"<p>Zdroj: Radio\u017eurn\u00e1l &#8211; Radiof\u00f3rum:\u00a0 Mo\u017enost korupce p\u0159i ud\u011blov\u00e1n\u00ed prezidentsk\u00fdch milost\u00ed Datum vyd\u00e1n\u00ed: 17.10.2011 Moder\u00e1tor: Jan Bumba<\/p>\n","protected":false},"author":1,"featured_media":0,"comment_status":"open","ping_status":"open","sticky":false,"template":"","format":"standard","meta":{"ngg_post_thumbnail":0,"footnotes":""},"categories":[13],"tags":[],"class_list":["post-1338","post","type-post","status-publish","format-standard","hentry","category-rozhovory"],"_links":{"self":[{"href":"https:\/\/www.ladislavjakl.cz\/index.php?rest_route=\/wp\/v2\/posts\/1338","targetHints":{"allow":["GET"]}}],"collection":[{"href":"https:\/\/www.ladislavjakl.cz\/index.php?rest_route=\/wp\/v2\/posts"}],"about":[{"href":"https:\/\/www.ladislavjakl.cz\/index.php?rest_route=\/wp\/v2\/types\/post"}],"author":[{"embeddable":true,"href":"https:\/\/www.ladislavjakl.cz\/index.php?rest_route=\/wp\/v2\/users\/1"}],"replies":[{"embeddable":true,"href":"https:\/\/www.ladislavjakl.cz\/index.php?rest_route=%2Fwp%2Fv2%2Fcomments&post=1338"}],"version-history":[{"count":1,"href":"https:\/\/www.ladislavjakl.cz\/index.php?rest_route=\/wp\/v2\/posts\/1338\/revisions"}],"predecessor-version":[{"id":1339,"href":"https:\/\/www.ladislavjakl.cz\/index.php?rest_route=\/wp\/v2\/posts\/1338\/revisions\/1339"}],"wp:attachment":[{"href":"https:\/\/www.ladislavjakl.cz\/index.php?rest_route=%2Fwp%2Fv2%2Fmedia&parent=1338"}],"wp:term":[{"taxonomy":"category","embeddable":true,"href":"https:\/\/www.ladislavjakl.cz\/index.php?rest_route=%2Fwp%2Fv2%2Fcategories&post=1338"},{"taxonomy":"post_tag","embeddable":true,"href":"https:\/\/www.ladislavjakl.cz\/index.php?rest_route=%2Fwp%2Fv2%2Ftags&post=1338"}],"curies":[{"name":"wp","href":"https:\/\/api.w.org\/{rel}","templated":true}]}}