{"id":1340,"date":"2011-10-26T15:00:43","date_gmt":"2011-10-26T14:00:43","guid":{"rendered":"http:\/\/www.ladislavjakl.cz\/?p=1340"},"modified":"2011-10-26T15:00:43","modified_gmt":"2011-10-26T14:00:43","slug":"ladislav-jakl-tajemnik-prezidenta-a-rocker-kazdy-z-nas-je-originalem-a-potrebuje-svou-svobodu","status":"publish","type":"post","link":"https:\/\/www.ladislavjakl.cz\/?p=1340","title":{"rendered":"Ladislav Jakl, tajemn\u00edk prezidenta a rocker: &#8222;Ka\u017ed\u00fd z n\u00e1s je origin\u00e1lem a pot\u0159ebuje svou svobodu.&#8220;"},"content":{"rendered":"<p>Ladislav Jakl je nejen tajemn\u00edkem prezidenta republiky, ale tak\u00e9 rockov\u00fd hudebn\u00edk kapely Folimanka Blues a velk\u00fd znalec piva. Vystudoval fakultu \u017eurnalistiky, je autorem mnoha set \u010dl\u00e1nk\u016f a esej\u016f o \u010desk\u00e9 i mezin\u00e1rodn\u00ed politice \u010di m\u00e9di\u00edch. Zat\u00edmco bigbeat je pro n\u011bj \u017eivotn\u00edm stylem, pivo a n\u00e1v\u0161t\u011bvy hosp\u016fdek se staly jeho celo\u017eivotn\u00edm kon\u00ed\u010dkem.<\/p>\n<p><!--more--><\/p>\n<p><strong>V\u0161ichni tou\u017e\u00edme po v\u0161em, o \u010dem si mysl\u00edme, \u017ee n\u00e1s u\u010din\u00ed \u0161\u0165astn\u00fdmi.  \u0158\u00edk\u00e1 se, \u017ee \u0161t\u011bst\u00ed si nezaslou\u017e\u00ed ti, kte\u0159\u00ed nedok\u00e1\u017e\u00ed ne\u00fasp\u011bch p\u0159em\u011bnit k  zu\u0161lecht\u011bn\u00ed sv\u00fdch c\u00edl\u016f. Jak vn\u00edm\u00e1te \u0161t\u011bst\u00ed vy?<\/strong><\/p>\n<p>Lid\u00e9 jsou r\u016fzn\u00ed a pocit \u0161t\u011bst\u00ed \u010di blaha je u ka\u017ed\u00e9ho vyvol\u00e1n jin\u00fdmi  podn\u011bty. Tedy i jeho pro\u017eit\u00ed je  individu\u00e1ln\u00ed. Mo\u017en\u00e1, \u017ee je to pro  n\u011bkoho ban\u00e1ln\u00ed my\u0161lenka, ale pro m\u011b je velmi d\u016fle\u017eit\u00e1 v jedn\u00e9 v\u011bci.  Kdyby si v\u0161ichni lid\u00e9 byli podobn\u00ed a \u0161t\u011bst\u00ed by bylo vyvol\u00e1v\u00e1no stejn\u00fdmi  p\u0159\u00ed\u010dinami, nepot\u0159ebovali by b\u00fdt svobodn\u00ed.  Proto\u017ee ke \u0161t\u011bst\u00ed vedou r\u016fzn\u00e9  cesty,  je zapot\u0159eb\u00ed volnosti, d\u00edky kter\u00e9 si m\u016f\u017eeme naj\u00edt ka\u017ed\u00fd svoj\u00ed  vlastn\u00ed. Ne ka\u017ed\u00fd m\u00e1 ale ke svobod\u011b podobn\u00fd vztah.<\/p>\n<p>Pokud n\u011bkdo pova\u017euje v\u0161echny lidi za v\u00edce m\u00e9n\u011b stejn\u00e9, je p\u0159esv\u011bd\u010den, \u017ee  je uspokojuje stejn\u00fd soubor v\u011bc\u00ed. Z toho pramen\u00ed my\u0161lenka, \u017ee svoboda  je sp\u00ed\u0161e p\u0159\u00edt\u011b\u017e\u00ed, proto\u017ee spole\u010dn\u011b a organizovan\u011b se ke spole\u010dn\u00e9mu  \u0161t\u011bst\u00ed dostanou l\u00e9pe ne\u017e ka\u017ed\u00fd zvl\u00e1\u0161\u0165. Pouze \u010dlov\u011bk p\u0159edpokl\u00e1daj\u00edc\u00ed, \u017ee  ka\u017ed\u00fd z n\u00e1s je origin\u00e1lem, kter\u00fd si s\u00e1m dok\u00e1\u017ee zhodnotit, co je pro n\u011bj  dobr\u00e9, pot\u0159ebuje svobodu, kter\u00e9 si pak vysoce cen\u00ed.<\/p>\n<p>Toto je mo\u017en\u00e1 pro n\u011bkoho m\u00e1lo pochopiteln\u00e9, ned\u016fle\u017eit\u00e9, ale j\u00e1 tuto  my\u0161lenku pou\u017e\u00edv\u00e1m jako sv\u00e9 \u017eivotn\u00ed kr\u00e9do. Pro m\u011b je politika bojem dobra  a svobody a j\u00e1 jsem se postavil na stranu svobody. Existuje v\u0161ak mnoho  politicky \u010dinn\u00fdch lid\u00ed, kte\u0159\u00ed v\u00e1m nenab\u00edzej\u00ed volnost, ale r\u016fzn\u00e1 sv\u00e1  subjektivn\u00ed dobra, kter\u00e1 pova\u017euj\u00ed za n\u011bco absolutn\u00edho. Za to v\u00e1m ale  vezmou kousek nez\u00e1vislosti. Pro m\u011b jsou lid\u00e9, kte\u0159\u00ed nab\u00edzej\u00ed dobro,  daleko nebezpe\u010dn\u011bj\u0161\u00ed ne\u017e ti, kte\u0159\u00ed nab\u00edz\u00ed svobodu, pot\u0159ebnou pr\u00e1v\u011b k  tomu, aby si to dobro ka\u017ed\u00fd na\u0161el s\u00e1m pro sebe. Aby mohl j\u00edt za \u0161t\u011bst\u00edm  svou vlastn\u00ed cestou.<\/p>\n<p><strong>M\u00e1te na Hrad\u011b jako tajemn\u00edk V\u00e1clava Klause pr\u00e1v\u011b tu svobodu, o kter\u00e9  hovo\u0159\u00edte?<\/strong><\/p>\n<p>Ka\u017ed\u00e1 role m\u00e1 svoje pravidla. V\u0161ichni, kdy\u017e  se r\u00e1no vzbud\u00edme, tak jsme  nejprve \u010dlenem rodiny, pot\u00e9  cestuj\u00edc\u00ed v tramvaji, zam\u011bstnanci,  n\u00e1v\u0161t\u011bvn\u00edky obchodu, koncertu, \u010di kamar\u00e1dy. Tedy v r\u00e1mci jednoho \u017eivota a  dokonce i jednoho dne existuje mnoho rol\u00ed.<\/p>\n<p>Samoz\u0159ejm\u011b, \u017ee i j\u00e1 mus\u00edm ct\u00edt a dodr\u017eovat ur\u010dit\u00e1 pravidla. Vybral jsem  si tuto pr\u00e1ci dobrovoln\u011b. Nem\u016f\u017eu si tady d\u011blat co chci, ale jsem r\u00e1d, \u017ee  ve v\u011bcech svobody m\u00e1m na sv\u011bt velmi podobn\u00fd n\u00e1hled jako m\u016fj \u0161\u00e9f, kter\u00fd  tak\u00e9 cel\u00fd sv\u016fj \u017eivot bojuje proti r\u016fzn\u00fdm z\u00e1kaz\u016fm a p\u0159\u00edkaz\u016fm.<\/p>\n<p><strong>Dnes je velmi modern\u00ed hovo\u0159it o poko\u0159e, p\u0159\u00edmo se j\u00ed za\u0161ti\u0165ovat. Co ve v\u00e1s evokuje tato ctnost?<\/strong><\/p>\n<p>Toto slovo pro\u0161la velikou inflac\u00ed a ka\u017ed\u00fd je sklo\u0148uje ve v\u0161ech p\u00e1dech.  Mysl\u00edm si, \u017ee o t\u011bchto v\u011bcech se nemluv\u00ed. Maj\u00ed se \u017e\u00edt. Samoz\u0159ejm\u011b, \u017ee  p\u0159ed n\u011bkter\u00fdmi v\u011bcmi c\u00edt\u00edm hlubokou \u00factu, ale nem\u00e1m pot\u0159ebu ji jakkoliv  demonstrovat.<\/p>\n<p><img decoding=\"async\" src=\"http:\/\/www.dama.cz\/\/2011\/10\/jaklbb.jpg\" alt=\"\" \/><\/p>\n<p><strong>Vy jste tak\u00e9 muzikant. Je hudba jen va\u0161\u00edm kon\u00ed\u010dkem?<\/strong><\/p>\n<p>Pro m\u011b muzika, big beat, nen\u00ed z\u00e1jmov\u00e1 \u010dinnost, ale zp\u016fsob \u017eivota.  Kdybych m\u011bl jakoukoliv jinou profesi, stejn\u011b v\u017edy z\u016fstanu muzikantem, a  to i kdybych nehr\u00e1l. Zato pivo je kon\u00ed\u010dek. Ale kon\u00ed\u010dek, kter\u00e9mu se  v\u011bnuji detailn\u011b. Jezd\u00edm  na  r\u016fzn\u00e9 sv\u011btov\u00e9 pivn\u00ed festivaly. P\u0159ed 14 dni  jsem byl na nejv\u011bt\u0161\u00ed p\u0159ehl\u00eddce mal\u00fdch speci\u00e1ln\u00edch piv na sv\u011bt\u011b v  Denveru, Coloradu. Po cest\u011b zp\u00e1tky jsem stihnul nav\u0161t\u00edvit i Oktoberfest,  kter\u00fd mi v\u0161ak p\u0159ipom\u00ednal v\u00edce lunapark, ne\u017e sv\u00e1tek piva. Tyto akce jsem  nav\u0161t\u00edvil tak\u00e9 v Belgii nebo v na\u0161\u00ed republice. Jsem \u010dlenem degusta\u010dn\u00ed  skupiny. \u0158\u00edk\u00e1me si trochu nafoukan\u011b Prvn\u00ed pivn\u00ed extraliga a ji\u017e druh\u00fdm  rokem anonymn\u011b testujeme \u010desk\u00e9 le\u017e\u00e1ky.<\/p>\n<p>Na pivo se ned\u00edv\u00e1m jako na n\u011bjak\u00fd oby\u010dejn\u00fd n\u00e1poj. Tak\u00e9 mezi pivy najdete  obdobu \u00fast\u0159ic, lan\u00fd\u017e\u016f, kavi\u00e1ru a nejen gul\u00e1\u0161e, jak si n\u011bkte\u0159\u00ed lid\u00e9  mysl\u00ed. V novin\u00e1ch vy\u0161lo hodnocen\u00ed, kde se na p\u0159edn\u00edch p\u0159\u00ed\u010dk\u00e1ch  um\u00edstily  hospody s obrovsk\u00fdm v\u00fdb\u011brem zaj\u00edmav\u00fdch speci\u00e1ln\u00edch piv. Byl jsem jako  jedn\u00edm z hodnotitel\u016f r\u00e1d, \u017ee na t\u011bchto m\u00edstech nefigurovaly hospody s  jednou zna\u010dkou z velk\u00e9 fabriky. D\u016fle\u017eit\u00e1 je tak\u00e9 osv\u011bta, aby se lidi  ned\u00edvali na pivo degraduj\u00edc\u00edm zp\u016fsobem.<\/p>\n<p><strong>Pro\u010d jste si vybral pr\u00e1v\u011b pivo, kde vznikla motivace?<\/strong><\/p>\n<p>Pivo piju od ml\u00e1d\u00ed, pat\u0159\u00ed i ke sv\u011btu muziky, kter\u00fd vyzn\u00e1v\u00e1m. \u017divot \u010desk\u00e9  hospody mi byl v\u017edycky bl\u00edzk\u00fd. P\u0159ed 15 lety, v dob\u011b, kdy za\u010daly vznikat  mikropivovary \u010di restaura\u010dn\u00ed pivovary a bylo ji\u017e mo\u017en\u00e9 ochutnat i  zaj\u00edmav\u00e9 sv\u011btov\u00e9 zna\u010dky, jsem se za\u010dal zaj\u00edmat o v\u00fdvoj pivn\u00ed kultury.<\/p>\n<p><strong>Co pijete na st\u00e1tnick\u00fdch n\u00e1v\u0161t\u011bv\u00e1ch?<\/strong><\/p>\n<p>Kdy\u017e jsem na n\u011bjak\u00fdch ofici\u00e1ln\u00edch akc\u00edch, kde pod\u00e1vaj\u00ed vybran\u00e1 v\u00edna,  nezapomenu se zeptat, zda nemaj\u00ed n\u011bjak\u00e9 m\u00edstn\u00ed pivo, kter\u00e9 pak piju u  stolu jako jedin\u00fd. Po skon\u010den\u00ed programu, pokud je to mo\u017en\u00e9, se p\u0159evl\u00e9knu  a vytrat\u00edm do m\u00edstn\u00ed hosp\u016fdky.<\/p>\n<p><strong>Je\u0161t\u011b se vr\u00e1t\u00edm k muzice. Jak pokra\u010duje va\u0161e spolupr\u00e1ce s kapelou Folimanka Blues?<\/strong><\/p>\n<p>Na ja\u0159e tohoto roku n\u00e1s bohu\u017eel opustil kamar\u00e1d, klav\u00edrista Robby \u010cern\u00fd.  Vyd\u00e1n\u00ed CD, kter\u00e9 jsme s n\u00edm je\u0161t\u011b stihli nato\u010dit, se touto smutnou  ud\u00e1lost\u00ed pozdr\u017eelo. V\u0161echny pr\u00e1ce jsem zastavil, ale r\u00e1d bych se k tomu  projektu je\u0161t\u011b vr\u00e1til a v listopadu CD vydal.  A\u017e pak se uk\u00e1\u017ee, zda to  bude te\u010dka za jedn\u00edm muzikantsk\u00fdm obdob\u00edm, \u010di dvojte\u010dka, kter\u00e1  odstartuje n\u011bjakou dal\u0161\u00ed etapu. S\u00e1m zat\u00edm nev\u00edm.<\/p>\n<p><strong>Jak relaxujete krom\u011b hudby a piva?<\/strong><\/p>\n<p>Zaj\u00edm\u00e1m se o pam\u00e1tky, architekturu m\u011bst. M\u00e1m r\u00e1d p\u0159\u00edrodu, jej\u00ed\u017e nejhez\u010d\u00ed  kus ale stejn\u011b najdu v zahradn\u00edch hosp\u016fdk\u00e1ch. O minul\u00e9m v\u00edkendu  prob\u011bhla mil\u00e1 akce. V Praze se uskute\u010dnil 18. ro\u010dn\u00edk Memori\u00e1lu  spisovatele a novin\u00e1\u0159e Mat\u011bje Kud\u011bje, p\u0159\u00edtele Jaroslava Ha\u0161ka. Vych\u00e1z\u00ed z  motivu 10. kapitoly  knihy Osudy dobr\u00e9ho voj\u00e1ka \u0160vejk. A tak i my jsme  se jako ka\u017ed\u00fd obl\u00e9kli do uniforem, rozd\u011blili do trojic a vyrazili do  pra\u017esk\u00fdch hospod.<\/p>\n<p><strong>M\u00e1te n\u011bjak\u00e9 \u017eivotn\u00edm p\u0159\u00e1n\u00ed, sen?<\/strong><\/p>\n<p>Lidi by asi nem\u011bli \u0159\u00edkat sv\u00e1 p\u0159\u00e1n\u00ed, aby ho nezak\u0159ikli. A tak v\u00e1m ho neprozrad\u00edm.<\/p>\n<p><strong>Jste \u017eurnalistou, tajemn\u00edkem, rockerem, znalcem piva. Existuje n\u011bco, co neum\u00edte a \u010demu byste se cht\u011bl nau\u010dit?<\/strong><\/p>\n<p>Velmi r\u00e1d cestuji, vid\u011bl jsem mnoho kr\u00e1sn\u00fdch m\u00edst nejen v zahrai\u010d\u00ed, ale  tak\u00e9 u n\u00e1s doma. J\u00e1 ty kr\u00e1sy vid\u00edm, um\u00edm je naj\u00edt, pot\u011b\u0161it se z nich,  r\u00e1d bych se o n\u011b tak\u00e9 rozd\u011blit, ale neum\u00edm fotit, proto bych cht\u011bl b\u00fdt v  p\u0159\u00ed\u0161t\u00edm \u017eivot\u011b fotografem. Ale v tomto \u017eivot\u011b, a\u017e opust\u00edm dne\u0161n\u00ed pr\u00e1ci  zde, bych si r\u00e1d zalo\u017eil sv\u016fj mal\u00fd pivovar.<\/p>\n<p><a href=\"http:\/\/kultura.dama.cz\/clanek.php?id=17235\" target=\"_blank\">Zdroj<\/a><\/p>\n","protected":false},"excerpt":{"rendered":"<p>Ladislav Jakl je nejen tajemn\u00edkem prezidenta republiky, ale tak\u00e9 rockov\u00fd hudebn\u00edk kapely Folimanka Blues a velk\u00fd znalec piva. Vystudoval fakultu \u017eurnalistiky, je autorem mnoha set \u010dl\u00e1nk\u016f a esej\u016f o \u010desk\u00e9 i mezin\u00e1rodn\u00ed politice \u010di m\u00e9di\u00edch. Zat\u00edmco bigbeat je pro n\u011bj \u017eivotn\u00edm stylem, pivo a n\u00e1v\u0161t\u011bvy hosp\u016fdek se staly jeho celo\u017eivotn\u00edm kon\u00ed\u010dkem.<\/p>\n","protected":false},"author":1,"featured_media":0,"comment_status":"open","ping_status":"open","sticky":false,"template":"","format":"standard","meta":{"ngg_post_thumbnail":0,"footnotes":""},"categories":[13],"tags":[],"class_list":["post-1340","post","type-post","status-publish","format-standard","hentry","category-rozhovory"],"_links":{"self":[{"href":"https:\/\/www.ladislavjakl.cz\/index.php?rest_route=\/wp\/v2\/posts\/1340","targetHints":{"allow":["GET"]}}],"collection":[{"href":"https:\/\/www.ladislavjakl.cz\/index.php?rest_route=\/wp\/v2\/posts"}],"about":[{"href":"https:\/\/www.ladislavjakl.cz\/index.php?rest_route=\/wp\/v2\/types\/post"}],"author":[{"embeddable":true,"href":"https:\/\/www.ladislavjakl.cz\/index.php?rest_route=\/wp\/v2\/users\/1"}],"replies":[{"embeddable":true,"href":"https:\/\/www.ladislavjakl.cz\/index.php?rest_route=%2Fwp%2Fv2%2Fcomments&post=1340"}],"version-history":[{"count":1,"href":"https:\/\/www.ladislavjakl.cz\/index.php?rest_route=\/wp\/v2\/posts\/1340\/revisions"}],"predecessor-version":[{"id":1341,"href":"https:\/\/www.ladislavjakl.cz\/index.php?rest_route=\/wp\/v2\/posts\/1340\/revisions\/1341"}],"wp:attachment":[{"href":"https:\/\/www.ladislavjakl.cz\/index.php?rest_route=%2Fwp%2Fv2%2Fmedia&parent=1340"}],"wp:term":[{"taxonomy":"category","embeddable":true,"href":"https:\/\/www.ladislavjakl.cz\/index.php?rest_route=%2Fwp%2Fv2%2Fcategories&post=1340"},{"taxonomy":"post_tag","embeddable":true,"href":"https:\/\/www.ladislavjakl.cz\/index.php?rest_route=%2Fwp%2Fv2%2Ftags&post=1340"}],"curies":[{"name":"wp","href":"https:\/\/api.w.org\/{rel}","templated":true}]}}