{"id":13401,"date":"2023-04-06T18:08:50","date_gmt":"2023-04-06T16:08:50","guid":{"rendered":"https:\/\/www.ladislavjakl.cz\/?p=13401"},"modified":"2023-04-06T18:08:50","modified_gmt":"2023-04-06T16:08:50","slug":"spravna-uroda-spravne-pocasi","status":"publish","type":"post","link":"https:\/\/www.ladislavjakl.cz\/?p=13401","title":{"rendered":"Spr\u00e1vn\u00e1 \u00faroda, spr\u00e1vn\u00e9 po\u010das\u00ed"},"content":{"rendered":"<p>V&nbsp;mnoha jazyc\u00edch (v\u010detn\u011b slovansk\u00fdch \u2013 i \u010de\u0161tiny) je slovo&nbsp;<em>zbo\u017e\u00ed<\/em>&nbsp;odvozeno od slova&nbsp;<em>obil\u00ed<\/em>. Ano, obil\u00ed je b\u011b\u017en\u00fdm zbo\u017e\u00edm, dokonce jedn\u00edm z&nbsp;nejb\u011b\u017en\u011bj\u0161\u00edch.<\/p>\n<p><!--more--><\/p>\n<p>Kdy\u017e obchod s&nbsp;obil\u00edm nefunguje, stoupaj\u00ed ceny a n\u011bkde i hroz\u00ed hlad. Kdy\u017e funguje, spot\u0159ebitel\u00e9 si to pochvaluj\u00ed a zem\u011bd\u011blci b\u011bduj\u00ed, \u017ee dovoz\u016fm nemohou konkurovat. A zrovna nast\u00e1v\u00e1 ten druh\u00fd p\u0159\u00edpad.<\/p>\n<p>\u010ce\u0161t\u00ed zem\u011bd\u011blci si podle dne\u0161n\u00edho tisku st\u011b\u017euj\u00ed, \u017ee jejich z\u00e1soby jsou neprodejn\u00e9, proto\u017ee lo\u0148sk\u00e1 \u00faroda na Ukrajin\u011b byla rekordn\u00ed a ukrajinsk\u00e9 obil\u00ed se hrne k&nbsp;n\u00e1m. Nikde nen\u00ed ps\u00e1no, \u017ee pot\u00ed\u017ee se z\u00e1sobov\u00e1n\u00edm op\u011bt nenastanou. Nebo \u017ee se do p\u0159\u00ed\u0161t\u00edch cen neprom\u00edtne zdra\u017eov\u00e1n\u00ed hnojiv, na jejich\u017e obchod se vztahuj\u00ed sankce. Ale te\u010f ceny klesaj\u00ed a za\u010d\u00edn\u00e1 se to prom\u00edtat i do cen n\u011bkter\u00fdch potravin.<\/p>\n<p>To je snad dob\u0159e, ne? Z\u00e1kazn\u00edk\u016f je p\u0159ece v\u00edc ne\u017e producent\u016f obil\u00ed. A nav\u00edc: nen\u00ed lep\u0161\u00ed trp\u00edc\u00ed Ukrajin\u011b pom\u00e1hat n\u00e1kupem jejich obil\u00ed, ne\u017e jim ho nechat hn\u00edt a pak jim pos\u00edlat n\u011bjakou tu humanit\u00e1rn\u00ed v\u00fdpomoc? M\u00e1 st\u00e1t v\u00edc myslet na zem\u011bd\u011blsk\u00e9 z\u00e1jmy, nebo na \u010desk\u00e9 hospodyn\u011b? M\u00e1 st\u00e1t pos\u00edlat miliardy na Ukrajinu, nebo j\u00ed rad\u011bji pomoci neblokovan\u00fdm dovozem jejich hlavn\u00edho produktu?<\/p>\n<p>\u010clov\u011bk fakt nev\u00ed, jak\u00e1 tedy m\u00e1 b\u00fdt ta spr\u00e1vn\u00e1 \u00faroda a jak\u00e9 maj\u00ed b\u00fdt spr\u00e1vn\u00e9 ceny. Kdy\u017e je \u00faroda n\u00edzk\u00e1, zapl\u00e1\u010dou na\u0161e pen\u011b\u017eenky a na\u0161i zem\u011bd\u011blci chudnou. Kdy\u017e je \u00faroda vysok\u00e1, je to podle n\u011bkter\u00fdch tak\u00e9 \u0161patn\u011b. Tak jak? Je n\u011bjak\u00e9 spr\u00e1vn\u00e9 \u010d\u00edslo sklizen\u00fdch milion\u016f tun p\u0161enice?<\/p>\n<p>Do roku 2014 bylo Rusko jedn\u00edm z&nbsp;nejv\u011bt\u0161\u00edch dovozc\u016f p\u0161enice na sv\u011bt\u011b. Jeho popt\u00e1vka na sv\u011btov\u00fdch trz\u00edch zvy\u0161ovala ceny a zejm\u00e9na pro chud\u00e9 africk\u00e9 zem\u011b to byla moc \u0161patn\u00e1 situace. Po zaveden\u00ed sankc\u00ed bylo Rusko nuceno investovat do sv\u00e9 produkce a b\u011bhem p\u00e1r let se stalo naopak nejv\u011bt\u0161\u00edm export\u00e9rem p\u0161enice na sv\u011bt\u011b. Ale zase je to \u0161patn\u011b, proto\u017ee ceny padaj\u00ed a zem\u011bd\u011blci v&nbsp;jin\u00fdch zem\u00edch si na\u0159\u00edkaj\u00ed. I na\u0161i. Tyto dny psal n\u00e1\u0161 tisk o tom, jak Rusov\u00e9 za\u017e\u00edvaj\u00ed katastrofu v podob\u011b&nbsp;p\u0159epln\u011bn\u00fdch sklad\u016f obil\u00ed a \u017ee asi nebudou m\u00edt kam d\u00e1t \u00farodu bl\u00ed\u017e\u00edc\u00edho se l\u00e9ta. Tak jak je to tedy dob\u0159e? Nen\u00ed lep\u0161\u00ed, kdy\u017e se urod\u00ed a kdy\u017e trh funguje, pokud mo\u017eno bez v\u00e1lek, agres\u00ed, sankc\u00ed a embarg?<\/p>\n<p>Stejn\u00e9 je to s&nbsp;po\u010das\u00edm. Je to p\u00e1r dn\u016f, kdy na n\u00e1s v&nbsp;m\u00e9di\u00edch d\u011blal bububu mlad\u00fd meteorolog tvrzen\u00edm, \u017ee \u201epo\u010das\u00ed se nechov\u00e1, jak by m\u011blo\u201c. \u010clov\u011bk m\u00e1 chu\u0165 bouchnout p\u011bst\u00ed do stolu a zvolat: tohle by si teda to po\u010das\u00ed nem\u011blo dovolovat! Jen\u017ee pak si s\u00e1m polo\u017e\u00ed ot\u00e1zku: no jo, a jak by se chovat spr\u00e1vn\u011b m\u011blo? Podle stolet\u00e9ho pr\u016fm\u011bru? Podle desetilet\u00e9ho pr\u016fm\u011bru? Podle p\u0159\u00e1n\u00ed turist\u016f a majitel\u016f zahradn\u00edch restaurac\u00ed? Podle ly\u017ea\u0159\u016f? A v\u016fbec, nem\u011bl by m\u00edt ka\u017ed\u00fd n\u00e1rok na sv\u00e9 vlastn\u00ed po\u010das\u00ed?<\/p>\n<p>No, \u017eijeme v&nbsp;dob\u011b n\u00e1rokov\u00e9, m\u016fj podn\u011bt si jist\u011b najde n\u011bjak\u00fd pokrokov\u00fd aktivista a za\u010dne se kv\u016fli n\u011bmu p\u0159ilepovat na Klementinum. Co se t\u00fd\u010de mne, v&nbsp;chladu si vezmu \u0161\u00e1lu, v&nbsp;teple ji sund\u00e1m. A nebude-li pr\u0161et, nezmoknem.<\/p>\n<p><em>Ladislav Jakl, 6. dubna 2023<\/em><\/p>\n<p><a href=\"https:\/\/www.institutvk.cz\/clanky\/2318.html\">Zdroj<\/a><\/p>\n","protected":false},"excerpt":{"rendered":"<p>V&nbsp;mnoha jazyc\u00edch (v\u010detn\u011b slovansk\u00fdch \u2013 i \u010de\u0161tiny) je slovo&nbsp;zbo\u017e\u00ed&nbsp;odvozeno od slova&nbsp;obil\u00ed. Ano, obil\u00ed je b\u011b\u017en\u00fdm zbo\u017e\u00edm, dokonce jedn\u00edm z&nbsp;nejb\u011b\u017en\u011bj\u0161\u00edch.<\/p>\n","protected":false},"author":9,"featured_media":0,"comment_status":"open","ping_status":"open","sticky":false,"template":"","format":"standard","meta":{"ngg_post_thumbnail":0,"footnotes":""},"categories":[1],"tags":[],"class_list":["post-13401","post","type-post","status-publish","format-standard","hentry","category-publikovane-clanky"],"_links":{"self":[{"href":"https:\/\/www.ladislavjakl.cz\/index.php?rest_route=\/wp\/v2\/posts\/13401","targetHints":{"allow":["GET"]}}],"collection":[{"href":"https:\/\/www.ladislavjakl.cz\/index.php?rest_route=\/wp\/v2\/posts"}],"about":[{"href":"https:\/\/www.ladislavjakl.cz\/index.php?rest_route=\/wp\/v2\/types\/post"}],"author":[{"embeddable":true,"href":"https:\/\/www.ladislavjakl.cz\/index.php?rest_route=\/wp\/v2\/users\/9"}],"replies":[{"embeddable":true,"href":"https:\/\/www.ladislavjakl.cz\/index.php?rest_route=%2Fwp%2Fv2%2Fcomments&post=13401"}],"version-history":[{"count":1,"href":"https:\/\/www.ladislavjakl.cz\/index.php?rest_route=\/wp\/v2\/posts\/13401\/revisions"}],"predecessor-version":[{"id":13402,"href":"https:\/\/www.ladislavjakl.cz\/index.php?rest_route=\/wp\/v2\/posts\/13401\/revisions\/13402"}],"wp:attachment":[{"href":"https:\/\/www.ladislavjakl.cz\/index.php?rest_route=%2Fwp%2Fv2%2Fmedia&parent=13401"}],"wp:term":[{"taxonomy":"category","embeddable":true,"href":"https:\/\/www.ladislavjakl.cz\/index.php?rest_route=%2Fwp%2Fv2%2Fcategories&post=13401"},{"taxonomy":"post_tag","embeddable":true,"href":"https:\/\/www.ladislavjakl.cz\/index.php?rest_route=%2Fwp%2Fv2%2Ftags&post=13401"}],"curies":[{"name":"wp","href":"https:\/\/api.w.org\/{rel}","templated":true}]}}