{"id":13407,"date":"2023-04-13T17:10:38","date_gmt":"2023-04-13T15:10:38","guid":{"rendered":"https:\/\/www.ladislavjakl.cz\/?p=13407"},"modified":"2023-04-13T17:10:38","modified_gmt":"2023-04-13T15:10:38","slug":"nic-se-nedeje-nebo-ano","status":"publish","type":"post","link":"https:\/\/www.ladislavjakl.cz\/?p=13407","title":{"rendered":"Nic se ned\u011bje. Nebo ano?"},"content":{"rendered":"<p>Vlastn\u011b se nic ned\u011bje. Tak o \u010dem ps\u00e1t, \u017ee. To by se do toho \u010dlov\u011bk jen nutil. Nebo \u017ee by ne? \u017de by se p\u0159eci jen n\u011bco d\u011blo? No, zkus\u00edme to p\u0159el\u00e9tnout alespo\u0148 telegraficky.<\/p>\n<p><!--more--><\/p>\n<p>N\u011bmecko zav\u00edr\u00e1 sv\u00e9 posledn\u00ed t\u0159i jadern\u00e9 elektr\u00e1rny v&nbsp;dob\u011b, kdy je trh s&nbsp;energiemi mimo\u0159\u00e1dn\u011b rozkol\u00edsan\u00fd. Rozkol\u00edsan\u00fd je p\u0159edev\u0161\u00edm kv\u016fli fanatick\u00e9mu boji s&nbsp;podneb\u00edm. Stop. N\u011bmecko m\u016f\u017ee slavit historick\u00e9 v\u00edt\u011bzstv\u00ed hysterick\u00e9ho alarmismu nad rozumem. Stop.<\/p>\n<p>Meziro\u010dn\u00ed inflace dos\u00e1hla 15 procent. Vinu nesou p\u0159edev\u0161\u00edm ohromn\u00e9 vl\u00e1dn\u00ed deficity, kv\u016fli kter\u00fdm je na trhu v\u00edce pen\u011bz ne\u017e vytvo\u0159en\u00fdch hodnot. Stop. Vl\u00e1da sou\u010dasn\u00e9 koalice je u moci jedenap\u016fl roku a najednou zni\u010deho nic a\u017e nyn\u00ed za\u010d\u00edn\u00e1 mluvit o tom, \u017ee \u00faspory je t\u0159eba hledat uvnit\u0159 soukol\u00ed ve\u0159ejn\u00e9 byrokracie. Ohromuj\u00edc\u00ed proz\u0159en\u00ed. Stop.<\/p>\n<p>Za nejcitliv\u011bj\u0161\u00edm a nejmasivn\u011bj\u0161\u00edm \u00fanikem p\u0159\u00edsn\u011b tajn\u00fdch vojensk\u00fdch materi\u00e1l\u016f v&nbsp;d\u011bjin\u00e1ch USA m\u016f\u017ee podle vy\u0161et\u0159ovatel\u016f dvacetilet\u00fd kluk, kter\u00fd je fanou\u0161kem zbran\u00ed. Stop. T\u0159eba vyjde najevo, \u017ee tuto informaci o vy\u0161et\u0159ov\u00e1n\u00ed vynesl osmilet\u00fd fanou\u0161ek po\u010d\u00edta\u010dov\u00fdch bojovek. Stop.<\/p>\n<p>Z&nbsp;Francouzsk\u00e9 Guyany m\u00e1 odstartovat sonda Evropsk\u00e9 kosmick\u00e9 agentury JUICE. Bude studovat Jupiter a jeho slavn\u00e9 m\u011bs\u00edce. K&nbsp;c\u00edli dolet\u00ed za osm let. Stop. T\u0159eba se za t\u011bch osm let kone\u010dn\u011b dozv\u00edme, kterou planetu vlastn\u011b m\u00e1me zachra\u0148ovat. M\u00edsto \u017eivotn\u00edho prost\u0159ed\u00ed, m\u00edsto atmosf\u00e9ry, p\u016fdy a vod na Zem\u011bkouli se toti\u017e posledn\u00ed dobou pou\u017e\u00edv\u00e1 v\u0161eobj\u00edmaj\u00edc\u00ed slovo \u201eplaneta\u201c. Ale nikdo n\u00e1m ne\u0159ekl, kterou maj\u00ed namysli. Stop.<\/p>\n<p>A jak se tak zachra\u0148uje nejmenovan\u00e1 planeta, o to m\u00e9n\u011b se zachra\u0148uj\u00ed lidi. V&nbsp;It\u00e1lii rozs\u00e1pal medv\u011bd \u010dlov\u011bka. A jeho poz\u016fstal\u00ed se nyn\u00ed za\u010dali soudit s italsk\u00fdm st\u00e1tem, kter\u00fd dovolil, aby se tahle nebezpe\u010dn\u00e1 \u0161elma p\u0159emno\u017eila, ztratila plachost a aby se mnoh\u00e9 exempl\u00e1\u0159e mohly motat v&nbsp;bl\u00edzkosti obydl\u00ed. Stop. Za obh\u00e1jce medv\u011bd\u016f se u soudu jist\u011b bude prohla\u0161ovat mnoho aktivist\u016f a \u00fa\u0159edn\u00edk\u016f. Kdo bude h\u00e1jit lidsk\u00e9 \u017eivoty? Stop. Ostatn\u011b z&nbsp;ochrany tygr\u016f v&nbsp;Indii tak\u00e9 nejsou m\u00edstn\u00ed vesni\u010dan\u00e9 zrovna nad\u0161eni. Stop.<\/p>\n<p>V&nbsp;parlamentu dnes prob\u011bhl semin\u00e1\u0159 o takzvan\u00e9 dekarbonizaci. Stop. No, tuhle \u201edekarbonizaci\u201c u n\u00e1s mohou prosazovat jen agenti ciz\u00edch sil, kte\u0159\u00ed maj\u00ed za \u00fakol prohloubit na\u0161i z\u00e1vislost na dovozech energi\u00ed z&nbsp;ciziny. Zastavme to blbnut\u00ed! Zastavme! Stop! Stop! Stop!&nbsp; &nbsp; &nbsp; &nbsp; &nbsp;<\/p>\n<p>Ladislav Jakl, 13.4.2023<\/p>\n<p><a href=\"https:\/\/www.institutvk.cz\/clanky\/2321.html\">Zdroj<\/a><\/p>\n","protected":false},"excerpt":{"rendered":"<p>Vlastn\u011b se nic ned\u011bje. Tak o \u010dem ps\u00e1t, \u017ee. To by se do toho \u010dlov\u011bk jen nutil. Nebo \u017ee by ne? \u017de by se p\u0159eci jen n\u011bco d\u011blo? No, zkus\u00edme to p\u0159el\u00e9tnout alespo\u0148 telegraficky.<\/p>\n","protected":false},"author":9,"featured_media":0,"comment_status":"open","ping_status":"open","sticky":false,"template":"","format":"standard","meta":{"ngg_post_thumbnail":0,"footnotes":""},"categories":[1],"tags":[],"class_list":["post-13407","post","type-post","status-publish","format-standard","hentry","category-publikovane-clanky"],"_links":{"self":[{"href":"https:\/\/www.ladislavjakl.cz\/index.php?rest_route=\/wp\/v2\/posts\/13407","targetHints":{"allow":["GET"]}}],"collection":[{"href":"https:\/\/www.ladislavjakl.cz\/index.php?rest_route=\/wp\/v2\/posts"}],"about":[{"href":"https:\/\/www.ladislavjakl.cz\/index.php?rest_route=\/wp\/v2\/types\/post"}],"author":[{"embeddable":true,"href":"https:\/\/www.ladislavjakl.cz\/index.php?rest_route=\/wp\/v2\/users\/9"}],"replies":[{"embeddable":true,"href":"https:\/\/www.ladislavjakl.cz\/index.php?rest_route=%2Fwp%2Fv2%2Fcomments&post=13407"}],"version-history":[{"count":1,"href":"https:\/\/www.ladislavjakl.cz\/index.php?rest_route=\/wp\/v2\/posts\/13407\/revisions"}],"predecessor-version":[{"id":13409,"href":"https:\/\/www.ladislavjakl.cz\/index.php?rest_route=\/wp\/v2\/posts\/13407\/revisions\/13409"}],"wp:attachment":[{"href":"https:\/\/www.ladislavjakl.cz\/index.php?rest_route=%2Fwp%2Fv2%2Fmedia&parent=13407"}],"wp:term":[{"taxonomy":"category","embeddable":true,"href":"https:\/\/www.ladislavjakl.cz\/index.php?rest_route=%2Fwp%2Fv2%2Fcategories&post=13407"},{"taxonomy":"post_tag","embeddable":true,"href":"https:\/\/www.ladislavjakl.cz\/index.php?rest_route=%2Fwp%2Fv2%2Ftags&post=13407"}],"curies":[{"name":"wp","href":"https:\/\/api.w.org\/{rel}","templated":true}]}}