{"id":13416,"date":"2023-04-21T01:25:26","date_gmt":"2023-04-20T23:25:26","guid":{"rendered":"https:\/\/www.ladislavjakl.cz\/?p=13416"},"modified":"2023-04-21T02:52:59","modified_gmt":"2023-04-21T00:52:59","slug":"kritici-patri-do-blazince","status":"publish","type":"post","link":"https:\/\/www.ladislavjakl.cz\/?p=13416","title":{"rendered":"Kritici pat\u0159\u00ed do bl\u00e1zince"},"content":{"rendered":"<p>M\u00e1me nejlep\u0161\u00ed vl\u00e1du v&nbsp;d\u011bjin\u00e1ch. Nejlep\u0161\u00ed vl\u00e1du na cel\u00e9m sv\u011bt\u011b. Sice je podle n\u011bjak\u00e9ho pr\u016fzkumu ve\u0159ejn\u00e9ho m\u00edn\u011bn\u00ed nejhor\u0161\u00ed vl\u00e1dou za posledn\u00edch deset let, ale v\u011b\u0159te dnes n\u011bjak\u00fdm pr\u016fzkum\u016fm.<\/p>\n<p><!--more--><\/p>\n<p>Novin\u00e1\u0159i hlavn\u00edho proudu si tuhle vl\u00e1du vysnili, tak v&nbsp;jejich o\u010d\u00edch b\u00fdt nejlep\u0161\u00ed mus\u00ed \u2013 a hotovo. P\u0159esto se proti na\u0161\u00ed vl\u00e1d\u011b konaj\u00ed u\u017e osm m\u011bs\u00edc\u016f mohutn\u00e9 protesty v&nbsp;ulic\u00edch a na n\u00e1m\u011bst\u00edch. V&nbsp;m\u00e9di\u00edch se dnes do\u010d\u00edt\u00e1me n\u00e1zor jedn\u00e9 psychoterapeutky, \u017ee z\u00e1sadn\u00edm faktorem, kter\u00fd p\u0159iv\u00e1d\u00ed lidi na demonstrace, jsou osobn\u00ed probl\u00e9my. N\u011bjak si nepamatuju, \u017ee by ona \u010di j\u00ed podobn\u00ed takhle psali o srocov\u00e1n\u00ed Michprd\u016f (tzv. milionu chvilek pro demokracii).<\/p>\n<p>Ostatn\u011b, tenhle p\u0159\u00edstup ke kverulant\u016fm a frustrovan\u00fdm jedinc\u016fm, kte\u0159\u00ed neum\u011bli docenit p\u0159ednosti pokrokov\u00e9ho z\u0159\u00edzen\u00ed, se osv\u011bd\u010dil u\u017e za Stalina. Nesouhlas\u00ed\u0161 s&nbsp;na\u0161\u00ed cestou k&nbsp;socialismu? Pak to asi nem\u00e1\u0161 v&nbsp;hlav\u011b v&nbsp;po\u0159\u00e1dku. Muselo ti p\u0159esko\u010dit a pot\u0159ebuje\u0161 l\u00e9\u010den\u00ed n\u011bkde v&nbsp;\u00fastavu.<\/p>\n<p>Je\u0161t\u011b\u017ee jsou mezi n\u00e1mi i lid\u00e9 \u00fapln\u011b norm\u00e1ln\u00ed. Jeden takov\u00fd \u00fapln\u011b norm\u00e1ln\u00ed \u010dlov\u011bk v&nbsp;Americe byl pou\u017eit pivovarsk\u00fdm gigantem k&nbsp;reklamn\u00ed kampani. Doty\u010dn\u00fd si o sob\u011b kdysi za\u010dal myslet, \u017ee je leti\u0161t\u011bm. A proto\u017ee v&nbsp;Americe je nutno respektovat lidi podle toho, \u010d\u00edm se c\u00edt\u00ed, za\u010dali se k&nbsp;n\u011bmu chovat jako k&nbsp;leti\u0161ti. L\u00e9ka\u0159i mu na z\u00e1da p\u0159ioperovali ranvej a do b\u0159icha mu instalovali hang\u00e1ry. A pak na n\u011bm p\u0159ist\u00e1la nab\u00eddka k&nbsp;on\u00e9 reklamn\u00ed kampani.<\/p>\n<p>Na tu reagoval jin\u00fd Ameri\u010dan (patrn\u011b nenorm\u00e1ln\u00ed) a nato\u010dil i zve\u0159ejnil video, na n\u011bm\u017e z&nbsp;automatick\u00e9 pu\u0161ky rozst\u0159\u00edlel napadr\u0165 firemn\u00ed lednici onoho pivovaru. A \u017ee tohle u\u017e p\u00edt nebude. Zhl\u00e9dnut\u00ed miliony. A na\u0161lo se mnoho dal\u0161\u00edch nenorm\u00e1ln\u00edch, kte\u0159\u00ed na sv\u00fdch vide\u00edch odhazovali plechovku s&nbsp;produktem doty\u010dn\u00e9ho pivovarsk\u00e9ho gigantu se slovy, \u017ee tohle u\u017e nikdy. Akcie pivovaru r\u00e1zem klesly v&nbsp;p\u0159epo\u010dtu o v\u00edc ne\u017e sto miliard korun, co\u017e je cifra, kter\u00e1 by zam\u00e1vala s&nbsp;hospoda\u0159en\u00edm st\u0159edn\u011b velk\u00e9ho st\u00e1tu.<\/p>\n<p>Vid\u00edte to, netolerantn\u00ed lid\u00e9 si po\u0159\u00e1d nedaj\u00ed \u0159\u00edct. Ti lep\u0161\u00ed z&nbsp;n\u00e1s jim p\u0159ece tolikr\u00e1t vl\u00eddn\u011b \u0159\u00edkali \u201e<em>Koukej b\u00fdt tolerantn\u00ed, nebo dostane\u0161 po hub\u011b<\/em>\u201c, ale n\u011bkdo to po\u0159\u00e1d nechce pochopit. A sto miliard v&nbsp;luftu. Kolik pokrokov\u00fdch aktivit by \u0161lo za takov\u00e9 pen\u00edze podpo\u0159it!<\/p>\n<p>Podporu by si t\u0159eba jist\u011b zaslou\u017eila mlad\u00e1 zap\u00e1len\u00e1 francouzsk\u00e1 europoslankyn\u011b. Ta navrhuje (a nejsp\u00ed\u0161 bude \u00fasp\u011b\u0161nou), aby ubli\u017eov\u00e1n\u00ed p\u0159\u00edrod\u011b bylo za\u0159azeno mezi neproml\u010diteln\u00e9 zlo\u010diny spolu t\u0159eba s genocidou. \u010clov\u011bk by myslel, \u017ee sv\u00e9 okol\u00ed m\u00e1me chr\u00e1nit p\u0159edev\u0161\u00edm kv\u016fli kvalit\u011b na\u0161ich \u017eivot\u016f. Ale kde\u017ee. Na\u0161e \u017eivoty nikoho nezaj\u00edmaj\u00ed, kdy\u017e se ubli\u017euje p\u0159\u00edrod\u011b. Mo\u017en\u00e1 by to cht\u011blo vy\u0161et\u0159it, kdo ubl\u00ed\u017eil Venu\u0161i a Marsu, \u017ee tam dnes panuj\u00ed takov\u00e9 nehostinn\u00e9 podm\u00ednky. Jak tyhle planety asi mus\u00ed trp\u011bt.<\/p>\n<p>Zato takov\u00e1 V\u00edde\u0148, to je o\u00e1za klidu, m\u00edru a po\u0159\u00e1dku. Kaf\u00ed\u010dko, sacherdort, \u0159\u00edzek. Jen dnes v&nbsp;noci se to tam trochu zvrtlo, kdy\u017e parta Al\u017e\u00ed\u0159an\u016f ma\u010detami a ty\u010demi vysv\u011btlovala domorodc\u016fm principy multikulturalismu. P\u0159itom by \u010dlov\u011bk myslel, \u017ee v\u0161ichni Raku\u0161ani maj\u00ed tyhle principy za\u017eit\u00e9 nejm\u00e9n\u011b od dob sv\u00e9ho velk\u00e9ho krajana a budovatele jednotn\u00e9 Evropy, rod\u00e1ka z&nbsp;Braunau. No, snad tahle bolestn\u00e1 lekce otev\u0159e o\u010di i posledn\u00edm slep\u00fdm.<\/p>\n<p>Ale vra\u0165me se k&nbsp;na\u0161\u00ed vl\u00e1d\u011b. Mus\u00edme j\u00ed p\u0159iznat opravdu velkou stabilitu a trvanlivost. Je u moci u\u017e jedenap\u016fl roku a po\u0159\u00e1d se dr\u017e\u00ed ve stejn\u00e9m slo\u017een\u00ed. N\u011bjac\u00ed kazisv\u011bti to ale cht\u011bj\u00ed vl\u00e1d\u011b poka\u0148kat s t\u00edm, \u017ee n\u00e1\u0161 nejlep\u0161\u00ed ministr financ\u00ed m\u00e1 na triku nejv\u011bt\u0161\u00ed schodek st\u00e1tn\u00edho rozpo\u010dtu v&nbsp;d\u011bjin\u00e1ch. Jen\u017ee co s&nbsp;t\u00edm m\u011bl, chud\u00e1k, d\u011blat, kdy\u017e po\u0159\u00e1d byly n\u011bjak\u00e9 volby, a to fakt nen\u00ed vhodn\u00e1 doba na \u0161et\u0159en\u00ed. On se te\u010f ur\u010dit\u011b polep\u0161\u00ed. A\u017e napr\u0161\u00ed a uschne.<\/p>\n<p>Ostatn\u011b, nev\u00edte, \u010d\u00edm te\u010f stra\u0161\u00ed na\u0161e obl\u00edben\u00e9 Intersucho?<\/p>\n<p><em>Ladislav Jakl, 20. dubna 2023<\/em><\/p>\n<p><a href=\"https:\/\/www.institutvk.cz\/clanky\/2327.html\">Zdroj<\/a><\/p>\n","protected":false},"excerpt":{"rendered":"<p>M\u00e1me nejlep\u0161\u00ed vl\u00e1du v&nbsp;d\u011bjin\u00e1ch. Nejlep\u0161\u00ed vl\u00e1du na cel\u00e9m sv\u011bt\u011b. Sice je podle n\u011bjak\u00e9ho pr\u016fzkumu ve\u0159ejn\u00e9ho m\u00edn\u011bn\u00ed nejhor\u0161\u00ed vl\u00e1dou za posledn\u00edch deset let, ale v\u011b\u0159te dnes n\u011bjak\u00fdm pr\u016fzkum\u016fm.<\/p>\n","protected":false},"author":9,"featured_media":0,"comment_status":"open","ping_status":"open","sticky":false,"template":"","format":"standard","meta":{"ngg_post_thumbnail":0,"footnotes":""},"categories":[1,10],"tags":[],"class_list":["post-13416","post","type-post","status-publish","format-standard","hentry","category-publikovane-clanky","category-zlehka"],"_links":{"self":[{"href":"https:\/\/www.ladislavjakl.cz\/index.php?rest_route=\/wp\/v2\/posts\/13416","targetHints":{"allow":["GET"]}}],"collection":[{"href":"https:\/\/www.ladislavjakl.cz\/index.php?rest_route=\/wp\/v2\/posts"}],"about":[{"href":"https:\/\/www.ladislavjakl.cz\/index.php?rest_route=\/wp\/v2\/types\/post"}],"author":[{"embeddable":true,"href":"https:\/\/www.ladislavjakl.cz\/index.php?rest_route=\/wp\/v2\/users\/9"}],"replies":[{"embeddable":true,"href":"https:\/\/www.ladislavjakl.cz\/index.php?rest_route=%2Fwp%2Fv2%2Fcomments&post=13416"}],"version-history":[{"count":1,"href":"https:\/\/www.ladislavjakl.cz\/index.php?rest_route=\/wp\/v2\/posts\/13416\/revisions"}],"predecessor-version":[{"id":13417,"href":"https:\/\/www.ladislavjakl.cz\/index.php?rest_route=\/wp\/v2\/posts\/13416\/revisions\/13417"}],"wp:attachment":[{"href":"https:\/\/www.ladislavjakl.cz\/index.php?rest_route=%2Fwp%2Fv2%2Fmedia&parent=13416"}],"wp:term":[{"taxonomy":"category","embeddable":true,"href":"https:\/\/www.ladislavjakl.cz\/index.php?rest_route=%2Fwp%2Fv2%2Fcategories&post=13416"},{"taxonomy":"post_tag","embeddable":true,"href":"https:\/\/www.ladislavjakl.cz\/index.php?rest_route=%2Fwp%2Fv2%2Ftags&post=13416"}],"curies":[{"name":"wp","href":"https:\/\/api.w.org\/{rel}","templated":true}]}}