{"id":13444,"date":"2023-04-28T19:33:36","date_gmt":"2023-04-28T17:33:36","guid":{"rendered":"https:\/\/www.ladislavjakl.cz\/?p=13444"},"modified":"2023-04-28T19:37:42","modified_gmt":"2023-04-28T17:37:42","slug":"hospoda-a-uhlik-nejvetsi-brzdy-pokroku","status":"publish","type":"post","link":"https:\/\/www.ladislavjakl.cz\/?p=13444","title":{"rendered":"Hospoda a uhl\u00edk \u2013 nejv\u011bt\u0161\u00ed brzdy pokroku"},"content":{"rendered":"<p class=\"s4\"><span class=\"s3\"><span class=\"bumpedFont15\">V&nbsp;dob\u011b, kdy Evropsk\u00e1 komise chyst\u00e1&nbsp;<\/span><\/span><span class=\"s3\"><span class=\"bumpedFont15\">na\u0159\u00edzen\u00ed o&nbsp;<\/span><\/span><span class=\"s3\"><span class=\"bumpedFont15\">povinn\u00e9<\/span><\/span><span class=\"s3\"><span class=\"bumpedFont15\">m <\/span><\/span><span class=\"s3\"><span class=\"bumpedFont15\">p\u0159ejmenov\u00e1n\u00ed Uhl\u00ed\u0159sk\u00fdch Janovic, aby zastavila katastrof\u00e1ln\u00ed oteplov\u00e1n\u00ed nejmenovan\u00e9 planety, objevily se p\u0159edpov\u011bdi, \u017ee b\u011bhem sv\u00e1te\u010dn\u00edho v\u00edkendu p\u0159ijdou rann\u00ed mraz\u00edky.<br \/>\n<!--more--><br \/>\nJak te\u010f budou chlapci celou noc chr\u00e1nit svou m\u00e1jku p\u0159ed pod\u0159\u00edznut\u00edm, kter\u00e9 jim slibovali sousedi z&nbsp;vedlej\u0161\u00ed vesnice, to teda nev\u00edm. Asi to bude cht\u00edt n\u011bco na zah\u0159\u00e1t\u00ed.&nbsp;<\/span><\/span><span class=\"s3\"><span class=\"bumpedFont15\">Nejsp\u00ed\u0161<\/span><\/span><span class=\"s3\"><span class=\"bumpedFont15\">&nbsp;dvoje pono\u017eky, rum a ohe\u0148. Ale co na to EU? Co na to Alber<\/span><\/span><span class=\"s3\"><span class=\"bumpedFont15\">t<\/span><\/span><span class=\"s3\"><span class=\"bumpedFont15\">&nbsp;Gore? Co na to Greta? Co na to NATO? Zah\u0159\u00edv\u00e1n\u00ed by se&nbsp;<\/span><\/span><span class=\"s3\"><span class=\"bumpedFont15\">p\u0159ece&nbsp;<\/span><\/span><span class=\"s3\"><span class=\"bumpedFont15\">m\u011blo omezit jen na pochody p\u00fdchy.<\/span><\/span><\/p>\n<p class=\"s4\"><span class=\"s3\"><span class=\"bumpedFont15\">Jeden&nbsp;<\/span><\/span><span class=\"s3\"><span class=\"bumpedFont15\">\u010desk\u00fd&nbsp;<\/span><\/span><span class=\"s3\"><span class=\"bumpedFont15\">aktivista dostal dnes podm\u00ednku za \u0161\u00ed\u0159en\u00ed popla\u0161n\u00e9 zpr\u00e1vy. Snad se p\u0159i l\u00ed\u010den\u00ed prokazovalo, jakou \u00fajmu a komu zp\u016fsobil sv\u00fdmi v\u00fdroky o tom, \u017ee n\u00e1m hroz\u00ed v\u00e1lka.&nbsp;<\/span><\/span><span class=\"s3\"><span class=\"bumpedFont15\">Podneb\u00ed\u010dk\u00e1\u0159\u0161t\u00ed<\/span><\/span><span class=\"s3\"><span class=\"bumpedFont15\">&nbsp;\u0161\u00edlenci, kte\u0159\u00ed pla\u0161\u00ed t\u00edm, \u017ee jsme posledn\u00ed generac\u00ed lidsk\u00e9ho pokolen\u00ed, proto\u017ee v\u0161ichni sho\u0159\u00edme v&nbsp;pekle sodovkov\u00e9ho plynu, ti u\u017e \u00fajmu zp\u016fsobili. A nemysl\u00edm t\u00edm po\u0161kozen\u00ed vz\u00e1cn\u00fdch um\u011bleck\u00fdch d\u011bl v&nbsp;galeri\u00edch ani ekoteroristick\u00e9 \u00fatoky na d\u00e1lnice, leti\u0161t\u011b a automobilovou dopravu ve m\u011bstech. Mysl\u00edm t\u00edm katastrof\u00e1ln\u00ed zchudnut\u00ed stamilion\u016f lid\u00ed, zdra\u017een\u00ed v\u0161ech produkt\u016f, ztr\u00e1tu konkurenceschopnosti \u010di tvrd\u00e9 dopady na ty soci\u00e1ln\u00ed skupiny, kter\u00e9 si to odsk\u00e1\u010dou nejv\u00edc. A to nemluv\u00edm o ohro\u017een\u00ed m\u00e1jek, kter\u00e9 v&nbsp;t\u00e9 zim\u011b nebude mo\u017en\u00e9 hl\u00eddat, proto\u017ee zdra\u017eil rum.<\/span><\/span><\/p>\n<p class=\"s4\"><span class=\"s3\"><span class=\"bumpedFont15\">Na ostrov\u011b Bali nejen cosi provedli s&nbsp;jedn\u00edm domorodcem, ale vyhnali odtamtud&nbsp;<\/span><\/span><span class=\"s3\"><span class=\"bumpedFont15\">mladou<\/span><\/span><span class=\"s3\"><span class=\"bumpedFont15\">&nbsp;nahatou Rusku. Je vid\u011bt, \u017ee Indon\u00e9sie m\u00e1 na cest\u011b k&nbsp;pokroku co doh\u00e1n\u011bt. Co kdy\u017e neboh\u00e1 rusk\u00e1 imigrantka prchaj\u00edc\u00ed p\u0159ed&nbsp;<\/span><\/span><span class=\"s3\"><span class=\"bumpedFont15\">Putinem<\/span><\/span><span class=\"s3\"><span class=\"bumpedFont15\">&nbsp;prost\u011b nem\u011bla na oble\u010den\u00ed? Nebo j\u00ed bylo horko&nbsp;<\/span><\/span><span class=\"s3\"><span class=\"bumpedFont15\">z<\/span><\/span><span class=\"s3\"><span class=\"bumpedFont15\"> t\u00e9 hrozn\u00e9 klimatick\u00e9 zm\u011bny?&nbsp;<\/span><\/span><span class=\"s3\"><span class=\"bumpedFont15\">Na jej\u00ed fotografii jsou patrny i jin\u00e9 poleh\u010duj\u00edc\u00ed okolnosti.<\/span><\/span><\/p>\n<p class=\"s4\"><span class=\"s3\"><span class=\"bumpedFont15\">To v&nbsp;N\u011bmecku jsou mnohem uv\u011bdom\u011blej\u0161\u00ed. T<\/span><\/span><span class=\"s3\"><span class=\"bumpedFont15\">am<\/span><\/span><span class=\"s3\"><span class=\"bumpedFont15\">&nbsp;se jeden n\u00e1jemn\u00edk svl\u00e9kal donaha na dvorku, na\u010de\u017e si na n\u011bj sousedi st\u011b\u017eovali, \u017ee pr\u00fd jim bud\u00ed d\u011bti a pohor\u0161en\u00ed. Jen\u017ee pokrokov\u00fd soud ho osvobodil se slovy, \u017ee nahota nen\u00ed nic, co by m\u011blo n\u011bkoho pohor\u0161ovat. No, asi jak \u010d\u00ed a jak koho. Pokud by se po V\u00e1clavsk\u00e9m n\u00e1m\u011bst\u00ed proch\u00e1zel n\u011bkdo s&nbsp;mou postavou, zav\u0159el bych ho, a\u017e by z\u010dernal, tedy pokud by u\u017e \u010dern\u00fd nebyl.<\/span><\/span><span class=\"s3\"><span class=\"bumpedFont15\">&nbsp;Zat\u00edmco kdyby se tam nah\u00e1 proch\u00e1zela osoba podobn\u00e1 \u2026 no, v\u0161ak v\u00edte, na koho mysl\u00edm, tak bych zav\u0159el v\u0161echny ty, co by p\u0159ek\u00e1\u017eeli ve v\u00fdhledu.<\/span><\/span><\/p>\n<p class=\"s4\"><span class=\"s3\"><span class=\"bumpedFont15\">Podle dne\u0161n\u00ed zpr\u00e1vy zkrachovalo u n\u00e1s za posledn\u00ed \u010dty\u0159i roky 1300 hospod, z&nbsp;toho v\u011bt\u0161inou na venkov\u011b. Ano, \u017eivotn\u00ed styl se m\u011bn\u00ed, lid\u00e9 se m\u00e9n\u011b st\u00fdkaj\u00ed a spole\u010densk\u00e9 vztahy se postupn\u011b umrtvuj\u00ed. T\u011b\u017eko tomu \u010delit, ale pro\u010d to urychlovat? Z\u00e1kaz kou\u0159en\u00ed, EET, obchodn\u00ed a hygienick\u00e9 inspekce, st\u00e1l\u00e9 p\u0159itvrzov\u00e1n\u00ed regulac\u00ed,&nbsp;<\/span><\/span><span class=\"s3\"><span class=\"bumpedFont15\">nesmysln\u00e9 restrikce a&nbsp;<\/span><\/span><span class=\"s3\"><span class=\"bumpedFont15\">lokdauny<\/span><\/span><span class=\"s3\"><span class=\"bumpedFont15\">,&nbsp;<\/span><\/span><span class=\"s3\"><span class=\"bumpedFont15\">zdra\u017eov\u00e1n\u00ed zbo\u017e\u00ed a energi\u00ed, r\u016fst n\u00e1jm\u016f<\/span><\/span><span class=\"s3\"><span class=\"bumpedFont15\">. A do toho pu\u0161t\u011bn\u00e1 televize, kde d\u00e1vaj\u00ed sam\u00e9 kraviny. Ale stejn\u011b: tohle n\u00e1s m\u00e1 vyhnat? Nikdy! Hospoda je na\u0161\u00edm z\u00e1ko<\/span><\/span><span class=\"s3\"><span class=\"bumpedFont15\">p<\/span><\/span><span class=\"s3\"><span class=\"bumpedFont15\">em,&nbsp;<\/span><\/span><span class=\"s3\"><span class=\"bumpedFont15\">obrannou&nbsp;<\/span><\/span><span class=\"s3\"><span class=\"bumpedFont15\">frontovou lini\u00ed, kter<\/span><\/span><span class=\"s3\"><span class=\"bumpedFont15\">ou<\/span><\/span><span class=\"s3\"><span class=\"bumpedFont15\">&nbsp;nikdy neopust\u00edme. Proto\u017ee a\u017e padne tahle&nbsp;<\/span><\/span><span class=\"s3\"><span class=\"bumpedFont15\">posledn\u00ed&nbsp;<\/span><\/span><span class=\"s3\"><span class=\"bumpedFont15\">ba\u0161ta norm\u00e1lnosti, budeme m\u00edt nep\u0159\u00edtele v&nbsp;kuchyni.<\/span><\/span><\/p>\n<p class=\"s4\"><span class=\"s3\"><span class=\"bumpedFont15\">Ne, tebe jsem&nbsp;<\/span><\/span><span class=\"s3\"><span class=\"bumpedFont15\">p\u0159ece&nbsp;<\/span><\/span><span class=\"s3\"><span class=\"bumpedFont15\">nemyslel, fakt ne. To byl jen takov\u00fd p\u0159\u00edm\u011br<\/span><\/span><span class=\"s3\"><span class=\"bumpedFont15\">!<\/span><\/span><span class=\"s3\"><span class=\"bumpedFont15\">&nbsp;Au! Pomoc! Prch\u00e1m do hospody.<\/span><\/span><span class=\"s3\"><span class=\"bumpedFont15\">&nbsp;<\/span><\/span><\/p>\n<p class=\"s4\"><span class=\"s3\"><br \/>\nLadislav Jakl, 27. 4. 2023<\/span><\/p>\n<p><a href=\"https:\/\/www.institutvk.cz\/clanky\/2337.html\">Zdroj<\/a><\/p>\n","protected":false},"excerpt":{"rendered":"<p>V&nbsp;dob\u011b, kdy Evropsk\u00e1 komise chyst\u00e1&nbsp;na\u0159\u00edzen\u00ed o&nbsp;povinn\u00e9m p\u0159ejmenov\u00e1n\u00ed Uhl\u00ed\u0159sk\u00fdch Janovic, aby zastavila katastrof\u00e1ln\u00ed oteplov\u00e1n\u00ed nejmenovan\u00e9 planety, objevily se p\u0159edpov\u011bdi, \u017ee b\u011bhem sv\u00e1te\u010dn\u00edho v\u00edkendu p\u0159ijdou rann\u00ed mraz\u00edky.<\/p>\n","protected":false},"author":9,"featured_media":0,"comment_status":"open","ping_status":"open","sticky":false,"template":"","format":"standard","meta":{"ngg_post_thumbnail":0,"footnotes":""},"categories":[1,10],"tags":[],"class_list":["post-13444","post","type-post","status-publish","format-standard","hentry","category-publikovane-clanky","category-zlehka"],"_links":{"self":[{"href":"https:\/\/www.ladislavjakl.cz\/index.php?rest_route=\/wp\/v2\/posts\/13444","targetHints":{"allow":["GET"]}}],"collection":[{"href":"https:\/\/www.ladislavjakl.cz\/index.php?rest_route=\/wp\/v2\/posts"}],"about":[{"href":"https:\/\/www.ladislavjakl.cz\/index.php?rest_route=\/wp\/v2\/types\/post"}],"author":[{"embeddable":true,"href":"https:\/\/www.ladislavjakl.cz\/index.php?rest_route=\/wp\/v2\/users\/9"}],"replies":[{"embeddable":true,"href":"https:\/\/www.ladislavjakl.cz\/index.php?rest_route=%2Fwp%2Fv2%2Fcomments&post=13444"}],"version-history":[{"count":3,"href":"https:\/\/www.ladislavjakl.cz\/index.php?rest_route=\/wp\/v2\/posts\/13444\/revisions"}],"predecessor-version":[{"id":13447,"href":"https:\/\/www.ladislavjakl.cz\/index.php?rest_route=\/wp\/v2\/posts\/13444\/revisions\/13447"}],"wp:attachment":[{"href":"https:\/\/www.ladislavjakl.cz\/index.php?rest_route=%2Fwp%2Fv2%2Fmedia&parent=13444"}],"wp:term":[{"taxonomy":"category","embeddable":true,"href":"https:\/\/www.ladislavjakl.cz\/index.php?rest_route=%2Fwp%2Fv2%2Fcategories&post=13444"},{"taxonomy":"post_tag","embeddable":true,"href":"https:\/\/www.ladislavjakl.cz\/index.php?rest_route=%2Fwp%2Fv2%2Ftags&post=13444"}],"curies":[{"name":"wp","href":"https:\/\/api.w.org\/{rel}","templated":true}]}}