{"id":1349,"date":"2011-10-26T15:13:24","date_gmt":"2011-10-26T14:13:24","guid":{"rendered":"http:\/\/www.ladislavjakl.cz\/?p=1349"},"modified":"2011-10-26T15:13:24","modified_gmt":"2011-10-26T14:13:24","slug":"ladislav-jakl-v-ceske-televizi-k-dalsimu-kolu-batoriady","status":"publish","type":"post","link":"https:\/\/www.ladislavjakl.cz\/?p=1349","title":{"rendered":"Ladislav Jakl v \u010cesk\u00e9 televizi k dal\u0161\u00edmu kolu b\u00e1tori\u00e1dy"},"content":{"rendered":"<p>\u010cT 24 Odchod kontroverzn\u00edho L. B\u00e1tory Datum:\u00a014.10.2011 Relace:\u00a0Ud\u00e1losti, koment\u00e1\u0159e<\/p>\n<p>Autor:\u00a0Edita Hor\u00e1kov\u00e1, Jakub Kalensk\u00fd, Eva Davidov\u00e1<\/p>\n<p>Moder\u00e1tor:\u00a0Martin Veselovsk\u00fd<\/p>\n<p>Host\u00e9:\u00a0Ladislav B\u00e1tora, Jan Os\u00fach, Bohuslav Sobotka, Karel Schwarzenberg, Ond\u0159ej Li\u0161ka, Helena Illnerov\u00e1, Ladislav Jakl<\/p>\n<p><!--more--><\/p>\n<p>Moder\u00e1tor:<br \/>\nDal\u0161\u00ed t\u00e9ma. Kontroverzn\u00ed \u00fa\u0159edn\u00edk Ladislav B\u00e1tora odch\u00e1z\u00ed z ministerstva \u0161kolstv\u00ed. Tvrd\u00ed, \u017ee se nem\u016f\u017ee d\u016fsledn\u011b br\u00e1nit medi\u00e1ln\u00edmu tlaku, kter\u00e9mu podle sv\u00e9ho n\u00e1zoru \u010del\u00ed. Politici nap\u0159\u00ed\u010d cel\u00fdm spektrem a tak\u00e9 akademici odchod b\u00fdval\u00e9ho kandid\u00e1ta nacionalistick\u00e9 N\u00e1rodn\u00ed strany v\u00edtaj\u00ed.<\/p>\n<p>Autor:<br \/>\nPoprv\u00e9 jako poradce, podruh\u00e9 jako \u0161\u00e9f person\u00e1ln\u00edho odboru, pot\u0159et\u00ed jako z\u00e1stupce \u0161\u00e9fa ministersk\u00e9ho kabinetu. Mu\u017e z \u00fa\u0159adu \u0161kolstv\u00ed, kter\u00fd m\u00e1lem zp\u016fsobil rozvrat koalice, nakonec odch\u00e1z\u00ed s\u00e1m. 234 dn\u00ed po jeho n\u00e1stupu cel\u00e1 af\u00e9ra kon\u010d\u00ed. B\u00e1tora \u0159\u00edk\u00e1, \u017ee mus\u00ed br\u00e1nit svou pov\u011bst.<\/p>\n<p>Ladislav B\u00e1tora, odch\u00e1zej\u00edc\u00ed \u00fa\u0159edn\u00edk Ministerstva \u0161kolstv\u00ed:<br \/>\nNad\u00e1le u\u017e nemohu a nebudu dodr\u017eovat slib ml\u010den\u00ed, kter\u00fd jsem panu ministru \u0161kolstv\u00ed dal.<\/p>\n<p>Autor:<br \/>\nOdchod Ladislava B\u00e1tory nechce ministr \u0161kolstv\u00ed Dobe\u0161 a ani nikdo jin\u00fd z ministerstva ofici\u00e1ln\u011b komentovat. A reakce se neoz\u00fdv\u00e1 ani od dal\u0161\u00edho p\u0159\u00edznivce kontroverzn\u00edho \u00fa\u0159edn\u00edka &#8211; prezidenta V\u00e1clava Klause. Zato politici a taky v\u011bdci maj\u00ed jasno.<\/p>\n<p>Jan Os\u00fach, mluv\u010d\u00ed, \u00da\u0159ad vl\u00e1dy:<br \/>\nJ\u00e1 k tomu kroku mohu pouze konstatovat, \u017ee pan premi\u00e9r se s ministrem \u0161kolstv\u00ed u\u017e p\u0159ed n\u011bkolika t\u00fddny dohodl na tom, \u017ee pan Ladislav B\u00e1tora ve sv\u00e9 funkci skon\u010d\u00ed.<\/p>\n<p>Bohuslav Sobotka \/\u010cSSD\/, p\u0159edseda strany:<br \/>\nJ\u00e1 se domn\u00edv\u00e1m, \u017ee v\u010dera u\u017e bylo pozd\u011b. Je chyba, \u017ee ministr Dobe\u0161 a premi\u00e9r Ne\u010das nebyli schopni tento v\u00e1\u017en\u00fd person\u00e1ln\u00ed probl\u00e9m ministerstva \u0161kolstv\u00ed vy\u0159e\u0161it d\u0159\u00edve.<\/p>\n<p>Autor:<br \/>\nB\u00e1tora m\u00e1 za sebou smr\u0161\u0165 medi\u00e1ln\u00edch kauz &#8211; \u00fa\u010dast na p\u0159edn\u00e1\u0161k\u00e1ch Vlasteneck\u00e9 fronty, v\u00fdrok, \u017ee ministr zahrani\u010d\u00ed je chud\u00e1\u010dek, nebo chv\u00e1lu antisemitsk\u00e9ho spisu Zk\u00e1za Slovan\u016f.<\/p>\n<p>Karel Schwarzenberg \/TOP 09\/, ministr zahrani\u010d\u00ed, p\u0159edseda strany:<br \/>\nMysl\u00edm, ka\u017edej d\u016fvod je dobr\u00fd, \u017ee odstoupil. J\u00e1 jsem mu pom\u011brn\u011b vd\u011b\u010dn\u00fd, \u017ee to kone\u010dn\u011b ud\u011blal.<\/p>\n<p>Ond\u0159ej Li\u0161ka \/SZ\/, b\u00fdval\u00fd ministr \u0161kolstv\u00ed:<br \/>\nOde\u0161el proto, aby mohl ve sv\u00fdch aktivit\u00e1ch tohoto typu pokra\u010dovat. Neode\u0161el proto, \u017ee by ministra Dobe\u0161e osv\u00edtil rozum.<\/p>\n<p>Autor:<br \/>\nPodle n\u011bkter\u00fdch politik\u016f toti\u017e B\u00e1tora odch\u00e1z\u00ed proto, aby zah\u00e1jil politickou kari\u00e9ru. A to, \u017ee na n\u011bj je\u0161t\u011b budou m\u00ed\u0159it kamery, nevylou\u010dil ani s\u00e1m<br \/>\nb\u00fdval\u00fd \u00fa\u0159edn\u00edk.<\/p>\n<p>Moder\u00e1tor:<br \/>\nA ve studiu m\u00edstop\u0159edsedkyn\u011b U\u010den\u00e9 spole\u010dnosti \u010cesk\u00e9 republiky Helena Illnerov\u00e1 a po telefonu zdrav\u00edm tak\u00e9 \u0159editele politick\u00e9ho odboru Kancel\u00e1\u0159e prezidenta republiky Ladislava Jakla. Dobr\u00fd ve\u010der v\u00e1m ob\u011bma.<\/p>\n<p>Helena Illnerov\u00e1, m\u00edstop\u0159edsedkyn\u011b U\u010den\u00e9 spole\u010dnosti \u010cesk\u00e9 republiky:<br \/>\nDobr\u00fd ve\u010der.<\/p>\n<p>Ladislav Jakl, \u0159editel politick\u00e9ho odboru prezidentsk\u00e9 kancel\u00e1\u0159e:<br \/>\nJ\u00e1 v\u00e1m taky p\u0159eju dobr\u00fd ve\u010der.<\/p>\n<p>Moder\u00e1tor:<br \/>\nPan\u00ed Illnerov\u00e1, Ladislav B\u00e1tora dnes dopoledne rezignoval na svoji funkci na ministerstvu \u0161kolstv\u00ed. Jste spokojena?<\/p>\n<p>Helena Illnerov\u00e1, m\u00edstop\u0159edsedkyn\u011b U\u010den\u00e9 spole\u010dnosti \u010cesk\u00e9 republiky:<br \/>\nNo, tak zcela jist\u011b. My jsme psali otev\u0159en\u00fd dopis panu ministrovi, kde jsme ho vyz\u00fdvali, aby pan B\u00e1tora tuto funkci ukon\u010dil. Mysl\u00edme si, \u017ee jeho \u010dinnost byla neslu\u010diteln\u00e1 s \u00fa\u0159edn\u00edkem na ministerstvu \u0161kolstv\u00ed.<\/p>\n<p>Moder\u00e1tor:<br \/>\nPane \u0159editeli Jakle, v \u00fanoru tohoto roku ozna\u010dil prezident V\u00e1clav Klaus kauzu zam\u011bstn\u00e1n\u00ed pana B\u00e1tory, a te\u010f budu citovat, \u0159\u00edkal, jde podle n\u011bho &#8222;o diktaturu politick\u00e9 korektnosti\u201d. Tak co to znamen\u00e1? Dne\u0161kem zv\u00edt\u011bzila diktatura politick\u00e9 korektnosti?<\/p>\n<p>Ladislav Jakl, \u0159editel politick\u00e9ho odboru prezidentsk\u00e9 kancel\u00e1\u0159e:<br \/>\nTak j\u00e1 mysl\u00edm, \u017ee v\u0161ichni na\u0161i div\u00e1ci dob\u0159e v\u011bd\u00ed, co ten term\u00edn znamen\u00e1. Term\u00edn politick\u00e9 korektnosti znamen\u00e1, \u017ee si budeme vz\u00e1jemn\u011b zakazovat naz\u00fdvat v\u011bci prav\u00fdm jm\u00e9nem, \u017ee se budeme vz\u00e1jemn\u011b terorizovat a zadup\u00e1vat do zem\u011b za to, \u017ee n\u011bkdo z n\u00e1s pou\u017eije norm\u00e1ln\u00ed zdrav\u00fd selsk\u00fd rozum, bude \u0159\u00edkat v\u011bcem tak, jak jim \u0159\u00edkali p\u0159ed deseti, dvaceti, pades\u00e1ti nebo sto pades\u00e1ti lety, a nep\u0159istoup\u00ed na takovou tu novou vnucovanou novo\u0159e\u010d, kter\u00e1 se st\u00e1v\u00e1 skoro jedin\u00fdm povolen\u00fdm jazykem ve ve\u0159ejn\u00e9m prostoru.<\/p>\n<p>Moder\u00e1tor:<br \/>\nMimochodem, pane \u0159editeli Jakle, ch\u00e1pu to spr\u00e1vn\u011b, \u017ee kdy\u017e mluv\u00edte o tom nepou\u017e\u00edv\u00e1n\u00ed zdrav\u00e9ho rozumu \u010di pou\u017e\u00edv\u00e1n\u00ed zdrav\u00e9ho rozumu, tak mluv\u00edte o tom, b\u00fdt p\u0159ed kolika&#8230; p\u011bti lety v \u010dele krajsk\u00e9 kandid\u00e1tky N\u00e1rodn\u00ed strany? To je zdrav\u00fd rozum?<\/p>\n<p>Ladislav Jakl, \u0159editel politick\u00e9ho odboru prezidentsk\u00e9 kancel\u00e1\u0159e:<br \/>\nV\u00edte, j\u00e1 nev\u00edm, pane redaktore, jestli jste zrovna vy nebo v\u00e1\u0161 host, pan\u00ed profesorka, vyv\u00e1d\u011bli podobn\u00fdm zp\u016fsobem, kdy\u017e cel\u00e9 ministerstvo bylo obsazeno extr\u00e9mistickou Stranou zelen\u00fdch a nebo kdy\u017e je\u0161t\u011b p\u0159ed p\u00e1r lety n\u00e1m\u011bstkem, prvn\u00edm n\u00e1m\u011bstkem ministra \u0161kolstv\u00ed byl \u010dlov\u011bk, kter\u00fd je\u0161t\u011b po listopadu kandidoval za komunistickou stranu. V\u00edte, j\u00e1 N\u00e1rodn\u00ed stranu, kter\u00e1 mezit\u00edm d\u00e1vno zanikla, nepova\u017euju za \u017e\u00e1dn\u00fd v\u00fdkv\u011bt politick\u00e9ho \u00fasp\u011bchu, ta strana ur\u010dit\u011b byla pon\u011bkud obskurn\u00ed, ale v dob\u011b, kdy za ni kandidoval pan B\u00e1tora, to byla prost\u011b jedna z mal\u00fdch norm\u00e1ln\u00edch stran, ta nikdy za svou existenci nem\u011bla \u017e\u00e1dn\u00e9 probl\u00e9my se z\u00e1konem, nikdy nebyla vy\u0161et\u0159ov\u00e1na kv\u016fli extremismu&#8230;<\/p>\n<p>Moder\u00e1tor:<br \/>\nTak, pane \u0159editeli&#8230; Rozum\u00edm.<\/p>\n<p>Ladislav Jakl, \u0159editel politick\u00e9ho odboru prezidentsk\u00e9 kancel\u00e1\u0159e:<br \/>\nA v\u0161echny ty r\u016fzn\u00e9 kauzy, \u010dasto i kontroverzn\u00ed, kter\u00e9 se motaj\u00ed panu B\u00e1torovi na hlavu, se ud\u00e1ly a\u017e n\u011bkolik let po t\u00e9to jeho epizod\u011b, kterou j\u00e1&#8230;<\/p>\n<p>Moder\u00e1tor:<br \/>\nDob\u0159e. Pan\u00ed Illnerov\u00e1&#8230;<\/p>\n<p>Ladislav Jakl, \u0159editel politick\u00e9ho odboru prezidentsk\u00e9 kancel\u00e1\u0159e:<br \/>\n&#8230; jsem t\u0159eba osobn\u011b za n\u011bjak \u0161\u0165astnou zvl\u00e1\u0161\u0165 nepova\u017eoval.<\/p>\n<p>Moder\u00e1tor:<br \/>\nPane \u0159editeli, dovol\u00edte, pros\u00edm? D\u011bkuji. Pan\u00ed Illnerov\u00e1, to srovn\u00e1n\u00ed, \u0159ekn\u011bme, s b\u00fdval\u00fdmi komunisty, nebo jak \u0159\u00edkal pan \u0159editel Jakl, podle n\u011bho extr\u00e9mn\u00edmi Zelen\u00fdmi nap\u0159\u00edklad na ministerstvu \u017eivotn\u00edho prost\u0159ed\u00ed \u010di na ministerstvu \u0161kolstv\u00ed, to v\u00e1m sed\u00ed, nebo nesed\u00ed?<\/p>\n<p>Helena Illnerov\u00e1, m\u00edstop\u0159edsedkyn\u011b U\u010den\u00e9 spole\u010dnosti \u010cesk\u00e9 republiky:<br \/>\nNo, tak mn\u011b to stoprocentn\u011b nesed\u00ed. J\u00e1 se domn\u00edv\u00e1m, \u017ee kdy\u017e \u0159\u00edkal o politick\u00e9 nekorektnosti, l\u00e9pe \u0159e\u010deno snaha o politickou korektnost, \u017ee to tady v\u016fbec s t\u00edm nem\u00e1 co d\u011blat. Ten p\u00e1n byl \u00fa\u0159edn\u00edkem na ministerstvu, m\u011bl b\u00fdt t\u00edm p\u00e1dem loaj\u00e1ln\u00edm \u00fa\u0159edn\u00edkem, nem\u011bl v podstat\u011b vyjad\u0159ovat svoje n\u00e1zory, ale n\u00e1zory ministerstva, a v z\u00e1sad\u011b p\u016fsobil aktivn\u011b v politice, proto\u017ee i s tou svou akc\u00ed D.O.S.T. a tak d\u00e1le, \u017ee \u00fa\u0159edn\u00edk z ministerstva p\u00ed\u0161e t\u0159eba s\u00e1m aktivn\u011b na americk\u00e9 vyslanectv\u00ed, j\u00e1 mysl\u00edm, \u017ee to sem nepat\u0159\u00ed. J\u00e1 mysl\u00edm, \u017ee to je hlavn\u011b vina toho, \u017ee st\u00e1le nevstoupil v platnost z\u00e1kon o st\u00e1tn\u00ed slu\u017eb\u011b. To je chyba na\u0161ich vl\u00e1d. Ale jinak j\u00e1 se domn\u00edv\u00e1m, \u017ee i z toho minula ty v\u0161echny n\u00e1zory pana B\u00e1tory, \u017ee se neslu\u010dujou s v\u00fdchovou ml\u00e1de\u017ee k toleranci. To je asi v\u016fbec to nejd\u016fle\u017eit\u011bj\u0161\u00ed.<\/p>\n<p>Moder\u00e1tor:<br \/>\nPane \u0159editeli Jakle, vy to nevid\u00edte podobn\u011b, \u017ee pan B\u00e1tora mohl, \u0159ekn\u011bme, zvl\u00e1\u0161t\u011b na ministerstvu \u0161kolstv\u00ed u\u0161kodit sv\u00fdmi n\u00e1zory?<\/p>\n<p>Ladislav Jakl, \u0159editel politick\u00e9ho odboru prezidentsk\u00e9 kancel\u00e1\u0159e:<br \/>\nV\u00edte, j\u00e1 zdrav\u00edm takhle po dr\u00e1t\u011b pan\u00ed profesorku a chci se j\u00ed zeptat, jestli zn\u00e1 jeden jedin\u00fd autentick\u00fd v\u00fdrok pana B\u00e1tory a nebo jestli je jednou z mnoha ob\u011bt\u00ed t\u00e9 n\u011bkolikam\u011bs\u00ed\u010dn\u00ed \u0161tvanice, kter\u00e1 se proti n\u011bmu vede za pou\u017eit\u00ed neuv\u011b\u0159iteln\u00fdch l\u017e\u00ed, pomluv, ur\u00e1\u017eek. Pan B\u00e1tora t\u011b\u017eko mohl fungovat politicky, aktivisticky v dob\u011b, kdy byl zam\u011bstnancem ministerstva \u0161kolstv\u00ed, proto\u017ee m\u011bl bob\u0159\u00edka ml\u010den\u00ed a nemohl ani p\u00edpnout.<\/p>\n<p>Moder\u00e1tor:<br \/>\nPo\u010dkejte, pane \u0159editeli Jakle, abychom si to&#8230; abychom si to \u00fapln\u011b porovnali. Onoho bob\u0159\u00edka ml\u010den\u00ed dostal a\u017e ve chv\u00edli, kdy se ve\u0159ejn\u011b vyjad\u0159oval relativn\u011b nelichotiv\u011b na adresu ministra zahrani\u010dn\u00edch v\u011bc\u00ed. To dob\u0159e v\u00edme.<\/p>\n<p>Ladislav Jakl, \u0159editel politick\u00e9ho odboru prezidentsk\u00e9 kancel\u00e1\u0159e:<br \/>\nNe, nev\u00edme to dob\u0159e, proto\u017ee se nikdy ve\u0159ejn\u011b nelichotiv\u011b na jeho adresu nevyjad\u0159oval.<\/p>\n<p>Moder\u00e1tor:<br \/>\nNepova\u017eujete vyj\u00e1d\u0159en\u00ed na facebookov\u00e9m profilu za ve\u0159ejn\u00e9?<\/p>\n<p>Ladislav Jakl, \u0159editel politick\u00e9ho odboru prezidentsk\u00e9 kancel\u00e1\u0159e:<br \/>\nByl to jeho soukrom\u00fd facebookov\u00fd profil, kde reagoval na velmi hrubou a sprostou ur\u00e1\u017eku m\u00edstop\u0159edsedy vl\u00e1dy a pouze pro okruh sv\u00fdch p\u0159ihl\u00e1\u0161en\u00fdch p\u0159\u00e1tel si povzdechl, \u017ee se s n\u00edm nebude soudit, \u017ee mu to nestoj\u00ed za to. \u010cili m\u011bl by si n\u011bkdo nejd\u0159\u00edv vzpomenout, \u017ee nejd\u0159\u00edv on byl ter\u010dem ur\u00e1\u017eky. A nem\u00e1te pravdu, pane redaktore. To ml\u010den\u00ed mu bylo ulo\u017eeno d\u00e1vno p\u0159ed t\u00edm, d\u00e1vno p\u0159ed t\u00edm byl vyzv\u00e1n k tomu, aby omezil svoje ob\u010dansk\u00e9 aktivity. P\u0159itom se nikdo v\u016fbec nestar\u00e1 a nezaj\u00edm\u00e1, jak\u00fd ob\u010dansk\u00fd \u017eivot, jak aktivn\u00ed \u017eivot maj\u00ed stovky a tis\u00edce dal\u0161\u00edch st\u00e1tn\u00edch \u00fa\u0159edn\u00edk\u016f a zam\u011bstnanc\u016f. Ten dopis, kter\u00fdm se obr\u00e1tila&#8230;<\/p>\n<p>Moder\u00e1tor:<br \/>\nNa druhou stranu, pane \u0159editeli&#8230;<\/p>\n<p>Ladislav Jakl, \u0159editel politick\u00e9ho odboru prezidentsk\u00e9 kancel\u00e1\u0159e:<br \/>\n&#8230; iniciativa D.O.S.T. na velvyslance, byla jedin\u00e1 aktivita tohoto typu, ale jinak on za celou tu dobu nijak politicky nevystupoval. J\u00e1 si mysl\u00edm, \u017ee sp\u00ed\u0161e&#8230;<\/p>\n<p>Moder\u00e1tor:<br \/>\nPane \u0159editeli, dovol\u00edte? Dovol\u00edte? Nechme, pros\u00edm&#8230; nechme, pros\u00edm reagovat pan\u00ed Illnerovou.<\/p>\n<p>Helena Illnerov\u00e1, m\u00edstop\u0159edsedkyn\u011b U\u010den\u00e9 spole\u010dnosti \u010cesk\u00e9 republiky:<br \/>\nAno. Tak samoz\u0159ejm\u011b, \u017ee se domn\u00edv\u00e1m, \u017ee u\u017e to, jak vystupoval celou dobu p\u0159ed t\u00edm, ne\u017e je\u0161t\u011b nastoupil na to ministerstvo, \u017ee vyjad\u0159ovalo jeho postoj. On se aktivn\u011b z\u00fa\u010dastnil r\u016fzn\u00fdch rasistick\u00fdch shrom\u00e1\u017ed\u011bn\u00ed, antisemitsk\u00fdch shrom\u00e1\u017ed\u011bn\u00ed, to p\u0159ece vyjad\u0159uje postoj.<\/p>\n<p>Moder\u00e1tor:<br \/>\nMohu v\u00e1s jenom p\u0159eru\u0161it, pan\u00ed profesorko?<\/p>\n<p>Helena Illnerov\u00e1, m\u00edstop\u0159edsedkyn\u011b U\u010den\u00e9 spole\u010dnosti \u010cesk\u00e9 republiky:<br \/>\nAno.<\/p>\n<p>Moder\u00e1tor:<br \/>\nVy i v tom sv\u00e9m otev\u0159en\u00e9m dopise zmi\u0148ujete jako jednu z v\u00fdhrad, \u017ee se \u00fa\u010dastnil antisemitsk\u00fdch p\u0159edn\u00e1\u0161ek, jin\u00fdmi slovy ten, kdo p\u0159ijde na antisemitskou p\u0159edn\u00e1\u0161ku, je z\u00e1rove\u0148 diskvalifikov\u00e1n pro slu\u017ebu ve st\u00e1tn\u00ed spr\u00e1v\u011b?<\/p>\n<p>Helena Illnerov\u00e1, m\u00edstop\u0159edsedkyn\u011b U\u010den\u00e9 spole\u010dnosti \u010cesk\u00e9 republiky:<br \/>\nNe, to ur\u010dit\u011b ne. To je jenom, \u017ee se sch\u00e1zej\u00ed tito lidi. On se vyj\u00e1d\u0159il vysoce z\u00e1porn\u011b o jedn\u00e9 knize&#8230; teda vysoce kladn\u011b o jedn\u00e9 knize, kter\u00e1 pr\u00e1v\u011b je charakterizov\u00e1na jako antisemitsk\u00e1. J\u00e1 todle nevid\u00edm nicm\u00e9n\u011b jako to podstatn\u00e9. Jako to podstatn\u00e9 vid\u00edm, \u017ee kandidoval za tu N\u00e1rodn\u00ed stranu, i kdy\u017e tady jsme sly\u0161eli, \u017ee v t\u00e9 dob\u011b vlastn\u011b ta strana jakoby nebyla nijak&#8230; ni\u010deho se zl\u00e9ho nedopustila.<\/p>\n<p>Moder\u00e1tor:<br \/>\nA s t\u00edm vy nesouhlas\u00edte, pan\u00ed Illnerov\u00e1?<\/p>\n<p>Helena Illnerov\u00e1, m\u00edstop\u0159edsedkyn\u011b U\u010den\u00e9 spole\u010dnosti \u010cesk\u00e9 republiky:<br \/>\nNe, j\u00e1 s t\u00edm nesouhlas\u00edm, proto\u017ee vlastn\u011b se ztoto\u017enil se stranou&#8230; kdy\u017e za n\u011bkoho kandiduju, tak \u010d\u00e1ste\u010dn\u011b se s t\u00edm mus\u00edm ztoto\u017enit, a ztoto\u017enil se se stranou, kter\u00e1, marn\u00e1 sl\u00e1va, byla xenofobn\u00ed, a tak ta strana byla hluboce ultranacionalistick\u00e1, a to s t\u00edm nem\u016f\u017eu souhlasit.<\/p>\n<p>Moder\u00e1tor:<br \/>\nPane Jakle, \u0159ekn\u011bte mi, pros\u00edm, je\u0161t\u011b jednu v\u011bc. Do jak\u00e9 m\u00edry dr\u017eel Ladislava B\u00e1toru na ministerstvu \u0161kolstv\u00ed vliv prezidenta republiky?<\/p>\n<p>Ladislav Jakl, \u0159editel politick\u00e9ho odboru prezidentsk\u00e9 kancel\u00e1\u0159e:<br \/>\nNev\u00edm, jak\u00fdm zp\u016fsobem m\u016f\u017ee dr\u017eet vliv pana prezidenta kohokoliv na m\u00edst\u011b, ale v\u00edte&#8230;<\/p>\n<p>Moder\u00e1tor:<br \/>\nPardon, pane \u0159editeli. A \u0159eknete mi jenom odpov\u011b\u010f, jestli ano, nebo ne? Dr\u017eel ho tam jeho vliv, nebo ne?<\/p>\n<p>Ladislav Jakl, \u0159editel politick\u00e9ho odboru prezidentsk\u00e9 kancel\u00e1\u0159e:<br \/>\nJ\u00e1 v\u016fbec nech\u00e1pu, jak na to m\u00e1m odpov\u00eddat. Na to se zeptejte toho, kdo ho dr\u017eel nebo nedr\u017eel. S t\u00edm j\u00e1 nem\u00e1m v\u016fbec nic spole\u010dn\u00e9ho. Ale vy nech\u00e1te bez mrknut\u00ed oka sv\u00e9ho hosta \u0159\u00edci, \u017ee pan B\u00e1tora se \u00fa\u010dastnil n\u011bjak\u00fdch rasistick\u00fdch, antisemitsk\u00fdch&#8230;<\/p>\n<p>Moder\u00e1tor:<br \/>\nNe, nenechal jsem&#8230; pane \u0159editeli, j\u00e1 jsem to nenechal bez mrknut\u00ed oka, j\u00e1 jsem na to opravdu velice pe\u010dliv\u011b reagoval. Pane \u0159editeli Jakle, pros\u00edm, odpov\u00edte mi na moji ot\u00e1zku?<\/p>\n<p>Ladislav Jakl, \u0159editel politick\u00e9ho odboru prezidentsk\u00e9 kancel\u00e1\u0159e:<br \/>\nNa jakou va\u0161i ot\u00e1zku?<\/p>\n<p>Moder\u00e1tor:<br \/>\nDr\u017eel vliv prezidenta V\u00e1clava Klause Ladislava B\u00e1toru na ministerstvu \u0161kolstv\u00ed?<\/p>\n<p>Ladislav Jakl, \u0159editel politick\u00e9ho odboru prezidentsk\u00e9 kancel\u00e1\u0159e:<br \/>\nJak j\u00e1 to m\u016f\u017eu v\u011bd\u011bt? V\u016fbec nech\u00e1pu. To se zeptejte toho, kdo ho mohl nebo nemohl odvolat. Ale v\u016fbec nech\u00e1pu, pro\u010d mi kladete opakovan\u011b tu ot\u00e1zku.<\/p>\n<p>Moder\u00e1tor:<br \/>\nJako \u0159editel politick\u00e9ho odboru Kancel\u00e1\u0159e republiky nev\u00edte, jestli ho tam dr\u017eel \u010di ne?<\/p>\n<p>Ladislav Jakl, \u0159editel politick\u00e9ho odboru prezidentsk\u00e9 kancel\u00e1\u0159e:<br \/>\nJ\u00e1 nem\u00e1m \u017e\u00e1dn\u00e9 tu\u0161en\u00ed o tom, jak\u00e9 motivy m\u011bli nad\u0159\u00edzen\u00ed pana B\u00e1tory k tomu, aby odol\u00e1vali nebo neodol\u00e1vali pok\u0159iku ulice.<\/p>\n<p>Moder\u00e1tor:<br \/>\nA v tom p\u0159\u00edpad\u011b mi, pros\u00edm, pane \u0159editeli, \u0159ekn\u011bte jenom je\u0161t\u011b jednu v\u011bc. Nev\u00edm, jestli jste dnes vid\u011bl&#8230; vid\u011bl p\u0159enos t\u00e9 tiskov\u00e9 konference Ladislava B\u00e1tory.<\/p>\n<p>Ladislav Jakl, \u0159editel politick\u00e9ho odboru prezidentsk\u00e9 kancel\u00e1\u0159e:<br \/>\nVid\u011bl jsem na internetu.<\/p>\n<p>Moder\u00e1tor:<br \/>\nTak. Prob\u00edhala ta tiskov\u00e1 konference v prostor\u00e1ch ministerstva \u0161kolstv\u00ed za \u00fa\u010dasti d\u00e1my z tiskov\u00e9ho odd\u011blen\u00ed ministerstva a v podstat\u011b jsme byli sv\u011bdkem n\u011b\u010deho, co se d\u00e1 nazvat jaksi p\u0159echodem do ve\u0159ejn\u00e9ho \u017eivota, mo\u017en\u00e1 odstartov\u00e1n\u00edm politick\u00e9 kari\u00e9ry. To je \u00fapln\u011b spr\u00e1vn\u011b, to je ko\u0161er?<\/p>\n<p>Ladislav Jakl, \u0159editel politick\u00e9ho odboru prezidentsk\u00e9 kancel\u00e1\u0159e:<br \/>\nV\u00edte, \u010dlov\u011bk, kter\u00fd je t\u0159i \u010dtvrt\u011b roku ter\u010dem \u00fatok\u016f nejvy\u0161\u0161\u00edch st\u00e1tn\u00edch p\u0159edstavitel\u016f, premi\u00e9ra, vicepremi\u00e9ra, dal\u0161\u00edho m\u00edstop\u0159edsedy n\u011bjak\u00e9 politick\u00e9 strany, na kter\u00e9ho \u00fato\u010d\u00ed minist\u0159i, p\u0159edsedov\u00e9 r\u016fzn\u00fdch politick\u00fdch stran, tak asi to nen\u00ed tis\u00edc\u00ed p\u00e1t\u00fd \u00fa\u0159edn\u00edk. A j\u00e1 docela rozum\u00edm tomu, \u017ee ten prostor, aby kone\u010dn\u011b mohl on se za\u010d\u00edt br\u00e1nit a n\u011bco \u0159\u00edct na svoji obhajobu, \u017ee tento prostor dostal. J\u00e1 nev\u00edm&#8230;<\/p>\n<p>Moder\u00e1tor:<br \/>\nTak, pane \u0159editeli, d\u00edky za va\u0161i odpov\u011b\u010f. Je\u0161t\u011b va\u0161e kr\u00e1tk\u00e1 reakce, pan\u00ed Illnerov\u00e1. V\u00e1m tento moment p\u0159i\u0161el v po\u0159\u00e1dku? Byl v tuto chv\u00edli Ladislav B\u00e1tora n\u011bk\u00fdm trochu jin\u00fdm ne\u017e \u00fapln\u011b \u0159adov\u00fdm subaltern\u00edm \u00fa\u0159edn\u00edkem?<\/p>\n<p>Helena Illnerov\u00e1, m\u00edstop\u0159edsedkyn\u011b U\u010den\u00e9 spole\u010dnosti \u010cesk\u00e9 republiky:<br \/>\nV\u00edte, nevid\u011bla jsem to, ale z toho, co \u0159\u00edkal te\u010fko pan Jakl, j\u00e1 se domn\u00edv\u00e1m, \u017ee pr\u00e1v\u011b on t\u00edm subaltern\u00edm \u00fa\u0159edn\u00edkem v z\u00e1sad\u011b nikdy nebyl. To je to, co se sna\u017e\u00edm \u0159\u00edct. J\u00e1 se domn\u00edv\u00e1m, \u017ee by tady m\u011bl b\u00fdt z\u00e1kon, dobr\u00fd z\u00e1kon o t\u00e9 st\u00e1tn\u00ed slu\u017eb\u011b, l\u00e9pe \u0159e\u010deno \u017ee by m\u011bl vstoupit v platnost a \u017ee by se lidi m\u011bli dost\u00e1vat na ministerstva tak, jak&#8230; podle z\u00e1sluh, \u017ee by tam m\u011bli b\u00fdt a ne tam n\u011bk\u00fdm b\u00fdt jako vkl\u00e1d\u00e1ni.<\/p>\n<p>Moder\u00e1tor:<br \/>\nZ\u00e1kon o st\u00e1tn\u00ed slu\u017eb\u011b bezesporu bude \u00fakol pro na\u0161e z\u00e1konod\u00e1rce.<\/p>\n<p>Helena Illnerov\u00e1, m\u00edstop\u0159edsedkyn\u011b U\u010den\u00e9 spole\u010dnosti \u010cesk\u00e9 republiky:<br \/>\nK\u00e9\u017e by.<\/p>\n<p>Moder\u00e1tor:<br \/>\nPan\u00ed Illnerov\u00e1, pane Jakle, d\u00edky za va\u0161e n\u00e1zory a koment\u00e1\u0159e. Hezk\u00fd ve\u010der. Na shledanou.<\/p>\n<p>Helena Illnerov\u00e1, m\u00edstop\u0159edsedkyn\u011b U\u010den\u00e9 spole\u010dnosti \u010cesk\u00e9 republiky:<br \/>\nNa shledanou.<\/p>\n<p>Ladislav Jakl, \u0159editel politick\u00e9ho odboru prezidentsk\u00e9 kancel\u00e1\u0159e:<br \/>\nTaky d\u011bkuju. Na shledanou.<\/p>\n<p><a href=\"http:\/\/www.ceskatelevize.cz\/ivysilani\/1096898594-udalosti-komentare\/211411000371014\/\" target=\"_blank\">Zdroj a video<\/a> <span style=\"font-size: 10pt; font-family: &quot;Arial&quot;,&quot;sans-serif&quot;;\">\u010das 26:38 <\/span><\/p>\n","protected":false},"excerpt":{"rendered":"<p>\u010cT 24 Odchod kontroverzn\u00edho L. B\u00e1tory Datum:\u00a014.10.2011 Relace:\u00a0Ud\u00e1losti, koment\u00e1\u0159e Autor:\u00a0Edita Hor\u00e1kov\u00e1, Jakub Kalensk\u00fd, Eva Davidov\u00e1 Moder\u00e1tor:\u00a0Martin Veselovsk\u00fd Host\u00e9:\u00a0Ladislav B\u00e1tora, Jan Os\u00fach, Bohuslav Sobotka, Karel Schwarzenberg, Ond\u0159ej Li\u0161ka, Helena Illnerov\u00e1, Ladislav Jakl<\/p>\n","protected":false},"author":1,"featured_media":0,"comment_status":"open","ping_status":"open","sticky":false,"template":"","format":"standard","meta":{"ngg_post_thumbnail":0,"footnotes":""},"categories":[13],"tags":[],"class_list":["post-1349","post","type-post","status-publish","format-standard","hentry","category-rozhovory"],"_links":{"self":[{"href":"https:\/\/www.ladislavjakl.cz\/index.php?rest_route=\/wp\/v2\/posts\/1349","targetHints":{"allow":["GET"]}}],"collection":[{"href":"https:\/\/www.ladislavjakl.cz\/index.php?rest_route=\/wp\/v2\/posts"}],"about":[{"href":"https:\/\/www.ladislavjakl.cz\/index.php?rest_route=\/wp\/v2\/types\/post"}],"author":[{"embeddable":true,"href":"https:\/\/www.ladislavjakl.cz\/index.php?rest_route=\/wp\/v2\/users\/1"}],"replies":[{"embeddable":true,"href":"https:\/\/www.ladislavjakl.cz\/index.php?rest_route=%2Fwp%2Fv2%2Fcomments&post=1349"}],"version-history":[{"count":1,"href":"https:\/\/www.ladislavjakl.cz\/index.php?rest_route=\/wp\/v2\/posts\/1349\/revisions"}],"predecessor-version":[{"id":1350,"href":"https:\/\/www.ladislavjakl.cz\/index.php?rest_route=\/wp\/v2\/posts\/1349\/revisions\/1350"}],"wp:attachment":[{"href":"https:\/\/www.ladislavjakl.cz\/index.php?rest_route=%2Fwp%2Fv2%2Fmedia&parent=1349"}],"wp:term":[{"taxonomy":"category","embeddable":true,"href":"https:\/\/www.ladislavjakl.cz\/index.php?rest_route=%2Fwp%2Fv2%2Fcategories&post=1349"},{"taxonomy":"post_tag","embeddable":true,"href":"https:\/\/www.ladislavjakl.cz\/index.php?rest_route=%2Fwp%2Fv2%2Ftags&post=1349"}],"curies":[{"name":"wp","href":"https:\/\/api.w.org\/{rel}","templated":true}]}}