{"id":13505,"date":"2023-05-29T13:32:05","date_gmt":"2023-05-29T11:32:05","guid":{"rendered":"https:\/\/www.ladislavjakl.cz\/?p=13505"},"modified":"2023-05-29T13:32:05","modified_gmt":"2023-05-29T11:32:05","slug":"ladislav-jakl-neradi-vidime-kdyz-si-nekdo-v-pracharne-hraje-se-sirkami","status":"publish","type":"post","link":"https:\/\/www.ladislavjakl.cz\/?p=13505","title":{"rendered":"Ladislav Jakl: Neradi vid\u00edme, kdy\u017e si n\u011bkdo v prach\u00e1rn\u011b hraje se sirkami"},"content":{"rendered":"<p>Recept na sn\u00ed\u017een\u00ed cen, zm\u00edrn\u011bn\u00ed zdra\u017eov\u00e1n\u00ed, je podle Ladislava Jakla jednoduch\u00fd. Vl\u00e1da m\u016f\u017ee padnout z jedin\u00e9ho d\u016fvodu. Malost je vlastnost n\u011bkter\u00fdch politik\u016f, ne zem\u00ed. Pro\u010d Indie nem\u00e1 \u010das blbnout, na co bychom se m\u011bli soust\u0159edit, o co se starat, abychom byli op\u011bt sob\u011bsta\u010dn\u00ed a zaj\u00edmav\u00fd pro sv\u011bt? Nejen o t\u011bchto t\u00e9matech v exkluzivn\u00edm rozhovoru pro VIPosobnosti.cz.<\/p>\n<p><!--more--><br \/>\n<strong>Pane Jakle, vra\u0165me se na chv\u00edli do historie. U n\u00e1s se u\u017e cel\u00e9 generace nevyst\u0159elilo. Jsme tedy n\u00e1rodem, kter\u00fd nem\u00e1 r\u00e1d st\u0159ety, konflikty a boje? Pt\u00e1m se v souvislosti s t\u00edm, co se u n\u00e1s kv\u016fli Fialov\u011b vl\u00e1d\u011b d\u011bje\u2026 Kde je podle v\u00e1s ta pomysln\u00e1 hranice zlomu, kdy vl\u00e1dn\u00ed kroky budou pro lidi ne\u00fanosn\u00e9?<\/strong><\/p>\n<p>Nemysl\u00edm, \u017ee se n\u00e1rody od sebe n\u011bjak z\u00e1sadn\u011b li\u0161\u00ed, pokud maj\u00ed podobn\u00e9 podm\u00ednky a mnoho sty\u010dn\u00fdch bod\u016f historie. Na\u0161e zem\u011b byla ale kv\u016fli sv\u00e9 poloze mnohokr\u00e1t boji\u0161t\u011bm ciz\u00edch sil a tak\u00e9 na ni m\u011bli z\u00e1lusk mnoz\u00ed soused\u00e9. \u017de tu dosud jsme a \u017ee si dr\u017e\u00edme svou kulturu, jazyk a v r\u016fzn\u00fdch dob\u00e1ch i r\u016fznou m\u00edru suverenity, to sv\u011bd\u010d\u00ed o tom, \u017ee se \u010ce\u0161i za svou zem bojovat neboj\u00ed. Ale pr\u00e1v\u011b d\u00edky sv\u00e9 historick\u00e9 zku\u0161enosti neradi vid\u00edme, kdy\u017e si n\u011bkdo v prach\u00e1rn\u011b hraje se sirkami.<\/p>\n<div class=\"elementor-element elementor-element-c352d3a elementor-widget elementor-widget-text-editor\" data-id=\"c352d3a\" data-element_type=\"widget\" data-widget_type=\"text-editor.default\">\n<div class=\"elementor-widget-container\">\n<div class=\"elementor-text-editor elementor-clearfix\">\n<p><strong>Lid\u00e9 jsou nespokojeni nejen proto, \u017ee se v\u0161e zdra\u017euje, ale tak\u00e9 proto, \u017ee nev\u00ed, co je ani v kr\u00e1tk\u00e9 budoucnosti \u010dek\u00e1. Vl\u00e1dne chaos, nejistota. Minist\u0159i s premi\u00e9rem testuj\u00ed lidi, kam a\u017e m\u016f\u017eou zaj\u00edt. Nen\u00ed to v\u016f\u010di lidem nef\u00e9r?<\/strong><\/p>\n<p>Mysl\u00edm, \u017ee by lid\u00e9 m\u011bli pochopen\u00ed pro mnoh\u00e9 i nepopul\u00e1rn\u00ed kroky, kdyby ale m\u011bly smysl, kdyby tvo\u0159ily srozumiteln\u00fd syst\u00e9m a kdyby vl\u00e1da za\u010dala \u0161et\u0159it u sebe. M\u00edsto toho vid\u00edme gigantick\u00e9 z\u00e1sahy do ekonomiky v z\u00e1jmu fanatick\u00e9ho boje s podneb\u00edm a s\u00e1zku na jedinou kartu, \u017ee sv\u00e9 konkurenty, soupe\u0159e a nep\u0159\u00edtele vyma\u017eeme z mapy sv\u011bta. Bl\u00e1n B tady evidentn\u011b chyb\u00ed a je i neslu\u0161n\u00e9 o jeho pot\u0159eb\u011b i jen potichu mluvit.<\/p>\n<\/div>\n<\/div>\n<\/div>\n<div class=\"elementor-element elementor-element-f40adb8 vip-video-iframe elementor-widget elementor-widget-shortcode\" data-id=\"f40adb8\" data-element_type=\"widget\" data-widget_type=\"shortcode.default\">\n<div class=\"elementor-widget-container\">\n<div class=\"elementor-shortcode\"><strong>D\u00e1 se z d\u016fvod\u016f, o kter\u00fdch se zmi\u0148ujete o\u010dek\u00e1vat p\u00e1d vl\u00e1dy, kter\u00e1 m\u00e1 ve Sn\u011bmovn\u011b v\u011bt\u0161inu?<\/strong><\/div>\n<\/div>\n<\/div>\n<div class=\"elementor-element elementor-element-500900bf elementor-widget elementor-widget-text-editor\" data-id=\"500900bf\" data-element_type=\"widget\" data-widget_type=\"text-editor.default\">\n<div class=\"elementor-widget-container\">\n<div class=\"elementor-text-editor elementor-clearfix\">\n<p>To u\u017e jsem \u0159\u00edkal n\u011bkolikr\u00e1t. Vl\u00e1da padne a\u017e v moment\u011b, kdy n\u011bkter\u00fd z koali\u010dn\u00edch partner\u016f situaci vyhodnot\u00ed tak, \u017ee pro jeho politickou budoucnost bude v\u00fdhodn\u011bj\u0161\u00ed d\u00e1t ruce od vl\u00e1dy pry\u010d a distancovat se od jej\u00ed zhoubn\u00e9 a nepopul\u00e1rn\u00ed politiky. Zat\u00edm je ale pro v\u0161echny koali\u010dn\u00ed partnery evidentn\u011b v\u00fdhodn\u011bj\u0161\u00ed b\u00fdt u moci t\u0159eba jen o den d\u00e9le.<\/p>\n<p><strong>Pokud by se tak stalo, mohla by nov\u011b nastupuj\u00edc\u00ed vl\u00e1da zm\u00edrnit zdra\u017eov\u00e1n\u00ed, sn\u00ed\u017eit ceny elekt\u0159iny, DPH apod?<\/strong><\/p>\n<p>Jednodu\u0161e. Okam\u017eit\u00fdm odchodem od klimatick\u00fdch z\u00e1vazk\u016f, dohod a syst\u00e9mu emisn\u00edch povolenek. P\u0159estat dotovat ob\u010dasn\u00e9 zdroje energie a zastavit \u00fatlum v\u00fdroby energie z na\u0161ich zdroj\u016f. Jen\u017ee vl\u00e1da se v\u00edc boj\u00ed nespokojen\u00e9ho mru\u010den\u00ed bruselsk\u00e9 vrchnosti ne\u017e sv\u00fdch vlastn\u00edch chudnouc\u00edch ob\u010dan\u016f.<\/p>\n<figure id=\"attachment_13155\" class=\"wp-caption aligncenter\" style=\"width: 442px;\" aria-describedby=\"caption-attachment-13155\"><img loading=\"lazy\" decoding=\"async\" class=\"wp-image-13155 entered lazyloaded\" src=\"https:\/\/viposobnosti.cz\/wp-content\/uploads\/2023\/02\/IMG_20230208_154016-600x270.png\" alt=\"\" width=\"442\" height=\"199\" data-lazy-src=\"https:\/\/viposobnosti.cz\/wp-content\/uploads\/2023\/02\/IMG_20230208_154016-600x270.png\" data-ll-status=\"loaded\"><figcaption id=\"caption-attachment-13155\" class=\"wp-caption-text\">&nbsp; &nbsp; &nbsp; &nbsp; &nbsp; &nbsp; &nbsp; &nbsp; &nbsp; &nbsp; &nbsp; &nbsp; &nbsp; Ba\u0165a v New Delhi | Foto: Alka H\u00e1jkov\u00e1<\/figcaption><\/figure>\n<\/div>\n<\/div>\n<\/div>\n<div class=\"elementor-element elementor-element-4aee32ca elementor-widget elementor-widget-shortcode\" data-id=\"4aee32ca\" data-element_type=\"widget\" data-widget_type=\"shortcode.default\">\n<div class=\"elementor-widget-container\">\n<div class=\"elementor-shortcode\">&nbsp;<\/div>\n<\/div>\n<\/div>\n<div class=\"elementor-element elementor-element-48a2a561 elementor-widget elementor-widget-text-editor\" data-id=\"48a2a561\" data-element_type=\"widget\" data-widget_type=\"text-editor.default\">\n<div class=\"elementor-widget-container\">\n<div class=\"elementor-text-editor elementor-clearfix\">\n<p><strong>Nechci srovn\u00e1vat nesrovnateln\u00e9. Jinou mentalitu, podneb\u00ed, kulturn\u00ed, hospod\u00e1\u0159sk\u00e9 a dal\u0161\u00ed rozd\u00edly. Ale jen pro p\u0159edstavu. Ned\u00e1vno jsem nav\u0161t\u00edvila Indii, kter\u00e1 se stala v lednu nejlidnat\u011bj\u0161\u00ed zem\u00ed sv\u011bta. Premi\u00e9r M\u00f3d\u00ed klade velk\u00fd d\u016fraz na soci\u00e1ln\u00ed rozvoj zem\u011b. Vl\u00e1dne 1,5 miliard\u011b obyvatel. Jen hlavn\u00ed m\u011bsto Delhi \u010d\u00edt\u00e1 15 mili\u00f3n\u016f. Chudoba a dal\u0161\u00ed probl\u00e9my se v t\u00e9to zemi narozd\u00edl od t\u00e9 na\u0161\u00ed daj\u00ed o\u010dek\u00e1vat. Modern\u00ed zemi, \u010cesko s 10 milion\u016f obyvatel nen\u00ed schopen premi\u00e9r u\u0159\u00eddit. Kde je chyba?<\/strong><\/p>\n<p>Indii sledujeme u n\u00e1s m\u00e1lo. Indick\u00fd venkov je pro St\u0159edoevropana st\u00e1le nep\u0159edstaviteln\u011b chud\u00fd, ale raketov\u00fd r\u016fst \u017eivotn\u00ed \u00farovn\u011b st\u0159edn\u00ed t\u0159\u00eddy a tak\u00e9 jej\u00ed pod\u00edl na celkov\u00e9m po\u010dtu obyvatel je cosi, co m\u00e1 celosv\u011btov\u00e9 ekonomick\u00e9 dopady, nap\u0159\u00edklad na popt\u00e1vku mnoha komodit. Z Indie se st\u00e1v\u00e1 glob\u00e1ln\u00ed hr\u00e1\u010d prvn\u00ed kategorie mimo jin\u00e9 i proto, \u017ee rozvoj tu je na prvn\u00edm m\u00edst\u011b. Nemaj\u00ed \u010das a n\u00e1ladu zat\u011b\u017eovat se m\u00f3dn\u00edmi pokrok\u00e1\u0159sk\u00fdmi nesmysly a zelen\u00fdm blbnut\u00edm. Je ot\u00e1zkou n\u011bkolika let, kdy poc\u00edt\u00edme expanzi Indie do v\u0161ech odv\u011btv\u00ed. A my d\u00e1l budeme sed\u011bt a mudrovat, jestli je ve veden\u00ed spole\u010dnost\u00ed dostatek p\u0159e\u0161it\u00fdch individu\u00ed a jestli se ve firm\u00e1ch nesplachuje p\u0159\u00edli\u0161 \u010dasto.<\/p>\n<p><strong>V \u010dem, kde tedy vid\u00edte rozd\u00edl mezi t\u011bmito premi\u00e9ry?<\/strong><\/p>\n<p>P\u0159edev\u0161\u00edm v&nbsp;tom, \u017ee n\u00e1\u0161 premi\u00e9r se nechov\u00e1 jako p\u0159edstavitel suver\u00e9nn\u00ed zem\u011b, zat\u00edmco indick\u00fd nen\u00ed nikomu poplatn\u00fd a sleduje jen a jen z\u00e1jmy Indie. A to nen\u00ed jen t\u00edm, \u017ee my jsme mal\u00ed a Indie velk\u00e1. Rozd\u00edl je sp\u00ed\u0161 v&nbsp;tom, \u017ee se jeden chov\u00e1 jako mal\u00fd, druh\u00fd jako velk\u00fd. Malost je vlastnost n\u011bkter\u00fdch politik\u016f, ne zem\u00ed.<\/p>\n<p><strong>Indie je naprosto sob\u011bsta\u010dn\u00e1 u\u017e jen proto, \u017ee si nenechala vz\u00edt to, co n\u00e1m bylo nejen EU vzato. Co by musela vl\u00e1da ud\u011blat proto, aby se z \u010ceska, kter\u00e9 se pomalu st\u00e1v\u00e1 montovnou, byla op\u011bt zem\u011b, kter\u00e1 je hrd\u00e1 na svoje \u0159emeslo, intelekt?<\/strong><\/p>\n<p>No, ona je to hlavn\u011b obrovsk\u00e1 zem\u011b s ohromn\u00fdm vnit\u0159n\u00edm trhem. My jsme nejotev\u0159en\u011bj\u0161\u00ed ekonomikou sv\u011bta, zahrani\u010dn\u00ed obchod u n\u00e1s tvo\u0159\u00ed nejv\u011bt\u0161\u00ed pod\u00edl HDP na sv\u011bt\u011b. Nemysl\u00edm, \u017ee se m\u00e1me starat o sob\u011bsta\u010dnost. My se m\u00e1me starat o exportn\u00ed trhy. To se ale mus\u00edme k zem\u00edm, kam chceme vyv\u00e1\u017eet, chovat slu\u0161n\u011b a neb\u00fdt jen n\u00e1strojem mocnost\u00ed, kter\u00e9 usiluj\u00ed o v\u00fdvoz sv\u00e9ho vlivu po cel\u00e9m sv\u011bt\u011b. Nevnucujme nikomu sv\u00e9 standardy, chovejme se s \u00factou a pokorou \u2013 a budeme vyhled\u00e1van\u00fdmi partnery. Chudnouc\u00ed zem\u011b EU pro n\u00e1s \u017e\u00e1dnou velkou exportn\u00ed perspektivou nejsou. Diverzifikujme. A nevychov\u00e1vejme.<\/p>\n<p><strong>Kdy\u017e se vr\u00e1t\u00edm k prvn\u00ed ot\u00e1zce. Maj\u00ed lid\u00e9 \u010dekat na kroky vl\u00e1dy, nebo se sami zasadit o zm\u011bny?<\/strong><\/p>\n<p>Od t\u00e9hle vl\u00e1dy u\u017e nelze \u010dekat nic. My si jen p\u0159ejme, aby ta p\u0159\u00ed\u0161t\u00ed nebyla je\u0161t\u011b hor\u0161\u00ed. A nejen si to p\u0159ejme, sna\u017eme se o to. Zat\u00edm t\u0159eba u\u017e t\u00edm, je budeme spr\u00e1vn\u011b pojmenov\u00e1vat p\u0159\u00ed\u010diny aktu\u00e1ln\u00edho soci\u00e1ln\u00edho pr\u016f\u0161vihu.<\/p>\n<p><a href=\"https:\/\/viposobnosti.cz\/clanky\/ladislav-jakl-neradi-vidime-kdyz-si-nekdo-v-pracharne-hraje-se-sirkami\/\">Zdroj<\/a><\/p>\n<\/div>\n<\/div>\n<\/div>\n","protected":false},"excerpt":{"rendered":"<p>Recept na sn\u00ed\u017een\u00ed cen, zm\u00edrn\u011bn\u00ed zdra\u017eov\u00e1n\u00ed, je podle Ladislava Jakla jednoduch\u00fd. Vl\u00e1da m\u016f\u017ee padnout z jedin\u00e9ho d\u016fvodu. Malost je vlastnost n\u011bkter\u00fdch politik\u016f, ne zem\u00ed. Pro\u010d Indie nem\u00e1 \u010das blbnout, na co bychom se m\u011bli soust\u0159edit, o co se starat, abychom byli op\u011bt sob\u011bsta\u010dn\u00ed a zaj\u00edmav\u00fd pro sv\u011bt? Nejen o t\u011bchto t\u00e9matech v exkluzivn\u00edm rozhovoru pro [&hellip;]<\/p>\n","protected":false},"author":9,"featured_media":0,"comment_status":"open","ping_status":"open","sticky":false,"template":"","format":"standard","meta":{"ngg_post_thumbnail":0,"footnotes":""},"categories":[13],"tags":[],"class_list":["post-13505","post","type-post","status-publish","format-standard","hentry","category-rozhovory"],"_links":{"self":[{"href":"https:\/\/www.ladislavjakl.cz\/index.php?rest_route=\/wp\/v2\/posts\/13505","targetHints":{"allow":["GET"]}}],"collection":[{"href":"https:\/\/www.ladislavjakl.cz\/index.php?rest_route=\/wp\/v2\/posts"}],"about":[{"href":"https:\/\/www.ladislavjakl.cz\/index.php?rest_route=\/wp\/v2\/types\/post"}],"author":[{"embeddable":true,"href":"https:\/\/www.ladislavjakl.cz\/index.php?rest_route=\/wp\/v2\/users\/9"}],"replies":[{"embeddable":true,"href":"https:\/\/www.ladislavjakl.cz\/index.php?rest_route=%2Fwp%2Fv2%2Fcomments&post=13505"}],"version-history":[{"count":1,"href":"https:\/\/www.ladislavjakl.cz\/index.php?rest_route=\/wp\/v2\/posts\/13505\/revisions"}],"predecessor-version":[{"id":13506,"href":"https:\/\/www.ladislavjakl.cz\/index.php?rest_route=\/wp\/v2\/posts\/13505\/revisions\/13506"}],"wp:attachment":[{"href":"https:\/\/www.ladislavjakl.cz\/index.php?rest_route=%2Fwp%2Fv2%2Fmedia&parent=13505"}],"wp:term":[{"taxonomy":"category","embeddable":true,"href":"https:\/\/www.ladislavjakl.cz\/index.php?rest_route=%2Fwp%2Fv2%2Fcategories&post=13505"},{"taxonomy":"post_tag","embeddable":true,"href":"https:\/\/www.ladislavjakl.cz\/index.php?rest_route=%2Fwp%2Fv2%2Ftags&post=13505"}],"curies":[{"name":"wp","href":"https:\/\/api.w.org\/{rel}","templated":true}]}}